{"id":939161,"date":"2025-09-29T16:59:39","date_gmt":"2025-09-29T19:59:39","guid":{"rendered":"https:\/\/bahiaeconomica.com.br\/wp\/?p=939161"},"modified":"2025-09-29T15:31:52","modified_gmt":"2025-09-29T18:31:52","slug":"brasil-cria-mais-de-147-mil-empregos-com-carteira-assinada-em-agosto","status":"publish","type":"post","link":"https:\/\/bahiaeconomica.com.br\/wp\/2025\/09\/29\/brasil-cria-mais-de-147-mil-empregos-com-carteira-assinada-em-agosto\/","title":{"rendered":"BRASIL CRIA MAIS DE 147 MIL EMPREGOS COM CARTEIRA ASSINADA EM AGOSTO"},"content":{"rendered":"<p>O Brasil fechou o m\u00eas de agosto com saldo positivo de 147.358 empregos com carteira assinada. O balan\u00e7o \u00e9 do Novo Cadastro Geral de Empregados e Desempregados (Novo Caged) divulgado nesta segunda-feira (29) pelo Minist\u00e9rio do Trabalho e Emprego (MTE). O MTE informou que o resultado de agosto decorreu de 2.239.895 admiss\u00f5es e 2.092.537 desligamentos no per\u00edodo.<\/p>\n<p>O saldo de empregos formais em agosto superou o registrado em julho, que ficou em 134.251. Apesar do resultado, a cria\u00e7\u00e3o de empregos voltou a cair em raz\u00e3o da alta de juros e da desacelera\u00e7\u00e3o da economia na compara\u00e7\u00e3o com o mesmo m\u00eas do ano passado, quando foram gerados 239.069.<\/p>\n<p>Quatro dos cinco grandes agrupamentos apresentaram resultado positivo. O setor de Servi\u00e7os fechou o m\u00eas com 81.002 novos empregos; Com\u00e9rcio com 32.612; a Ind\u00fastria 19.098; Constru\u00e7\u00e3o Civil ficou com 17.328. A agropecu\u00e1ria registrou saldo negativo de 2.665 vagas.<\/p>\n<p>No m\u00eas passado foi registrado saldo positivo em 25 dos 27 estados. Em n\u00fameros absolutos, o destaque ficou com S\u00e3o Paulo, com 45.450 novas vagas preenchidas; o Rio de Janeiro, com 16.128 e Pernambuco, com 12.692.<\/p>\n<p>Proporcionalmente, o destaque ficou para Para\u00edba que cresceu 1,61%, o Rio Grande do Norte, com 0,98% e Pernambuco, com crescimento de 0,82%. Dos total de postos gerados no m\u00eas, 75,1% foram considerados t\u00edpicos e 24,9% n\u00e3o t\u00edpicos, com com destaque para trabalhadores com jornada de at\u00e9 30 horas por semana (40.544, principalmente na \u00e1rea de educa\u00e7\u00e3o) e aprendizes (20.252).<\/p>\n<p>Nos \u00faltimos 12 meses (de julho de 2024 a agosto de 2025), o saldo positivo \u00e9 de 1.438.243 novas vagas formais. O resultado \u00e9 menor do que o registrado no per\u00edodo de junho de 2024 a julho de 2025, quando a gera\u00e7\u00e3o de empregos fechou com 1.804.122 postos de trabalho.<\/p>\n<p>O sal\u00e1rio m\u00e9dio real de admiss\u00e3o em agosto de 2025 atingiu R$ 2.295,01, apresentando alta de R$ 12,70 (+0,56%) em rela\u00e7\u00e3o a julho, quando estava em R$ 2.282,31.<\/p>\n<p>Foto:\u00a0 Marcello Casal Jr\/Ag\u00eancia Brasil<\/p>\n","protected":false},"excerpt":{"rendered":"<p>O Brasil fechou o m\u00eas de agosto com saldo positivo de 147.358 empregos com carteira assinada. O balan\u00e7o \u00e9 do Novo Cadastro Geral de Empregados e Desempregados (Novo Caged) divulgado nesta segunda-feira (29) pelo Minist\u00e9rio do Trabalho e Emprego (MTE). O MTE informou que o resultado de agosto decorreu de 2.239.895 admiss\u00f5es e 2.092.537 desligamentos [&hellip;]<\/p>\n","protected":false},"author":15,"featured_media":939163,"comment_status":"closed","ping_status":"closed","sticky":false,"template":"","format":"standard","meta":[],"categories":[14,3],"tags":[],"acf":[],"yoast_head":"<!-- This site is optimized with the Yoast SEO plugin v20.8 - https:\/\/yoast.com\/wordpress\/plugins\/seo\/ -->\n<title>BRASIL CRIA MAIS DE 147 MIL EMPREGOS COM CARTEIRA ASSINADA EM AGOSTO - Bahia Economica<\/title>\n<meta name=\"description\" content=\"O maior portal de Economia da Bahia DESTAQUE DO DIA, ECONOMIA \/ POL\u00cdTICA Bahia Economica\" \/>\n<meta name=\"robots\" content=\"index, follow, max-snippet:-1, max-image-preview:large, max-video-preview:-1\" \/>\n<link rel=\"canonical\" href=\"https:\/\/bahiaeconomica.com.br\/wp\/2025\/09\/29\/brasil-cria-mais-de-147-mil-empregos-com-carteira-assinada-em-agosto\/\" \/>\n<meta property=\"og:locale\" content=\"pt_BR\" \/>\n<meta property=\"og:type\" content=\"article\" \/>\n<meta property=\"og:title\" content=\"BRASIL CRIA MAIS DE 147 MIL EMPREGOS COM CARTEIRA ASSINADA EM AGOSTO - Bahia Economica\" \/>\n<meta property=\"og:description\" content=\"O maior portal de Economia da Bahia DESTAQUE DO DIA, ECONOMIA \/ POL\u00cdTICA Bahia Economica\" \/>\n<meta property=\"og:url\" content=\"https:\/\/bahiaeconomica.com.br\/wp\/2025\/09\/29\/brasil-cria-mais-de-147-mil-empregos-com-carteira-assinada-em-agosto\/\" \/>\n<meta property=\"og:site_name\" content=\"Bahia Economica\" \/>\n<meta property=\"article:publisher\" content=\"https:\/\/www.facebook.com\/bahiaeconomica\" \/>\n<meta property=\"article:published_time\" content=\"2025-09-29T19:59:39+00:00\" \/>\n<meta property=\"article:modified_time\" content=\"2025-09-29T18:31:52+00:00\" \/>\n<meta property=\"og:image\" content=\"https:\/\/bahiaeconomica.com.br\/wp\/wp-content\/uploads\/2025\/09\/01_carteira_de_trabalho2.webp\" \/>\n\t<meta property=\"og:image:width\" content=\"1170\" \/>\n\t<meta property=\"og:image:height\" content=\"700\" \/>\n\t<meta property=\"og:image:type\" content=\"image\/webp\" \/>\n<meta name=\"author\" content=\"VICTORIA ISABEL\" \/>\n<meta name=\"twitter:card\" content=\"summary_large_image\" \/>\n<meta name=\"twitter:label1\" content=\"Escrito por\" \/>\n\t<meta name=\"twitter:data1\" content=\"VICTORIA ISABEL\" \/>\n\t<meta name=\"twitter:label2\" content=\"Est. tempo de leitura\" \/>\n\t<meta name=\"twitter:data2\" content=\"2 minutos\" \/>\n<script type=\"application\/ld+json\" class=\"yoast-schema-graph\">{\"@context\":\"https:\/\/schema.org\",\"@graph\":[{\"@type\":\"Article\",\"@id\":\"https:\/\/bahiaeconomica.com.br\/wp\/2025\/09\/29\/brasil-cria-mais-de-147-mil-empregos-com-carteira-assinada-em-agosto\/#article\",\"isPartOf\":{\"@id\":\"https:\/\/bahiaeconomica.com.br\/wp\/2025\/09\/29\/brasil-cria-mais-de-147-mil-empregos-com-carteira-assinada-em-agosto\/\"},\"author\":{\"name\":\"VICTORIA ISABEL\",\"@id\":\"https:\/\/bahiaeconomica.com.br\/wp\/#\/schema\/person\/b719ce0fb1c09f3c7a00d9243ced4a6f\"},\"headline\":\"BRASIL CRIA MAIS DE 147 MIL EMPREGOS COM CARTEIRA ASSINADA EM AGOSTO\",\"datePublished\":\"2025-09-29T19:59:39+00:00\",\"dateModified\":\"2025-09-29T18:31:52+00:00\",\"mainEntityOfPage\":{\"@id\":\"https:\/\/bahiaeconomica.com.br\/wp\/2025\/09\/29\/brasil-cria-mais-de-147-mil-empregos-com-carteira-assinada-em-agosto\/\"},\"wordCount\":328,\"publisher\":{\"@id\":\"https:\/\/bahiaeconomica.com.br\/wp\/#organization\"},\"articleSection\":[\"DESTAQUE DO DIA\",\"ECONOMIA \/ POL\u00cdTICA\"],\"inLanguage\":\"pt-BR\"},{\"@type\":\"WebPage\",\"@id\":\"https:\/\/bahiaeconomica.com.br\/wp\/2025\/09\/29\/brasil-cria-mais-de-147-mil-empregos-com-carteira-assinada-em-agosto\/\",\"url\":\"https:\/\/bahiaeconomica.com.br\/wp\/2025\/09\/29\/brasil-cria-mais-de-147-mil-empregos-com-carteira-assinada-em-agosto\/\",\"name\":\"BRASIL CRIA MAIS DE 147 MIL EMPREGOS COM CARTEIRA ASSINADA EM AGOSTO - Bahia Economica\",\"isPartOf\":{\"@id\":\"https:\/\/bahiaeconomica.com.br\/wp\/#website\"},\"datePublished\":\"2025-09-29T19:59:39+00:00\",\"dateModified\":\"2025-09-29T18:31:52+00:00\",\"description\":\"O maior portal de Economia da Bahia DESTAQUE DO DIA, ECONOMIA \/ POL\u00cdTICA Bahia Economica\",\"breadcrumb\":{\"@id\":\"https:\/\/bahiaeconomica.com.br\/wp\/2025\/09\/29\/brasil-cria-mais-de-147-mil-empregos-com-carteira-assinada-em-agosto\/#breadcrumb\"},\"inLanguage\":\"pt-BR\",\"potentialAction\":[{\"@type\":\"ReadAction\",\"target\":[\"https:\/\/bahiaeconomica.com.br\/wp\/2025\/09\/29\/brasil-cria-mais-de-147-mil-empregos-com-carteira-assinada-em-agosto\/\"]}]},{\"@type\":\"BreadcrumbList\",\"@id\":\"https:\/\/bahiaeconomica.com.br\/wp\/2025\/09\/29\/brasil-cria-mais-de-147-mil-empregos-com-carteira-assinada-em-agosto\/#breadcrumb\",\"itemListElement\":[{\"@type\":\"ListItem\",\"position\":1,\"name\":\"In\u00edcio\",\"item\":\"https:\/\/bahiaeconomica.com.br\/wp\/\"},{\"@type\":\"ListItem\",\"position\":2,\"name\":\"BRASIL CRIA MAIS DE 147 MIL EMPREGOS COM CARTEIRA ASSINADA EM AGOSTO\"}]},{\"@type\":\"WebSite\",\"@id\":\"https:\/\/bahiaeconomica.com.br\/wp\/#website\",\"url\":\"https:\/\/bahiaeconomica.com.br\/wp\/\",\"name\":\"Bahia Economica\",\"description\":\"O maior portal de Economia da Bahia\",\"publisher\":{\"@id\":\"https:\/\/bahiaeconomica.com.br\/wp\/#organization\"},\"potentialAction\":[{\"@type\":\"SearchAction\",\"target\":{\"@type\":\"EntryPoint\",\"urlTemplate\":\"https:\/\/bahiaeconomica.com.br\/wp\/?s={search_term_string}\"},\"query-input\":\"required name=search_term_string\"}],\"inLanguage\":\"pt-BR\"},{\"@type\":\"Organization\",\"@id\":\"https:\/\/bahiaeconomica.com.br\/wp\/#organization\",\"name\":\"Bahia Econ\u00f4mica\",\"url\":\"https:\/\/bahiaeconomica.com.br\/wp\/\",\"logo\":{\"@type\":\"ImageObject\",\"inLanguage\":\"pt-BR\",\"@id\":\"https:\/\/bahiaeconomica.com.br\/wp\/#\/schema\/logo\/image\/\",\"url\":\"https:\/\/bahiaeconomica.com.br\/wp\/wp-content\/uploads\/2020\/12\/cropped-BE.png\",\"contentUrl\":\"https:\/\/bahiaeconomica.com.br\/wp\/wp-content\/uploads\/2020\/12\/cropped-BE.png\",\"width\":512,\"height\":512,\"caption\":\"Bahia Econ\u00f4mica\"},\"image\":{\"@id\":\"https:\/\/bahiaeconomica.com.br\/wp\/#\/schema\/logo\/image\/\"},\"sameAs\":[\"https:\/\/www.facebook.com\/bahiaeconomica\"]},{\"@type\":\"Person\",\"@id\":\"https:\/\/bahiaeconomica.com.br\/wp\/#\/schema\/person\/b719ce0fb1c09f3c7a00d9243ced4a6f\",\"name\":\"VICTORIA ISABEL\",\"sameAs\":[\"http:\/\/www.bahiaeconomica.com.br\"],\"url\":\"https:\/\/bahiaeconomica.com.br\/wp\/author\/victoria-isabel\/\"}]}<\/script>\n<!-- \/ Yoast SEO plugin. -->","yoast_head_json":{"title":"BRASIL CRIA MAIS DE 147 MIL EMPREGOS COM CARTEIRA ASSINADA EM AGOSTO - Bahia Economica","description":"O maior portal de Economia da Bahia DESTAQUE DO DIA, ECONOMIA \/ POL\u00cdTICA Bahia Economica","robots":{"index":"index","follow":"follow","max-snippet":"max-snippet:-1","max-image-preview":"max-image-preview:large","max-video-preview":"max-video-preview:-1"},"canonical":"https:\/\/bahiaeconomica.com.br\/wp\/2025\/09\/29\/brasil-cria-mais-de-147-mil-empregos-com-carteira-assinada-em-agosto\/","og_locale":"pt_BR","og_type":"article","og_title":"BRASIL CRIA MAIS DE 147 MIL EMPREGOS COM CARTEIRA ASSINADA EM AGOSTO - Bahia Economica","og_description":"O maior portal de Economia da Bahia DESTAQUE DO DIA, ECONOMIA \/ POL\u00cdTICA Bahia Economica","og_url":"https:\/\/bahiaeconomica.com.br\/wp\/2025\/09\/29\/brasil-cria-mais-de-147-mil-empregos-com-carteira-assinada-em-agosto\/","og_site_name":"Bahia Economica","article_publisher":"https:\/\/www.facebook.com\/bahiaeconomica","article_published_time":"2025-09-29T19:59:39+00:00","article_modified_time":"2025-09-29T18:31:52+00:00","og_image":[{"width":1170,"height":700,"url":"https:\/\/bahiaeconomica.com.br\/wp\/wp-content\/uploads\/2025\/09\/01_carteira_de_trabalho2.webp","type":"image\/webp"}],"author":"VICTORIA ISABEL","twitter_card":"summary_large_image","twitter_misc":{"Escrito por":"VICTORIA ISABEL","Est. tempo de leitura":"2 minutos"},"schema":{"@context":"https:\/\/schema.org","@graph":[{"@type":"Article","@id":"https:\/\/bahiaeconomica.com.br\/wp\/2025\/09\/29\/brasil-cria-mais-de-147-mil-empregos-com-carteira-assinada-em-agosto\/#article","isPartOf":{"@id":"https:\/\/bahiaeconomica.com.br\/wp\/2025\/09\/29\/brasil-cria-mais-de-147-mil-empregos-com-carteira-assinada-em-agosto\/"},"author":{"name":"VICTORIA ISABEL","@id":"https:\/\/bahiaeconomica.com.br\/wp\/#\/schema\/person\/b719ce0fb1c09f3c7a00d9243ced4a6f"},"headline":"BRASIL CRIA MAIS DE 147 MIL EMPREGOS COM CARTEIRA ASSINADA EM AGOSTO","datePublished":"2025-09-29T19:59:39+00:00","dateModified":"2025-09-29T18:31:52+00:00","mainEntityOfPage":{"@id":"https:\/\/bahiaeconomica.com.br\/wp\/2025\/09\/29\/brasil-cria-mais-de-147-mil-empregos-com-carteira-assinada-em-agosto\/"},"wordCount":328,"publisher":{"@id":"https:\/\/bahiaeconomica.com.br\/wp\/#organization"},"articleSection":["DESTAQUE DO DIA","ECONOMIA \/ POL\u00cdTICA"],"inLanguage":"pt-BR"},{"@type":"WebPage","@id":"https:\/\/bahiaeconomica.com.br\/wp\/2025\/09\/29\/brasil-cria-mais-de-147-mil-empregos-com-carteira-assinada-em-agosto\/","url":"https:\/\/bahiaeconomica.com.br\/wp\/2025\/09\/29\/brasil-cria-mais-de-147-mil-empregos-com-carteira-assinada-em-agosto\/","name":"BRASIL CRIA MAIS DE 147 MIL EMPREGOS COM CARTEIRA ASSINADA EM AGOSTO - Bahia Economica","isPartOf":{"@id":"https:\/\/bahiaeconomica.com.br\/wp\/#website"},"datePublished":"2025-09-29T19:59:39+00:00","dateModified":"2025-09-29T18:31:52+00:00","description":"O maior portal de Economia da Bahia DESTAQUE DO DIA, ECONOMIA \/ POL\u00cdTICA Bahia Economica","breadcrumb":{"@id":"https:\/\/bahiaeconomica.com.br\/wp\/2025\/09\/29\/brasil-cria-mais-de-147-mil-empregos-com-carteira-assinada-em-agosto\/#breadcrumb"},"inLanguage":"pt-BR","potentialAction":[{"@type":"ReadAction","target":["https:\/\/bahiaeconomica.com.br\/wp\/2025\/09\/29\/brasil-cria-mais-de-147-mil-empregos-com-carteira-assinada-em-agosto\/"]}]},{"@type":"BreadcrumbList","@id":"https:\/\/bahiaeconomica.com.br\/wp\/2025\/09\/29\/brasil-cria-mais-de-147-mil-empregos-com-carteira-assinada-em-agosto\/#breadcrumb","itemListElement":[{"@type":"ListItem","position":1,"name":"In\u00edcio","item":"https:\/\/bahiaeconomica.com.br\/wp\/"},{"@type":"ListItem","position":2,"name":"BRASIL CRIA MAIS DE 147 MIL EMPREGOS COM CARTEIRA ASSINADA EM AGOSTO"}]},{"@type":"WebSite","@id":"https:\/\/bahiaeconomica.com.br\/wp\/#website","url":"https:\/\/bahiaeconomica.com.br\/wp\/","name":"Bahia Economica","description":"O maior portal de Economia da Bahia","publisher":{"@id":"https:\/\/bahiaeconomica.com.br\/wp\/#organization"},"potentialAction":[{"@type":"SearchAction","target":{"@type":"EntryPoint","urlTemplate":"https:\/\/bahiaeconomica.com.br\/wp\/?s={search_term_string}"},"query-input":"required name=search_term_string"}],"inLanguage":"pt-BR"},{"@type":"Organization","@id":"https:\/\/bahiaeconomica.com.br\/wp\/#organization","name":"Bahia Econ\u00f4mica","url":"https:\/\/bahiaeconomica.com.br\/wp\/","logo":{"@type":"ImageObject","inLanguage":"pt-BR","@id":"https:\/\/bahiaeconomica.com.br\/wp\/#\/schema\/logo\/image\/","url":"https:\/\/bahiaeconomica.com.br\/wp\/wp-content\/uploads\/2020\/12\/cropped-BE.png","contentUrl":"https:\/\/bahiaeconomica.com.br\/wp\/wp-content\/uploads\/2020\/12\/cropped-BE.png","width":512,"height":512,"caption":"Bahia Econ\u00f4mica"},"image":{"@id":"https:\/\/bahiaeconomica.com.br\/wp\/#\/schema\/logo\/image\/"},"sameAs":["https:\/\/www.facebook.com\/bahiaeconomica"]},{"@type":"Person","@id":"https:\/\/bahiaeconomica.com.br\/wp\/#\/schema\/person\/b719ce0fb1c09f3c7a00d9243ced4a6f","name":"VICTORIA ISABEL","sameAs":["http:\/\/www.bahiaeconomica.com.br"],"url":"https:\/\/bahiaeconomica.com.br\/wp\/author\/victoria-isabel\/"}]}},"views":8,"_links":{"self":[{"href":"https:\/\/bahiaeconomica.com.br\/wp\/wp-json\/wp\/v2\/posts\/939161"}],"collection":[{"href":"https:\/\/bahiaeconomica.com.br\/wp\/wp-json\/wp\/v2\/posts"}],"about":[{"href":"https:\/\/bahiaeconomica.com.br\/wp\/wp-json\/wp\/v2\/types\/post"}],"author":[{"embeddable":true,"href":"https:\/\/bahiaeconomica.com.br\/wp\/wp-json\/wp\/v2\/users\/15"}],"replies":[{"embeddable":true,"href":"https:\/\/bahiaeconomica.com.br\/wp\/wp-json\/wp\/v2\/comments?post=939161"}],"version-history":[{"count":1,"href":"https:\/\/bahiaeconomica.com.br\/wp\/wp-json\/wp\/v2\/posts\/939161\/revisions"}],"predecessor-version":[{"id":939165,"href":"https:\/\/bahiaeconomica.com.br\/wp\/wp-json\/wp\/v2\/posts\/939161\/revisions\/939165"}],"wp:featuredmedia":[{"embeddable":true,"href":"https:\/\/bahiaeconomica.com.br\/wp\/wp-json\/wp\/v2\/media\/939163"}],"wp:attachment":[{"href":"https:\/\/bahiaeconomica.com.br\/wp\/wp-json\/wp\/v2\/media?parent=939161"}],"wp:term":[{"taxonomy":"category","embeddable":true,"href":"https:\/\/bahiaeconomica.com.br\/wp\/wp-json\/wp\/v2\/categories?post=939161"},{"taxonomy":"post_tag","embeddable":true,"href":"https:\/\/bahiaeconomica.com.br\/wp\/wp-json\/wp\/v2\/tags?post=939161"}],"curies":[{"name":"wp","href":"https:\/\/api.w.org\/{rel}","templated":true}]}}