{"id":938609,"date":"2025-09-26T14:20:57","date_gmt":"2025-09-26T17:20:57","guid":{"rendered":"https:\/\/bahiaeconomica.com.br\/wp\/?p=938609"},"modified":"2025-09-26T12:46:15","modified_gmt":"2025-09-26T15:46:15","slug":"corais-de-mare-participa-da-criacao-de-rede-de-restauracao-do-brasil-unindo-iniciativas-da-bahia-paraiba-e-pernambuco","status":"publish","type":"post","link":"https:\/\/bahiaeconomica.com.br\/wp\/2025\/09\/26\/corais-de-mare-participa-da-criacao-de-rede-de-restauracao-do-brasil-unindo-iniciativas-da-bahia-paraiba-e-pernambuco\/","title":{"rendered":"CORAIS DE MAR\u00c9 PARTICIPA DA CRIA\u00c7\u00c3O DE REDE DE RESTAURA\u00c7\u00c3O DO BRASIL, UNINDO INICIATIVAS DA BAHIA, PARA\u00cdBA E PERNAMBUCO"},"content":{"rendered":"<p>O projeto Corais de Mar\u00e9, refer\u00eancia na recupera\u00e7\u00e3o dos recifes da Ba\u00eda de Todos-os-Santos (BTS), em Salvador, anunciou a cria\u00e7\u00e3o da Rede de Restaura\u00e7\u00e3o do Brasil, iniciativa que ir\u00e1 unir projetos da Bahia, Para\u00edba e Pernambuco. O an\u00fancio foi feito nesta sexta-feira (26), durante o II Workshop Corais de Mar\u00e9 &#8211; Comunidade, Ci\u00eancia e Futuro Sustent\u00e1vel, realizado no Audit\u00f3rio do Instituto de Geoci\u00eancias (IGEO), da Universidade Federal da Bahia (UFBA), no Campus Ondina. O evento apresentou ao p\u00fablico o progresso do trabalho desenvolvido pelo Corais de Mar\u00e9, iniciativa patrocinada pela Braskem e que, em apenas tr\u00eas anos, j\u00e1 transplantou 2.285 col\u00f4nias de corais, recuperando uma \u00e1rea de 7 mil m\u00b2 no fundo do mar.<\/p>\n<p>Idealizado pela startup Carbono 14, em parceria com a UFBA e o Instituto de Pesca Artesanal de Ilha de Mar\u00e9 (IPA), o Corais de Mar\u00e9 adota uma metodologia inovadora: utiliza suportes de pl\u00e1stico acoplados a bases feitas com esqueletos do Coral-sol, esp\u00e9cie invasora da regi\u00e3o, para produzir sementeiras e cultivar o coral nativo Millepora alcicornis. Trata-se de um procedimento in\u00e9dito, que alia ci\u00eancia, inova\u00e7\u00e3o e engajamento comunit\u00e1rio.<\/p>\n<p>Nestes tr\u00eas anos de atividades, o Corais de Mar\u00e9 alcan\u00e7ou excelentes resultados com o uso do polietileno na acelera\u00e7\u00e3o do crescimento vertical dos corais. O material possibilitou uma redu\u00e7\u00e3o de 50% no tempo de crescimento do coral nativo, avan\u00e7ando de 7 cm em seis meses para os mesmos 7 cm em apenas tr\u00eas meses.<\/p>\n<p>O CEO da Carbono 14 e idealizador do Corais de Mar\u00e9, Jos\u00e9 Roberto Caldas, mais conhecido como Z\u00e9 Pescador, destacou que a uni\u00e3o das iniciativas dos tr\u00eas estados \u00e9 de extrema import\u00e2ncia para a restaura\u00e7\u00e3o dos recifes na costa nordestina. \u201cEsta parceria, que inclusive envolve as secretarias de meio ambientes dos estados, nos proporcionar\u00e1 uma troca de informa\u00e7\u00f5es importante, a possibilidade de fazermos interc\u00e2mbios, para cada um ver como os outros est\u00e3o trabalhando\u201d, salientou.<\/p>\n<p>&#8220;A Braskem tem muito orgulho em apoiar o Corais de Mar\u00e9, uma iniciativa \u00fanica que une ci\u00eancia, iniciativa privada e sociedade civil organizada. Ao longo dos \u00faltimos anos, vimos resultados concretos que comprovam o impacto positivo desse trabalho para o equil\u00edbrio ambiental e para a preserva\u00e7\u00e3o da biodiversidade marinha\u201d, aponta Magn\u00f3lia Borges, gerente de Rela\u00e7\u00f5es Institucionais da Braskem.<\/p>\n<p>Workshop &#8211; O evento desta sexta-feira reuniu as diferentes vozes que constroem o Corais de Mar\u00e9. \u201cO workshop \u00e9 a chance de mostrarmos \u00e0 sociedade o progresso do nosso projeto, ent\u00e3o apresentamos nossa iniciativa de restaura\u00e7\u00e3o de recifes de corais e, mais importante, o modelo de parceria que une a universidade e outros setores para resolver problemas reais &#8211; algo que a academia n\u00e3o faria sozinha\u201d, ressaltou o professor doutor Igor Cruz, especialista em Oceanografia Biol\u00f3gica da UFBA.<\/p>\n<p>Representantes da comunidade de Ilha de Mar\u00e9 no projeto, Claudiane Anjos Santos, Alana Carvalho de Jesus e Talita Santana falaram, entre outros assuntos, sobre o trabalho que realizam de manuten\u00e7\u00e3o dos ber\u00e7\u00e1rios. \u201c\u00c9 um orgulho fazer parte de algo t\u00e3o importante e contribuir de forma positiva para a conserva\u00e7\u00e3o do ecossistema marinho na minha regi\u00e3o\u201d, afirmou Talita.<\/p>\n<p>Da Bahia para o mundo &#8211; O impacto do projeto tem gerado reconhecimento: em 2024, o Corais de Mar\u00e9 foi vencedor do Pr\u00eamio Bahia Sustent\u00e1vel, concedido pela Secretaria do Meio Ambiente (Sema) da Bahia. Nascido no cora\u00e7\u00e3o da Ba\u00eda de Todos-os-Santos, a iniciativa ultrapassou as fronteiras do estado e j\u00e1 atravessou o Atl\u00e2ntico. Em junho deste ano, o projeto participou da 3\u00aa Confer\u00eancia dos Oceanos da Organiza\u00e7\u00e3o das Na\u00e7\u00f5es Unidas (ONU), na cidade de Nice, na Fran\u00e7a, a convite da embaixada francesa.<\/p>\n<p>Al\u00e9m disso, no in\u00edcio deste m\u00eas, integrantes do Corais de Mar\u00e9 foram at\u00e9 Pernambuco para uma viagem de interc\u00e2mbio, na qual se reuniram com representantes de \u00f3rg\u00e3os p\u00fablicos ligados \u00e0 gest\u00e3o costeira e oce\u00e2nica e com outras entidades de restaura\u00e7\u00e3o de corais. Eles realizaram visitas t\u00e9cnicas e compartilharam o trabalho que realizam na Ba\u00eda de Todos-os-Santos.<\/p>\n<p>Sobre a Braskem<\/p>\n<p>A Braskem \u00e9 uma empresa petroqu\u00edmica global, orientada para o ser humano, com olhar para o futuro, que cultiva relacionamentos s\u00f3lidos e gera valor para todos. Oferecendo solu\u00e7\u00f5es sustent\u00e1veis da qu\u00edmica e do pl\u00e1stico para melhorar a vida das pessoas, a petroqu\u00edmica possui um completo portf\u00f3lio de resinas pl\u00e1sticas e produtos qu\u00edmicos para diversos segmentos, como embalagens aliment\u00edcias, constru\u00e7\u00e3o civil, industrial, automotivo, agroneg\u00f3cio, sa\u00fade e higiene, entre outros. A Braskem acredita que a inova\u00e7\u00e3o disruptiva \u00e9 o \u00fanico caminho poss\u00edvel para se estabelecer uma nova rela\u00e7\u00e3o com o planeta, por isso, escolhe agir no presente, promovendo a circularidade do pl\u00e1stico e impulsionando a revolu\u00e7\u00e3o dos materiais de base biol\u00f3gica. Com 40 unidades industriais no Brasil, EUA, M\u00e9xico e Alemanha, a companhia exporta seus produtos para clientes em mais de 71 pa\u00edses por meio de seus 8.500 integrantes que atuam globalmente em um modelo de gest\u00e3o que demonstra o compromisso com a \u00e9tica, respeitando as normas de conformidade em todos os pa\u00edses e garantindo o respeito \u00e0 competitividade respons\u00e1vel. Mais informa\u00e7\u00f5es: https:\/\/www.braskem.com.br\/.<\/p>\n<p>Foto: Divulga\u00e7\u00e3o \/ Carbono 14<\/p>\n","protected":false},"excerpt":{"rendered":"<p>O projeto Corais de Mar\u00e9, refer\u00eancia na recupera\u00e7\u00e3o dos recifes da Ba\u00eda de Todos-os-Santos (BTS), em Salvador, anunciou a cria\u00e7\u00e3o da Rede de Restaura\u00e7\u00e3o do Brasil, iniciativa que ir\u00e1 unir projetos da Bahia, Para\u00edba e Pernambuco. O an\u00fancio foi feito nesta sexta-feira (26), durante o II Workshop Corais de Mar\u00e9 &#8211; Comunidade, Ci\u00eancia e Futuro [&hellip;]<\/p>\n","protected":false},"author":8,"featured_media":938610,"comment_status":"closed","ping_status":"closed","sticky":false,"template":"","format":"standard","meta":[],"categories":[5],"tags":[52,858],"acf":[],"yoast_head":"<!-- This site is optimized with the Yoast SEO plugin v20.8 - https:\/\/yoast.com\/wordpress\/plugins\/seo\/ -->\n<title>CORAIS DE MAR\u00c9 PARTICIPA DA CRIA\u00c7\u00c3O DE REDE DE RESTAURA\u00c7\u00c3O DO BRASIL, UNINDO INICIATIVAS DA BAHIA, PARA\u00cdBA E PERNAMBUCO - Bahia Economica<\/title>\n<meta name=\"description\" content=\"O maior portal de Economia da Bahia MUNIC\u00cdPIOS Bahia Economica A Braskem \u00e9 uma empresa petroqu\u00edmica global\" \/>\n<meta name=\"robots\" content=\"index, follow, max-snippet:-1, max-image-preview:large, max-video-preview:-1\" \/>\n<link rel=\"canonical\" href=\"https:\/\/bahiaeconomica.com.br\/wp\/2025\/09\/26\/corais-de-mare-participa-da-criacao-de-rede-de-restauracao-do-brasil-unindo-iniciativas-da-bahia-paraiba-e-pernambuco\/\" \/>\n<meta property=\"og:locale\" content=\"pt_BR\" \/>\n<meta property=\"og:type\" content=\"article\" \/>\n<meta property=\"og:title\" content=\"CORAIS DE MAR\u00c9 PARTICIPA DA CRIA\u00c7\u00c3O DE REDE DE RESTAURA\u00c7\u00c3O DO BRASIL, UNINDO INICIATIVAS DA BAHIA, PARA\u00cdBA E PERNAMBUCO - Bahia Economica\" \/>\n<meta property=\"og:description\" content=\"O maior portal de Economia da Bahia MUNIC\u00cdPIOS Bahia Economica A Braskem \u00e9 uma empresa petroqu\u00edmica global\" \/>\n<meta property=\"og:url\" content=\"https:\/\/bahiaeconomica.com.br\/wp\/2025\/09\/26\/corais-de-mare-participa-da-criacao-de-rede-de-restauracao-do-brasil-unindo-iniciativas-da-bahia-paraiba-e-pernambuco\/\" \/>\n<meta property=\"og:site_name\" content=\"Bahia Economica\" \/>\n<meta property=\"article:publisher\" content=\"https:\/\/www.facebook.com\/bahiaeconomica\" \/>\n<meta property=\"article:published_time\" content=\"2025-09-26T17:20:57+00:00\" \/>\n<meta property=\"article:modified_time\" content=\"2025-09-26T15:46:15+00:00\" \/>\n<meta property=\"og:image\" content=\"https:\/\/bahiaeconomica.com.br\/wp\/wp-content\/uploads\/2025\/09\/WhatsApp-Image-2025-09-26-at-12.18.14.jpeg\" \/>\n\t<meta property=\"og:image:width\" content=\"1600\" \/>\n\t<meta property=\"og:image:height\" content=\"1200\" \/>\n\t<meta property=\"og:image:type\" content=\"image\/jpeg\" \/>\n<meta name=\"author\" content=\"JP\" \/>\n<meta name=\"twitter:card\" content=\"summary_large_image\" \/>\n<meta name=\"twitter:label1\" content=\"Escrito por\" \/>\n\t<meta name=\"twitter:data1\" content=\"JP\" \/>\n\t<meta name=\"twitter:label2\" content=\"Est. tempo de leitura\" \/>\n\t<meta name=\"twitter:data2\" content=\"5 minutos\" \/>\n<script type=\"application\/ld+json\" class=\"yoast-schema-graph\">{\"@context\":\"https:\/\/schema.org\",\"@graph\":[{\"@type\":\"Article\",\"@id\":\"https:\/\/bahiaeconomica.com.br\/wp\/2025\/09\/26\/corais-de-mare-participa-da-criacao-de-rede-de-restauracao-do-brasil-unindo-iniciativas-da-bahia-paraiba-e-pernambuco\/#article\",\"isPartOf\":{\"@id\":\"https:\/\/bahiaeconomica.com.br\/wp\/2025\/09\/26\/corais-de-mare-participa-da-criacao-de-rede-de-restauracao-do-brasil-unindo-iniciativas-da-bahia-paraiba-e-pernambuco\/\"},\"author\":{\"name\":\"JP\",\"@id\":\"https:\/\/bahiaeconomica.com.br\/wp\/#\/schema\/person\/c86d3a3f8960425a0f9d0e5245991f4e\"},\"headline\":\"CORAIS DE MAR\u00c9 PARTICIPA DA CRIA\u00c7\u00c3O DE REDE DE RESTAURA\u00c7\u00c3O DO BRASIL, UNINDO INICIATIVAS DA BAHIA, PARA\u00cdBA E PERNAMBUCO\",\"datePublished\":\"2025-09-26T17:20:57+00:00\",\"dateModified\":\"2025-09-26T15:46:15+00:00\",\"mainEntityOfPage\":{\"@id\":\"https:\/\/bahiaeconomica.com.br\/wp\/2025\/09\/26\/corais-de-mare-participa-da-criacao-de-rede-de-restauracao-do-brasil-unindo-iniciativas-da-bahia-paraiba-e-pernambuco\/\"},\"wordCount\":917,\"publisher\":{\"@id\":\"https:\/\/bahiaeconomica.com.br\/wp\/#organization\"},\"keywords\":[\"Brasil\",\"municipio\"],\"articleSection\":[\"MUNIC\u00cdPIOS\"],\"inLanguage\":\"pt-BR\"},{\"@type\":\"WebPage\",\"@id\":\"https:\/\/bahiaeconomica.com.br\/wp\/2025\/09\/26\/corais-de-mare-participa-da-criacao-de-rede-de-restauracao-do-brasil-unindo-iniciativas-da-bahia-paraiba-e-pernambuco\/\",\"url\":\"https:\/\/bahiaeconomica.com.br\/wp\/2025\/09\/26\/corais-de-mare-participa-da-criacao-de-rede-de-restauracao-do-brasil-unindo-iniciativas-da-bahia-paraiba-e-pernambuco\/\",\"name\":\"CORAIS DE MAR\u00c9 PARTICIPA DA CRIA\u00c7\u00c3O DE REDE DE RESTAURA\u00c7\u00c3O DO BRASIL, UNINDO INICIATIVAS DA BAHIA, PARA\u00cdBA E PERNAMBUCO - Bahia Economica\",\"isPartOf\":{\"@id\":\"https:\/\/bahiaeconomica.com.br\/wp\/#website\"},\"datePublished\":\"2025-09-26T17:20:57+00:00\",\"dateModified\":\"2025-09-26T15:46:15+00:00\",\"description\":\"O maior portal de Economia da Bahia MUNIC\u00cdPIOS Bahia Economica A Braskem \u00e9 uma empresa petroqu\u00edmica global\",\"breadcrumb\":{\"@id\":\"https:\/\/bahiaeconomica.com.br\/wp\/2025\/09\/26\/corais-de-mare-participa-da-criacao-de-rede-de-restauracao-do-brasil-unindo-iniciativas-da-bahia-paraiba-e-pernambuco\/#breadcrumb\"},\"inLanguage\":\"pt-BR\",\"potentialAction\":[{\"@type\":\"ReadAction\",\"target\":[\"https:\/\/bahiaeconomica.com.br\/wp\/2025\/09\/26\/corais-de-mare-participa-da-criacao-de-rede-de-restauracao-do-brasil-unindo-iniciativas-da-bahia-paraiba-e-pernambuco\/\"]}]},{\"@type\":\"BreadcrumbList\",\"@id\":\"https:\/\/bahiaeconomica.com.br\/wp\/2025\/09\/26\/corais-de-mare-participa-da-criacao-de-rede-de-restauracao-do-brasil-unindo-iniciativas-da-bahia-paraiba-e-pernambuco\/#breadcrumb\",\"itemListElement\":[{\"@type\":\"ListItem\",\"position\":1,\"name\":\"In\u00edcio\",\"item\":\"https:\/\/bahiaeconomica.com.br\/wp\/\"},{\"@type\":\"ListItem\",\"position\":2,\"name\":\"CORAIS DE MAR\u00c9 PARTICIPA DA CRIA\u00c7\u00c3O DE REDE DE RESTAURA\u00c7\u00c3O DO BRASIL, UNINDO INICIATIVAS DA BAHIA, PARA\u00cdBA E PERNAMBUCO\"}]},{\"@type\":\"WebSite\",\"@id\":\"https:\/\/bahiaeconomica.com.br\/wp\/#website\",\"url\":\"https:\/\/bahiaeconomica.com.br\/wp\/\",\"name\":\"Bahia Economica\",\"description\":\"O maior portal de Economia da Bahia\",\"publisher\":{\"@id\":\"https:\/\/bahiaeconomica.com.br\/wp\/#organization\"},\"potentialAction\":[{\"@type\":\"SearchAction\",\"target\":{\"@type\":\"EntryPoint\",\"urlTemplate\":\"https:\/\/bahiaeconomica.com.br\/wp\/?s={search_term_string}\"},\"query-input\":\"required name=search_term_string\"}],\"inLanguage\":\"pt-BR\"},{\"@type\":\"Organization\",\"@id\":\"https:\/\/bahiaeconomica.com.br\/wp\/#organization\",\"name\":\"Bahia Econ\u00f4mica\",\"url\":\"https:\/\/bahiaeconomica.com.br\/wp\/\",\"logo\":{\"@type\":\"ImageObject\",\"inLanguage\":\"pt-BR\",\"@id\":\"https:\/\/bahiaeconomica.com.br\/wp\/#\/schema\/logo\/image\/\",\"url\":\"https:\/\/bahiaeconomica.com.br\/wp\/wp-content\/uploads\/2020\/12\/cropped-BE.png\",\"contentUrl\":\"https:\/\/bahiaeconomica.com.br\/wp\/wp-content\/uploads\/2020\/12\/cropped-BE.png\",\"width\":512,\"height\":512,\"caption\":\"Bahia Econ\u00f4mica\"},\"image\":{\"@id\":\"https:\/\/bahiaeconomica.com.br\/wp\/#\/schema\/logo\/image\/\"},\"sameAs\":[\"https:\/\/www.facebook.com\/bahiaeconomica\"]},{\"@type\":\"Person\",\"@id\":\"https:\/\/bahiaeconomica.com.br\/wp\/#\/schema\/person\/c86d3a3f8960425a0f9d0e5245991f4e\",\"name\":\"JP\",\"sameAs\":[\"https:\/\/bahiaeconomica.com.br\/wp\/beta\/\"],\"url\":\"https:\/\/bahiaeconomica.com.br\/wp\/author\/jp\/\"}]}<\/script>\n<!-- \/ Yoast SEO plugin. -->","yoast_head_json":{"title":"CORAIS DE MAR\u00c9 PARTICIPA DA CRIA\u00c7\u00c3O DE REDE DE RESTAURA\u00c7\u00c3O DO BRASIL, UNINDO INICIATIVAS DA BAHIA, PARA\u00cdBA E PERNAMBUCO - Bahia Economica","description":"O maior portal de Economia da Bahia MUNIC\u00cdPIOS Bahia Economica A Braskem \u00e9 uma empresa petroqu\u00edmica global","robots":{"index":"index","follow":"follow","max-snippet":"max-snippet:-1","max-image-preview":"max-image-preview:large","max-video-preview":"max-video-preview:-1"},"canonical":"https:\/\/bahiaeconomica.com.br\/wp\/2025\/09\/26\/corais-de-mare-participa-da-criacao-de-rede-de-restauracao-do-brasil-unindo-iniciativas-da-bahia-paraiba-e-pernambuco\/","og_locale":"pt_BR","og_type":"article","og_title":"CORAIS DE MAR\u00c9 PARTICIPA DA CRIA\u00c7\u00c3O DE REDE DE RESTAURA\u00c7\u00c3O DO BRASIL, UNINDO INICIATIVAS DA BAHIA, PARA\u00cdBA E PERNAMBUCO - Bahia Economica","og_description":"O maior portal de Economia da Bahia MUNIC\u00cdPIOS Bahia Economica A Braskem \u00e9 uma empresa petroqu\u00edmica global","og_url":"https:\/\/bahiaeconomica.com.br\/wp\/2025\/09\/26\/corais-de-mare-participa-da-criacao-de-rede-de-restauracao-do-brasil-unindo-iniciativas-da-bahia-paraiba-e-pernambuco\/","og_site_name":"Bahia Economica","article_publisher":"https:\/\/www.facebook.com\/bahiaeconomica","article_published_time":"2025-09-26T17:20:57+00:00","article_modified_time":"2025-09-26T15:46:15+00:00","og_image":[{"width":1600,"height":1200,"url":"https:\/\/bahiaeconomica.com.br\/wp\/wp-content\/uploads\/2025\/09\/WhatsApp-Image-2025-09-26-at-12.18.14.jpeg","type":"image\/jpeg"}],"author":"JP","twitter_card":"summary_large_image","twitter_misc":{"Escrito por":"JP","Est. tempo de leitura":"5 minutos"},"schema":{"@context":"https:\/\/schema.org","@graph":[{"@type":"Article","@id":"https:\/\/bahiaeconomica.com.br\/wp\/2025\/09\/26\/corais-de-mare-participa-da-criacao-de-rede-de-restauracao-do-brasil-unindo-iniciativas-da-bahia-paraiba-e-pernambuco\/#article","isPartOf":{"@id":"https:\/\/bahiaeconomica.com.br\/wp\/2025\/09\/26\/corais-de-mare-participa-da-criacao-de-rede-de-restauracao-do-brasil-unindo-iniciativas-da-bahia-paraiba-e-pernambuco\/"},"author":{"name":"JP","@id":"https:\/\/bahiaeconomica.com.br\/wp\/#\/schema\/person\/c86d3a3f8960425a0f9d0e5245991f4e"},"headline":"CORAIS DE MAR\u00c9 PARTICIPA DA CRIA\u00c7\u00c3O DE REDE DE RESTAURA\u00c7\u00c3O DO BRASIL, UNINDO INICIATIVAS DA BAHIA, PARA\u00cdBA E PERNAMBUCO","datePublished":"2025-09-26T17:20:57+00:00","dateModified":"2025-09-26T15:46:15+00:00","mainEntityOfPage":{"@id":"https:\/\/bahiaeconomica.com.br\/wp\/2025\/09\/26\/corais-de-mare-participa-da-criacao-de-rede-de-restauracao-do-brasil-unindo-iniciativas-da-bahia-paraiba-e-pernambuco\/"},"wordCount":917,"publisher":{"@id":"https:\/\/bahiaeconomica.com.br\/wp\/#organization"},"keywords":["Brasil","municipio"],"articleSection":["MUNIC\u00cdPIOS"],"inLanguage":"pt-BR"},{"@type":"WebPage","@id":"https:\/\/bahiaeconomica.com.br\/wp\/2025\/09\/26\/corais-de-mare-participa-da-criacao-de-rede-de-restauracao-do-brasil-unindo-iniciativas-da-bahia-paraiba-e-pernambuco\/","url":"https:\/\/bahiaeconomica.com.br\/wp\/2025\/09\/26\/corais-de-mare-participa-da-criacao-de-rede-de-restauracao-do-brasil-unindo-iniciativas-da-bahia-paraiba-e-pernambuco\/","name":"CORAIS DE MAR\u00c9 PARTICIPA DA CRIA\u00c7\u00c3O DE REDE DE RESTAURA\u00c7\u00c3O DO BRASIL, UNINDO INICIATIVAS DA BAHIA, PARA\u00cdBA E PERNAMBUCO - Bahia Economica","isPartOf":{"@id":"https:\/\/bahiaeconomica.com.br\/wp\/#website"},"datePublished":"2025-09-26T17:20:57+00:00","dateModified":"2025-09-26T15:46:15+00:00","description":"O maior portal de Economia da Bahia MUNIC\u00cdPIOS Bahia Economica A Braskem \u00e9 uma empresa petroqu\u00edmica global","breadcrumb":{"@id":"https:\/\/bahiaeconomica.com.br\/wp\/2025\/09\/26\/corais-de-mare-participa-da-criacao-de-rede-de-restauracao-do-brasil-unindo-iniciativas-da-bahia-paraiba-e-pernambuco\/#breadcrumb"},"inLanguage":"pt-BR","potentialAction":[{"@type":"ReadAction","target":["https:\/\/bahiaeconomica.com.br\/wp\/2025\/09\/26\/corais-de-mare-participa-da-criacao-de-rede-de-restauracao-do-brasil-unindo-iniciativas-da-bahia-paraiba-e-pernambuco\/"]}]},{"@type":"BreadcrumbList","@id":"https:\/\/bahiaeconomica.com.br\/wp\/2025\/09\/26\/corais-de-mare-participa-da-criacao-de-rede-de-restauracao-do-brasil-unindo-iniciativas-da-bahia-paraiba-e-pernambuco\/#breadcrumb","itemListElement":[{"@type":"ListItem","position":1,"name":"In\u00edcio","item":"https:\/\/bahiaeconomica.com.br\/wp\/"},{"@type":"ListItem","position":2,"name":"CORAIS DE MAR\u00c9 PARTICIPA DA CRIA\u00c7\u00c3O DE REDE DE RESTAURA\u00c7\u00c3O DO BRASIL, UNINDO INICIATIVAS DA BAHIA, PARA\u00cdBA E PERNAMBUCO"}]},{"@type":"WebSite","@id":"https:\/\/bahiaeconomica.com.br\/wp\/#website","url":"https:\/\/bahiaeconomica.com.br\/wp\/","name":"Bahia Economica","description":"O maior portal de Economia da Bahia","publisher":{"@id":"https:\/\/bahiaeconomica.com.br\/wp\/#organization"},"potentialAction":[{"@type":"SearchAction","target":{"@type":"EntryPoint","urlTemplate":"https:\/\/bahiaeconomica.com.br\/wp\/?s={search_term_string}"},"query-input":"required name=search_term_string"}],"inLanguage":"pt-BR"},{"@type":"Organization","@id":"https:\/\/bahiaeconomica.com.br\/wp\/#organization","name":"Bahia Econ\u00f4mica","url":"https:\/\/bahiaeconomica.com.br\/wp\/","logo":{"@type":"ImageObject","inLanguage":"pt-BR","@id":"https:\/\/bahiaeconomica.com.br\/wp\/#\/schema\/logo\/image\/","url":"https:\/\/bahiaeconomica.com.br\/wp\/wp-content\/uploads\/2020\/12\/cropped-BE.png","contentUrl":"https:\/\/bahiaeconomica.com.br\/wp\/wp-content\/uploads\/2020\/12\/cropped-BE.png","width":512,"height":512,"caption":"Bahia Econ\u00f4mica"},"image":{"@id":"https:\/\/bahiaeconomica.com.br\/wp\/#\/schema\/logo\/image\/"},"sameAs":["https:\/\/www.facebook.com\/bahiaeconomica"]},{"@type":"Person","@id":"https:\/\/bahiaeconomica.com.br\/wp\/#\/schema\/person\/c86d3a3f8960425a0f9d0e5245991f4e","name":"JP","sameAs":["https:\/\/bahiaeconomica.com.br\/wp\/beta\/"],"url":"https:\/\/bahiaeconomica.com.br\/wp\/author\/jp\/"}]}},"views":53,"_links":{"self":[{"href":"https:\/\/bahiaeconomica.com.br\/wp\/wp-json\/wp\/v2\/posts\/938609"}],"collection":[{"href":"https:\/\/bahiaeconomica.com.br\/wp\/wp-json\/wp\/v2\/posts"}],"about":[{"href":"https:\/\/bahiaeconomica.com.br\/wp\/wp-json\/wp\/v2\/types\/post"}],"author":[{"embeddable":true,"href":"https:\/\/bahiaeconomica.com.br\/wp\/wp-json\/wp\/v2\/users\/8"}],"replies":[{"embeddable":true,"href":"https:\/\/bahiaeconomica.com.br\/wp\/wp-json\/wp\/v2\/comments?post=938609"}],"version-history":[{"count":1,"href":"https:\/\/bahiaeconomica.com.br\/wp\/wp-json\/wp\/v2\/posts\/938609\/revisions"}],"predecessor-version":[{"id":938611,"href":"https:\/\/bahiaeconomica.com.br\/wp\/wp-json\/wp\/v2\/posts\/938609\/revisions\/938611"}],"wp:featuredmedia":[{"embeddable":true,"href":"https:\/\/bahiaeconomica.com.br\/wp\/wp-json\/wp\/v2\/media\/938610"}],"wp:attachment":[{"href":"https:\/\/bahiaeconomica.com.br\/wp\/wp-json\/wp\/v2\/media?parent=938609"}],"wp:term":[{"taxonomy":"category","embeddable":true,"href":"https:\/\/bahiaeconomica.com.br\/wp\/wp-json\/wp\/v2\/categories?post=938609"},{"taxonomy":"post_tag","embeddable":true,"href":"https:\/\/bahiaeconomica.com.br\/wp\/wp-json\/wp\/v2\/tags?post=938609"}],"curies":[{"name":"wp","href":"https:\/\/api.w.org\/{rel}","templated":true}]}}