{"id":938541,"date":"2025-09-26T09:54:41","date_gmt":"2025-09-26T12:54:41","guid":{"rendered":"https:\/\/bahiaeconomica.com.br\/wp\/?p=938541"},"modified":"2025-09-26T09:54:41","modified_gmt":"2025-09-26T12:54:41","slug":"setembro-azul-reforca-a-inclusao-da-comunidade-surda-no-mercado-de-trabalho","status":"publish","type":"post","link":"https:\/\/bahiaeconomica.com.br\/wp\/2025\/09\/26\/setembro-azul-reforca-a-inclusao-da-comunidade-surda-no-mercado-de-trabalho\/","title":{"rendered":"SETEMBRO AZUL REFOR\u00c7A A INCLUS\u00c3O DA COMUNIDADE SURDA NO MERCADO DE TRABALHO"},"content":{"rendered":"<p>Em 26 de setembro, celebra-se o <strong>Dia Nacional do Surdo<\/strong>, data que integra o movimento <strong>Setembro Azul<\/strong>, s\u00edmbolo da luta por reconhecimento, acessibilidade e inclus\u00e3o. O momento \u00e9 um convite para refletir sobre as barreiras que ainda limitam a comunidade surda no mercado de trabalho e para valorizar iniciativas que promovem mudan\u00e7as reais. Segundo o IBGE, 10,7 milh\u00f5es de brasileiros possuem algum grau de defici\u00eancia auditiva, mas muitos ainda enfrentam obst\u00e1culos para conquistar oportunidades justas de emprego e crescimento profissional.<\/p>\n<p>Embora a legisla\u00e7\u00e3o brasileira estabele\u00e7a a obrigatoriedade de contrata\u00e7\u00e3o atrav\u00e9s da Lei de Cotas (Lei n\u00ba 8.213) para empresas com mais de 100 funcion\u00e1rios, Jos\u00e9 Ara\u00fajo Neto, CEO do <a href=\"https:\/\/www.icom.app\/\"><strong>ICOM<\/strong><\/a>, socialtech brasileira l\u00edder em servi\u00e7os de inclus\u00e3o e comunica\u00e7\u00e3o acess\u00edvel para a comunidade surda, acredita que isso n\u00e3o \u00e9 respeitado na pr\u00e1tica, e tampouco fiscalizado. Barreiras educacionais, exclus\u00e3o em decis\u00f5es importantes e preconceitos estruturais limitam as oportunidades para deficientes auditivos.<\/p>\n<p>Diante desse cen\u00e1rio, o especialista apresenta quatro estrat\u00e9gias fundamentais para empresas que desejam promover uma inclus\u00e3o genu\u00edna e efetiva:<\/p>\n<ol>\n<li><strong> Estabelecer uma cultura organizacional inclusiva<br \/>\n<\/strong>O primeiro passo consiste em desenvolver pol\u00edticas internas que promovam o respeito \u00e0 diversidade e combatam preconceitos. A mudan\u00e7a cultural precisa come\u00e7ar pela conscientiza\u00e7\u00e3o sobre as capacidades reais dos deficientes auditivos.<\/li>\n<\/ol>\n<p>\u201cA inclus\u00e3o come\u00e7a quando entendemos que pessoas surdas t\u00eam potencial, talentos e habilidades como qualquer outra. O papel da empresa \u00e9 garantir um ambiente acess\u00edvel e acolhedor, com canais de comunica\u00e7\u00e3o adequados e respeito \u00e0s particularidades de cada indiv\u00edduo. S\u00f3 assim vamos conseguir transformar a diversidade em parte viva da cultura empresarial\u201d, afirma Ara\u00fajo Neto.<\/p>\n<ol start=\"2\">\n<li><strong> Redesenhar processos seletivos para acessibilidade<\/strong><\/li>\n<\/ol>\n<p>\u00c9 fundamental garantir que os processos de recrutamento e sele\u00e7\u00e3o sejam inclusivos e proporcionem igualdade de oportunidades. Isso envolve a adapta\u00e7\u00e3o de etapas e a oferta de recursos que assegurem a participa\u00e7\u00e3o plena de pessoas com defici\u00eancia auditiva.<\/p>\n<p>\u201cHoje, os processos de recrutamento e sele\u00e7\u00e3o contam com o apoio de tecnologias como intelig\u00eancia artificial e o envio \u00e1gil de dados, o que certamente contribui para a efici\u00eancia. No entanto, \u00e9 fundamental que esses processos tamb\u00e9m assegurem igualdade de oportunidades. Isso inclui a oferta de recursos de acessibilidade, como a interpreta\u00e7\u00e3o em Libras, que permite uma comunica\u00e7\u00e3o clara e respeitosa entre recrutadores e candidatos surdos. No ICOM, oferecemos esse suporte justamente para facilitar esse di\u00e1logo \u2014 inclusive em entrevistas por v\u00eddeo \u2014 conectando a pessoa surda a um int\u00e9rprete qualificado e garantindo, assim, uma comunica\u00e7\u00e3o mais eficaz e inclusiva\u201d, destaca o CEO.<\/p>\n<ol start=\"3\">\n<li><strong> Garantir oportunidades de desenvolvimento e crescimento<br \/>\n<\/strong>Para Ara\u00fajo Neto, a inclus\u00e3o n\u00e3o deve se limitar apenas \u00e0 contrata\u00e7\u00e3o, mas estender-se ao desenvolvimento profissional e \u00e0 igualdade de sal\u00e1rios. As organiza\u00e7\u00f5es precisam avaliar compet\u00eancias de forma equitativa e considerar adequa\u00e7\u00f5es, quando necess\u00e1rio.<\/li>\n<\/ol>\n<p>&#8220;Mesmo quando inseridas, pessoas com defici\u00eancia costumam receber sal\u00e1rios mais baixos e t\u00eam menos acesso a cargos de lideran\u00e7a ou oportunidades de promo\u00e7\u00e3o. Isso \u00e9 um exemplo claro de que embora a Lei de Cotas seja um avan\u00e7o, muita coisa precisa evoluir na pr\u00e1tica\u201d, opina.<\/p>\n<ol start=\"4\">\n<li><strong> Implementar solu\u00e7\u00f5es tecnol\u00f3gicas assistivas<br \/>\n<\/strong>A tecnologia desempenha um papel fundamental na cria\u00e7\u00e3o de ambientes acess\u00edveis. Al\u00e9m dos sistemas de tradu\u00e7\u00e3o em Libras, alertas visuais, dispositivos de comunica\u00e7\u00e3o adaptados e outras ferramentas assistivas s\u00e3o essenciais para auxiliar na produtividade destes grupos.<\/li>\n<\/ol>\n<p>\u201cSabemos que a tecnologia est\u00e1 aqui para abranger diversas \u00e1reas da rotina profissional, desde comunica\u00e7\u00e3o at\u00e9 a mobilidade. No ICOM, conectamos surdos e ouvintes por meio de int\u00e9rpretes em Libras altamente qualificados&#8221;, exemplifica o CEO.<strong>\u00a0<\/strong><\/p>\n<p><strong>Sobre o ICOM<\/strong><\/p>\n<p>O ICOM \u00e9 uma socialtech que oferece uma plataforma l\u00edder e pioneira de interpreta\u00e7\u00e3o online em Libras, acessibilizando a comunica\u00e7\u00e3o e o atendimento de empresas e governos com seus consumidores, colaboradores e cidad\u00e3os surdos.<\/p>\n<p>Premiado pela ONU como solu\u00e7\u00e3o de Inova\u00e7\u00e3o P\u00fablica, teve suas ra\u00edzes na AME &#8211; organiza\u00e7\u00e3o da Sociedade Civil, sem fins lucrativos, que desenvolve Tecnologia Assistiva para facilitar a independ\u00eancia das pessoas com defici\u00eancia h\u00e1 mais de 30 anos.<\/p>\n","protected":false},"excerpt":{"rendered":"<p>Em 26 de setembro, celebra-se o Dia Nacional do Surdo, data que integra o movimento Setembro Azul, s\u00edmbolo da luta por reconhecimento, acessibilidade e inclus\u00e3o. O momento \u00e9 um convite para refletir sobre as barreiras que ainda limitam a comunidade surda no mercado de trabalho e para valorizar iniciativas que promovem mudan\u00e7as reais. Segundo o [&hellip;]<\/p>\n","protected":false},"author":8,"featured_media":938543,"comment_status":"closed","ping_status":"closed","sticky":false,"template":"","format":"standard","meta":[],"categories":[5],"tags":[567,1566,58],"acf":[],"yoast_head":"<!-- This site is optimized with the Yoast SEO plugin v20.8 - https:\/\/yoast.com\/wordpress\/plugins\/seo\/ -->\n<title>SETEMBRO AZUL REFOR\u00c7A A INCLUS\u00c3O DA COMUNIDADE SURDA NO MERCADO DE TRABALHO - Bahia Economica<\/title>\n<meta name=\"description\" content=\"O maior portal de Economia da Bahia MUNIC\u00cdPIOS Bahia Economica Em 26 de setembro, celebra-se o Dia Nacional do Surdo, data que integra\" \/>\n<meta name=\"robots\" content=\"index, follow, max-snippet:-1, max-image-preview:large, max-video-preview:-1\" \/>\n<link rel=\"canonical\" href=\"https:\/\/bahiaeconomica.com.br\/wp\/2025\/09\/26\/setembro-azul-reforca-a-inclusao-da-comunidade-surda-no-mercado-de-trabalho\/\" \/>\n<meta property=\"og:locale\" content=\"pt_BR\" \/>\n<meta property=\"og:type\" content=\"article\" \/>\n<meta property=\"og:title\" content=\"SETEMBRO AZUL REFOR\u00c7A A INCLUS\u00c3O DA COMUNIDADE SURDA NO MERCADO DE TRABALHO - Bahia Economica\" \/>\n<meta property=\"og:description\" content=\"O maior portal de Economia da Bahia MUNIC\u00cdPIOS Bahia Economica Em 26 de setembro, celebra-se o Dia Nacional do Surdo, data que integra\" \/>\n<meta property=\"og:url\" content=\"https:\/\/bahiaeconomica.com.br\/wp\/2025\/09\/26\/setembro-azul-reforca-a-inclusao-da-comunidade-surda-no-mercado-de-trabalho\/\" \/>\n<meta property=\"og:site_name\" content=\"Bahia Economica\" \/>\n<meta property=\"article:publisher\" content=\"https:\/\/www.facebook.com\/bahiaeconomica\" \/>\n<meta property=\"article:published_time\" content=\"2025-09-26T12:54:41+00:00\" \/>\n<meta property=\"og:image\" content=\"https:\/\/bahiaeconomica.com.br\/wp\/wp-content\/uploads\/2025\/09\/WhatsApp-Image-2025-09-26-at-09.03.28.jpeg\" \/>\n\t<meta property=\"og:image:width\" content=\"1600\" \/>\n\t<meta property=\"og:image:height\" content=\"1066\" \/>\n\t<meta property=\"og:image:type\" content=\"image\/jpeg\" \/>\n<meta name=\"author\" content=\"JP\" \/>\n<meta name=\"twitter:card\" content=\"summary_large_image\" \/>\n<meta name=\"twitter:label1\" content=\"Escrito por\" \/>\n\t<meta name=\"twitter:data1\" content=\"JP\" \/>\n\t<meta name=\"twitter:label2\" content=\"Est. tempo de leitura\" \/>\n\t<meta name=\"twitter:data2\" content=\"4 minutos\" \/>\n<script type=\"application\/ld+json\" class=\"yoast-schema-graph\">{\"@context\":\"https:\/\/schema.org\",\"@graph\":[{\"@type\":\"Article\",\"@id\":\"https:\/\/bahiaeconomica.com.br\/wp\/2025\/09\/26\/setembro-azul-reforca-a-inclusao-da-comunidade-surda-no-mercado-de-trabalho\/#article\",\"isPartOf\":{\"@id\":\"https:\/\/bahiaeconomica.com.br\/wp\/2025\/09\/26\/setembro-azul-reforca-a-inclusao-da-comunidade-surda-no-mercado-de-trabalho\/\"},\"author\":{\"name\":\"JP\",\"@id\":\"https:\/\/bahiaeconomica.com.br\/wp\/#\/schema\/person\/c86d3a3f8960425a0f9d0e5245991f4e\"},\"headline\":\"SETEMBRO AZUL REFOR\u00c7A A INCLUS\u00c3O DA COMUNIDADE SURDA NO MERCADO DE TRABALHO\",\"datePublished\":\"2025-09-26T12:54:41+00:00\",\"dateModified\":\"2025-09-26T12:54:41+00:00\",\"mainEntityOfPage\":{\"@id\":\"https:\/\/bahiaeconomica.com.br\/wp\/2025\/09\/26\/setembro-azul-reforca-a-inclusao-da-comunidade-surda-no-mercado-de-trabalho\/\"},\"wordCount\":726,\"publisher\":{\"@id\":\"https:\/\/bahiaeconomica.com.br\/wp\/#organization\"},\"keywords\":[\"Educa\u00e7\u00e3o\",\"entretenimento\",\"sa\u00fade\"],\"articleSection\":[\"MUNIC\u00cdPIOS\"],\"inLanguage\":\"pt-BR\"},{\"@type\":\"WebPage\",\"@id\":\"https:\/\/bahiaeconomica.com.br\/wp\/2025\/09\/26\/setembro-azul-reforca-a-inclusao-da-comunidade-surda-no-mercado-de-trabalho\/\",\"url\":\"https:\/\/bahiaeconomica.com.br\/wp\/2025\/09\/26\/setembro-azul-reforca-a-inclusao-da-comunidade-surda-no-mercado-de-trabalho\/\",\"name\":\"SETEMBRO AZUL REFOR\u00c7A A INCLUS\u00c3O DA COMUNIDADE SURDA NO MERCADO DE TRABALHO - Bahia Economica\",\"isPartOf\":{\"@id\":\"https:\/\/bahiaeconomica.com.br\/wp\/#website\"},\"datePublished\":\"2025-09-26T12:54:41+00:00\",\"dateModified\":\"2025-09-26T12:54:41+00:00\",\"description\":\"O maior portal de Economia da Bahia MUNIC\u00cdPIOS Bahia Economica Em 26 de setembro, celebra-se o Dia Nacional do Surdo, data que integra\",\"breadcrumb\":{\"@id\":\"https:\/\/bahiaeconomica.com.br\/wp\/2025\/09\/26\/setembro-azul-reforca-a-inclusao-da-comunidade-surda-no-mercado-de-trabalho\/#breadcrumb\"},\"inLanguage\":\"pt-BR\",\"potentialAction\":[{\"@type\":\"ReadAction\",\"target\":[\"https:\/\/bahiaeconomica.com.br\/wp\/2025\/09\/26\/setembro-azul-reforca-a-inclusao-da-comunidade-surda-no-mercado-de-trabalho\/\"]}]},{\"@type\":\"BreadcrumbList\",\"@id\":\"https:\/\/bahiaeconomica.com.br\/wp\/2025\/09\/26\/setembro-azul-reforca-a-inclusao-da-comunidade-surda-no-mercado-de-trabalho\/#breadcrumb\",\"itemListElement\":[{\"@type\":\"ListItem\",\"position\":1,\"name\":\"In\u00edcio\",\"item\":\"https:\/\/bahiaeconomica.com.br\/wp\/\"},{\"@type\":\"ListItem\",\"position\":2,\"name\":\"SETEMBRO AZUL REFOR\u00c7A A INCLUS\u00c3O DA COMUNIDADE SURDA NO MERCADO DE TRABALHO\"}]},{\"@type\":\"WebSite\",\"@id\":\"https:\/\/bahiaeconomica.com.br\/wp\/#website\",\"url\":\"https:\/\/bahiaeconomica.com.br\/wp\/\",\"name\":\"Bahia Economica\",\"description\":\"O maior portal de Economia da Bahia\",\"publisher\":{\"@id\":\"https:\/\/bahiaeconomica.com.br\/wp\/#organization\"},\"potentialAction\":[{\"@type\":\"SearchAction\",\"target\":{\"@type\":\"EntryPoint\",\"urlTemplate\":\"https:\/\/bahiaeconomica.com.br\/wp\/?s={search_term_string}\"},\"query-input\":\"required name=search_term_string\"}],\"inLanguage\":\"pt-BR\"},{\"@type\":\"Organization\",\"@id\":\"https:\/\/bahiaeconomica.com.br\/wp\/#organization\",\"name\":\"Bahia Econ\u00f4mica\",\"url\":\"https:\/\/bahiaeconomica.com.br\/wp\/\",\"logo\":{\"@type\":\"ImageObject\",\"inLanguage\":\"pt-BR\",\"@id\":\"https:\/\/bahiaeconomica.com.br\/wp\/#\/schema\/logo\/image\/\",\"url\":\"https:\/\/bahiaeconomica.com.br\/wp\/wp-content\/uploads\/2020\/12\/cropped-BE.png\",\"contentUrl\":\"https:\/\/bahiaeconomica.com.br\/wp\/wp-content\/uploads\/2020\/12\/cropped-BE.png\",\"width\":512,\"height\":512,\"caption\":\"Bahia Econ\u00f4mica\"},\"image\":{\"@id\":\"https:\/\/bahiaeconomica.com.br\/wp\/#\/schema\/logo\/image\/\"},\"sameAs\":[\"https:\/\/www.facebook.com\/bahiaeconomica\"]},{\"@type\":\"Person\",\"@id\":\"https:\/\/bahiaeconomica.com.br\/wp\/#\/schema\/person\/c86d3a3f8960425a0f9d0e5245991f4e\",\"name\":\"JP\",\"sameAs\":[\"https:\/\/bahiaeconomica.com.br\/wp\/beta\/\"],\"url\":\"https:\/\/bahiaeconomica.com.br\/wp\/author\/jp\/\"}]}<\/script>\n<!-- \/ Yoast SEO plugin. -->","yoast_head_json":{"title":"SETEMBRO AZUL REFOR\u00c7A A INCLUS\u00c3O DA COMUNIDADE SURDA NO MERCADO DE TRABALHO - Bahia Economica","description":"O maior portal de Economia da Bahia MUNIC\u00cdPIOS Bahia Economica Em 26 de setembro, celebra-se o Dia Nacional do Surdo, data que integra","robots":{"index":"index","follow":"follow","max-snippet":"max-snippet:-1","max-image-preview":"max-image-preview:large","max-video-preview":"max-video-preview:-1"},"canonical":"https:\/\/bahiaeconomica.com.br\/wp\/2025\/09\/26\/setembro-azul-reforca-a-inclusao-da-comunidade-surda-no-mercado-de-trabalho\/","og_locale":"pt_BR","og_type":"article","og_title":"SETEMBRO AZUL REFOR\u00c7A A INCLUS\u00c3O DA COMUNIDADE SURDA NO MERCADO DE TRABALHO - Bahia Economica","og_description":"O maior portal de Economia da Bahia MUNIC\u00cdPIOS Bahia Economica Em 26 de setembro, celebra-se o Dia Nacional do Surdo, data que integra","og_url":"https:\/\/bahiaeconomica.com.br\/wp\/2025\/09\/26\/setembro-azul-reforca-a-inclusao-da-comunidade-surda-no-mercado-de-trabalho\/","og_site_name":"Bahia Economica","article_publisher":"https:\/\/www.facebook.com\/bahiaeconomica","article_published_time":"2025-09-26T12:54:41+00:00","og_image":[{"width":1600,"height":1066,"url":"https:\/\/bahiaeconomica.com.br\/wp\/wp-content\/uploads\/2025\/09\/WhatsApp-Image-2025-09-26-at-09.03.28.jpeg","type":"image\/jpeg"}],"author":"JP","twitter_card":"summary_large_image","twitter_misc":{"Escrito por":"JP","Est. tempo de leitura":"4 minutos"},"schema":{"@context":"https:\/\/schema.org","@graph":[{"@type":"Article","@id":"https:\/\/bahiaeconomica.com.br\/wp\/2025\/09\/26\/setembro-azul-reforca-a-inclusao-da-comunidade-surda-no-mercado-de-trabalho\/#article","isPartOf":{"@id":"https:\/\/bahiaeconomica.com.br\/wp\/2025\/09\/26\/setembro-azul-reforca-a-inclusao-da-comunidade-surda-no-mercado-de-trabalho\/"},"author":{"name":"JP","@id":"https:\/\/bahiaeconomica.com.br\/wp\/#\/schema\/person\/c86d3a3f8960425a0f9d0e5245991f4e"},"headline":"SETEMBRO AZUL REFOR\u00c7A A INCLUS\u00c3O DA COMUNIDADE SURDA NO MERCADO DE TRABALHO","datePublished":"2025-09-26T12:54:41+00:00","dateModified":"2025-09-26T12:54:41+00:00","mainEntityOfPage":{"@id":"https:\/\/bahiaeconomica.com.br\/wp\/2025\/09\/26\/setembro-azul-reforca-a-inclusao-da-comunidade-surda-no-mercado-de-trabalho\/"},"wordCount":726,"publisher":{"@id":"https:\/\/bahiaeconomica.com.br\/wp\/#organization"},"keywords":["Educa\u00e7\u00e3o","entretenimento","sa\u00fade"],"articleSection":["MUNIC\u00cdPIOS"],"inLanguage":"pt-BR"},{"@type":"WebPage","@id":"https:\/\/bahiaeconomica.com.br\/wp\/2025\/09\/26\/setembro-azul-reforca-a-inclusao-da-comunidade-surda-no-mercado-de-trabalho\/","url":"https:\/\/bahiaeconomica.com.br\/wp\/2025\/09\/26\/setembro-azul-reforca-a-inclusao-da-comunidade-surda-no-mercado-de-trabalho\/","name":"SETEMBRO AZUL REFOR\u00c7A A INCLUS\u00c3O DA COMUNIDADE SURDA NO MERCADO DE TRABALHO - Bahia Economica","isPartOf":{"@id":"https:\/\/bahiaeconomica.com.br\/wp\/#website"},"datePublished":"2025-09-26T12:54:41+00:00","dateModified":"2025-09-26T12:54:41+00:00","description":"O maior portal de Economia da Bahia MUNIC\u00cdPIOS Bahia Economica Em 26 de setembro, celebra-se o Dia Nacional do Surdo, data que integra","breadcrumb":{"@id":"https:\/\/bahiaeconomica.com.br\/wp\/2025\/09\/26\/setembro-azul-reforca-a-inclusao-da-comunidade-surda-no-mercado-de-trabalho\/#breadcrumb"},"inLanguage":"pt-BR","potentialAction":[{"@type":"ReadAction","target":["https:\/\/bahiaeconomica.com.br\/wp\/2025\/09\/26\/setembro-azul-reforca-a-inclusao-da-comunidade-surda-no-mercado-de-trabalho\/"]}]},{"@type":"BreadcrumbList","@id":"https:\/\/bahiaeconomica.com.br\/wp\/2025\/09\/26\/setembro-azul-reforca-a-inclusao-da-comunidade-surda-no-mercado-de-trabalho\/#breadcrumb","itemListElement":[{"@type":"ListItem","position":1,"name":"In\u00edcio","item":"https:\/\/bahiaeconomica.com.br\/wp\/"},{"@type":"ListItem","position":2,"name":"SETEMBRO AZUL REFOR\u00c7A A INCLUS\u00c3O DA COMUNIDADE SURDA NO MERCADO DE TRABALHO"}]},{"@type":"WebSite","@id":"https:\/\/bahiaeconomica.com.br\/wp\/#website","url":"https:\/\/bahiaeconomica.com.br\/wp\/","name":"Bahia Economica","description":"O maior portal de Economia da Bahia","publisher":{"@id":"https:\/\/bahiaeconomica.com.br\/wp\/#organization"},"potentialAction":[{"@type":"SearchAction","target":{"@type":"EntryPoint","urlTemplate":"https:\/\/bahiaeconomica.com.br\/wp\/?s={search_term_string}"},"query-input":"required name=search_term_string"}],"inLanguage":"pt-BR"},{"@type":"Organization","@id":"https:\/\/bahiaeconomica.com.br\/wp\/#organization","name":"Bahia Econ\u00f4mica","url":"https:\/\/bahiaeconomica.com.br\/wp\/","logo":{"@type":"ImageObject","inLanguage":"pt-BR","@id":"https:\/\/bahiaeconomica.com.br\/wp\/#\/schema\/logo\/image\/","url":"https:\/\/bahiaeconomica.com.br\/wp\/wp-content\/uploads\/2020\/12\/cropped-BE.png","contentUrl":"https:\/\/bahiaeconomica.com.br\/wp\/wp-content\/uploads\/2020\/12\/cropped-BE.png","width":512,"height":512,"caption":"Bahia Econ\u00f4mica"},"image":{"@id":"https:\/\/bahiaeconomica.com.br\/wp\/#\/schema\/logo\/image\/"},"sameAs":["https:\/\/www.facebook.com\/bahiaeconomica"]},{"@type":"Person","@id":"https:\/\/bahiaeconomica.com.br\/wp\/#\/schema\/person\/c86d3a3f8960425a0f9d0e5245991f4e","name":"JP","sameAs":["https:\/\/bahiaeconomica.com.br\/wp\/beta\/"],"url":"https:\/\/bahiaeconomica.com.br\/wp\/author\/jp\/"}]}},"views":13,"_links":{"self":[{"href":"https:\/\/bahiaeconomica.com.br\/wp\/wp-json\/wp\/v2\/posts\/938541"}],"collection":[{"href":"https:\/\/bahiaeconomica.com.br\/wp\/wp-json\/wp\/v2\/posts"}],"about":[{"href":"https:\/\/bahiaeconomica.com.br\/wp\/wp-json\/wp\/v2\/types\/post"}],"author":[{"embeddable":true,"href":"https:\/\/bahiaeconomica.com.br\/wp\/wp-json\/wp\/v2\/users\/8"}],"replies":[{"embeddable":true,"href":"https:\/\/bahiaeconomica.com.br\/wp\/wp-json\/wp\/v2\/comments?post=938541"}],"version-history":[{"count":2,"href":"https:\/\/bahiaeconomica.com.br\/wp\/wp-json\/wp\/v2\/posts\/938541\/revisions"}],"predecessor-version":[{"id":938545,"href":"https:\/\/bahiaeconomica.com.br\/wp\/wp-json\/wp\/v2\/posts\/938541\/revisions\/938545"}],"wp:featuredmedia":[{"embeddable":true,"href":"https:\/\/bahiaeconomica.com.br\/wp\/wp-json\/wp\/v2\/media\/938543"}],"wp:attachment":[{"href":"https:\/\/bahiaeconomica.com.br\/wp\/wp-json\/wp\/v2\/media?parent=938541"}],"wp:term":[{"taxonomy":"category","embeddable":true,"href":"https:\/\/bahiaeconomica.com.br\/wp\/wp-json\/wp\/v2\/categories?post=938541"},{"taxonomy":"post_tag","embeddable":true,"href":"https:\/\/bahiaeconomica.com.br\/wp\/wp-json\/wp\/v2\/tags?post=938541"}],"curies":[{"name":"wp","href":"https:\/\/api.w.org\/{rel}","templated":true}]}}