{"id":938118,"date":"2025-01-25T11:04:41","date_gmt":"2025-01-25T14:04:41","guid":{"rendered":"https:\/\/bahiaeconomica.com.br\/wp\/?p=938118"},"modified":"2025-09-25T11:05:39","modified_gmt":"2025-09-25T14:05:39","slug":"reiq-e-referencia-em-estudo-sobre-governanca-de-gastos-tributarios","status":"publish","type":"post","link":"https:\/\/bahiaeconomica.com.br\/wp\/2025\/01\/25\/reiq-e-referencia-em-estudo-sobre-governanca-de-gastos-tributarios\/","title":{"rendered":"REIQ \u00c9 REFER\u00caNCIA EM ESTUDO SOBRE GOVERNAN\u00c7A DE GASTOS TRIBUT\u00c1RIOS"},"content":{"rendered":"<p>O presidente-executivo da Abiquim, Andr\u00e9 Passos Cordeiro, participou nesta ter\u00e7a-feira (23), em Bras\u00edlia, do lan\u00e7amento do estudo <a href=\"https:\/\/esferabrasil.com.br\/wp-content\/uploads\/2025\/09\/Estudo-Gastos-Tributarios.pdf\"><em>\u201cGastos tribut\u00e1rios em cen\u00e1rio de carga tribut\u00e1ria crescente: o desafio de reformar\u201d<\/em><\/a>, conduzido pelo economista Pedro Fernando Nery. A pesquisa \u00e9 resultado de parceria entre o Instituto Esfera de Estudos e Inova\u00e7\u00e3o e a Associa\u00e7\u00e3o Brasileira da Ind\u00fastria Qu\u00edmica (Abiquim).<\/p>\n<p>O estudo prop\u00f5e avan\u00e7os na governan\u00e7a dos gastos tribut\u00e1rios, com mais transpar\u00eancia, contrapartidas e avalia\u00e7\u00f5es peri\u00f3dicas. O documento tamb\u00e9m aponta que o Brasil deve enfrentar nos pr\u00f3ximos anos press\u00f5es sobre sua carga tribut\u00e1ria, refor\u00e7ando a import\u00e2ncia de pol\u00edticas que tornem os incentivos fiscais mais eficientes.<\/p>\n<p>Um dos destaques do levantamento \u00e9 o Regime Especial da Ind\u00fastria Qu\u00edmica (Reiq), citado como exemplo de pol\u00edtica p\u00fablica eficiente. O regime reduz al\u00edquotas de Cofins e PIS\/Pasep sobre mat\u00e9rias-primas e insumos utilizados na produ\u00e7\u00e3o de produtos qu\u00edmicos, com o objetivo de reduzir custos, estimular investimentos e impulsionar a competitividade internacional. Al\u00e9m disso, exige contrapartidas claras e compromissos das empresas beneficiadas, como manuten\u00e7\u00e3o da regularidade fiscal, cumprimento de normas de seguran\u00e7a e sa\u00fade do trabalho e ado\u00e7\u00e3o de medidas de compensa\u00e7\u00e3o ambiental.<\/p>\n<p>\u201cO Reiq mostra que incentivos podem ser bem estruturados, com contrapartidas claras e resultados mensur\u00e1veis. Esse modelo precisa inspirar a formula\u00e7\u00e3o de novos instrumentos, como a futura LGGT(Lei Geral dos Gastos Tribut\u00e1rios), para que o pa\u00eds consiga compatibilizar responsabilidade fiscal com desenvolvimento econ\u00f4mico e social\u201d, afirmou Andr\u00e9 Passos.<\/p>\n<p>\u201cA Associa\u00e7\u00e3o tem defendido que a pol\u00edtica tribut\u00e1ria seja um instrumento de competitividade e sustentabilidade. O Brasil n\u00e3o pode se limitar a aumentar a carga tribut\u00e1ria sem qualificar seus gastos tribut\u00e1rios. A experi\u00eancia do Reiq \u00e9 a prova de que \u00e9 poss\u00edvel construir solu\u00e7\u00f5es equilibradas\u201d, completou.<\/p>\n<p><strong>Abiquim \u2013 <\/strong>Com 61 anos, a <strong>Associa\u00e7\u00e3o Brasileira da Ind\u00fastria Qu\u00edmica(<\/strong><a href=\"http:\/\/www.abiquim.org.br\"><strong>www.abiquim.org.br<\/strong><\/a><strong>)<\/strong> \u00e9 uma entidade sem fins lucrativos que congrega ind\u00fastrias qu\u00edmicas de grande, m\u00e9dio e pequeno portes, bem como prestadores de servi\u00e7os ao setor qu\u00edmico nas \u00e1reas de log\u00edstica, transporte, gerenciamento de res\u00edduos e atendimento a emerg\u00eancias. A Associa\u00e7\u00e3o realiza o acompanhamento estat\u00edstico do setor, promove estudos espec\u00edficos sobre as atividades e produtos da ind\u00fastria qu\u00edmica, acompanha e contribui ativamente para as mudan\u00e7as na legisla\u00e7\u00e3o em prol da competitividade e desenvolvimento do setor e assessora as empresas associadas em assuntos econ\u00f4micos, t\u00e9cnicos e de com\u00e9rcio exterior.\u00a0 Ao longo dessas seis d\u00e9cadas de exist\u00eancia representando o setor qu\u00edmico, a Abiquim segue com voz ativa, dialogando com seus stakeholders e buscando solu\u00e7\u00f5es para que a ind\u00fastria qu\u00edmica brasileira fa\u00e7a o que vem fazendo de melhor: ser a ind\u00fastria das ind\u00fastrias.<\/p>\n<p><strong>Sobre a Ind\u00fastria Qu\u00edmica<\/strong><\/p>\n<p>Provedora de mat\u00e9rias-primas e solu\u00e7\u00f5es para diversos setores econ\u00f4micos &#8211; agricultura, transporte, automobil\u00edstico, constru\u00e7\u00e3o civil, sa\u00fade, higiene e at\u00e9 aeroespacial &#8211; a ind\u00fastria qu\u00edmica instalada no Brasil \u00e9 a mais sustent\u00e1vel do mundo. Para cada tonelada de qu\u00edmicos produzida, ela emite de 5% a 51% menos CO2 em compara\u00e7\u00e3o a concorrentes internacionais, al\u00e9m de possuir uma matriz energ\u00e9tica composta por 82,9% de fontes renov\u00e1veis \u2013 no mundo, essa m\u00e9dia \u00e9 de 28,6%. Esta marca s\u00f3 foi poss\u00edvel gra\u00e7as a uma s\u00e9rie de pesquisas, inova\u00e7\u00f5es e melhorias que foram introduzidas pela qu\u00edmica ao longo dos anos, paulatinamente, como a eletrifica\u00e7\u00e3o de equipamentos e produ\u00e7\u00e3o <em>in loco<\/em> de energia renov\u00e1vel, bem como a migra\u00e7\u00e3o de fontes f\u00f3sseis para insumos alternativos, como o etanol<strong>.<\/strong><\/p>\n","protected":false},"excerpt":{"rendered":"<p>O presidente-executivo da Abiquim, Andr\u00e9 Passos Cordeiro, participou nesta ter\u00e7a-feira (23), em Bras\u00edlia, do lan\u00e7amento do estudo \u201cGastos tribut\u00e1rios em cen\u00e1rio de carga tribut\u00e1ria crescente: o desafio de reformar\u201d, conduzido pelo economista Pedro Fernando Nery. A pesquisa \u00e9 resultado de parceria entre o Instituto Esfera de Estudos e Inova\u00e7\u00e3o e a Associa\u00e7\u00e3o Brasileira da Ind\u00fastria [&hellip;]<\/p>\n","protected":false},"author":8,"featured_media":0,"comment_status":"closed","ping_status":"closed","sticky":false,"template":"","format":"standard","meta":[],"categories":[3],"tags":[],"acf":[],"yoast_head":"<!-- This site is optimized with the Yoast SEO plugin v20.8 - https:\/\/yoast.com\/wordpress\/plugins\/seo\/ -->\n<title>REIQ \u00c9 REFER\u00caNCIA EM ESTUDO SOBRE GOVERNAN\u00c7A DE GASTOS TRIBUT\u00c1RIOS - Bahia Economica<\/title>\n<meta name=\"description\" content=\"O maior portal de Economia da Bahia ECONOMIA \/ POL\u00cdTICA Bahia Economica O Reiq mostra que incentivos podem ser bem estruturados, c\" \/>\n<meta name=\"robots\" content=\"index, follow, max-snippet:-1, max-image-preview:large, max-video-preview:-1\" \/>\n<link rel=\"canonical\" href=\"https:\/\/bahiaeconomica.com.br\/wp\/2025\/01\/25\/reiq-e-referencia-em-estudo-sobre-governanca-de-gastos-tributarios\/\" \/>\n<meta property=\"og:locale\" content=\"pt_BR\" \/>\n<meta property=\"og:type\" content=\"article\" \/>\n<meta property=\"og:title\" content=\"REIQ \u00c9 REFER\u00caNCIA EM ESTUDO SOBRE GOVERNAN\u00c7A DE GASTOS TRIBUT\u00c1RIOS - Bahia Economica\" \/>\n<meta property=\"og:description\" content=\"O maior portal de Economia da Bahia ECONOMIA \/ POL\u00cdTICA Bahia Economica O Reiq mostra que incentivos podem ser bem estruturados, c\" \/>\n<meta property=\"og:url\" content=\"https:\/\/bahiaeconomica.com.br\/wp\/2025\/01\/25\/reiq-e-referencia-em-estudo-sobre-governanca-de-gastos-tributarios\/\" \/>\n<meta property=\"og:site_name\" content=\"Bahia Economica\" \/>\n<meta property=\"article:publisher\" content=\"https:\/\/www.facebook.com\/bahiaeconomica\" \/>\n<meta property=\"article:published_time\" content=\"2025-01-25T14:04:41+00:00\" \/>\n<meta property=\"article:modified_time\" content=\"2025-09-25T14:05:39+00:00\" \/>\n<meta name=\"author\" content=\"JP\" \/>\n<meta name=\"twitter:card\" content=\"summary_large_image\" \/>\n<meta name=\"twitter:label1\" content=\"Escrito por\" \/>\n\t<meta name=\"twitter:data1\" content=\"JP\" \/>\n\t<meta name=\"twitter:label2\" content=\"Est. tempo de leitura\" \/>\n\t<meta name=\"twitter:data2\" content=\"3 minutos\" \/>\n<script type=\"application\/ld+json\" class=\"yoast-schema-graph\">{\"@context\":\"https:\/\/schema.org\",\"@graph\":[{\"@type\":\"Article\",\"@id\":\"https:\/\/bahiaeconomica.com.br\/wp\/2025\/01\/25\/reiq-e-referencia-em-estudo-sobre-governanca-de-gastos-tributarios\/#article\",\"isPartOf\":{\"@id\":\"https:\/\/bahiaeconomica.com.br\/wp\/2025\/01\/25\/reiq-e-referencia-em-estudo-sobre-governanca-de-gastos-tributarios\/\"},\"author\":{\"name\":\"JP\",\"@id\":\"https:\/\/bahiaeconomica.com.br\/wp\/#\/schema\/person\/c86d3a3f8960425a0f9d0e5245991f4e\"},\"headline\":\"REIQ \u00c9 REFER\u00caNCIA EM ESTUDO SOBRE GOVERNAN\u00c7A DE GASTOS TRIBUT\u00c1RIOS\",\"datePublished\":\"2025-01-25T14:04:41+00:00\",\"dateModified\":\"2025-09-25T14:05:39+00:00\",\"mainEntityOfPage\":{\"@id\":\"https:\/\/bahiaeconomica.com.br\/wp\/2025\/01\/25\/reiq-e-referencia-em-estudo-sobre-governanca-de-gastos-tributarios\/\"},\"wordCount\":653,\"publisher\":{\"@id\":\"https:\/\/bahiaeconomica.com.br\/wp\/#organization\"},\"articleSection\":[\"ECONOMIA \/ POL\u00cdTICA\"],\"inLanguage\":\"pt-BR\"},{\"@type\":\"WebPage\",\"@id\":\"https:\/\/bahiaeconomica.com.br\/wp\/2025\/01\/25\/reiq-e-referencia-em-estudo-sobre-governanca-de-gastos-tributarios\/\",\"url\":\"https:\/\/bahiaeconomica.com.br\/wp\/2025\/01\/25\/reiq-e-referencia-em-estudo-sobre-governanca-de-gastos-tributarios\/\",\"name\":\"REIQ \u00c9 REFER\u00caNCIA EM ESTUDO SOBRE GOVERNAN\u00c7A DE GASTOS TRIBUT\u00c1RIOS - Bahia Economica\",\"isPartOf\":{\"@id\":\"https:\/\/bahiaeconomica.com.br\/wp\/#website\"},\"datePublished\":\"2025-01-25T14:04:41+00:00\",\"dateModified\":\"2025-09-25T14:05:39+00:00\",\"description\":\"O maior portal de Economia da Bahia ECONOMIA \/ POL\u00cdTICA Bahia Economica O Reiq mostra que incentivos podem ser bem estruturados, c\",\"breadcrumb\":{\"@id\":\"https:\/\/bahiaeconomica.com.br\/wp\/2025\/01\/25\/reiq-e-referencia-em-estudo-sobre-governanca-de-gastos-tributarios\/#breadcrumb\"},\"inLanguage\":\"pt-BR\",\"potentialAction\":[{\"@type\":\"ReadAction\",\"target\":[\"https:\/\/bahiaeconomica.com.br\/wp\/2025\/01\/25\/reiq-e-referencia-em-estudo-sobre-governanca-de-gastos-tributarios\/\"]}]},{\"@type\":\"BreadcrumbList\",\"@id\":\"https:\/\/bahiaeconomica.com.br\/wp\/2025\/01\/25\/reiq-e-referencia-em-estudo-sobre-governanca-de-gastos-tributarios\/#breadcrumb\",\"itemListElement\":[{\"@type\":\"ListItem\",\"position\":1,\"name\":\"In\u00edcio\",\"item\":\"https:\/\/bahiaeconomica.com.br\/wp\/\"},{\"@type\":\"ListItem\",\"position\":2,\"name\":\"REIQ \u00c9 REFER\u00caNCIA EM ESTUDO SOBRE GOVERNAN\u00c7A DE GASTOS TRIBUT\u00c1RIOS\"}]},{\"@type\":\"WebSite\",\"@id\":\"https:\/\/bahiaeconomica.com.br\/wp\/#website\",\"url\":\"https:\/\/bahiaeconomica.com.br\/wp\/\",\"name\":\"Bahia Economica\",\"description\":\"O maior portal de Economia da Bahia\",\"publisher\":{\"@id\":\"https:\/\/bahiaeconomica.com.br\/wp\/#organization\"},\"potentialAction\":[{\"@type\":\"SearchAction\",\"target\":{\"@type\":\"EntryPoint\",\"urlTemplate\":\"https:\/\/bahiaeconomica.com.br\/wp\/?s={search_term_string}\"},\"query-input\":\"required name=search_term_string\"}],\"inLanguage\":\"pt-BR\"},{\"@type\":\"Organization\",\"@id\":\"https:\/\/bahiaeconomica.com.br\/wp\/#organization\",\"name\":\"Bahia Econ\u00f4mica\",\"url\":\"https:\/\/bahiaeconomica.com.br\/wp\/\",\"logo\":{\"@type\":\"ImageObject\",\"inLanguage\":\"pt-BR\",\"@id\":\"https:\/\/bahiaeconomica.com.br\/wp\/#\/schema\/logo\/image\/\",\"url\":\"https:\/\/bahiaeconomica.com.br\/wp\/wp-content\/uploads\/2020\/12\/cropped-BE.png\",\"contentUrl\":\"https:\/\/bahiaeconomica.com.br\/wp\/wp-content\/uploads\/2020\/12\/cropped-BE.png\",\"width\":512,\"height\":512,\"caption\":\"Bahia Econ\u00f4mica\"},\"image\":{\"@id\":\"https:\/\/bahiaeconomica.com.br\/wp\/#\/schema\/logo\/image\/\"},\"sameAs\":[\"https:\/\/www.facebook.com\/bahiaeconomica\"]},{\"@type\":\"Person\",\"@id\":\"https:\/\/bahiaeconomica.com.br\/wp\/#\/schema\/person\/c86d3a3f8960425a0f9d0e5245991f4e\",\"name\":\"JP\",\"sameAs\":[\"https:\/\/bahiaeconomica.com.br\/wp\/beta\/\"],\"url\":\"https:\/\/bahiaeconomica.com.br\/wp\/author\/jp\/\"}]}<\/script>\n<!-- \/ Yoast SEO plugin. -->","yoast_head_json":{"title":"REIQ \u00c9 REFER\u00caNCIA EM ESTUDO SOBRE GOVERNAN\u00c7A DE GASTOS TRIBUT\u00c1RIOS - Bahia Economica","description":"O maior portal de Economia da Bahia ECONOMIA \/ POL\u00cdTICA Bahia Economica O Reiq mostra que incentivos podem ser bem estruturados, c","robots":{"index":"index","follow":"follow","max-snippet":"max-snippet:-1","max-image-preview":"max-image-preview:large","max-video-preview":"max-video-preview:-1"},"canonical":"https:\/\/bahiaeconomica.com.br\/wp\/2025\/01\/25\/reiq-e-referencia-em-estudo-sobre-governanca-de-gastos-tributarios\/","og_locale":"pt_BR","og_type":"article","og_title":"REIQ \u00c9 REFER\u00caNCIA EM ESTUDO SOBRE GOVERNAN\u00c7A DE GASTOS TRIBUT\u00c1RIOS - Bahia Economica","og_description":"O maior portal de Economia da Bahia ECONOMIA \/ POL\u00cdTICA Bahia Economica O Reiq mostra que incentivos podem ser bem estruturados, c","og_url":"https:\/\/bahiaeconomica.com.br\/wp\/2025\/01\/25\/reiq-e-referencia-em-estudo-sobre-governanca-de-gastos-tributarios\/","og_site_name":"Bahia Economica","article_publisher":"https:\/\/www.facebook.com\/bahiaeconomica","article_published_time":"2025-01-25T14:04:41+00:00","article_modified_time":"2025-09-25T14:05:39+00:00","author":"JP","twitter_card":"summary_large_image","twitter_misc":{"Escrito por":"JP","Est. tempo de leitura":"3 minutos"},"schema":{"@context":"https:\/\/schema.org","@graph":[{"@type":"Article","@id":"https:\/\/bahiaeconomica.com.br\/wp\/2025\/01\/25\/reiq-e-referencia-em-estudo-sobre-governanca-de-gastos-tributarios\/#article","isPartOf":{"@id":"https:\/\/bahiaeconomica.com.br\/wp\/2025\/01\/25\/reiq-e-referencia-em-estudo-sobre-governanca-de-gastos-tributarios\/"},"author":{"name":"JP","@id":"https:\/\/bahiaeconomica.com.br\/wp\/#\/schema\/person\/c86d3a3f8960425a0f9d0e5245991f4e"},"headline":"REIQ \u00c9 REFER\u00caNCIA EM ESTUDO SOBRE GOVERNAN\u00c7A DE GASTOS TRIBUT\u00c1RIOS","datePublished":"2025-01-25T14:04:41+00:00","dateModified":"2025-09-25T14:05:39+00:00","mainEntityOfPage":{"@id":"https:\/\/bahiaeconomica.com.br\/wp\/2025\/01\/25\/reiq-e-referencia-em-estudo-sobre-governanca-de-gastos-tributarios\/"},"wordCount":653,"publisher":{"@id":"https:\/\/bahiaeconomica.com.br\/wp\/#organization"},"articleSection":["ECONOMIA \/ POL\u00cdTICA"],"inLanguage":"pt-BR"},{"@type":"WebPage","@id":"https:\/\/bahiaeconomica.com.br\/wp\/2025\/01\/25\/reiq-e-referencia-em-estudo-sobre-governanca-de-gastos-tributarios\/","url":"https:\/\/bahiaeconomica.com.br\/wp\/2025\/01\/25\/reiq-e-referencia-em-estudo-sobre-governanca-de-gastos-tributarios\/","name":"REIQ \u00c9 REFER\u00caNCIA EM ESTUDO SOBRE GOVERNAN\u00c7A DE GASTOS TRIBUT\u00c1RIOS - Bahia Economica","isPartOf":{"@id":"https:\/\/bahiaeconomica.com.br\/wp\/#website"},"datePublished":"2025-01-25T14:04:41+00:00","dateModified":"2025-09-25T14:05:39+00:00","description":"O maior portal de Economia da Bahia ECONOMIA \/ POL\u00cdTICA Bahia Economica O Reiq mostra que incentivos podem ser bem estruturados, c","breadcrumb":{"@id":"https:\/\/bahiaeconomica.com.br\/wp\/2025\/01\/25\/reiq-e-referencia-em-estudo-sobre-governanca-de-gastos-tributarios\/#breadcrumb"},"inLanguage":"pt-BR","potentialAction":[{"@type":"ReadAction","target":["https:\/\/bahiaeconomica.com.br\/wp\/2025\/01\/25\/reiq-e-referencia-em-estudo-sobre-governanca-de-gastos-tributarios\/"]}]},{"@type":"BreadcrumbList","@id":"https:\/\/bahiaeconomica.com.br\/wp\/2025\/01\/25\/reiq-e-referencia-em-estudo-sobre-governanca-de-gastos-tributarios\/#breadcrumb","itemListElement":[{"@type":"ListItem","position":1,"name":"In\u00edcio","item":"https:\/\/bahiaeconomica.com.br\/wp\/"},{"@type":"ListItem","position":2,"name":"REIQ \u00c9 REFER\u00caNCIA EM ESTUDO SOBRE GOVERNAN\u00c7A DE GASTOS TRIBUT\u00c1RIOS"}]},{"@type":"WebSite","@id":"https:\/\/bahiaeconomica.com.br\/wp\/#website","url":"https:\/\/bahiaeconomica.com.br\/wp\/","name":"Bahia Economica","description":"O maior portal de Economia da Bahia","publisher":{"@id":"https:\/\/bahiaeconomica.com.br\/wp\/#organization"},"potentialAction":[{"@type":"SearchAction","target":{"@type":"EntryPoint","urlTemplate":"https:\/\/bahiaeconomica.com.br\/wp\/?s={search_term_string}"},"query-input":"required name=search_term_string"}],"inLanguage":"pt-BR"},{"@type":"Organization","@id":"https:\/\/bahiaeconomica.com.br\/wp\/#organization","name":"Bahia Econ\u00f4mica","url":"https:\/\/bahiaeconomica.com.br\/wp\/","logo":{"@type":"ImageObject","inLanguage":"pt-BR","@id":"https:\/\/bahiaeconomica.com.br\/wp\/#\/schema\/logo\/image\/","url":"https:\/\/bahiaeconomica.com.br\/wp\/wp-content\/uploads\/2020\/12\/cropped-BE.png","contentUrl":"https:\/\/bahiaeconomica.com.br\/wp\/wp-content\/uploads\/2020\/12\/cropped-BE.png","width":512,"height":512,"caption":"Bahia Econ\u00f4mica"},"image":{"@id":"https:\/\/bahiaeconomica.com.br\/wp\/#\/schema\/logo\/image\/"},"sameAs":["https:\/\/www.facebook.com\/bahiaeconomica"]},{"@type":"Person","@id":"https:\/\/bahiaeconomica.com.br\/wp\/#\/schema\/person\/c86d3a3f8960425a0f9d0e5245991f4e","name":"JP","sameAs":["https:\/\/bahiaeconomica.com.br\/wp\/beta\/"],"url":"https:\/\/bahiaeconomica.com.br\/wp\/author\/jp\/"}]}},"views":1,"_links":{"self":[{"href":"https:\/\/bahiaeconomica.com.br\/wp\/wp-json\/wp\/v2\/posts\/938118"}],"collection":[{"href":"https:\/\/bahiaeconomica.com.br\/wp\/wp-json\/wp\/v2\/posts"}],"about":[{"href":"https:\/\/bahiaeconomica.com.br\/wp\/wp-json\/wp\/v2\/types\/post"}],"author":[{"embeddable":true,"href":"https:\/\/bahiaeconomica.com.br\/wp\/wp-json\/wp\/v2\/users\/8"}],"replies":[{"embeddable":true,"href":"https:\/\/bahiaeconomica.com.br\/wp\/wp-json\/wp\/v2\/comments?post=938118"}],"version-history":[{"count":1,"href":"https:\/\/bahiaeconomica.com.br\/wp\/wp-json\/wp\/v2\/posts\/938118\/revisions"}],"predecessor-version":[{"id":938119,"href":"https:\/\/bahiaeconomica.com.br\/wp\/wp-json\/wp\/v2\/posts\/938118\/revisions\/938119"}],"wp:attachment":[{"href":"https:\/\/bahiaeconomica.com.br\/wp\/wp-json\/wp\/v2\/media?parent=938118"}],"wp:term":[{"taxonomy":"category","embeddable":true,"href":"https:\/\/bahiaeconomica.com.br\/wp\/wp-json\/wp\/v2\/categories?post=938118"},{"taxonomy":"post_tag","embeddable":true,"href":"https:\/\/bahiaeconomica.com.br\/wp\/wp-json\/wp\/v2\/tags?post=938118"}],"curies":[{"name":"wp","href":"https:\/\/api.w.org\/{rel}","templated":true}]}}