{"id":937679,"date":"2025-09-24T10:03:23","date_gmt":"2025-09-24T13:03:23","guid":{"rendered":"https:\/\/bahiaeconomica.com.br\/wp\/?p=937679"},"modified":"2025-09-24T10:02:57","modified_gmt":"2025-09-24T13:02:57","slug":"baile-da-primavera-ocupa-o-campo-grande-com-dois-dias-de-programacao-musical","status":"publish","type":"post","link":"https:\/\/bahiaeconomica.com.br\/wp\/2025\/09\/24\/baile-da-primavera-ocupa-o-campo-grande-com-dois-dias-de-programacao-musical\/","title":{"rendered":"BAILE DA PRIMAVERA OCUPA O CAMPO GRANDE COM DOIS DIAS DE PROGRAMA\u00c7\u00c3O MUSICAL"},"content":{"rendered":"<p>A Pra\u00e7a do Campo Grande ser\u00e1 palco de um dos momentos mais aguardados do Festival da Primavera 2025: o Baile da Primavera. Aberto ao p\u00fablico, o evento promete reunir gera\u00e7\u00f5es em torno da m\u00fasica, dan\u00e7a e mem\u00f3rias que marcaram \u00e9poca, transformando o Centro de Salvador em um grande sal\u00e3o a c\u00e9u aberto. A abertura oficial acontece nesta sexta-feira (26), \u00e0s 17h, com a Orquestra Paulo Primo. Sob a reg\u00eancia do maestro e pianista Paulo Primo, o grupo musical promete um espet\u00e1culo vers\u00e1til e dan\u00e7ante.<\/p>\n<p>O repert\u00f3rio passeia por hits que marcaram gera\u00e7\u00f5es, como &#8220;Vou Deixar&#8221; (Skank), &#8220;Fora da Lei&#8221; (Ed Motta), &#8220;Do Seu Lado&#8221; (Nando Reis), &#8220;Happy&#8221; (Pharrell Williams) e &#8220;Don&#8217;t Stop &#8216;Til You Get Enough&#8221; (Michael Jackson). O ponto alto ser\u00e1 a emocionante homenagem a Elis Regina, com um arranjo in\u00e9dito de &#8220;Aprendendo a Jogar&#8221;, interpretado por Luis Orlando, jovem cantor de apenas 14 anos que j\u00e1 encanta plateias pela for\u00e7a e maturidade art\u00edstica.<\/p>\n<p>Na sequ\u00eancia, \u00e0s 18h, se apresentam Renato e Seus Blue Caps e Us Beatles. Segundo Cid Chaves, integrante da Renato e Seus Blue Caps, \u00e9 grande a expectativa do grupo carioca para o Baile na capital baiana. &#8220;Vamos participar do Festival da Primavera mais uma vez e contamos com a presen\u00e7a de todos&#8221;, diz o m\u00fasico, ao convidar o p\u00fablico a comparecer ao evento. O artista relembra apresenta\u00e7\u00f5es anteriores em Salvador: &#8220;Fizemos a primeira vez nos anos 60 e, depois disso, muitas e muitas vezes. Agora, nos 60 anos da Jovem Guarda, ser\u00e1 uma \u00e9poca muito boa para a gente estar de novo em Salvador&#8221;.<\/p>\n<p>No s\u00e1bado (27), quatro orquestras se revezam em um desfile de ritmos e estilos, garantindo uma maratona musical que vai das ra\u00edzes brasileiras ao charme dos antigos bailes de sal\u00e3o. A Orquestra de C\u00e2mara de Salvador (OCSal), sob reg\u00eancia do maestro Angelo Rafael, abre a programa\u00e7\u00e3o, \u00e0s 16h30, celebrando a m\u00fasica brasileira em sua diversidade.<\/p>\n<p>Em seguida, a Orquestra Fred Dantas se apresenta \u00e0s 17h45. Para o maestro Fred Dantas, o Baile da Primavera \u00e9 uma celebra\u00e7\u00e3o coletiva, onde o p\u00fablico canta junto e revive hist\u00f3rias embaladas por can\u00e7\u00f5es que nunca saem da mem\u00f3ria. &#8220;A Orquestra Fred Dantas, como sempre costuma fazer nessas ocasi\u00f5es tem\u00e1ticas, escolhe m\u00fasicas que se relacionam com a ocasi\u00e3o. Nessa linha, o baile vai come\u00e7ar com o trecho inicial de &#8216;As Quatro Esta\u00e7\u00f5es&#8217; de Vivaldi, no movimento &#8216;A Primavera'&#8221;, explica o maestro.<\/p>\n<p>Posteriormente, acrescenta Dantas, haver\u00e1 um tributo \u00e0 Bahia e uma homenagem a Manuel Querino. aluno fundador do Liceu de Artes e Of\u00edcios da Bahia e da Escola de Belas Artes. &#8220;Na homenagem a Manuel Querino, a escritora Aninha Franco vai resumir a biografia do etn\u00f3logo e a orquestra tocar\u00e1 &#8216;Cristo Nasceu na Bahia&#8217;, cuja letra se refere \u00e0 culin\u00e1ria que tanto devemos a cataloga\u00e7\u00e3o a Querino&#8221;, conclui.<\/p>\n<p>\u00c0s 19h, se apresenta a Orquestra Zeca Freitas. O maestro Zeca Freitas conduz o p\u00fablico em uma viagem pela mem\u00f3ria afetiva dos sal\u00f5es de baile. No repert\u00f3rio, samba, bolero, cha-cha-ch\u00e1, foxtrot e baladas rom\u00e2nticas, culminando na emocionante execu\u00e7\u00e3o de &#8220;Alma Brasileira&#8221;, assinatura de sua trajet\u00f3ria musical. Figura marcante da cena instrumental, Zeca retorna ao Baile ap\u00f3s celebrar seus 80 anos em grande estilo na edi\u00e7\u00e3o anterior.<\/p>\n<p>A programa\u00e7\u00e3o ser\u00e1 encerrada \u00e0s 20h15 com a Orquestra S\u00e9rgio Benutti, que apresenta um repert\u00f3rio misturando baladas, boleros, cha-cha-ch\u00e1s, fox americano e, claro, samba brasileiro. Com arranjos feitos sob medida para colocar todo mundo para dan\u00e7ar, o maestro garante um gran finale repleto de energia, alegria e romantismo.<\/p>\n<p>&nbsp;<\/p>\n<p><strong>Programa\u00e7\u00e3o Baile da Primavera \u2013 Pra\u00e7a do Campo Grande<\/strong><\/p>\n<p>&nbsp;<\/p>\n<p><strong>Sexta-feira (26)<\/strong><\/p>\n<p>17h \u2013 Abertura | Orquestra Paulo Primo + participa\u00e7\u00e3o de Luis Orlando<\/p>\n<p>18h \u2013 Renato e Seus Blues Caps e Us Beatles<\/p>\n<p>&nbsp;<\/p>\n<p><strong>S\u00e1bado (27)<\/strong><\/p>\n<p>16h30 \u2013 Orquestra de C\u00e2mara de Salvador (OCSal)<\/p>\n<p>17h45 \u2013 Orquestra Fred Dantas<\/p>\n<p>19h \u2013 Orquestra Zeca Freitas<\/p>\n<p>20h15 \u2013 Orquestra S\u00e9rgio Benutti<\/p>\n<p>Foto: Divulga\u00e7\u00e3o<\/p>\n","protected":false},"excerpt":{"rendered":"<p>A Pra\u00e7a do Campo Grande ser\u00e1 palco de um dos momentos mais aguardados do Festival da Primavera 2025: o Baile da Primavera. Aberto ao p\u00fablico, o evento promete reunir gera\u00e7\u00f5es em torno da m\u00fasica, dan\u00e7a e mem\u00f3rias que marcaram \u00e9poca, transformando o Centro de Salvador em um grande sal\u00e3o a c\u00e9u aberto. A abertura oficial [&hellip;]<\/p>\n","protected":false},"author":20,"featured_media":937680,"comment_status":"closed","ping_status":"closed","sticky":false,"template":"","format":"standard","meta":[],"categories":[689],"tags":[33322,8625,4040],"acf":[],"yoast_head":"<!-- This site is optimized with the Yoast SEO plugin v20.8 - https:\/\/yoast.com\/wordpress\/plugins\/seo\/ -->\n<title>BAILE DA PRIMAVERA OCUPA O CAMPO GRANDE COM DOIS DIAS DE PROGRAMA\u00c7\u00c3O MUSICAL - Bahia Economica<\/title>\n<meta name=\"description\" content=\"O maior portal de Economia da Bahia CULTURA E ARTE Bahia Economica Evento \u00e9 gratuito e aberto ao p\u00fablico\" \/>\n<meta name=\"robots\" content=\"index, follow, max-snippet:-1, max-image-preview:large, max-video-preview:-1\" \/>\n<link rel=\"canonical\" href=\"https:\/\/bahiaeconomica.com.br\/wp\/2025\/09\/24\/baile-da-primavera-ocupa-o-campo-grande-com-dois-dias-de-programacao-musical\/\" \/>\n<meta property=\"og:locale\" content=\"pt_BR\" \/>\n<meta property=\"og:type\" content=\"article\" \/>\n<meta property=\"og:title\" content=\"BAILE DA PRIMAVERA OCUPA O CAMPO GRANDE COM DOIS DIAS DE PROGRAMA\u00c7\u00c3O MUSICAL - Bahia Economica\" \/>\n<meta property=\"og:description\" content=\"O maior portal de Economia da Bahia CULTURA E ARTE Bahia Economica Evento \u00e9 gratuito e aberto ao p\u00fablico\" \/>\n<meta property=\"og:url\" content=\"https:\/\/bahiaeconomica.com.br\/wp\/2025\/09\/24\/baile-da-primavera-ocupa-o-campo-grande-com-dois-dias-de-programacao-musical\/\" \/>\n<meta property=\"og:site_name\" content=\"Bahia Economica\" \/>\n<meta property=\"article:publisher\" content=\"https:\/\/www.facebook.com\/bahiaeconomica\" \/>\n<meta property=\"article:published_time\" content=\"2025-09-24T13:03:23+00:00\" \/>\n<meta property=\"article:modified_time\" content=\"2025-09-24T13:02:57+00:00\" \/>\n<meta property=\"og:image\" content=\"https:\/\/bahiaeconomica.com.br\/wp\/wp-content\/uploads\/2025\/09\/1000914840-scaled.jpg\" \/>\n\t<meta property=\"og:image:width\" content=\"2560\" \/>\n\t<meta property=\"og:image:height\" content=\"1707\" \/>\n\t<meta property=\"og:image:type\" content=\"image\/jpeg\" \/>\n<meta name=\"author\" content=\"BRUNA CARVALHO\" \/>\n<meta name=\"twitter:card\" content=\"summary_large_image\" \/>\n<meta name=\"twitter:label1\" content=\"Escrito por\" \/>\n\t<meta name=\"twitter:data1\" content=\"BRUNA CARVALHO\" \/>\n\t<meta name=\"twitter:label2\" content=\"Est. tempo de leitura\" \/>\n\t<meta name=\"twitter:data2\" content=\"4 minutos\" \/>\n<script type=\"application\/ld+json\" class=\"yoast-schema-graph\">{\"@context\":\"https:\/\/schema.org\",\"@graph\":[{\"@type\":\"Article\",\"@id\":\"https:\/\/bahiaeconomica.com.br\/wp\/2025\/09\/24\/baile-da-primavera-ocupa-o-campo-grande-com-dois-dias-de-programacao-musical\/#article\",\"isPartOf\":{\"@id\":\"https:\/\/bahiaeconomica.com.br\/wp\/2025\/09\/24\/baile-da-primavera-ocupa-o-campo-grande-com-dois-dias-de-programacao-musical\/\"},\"author\":{\"name\":\"BRUNA CARVALHO\",\"@id\":\"https:\/\/bahiaeconomica.com.br\/wp\/#\/schema\/person\/9310b0e591f5979f6f99773eac5804e6\"},\"headline\":\"BAILE DA PRIMAVERA OCUPA O CAMPO GRANDE COM DOIS DIAS DE PROGRAMA\u00c7\u00c3O MUSICAL\",\"datePublished\":\"2025-09-24T13:03:23+00:00\",\"dateModified\":\"2025-09-24T13:02:57+00:00\",\"mainEntityOfPage\":{\"@id\":\"https:\/\/bahiaeconomica.com.br\/wp\/2025\/09\/24\/baile-da-primavera-ocupa-o-campo-grande-com-dois-dias-de-programacao-musical\/\"},\"wordCount\":698,\"publisher\":{\"@id\":\"https:\/\/bahiaeconomica.com.br\/wp\/#organization\"},\"keywords\":[\"Baile da primavera\",\"Campo Grande\",\"programa\u00e7\u00e3o\"],\"articleSection\":[\"CULTURA E ARTE\"],\"inLanguage\":\"pt-BR\"},{\"@type\":\"WebPage\",\"@id\":\"https:\/\/bahiaeconomica.com.br\/wp\/2025\/09\/24\/baile-da-primavera-ocupa-o-campo-grande-com-dois-dias-de-programacao-musical\/\",\"url\":\"https:\/\/bahiaeconomica.com.br\/wp\/2025\/09\/24\/baile-da-primavera-ocupa-o-campo-grande-com-dois-dias-de-programacao-musical\/\",\"name\":\"BAILE DA PRIMAVERA OCUPA O CAMPO GRANDE COM DOIS DIAS DE PROGRAMA\u00c7\u00c3O MUSICAL - Bahia Economica\",\"isPartOf\":{\"@id\":\"https:\/\/bahiaeconomica.com.br\/wp\/#website\"},\"datePublished\":\"2025-09-24T13:03:23+00:00\",\"dateModified\":\"2025-09-24T13:02:57+00:00\",\"description\":\"O maior portal de Economia da Bahia CULTURA E ARTE Bahia Economica Evento \u00e9 gratuito e aberto ao p\u00fablico\",\"breadcrumb\":{\"@id\":\"https:\/\/bahiaeconomica.com.br\/wp\/2025\/09\/24\/baile-da-primavera-ocupa-o-campo-grande-com-dois-dias-de-programacao-musical\/#breadcrumb\"},\"inLanguage\":\"pt-BR\",\"potentialAction\":[{\"@type\":\"ReadAction\",\"target\":[\"https:\/\/bahiaeconomica.com.br\/wp\/2025\/09\/24\/baile-da-primavera-ocupa-o-campo-grande-com-dois-dias-de-programacao-musical\/\"]}]},{\"@type\":\"BreadcrumbList\",\"@id\":\"https:\/\/bahiaeconomica.com.br\/wp\/2025\/09\/24\/baile-da-primavera-ocupa-o-campo-grande-com-dois-dias-de-programacao-musical\/#breadcrumb\",\"itemListElement\":[{\"@type\":\"ListItem\",\"position\":1,\"name\":\"In\u00edcio\",\"item\":\"https:\/\/bahiaeconomica.com.br\/wp\/\"},{\"@type\":\"ListItem\",\"position\":2,\"name\":\"BAILE DA PRIMAVERA OCUPA O CAMPO GRANDE COM DOIS DIAS DE PROGRAMA\u00c7\u00c3O MUSICAL\"}]},{\"@type\":\"WebSite\",\"@id\":\"https:\/\/bahiaeconomica.com.br\/wp\/#website\",\"url\":\"https:\/\/bahiaeconomica.com.br\/wp\/\",\"name\":\"Bahia Economica\",\"description\":\"O maior portal de Economia da Bahia\",\"publisher\":{\"@id\":\"https:\/\/bahiaeconomica.com.br\/wp\/#organization\"},\"potentialAction\":[{\"@type\":\"SearchAction\",\"target\":{\"@type\":\"EntryPoint\",\"urlTemplate\":\"https:\/\/bahiaeconomica.com.br\/wp\/?s={search_term_string}\"},\"query-input\":\"required name=search_term_string\"}],\"inLanguage\":\"pt-BR\"},{\"@type\":\"Organization\",\"@id\":\"https:\/\/bahiaeconomica.com.br\/wp\/#organization\",\"name\":\"Bahia Econ\u00f4mica\",\"url\":\"https:\/\/bahiaeconomica.com.br\/wp\/\",\"logo\":{\"@type\":\"ImageObject\",\"inLanguage\":\"pt-BR\",\"@id\":\"https:\/\/bahiaeconomica.com.br\/wp\/#\/schema\/logo\/image\/\",\"url\":\"https:\/\/bahiaeconomica.com.br\/wp\/wp-content\/uploads\/2020\/12\/cropped-BE.png\",\"contentUrl\":\"https:\/\/bahiaeconomica.com.br\/wp\/wp-content\/uploads\/2020\/12\/cropped-BE.png\",\"width\":512,\"height\":512,\"caption\":\"Bahia Econ\u00f4mica\"},\"image\":{\"@id\":\"https:\/\/bahiaeconomica.com.br\/wp\/#\/schema\/logo\/image\/\"},\"sameAs\":[\"https:\/\/www.facebook.com\/bahiaeconomica\"]},{\"@type\":\"Person\",\"@id\":\"https:\/\/bahiaeconomica.com.br\/wp\/#\/schema\/person\/9310b0e591f5979f6f99773eac5804e6\",\"name\":\"BRUNA CARVALHO\",\"sameAs\":[\"http:\/\/www.bahiaeconomica.com.br\"],\"url\":\"https:\/\/bahiaeconomica.com.br\/wp\/author\/bruna\/\"}]}<\/script>\n<!-- \/ Yoast SEO plugin. -->","yoast_head_json":{"title":"BAILE DA PRIMAVERA OCUPA O CAMPO GRANDE COM DOIS DIAS DE PROGRAMA\u00c7\u00c3O MUSICAL - Bahia Economica","description":"O maior portal de Economia da Bahia CULTURA E ARTE Bahia Economica Evento \u00e9 gratuito e aberto ao p\u00fablico","robots":{"index":"index","follow":"follow","max-snippet":"max-snippet:-1","max-image-preview":"max-image-preview:large","max-video-preview":"max-video-preview:-1"},"canonical":"https:\/\/bahiaeconomica.com.br\/wp\/2025\/09\/24\/baile-da-primavera-ocupa-o-campo-grande-com-dois-dias-de-programacao-musical\/","og_locale":"pt_BR","og_type":"article","og_title":"BAILE DA PRIMAVERA OCUPA O CAMPO GRANDE COM DOIS DIAS DE PROGRAMA\u00c7\u00c3O MUSICAL - Bahia Economica","og_description":"O maior portal de Economia da Bahia CULTURA E ARTE Bahia Economica Evento \u00e9 gratuito e aberto ao p\u00fablico","og_url":"https:\/\/bahiaeconomica.com.br\/wp\/2025\/09\/24\/baile-da-primavera-ocupa-o-campo-grande-com-dois-dias-de-programacao-musical\/","og_site_name":"Bahia Economica","article_publisher":"https:\/\/www.facebook.com\/bahiaeconomica","article_published_time":"2025-09-24T13:03:23+00:00","article_modified_time":"2025-09-24T13:02:57+00:00","og_image":[{"width":2560,"height":1707,"url":"https:\/\/bahiaeconomica.com.br\/wp\/wp-content\/uploads\/2025\/09\/1000914840-scaled.jpg","type":"image\/jpeg"}],"author":"BRUNA CARVALHO","twitter_card":"summary_large_image","twitter_misc":{"Escrito por":"BRUNA CARVALHO","Est. tempo de leitura":"4 minutos"},"schema":{"@context":"https:\/\/schema.org","@graph":[{"@type":"Article","@id":"https:\/\/bahiaeconomica.com.br\/wp\/2025\/09\/24\/baile-da-primavera-ocupa-o-campo-grande-com-dois-dias-de-programacao-musical\/#article","isPartOf":{"@id":"https:\/\/bahiaeconomica.com.br\/wp\/2025\/09\/24\/baile-da-primavera-ocupa-o-campo-grande-com-dois-dias-de-programacao-musical\/"},"author":{"name":"BRUNA CARVALHO","@id":"https:\/\/bahiaeconomica.com.br\/wp\/#\/schema\/person\/9310b0e591f5979f6f99773eac5804e6"},"headline":"BAILE DA PRIMAVERA OCUPA O CAMPO GRANDE COM DOIS DIAS DE PROGRAMA\u00c7\u00c3O MUSICAL","datePublished":"2025-09-24T13:03:23+00:00","dateModified":"2025-09-24T13:02:57+00:00","mainEntityOfPage":{"@id":"https:\/\/bahiaeconomica.com.br\/wp\/2025\/09\/24\/baile-da-primavera-ocupa-o-campo-grande-com-dois-dias-de-programacao-musical\/"},"wordCount":698,"publisher":{"@id":"https:\/\/bahiaeconomica.com.br\/wp\/#organization"},"keywords":["Baile da primavera","Campo Grande","programa\u00e7\u00e3o"],"articleSection":["CULTURA E ARTE"],"inLanguage":"pt-BR"},{"@type":"WebPage","@id":"https:\/\/bahiaeconomica.com.br\/wp\/2025\/09\/24\/baile-da-primavera-ocupa-o-campo-grande-com-dois-dias-de-programacao-musical\/","url":"https:\/\/bahiaeconomica.com.br\/wp\/2025\/09\/24\/baile-da-primavera-ocupa-o-campo-grande-com-dois-dias-de-programacao-musical\/","name":"BAILE DA PRIMAVERA OCUPA O CAMPO GRANDE COM DOIS DIAS DE PROGRAMA\u00c7\u00c3O MUSICAL - Bahia Economica","isPartOf":{"@id":"https:\/\/bahiaeconomica.com.br\/wp\/#website"},"datePublished":"2025-09-24T13:03:23+00:00","dateModified":"2025-09-24T13:02:57+00:00","description":"O maior portal de Economia da Bahia CULTURA E ARTE Bahia Economica Evento \u00e9 gratuito e aberto ao p\u00fablico","breadcrumb":{"@id":"https:\/\/bahiaeconomica.com.br\/wp\/2025\/09\/24\/baile-da-primavera-ocupa-o-campo-grande-com-dois-dias-de-programacao-musical\/#breadcrumb"},"inLanguage":"pt-BR","potentialAction":[{"@type":"ReadAction","target":["https:\/\/bahiaeconomica.com.br\/wp\/2025\/09\/24\/baile-da-primavera-ocupa-o-campo-grande-com-dois-dias-de-programacao-musical\/"]}]},{"@type":"BreadcrumbList","@id":"https:\/\/bahiaeconomica.com.br\/wp\/2025\/09\/24\/baile-da-primavera-ocupa-o-campo-grande-com-dois-dias-de-programacao-musical\/#breadcrumb","itemListElement":[{"@type":"ListItem","position":1,"name":"In\u00edcio","item":"https:\/\/bahiaeconomica.com.br\/wp\/"},{"@type":"ListItem","position":2,"name":"BAILE DA PRIMAVERA OCUPA O CAMPO GRANDE COM DOIS DIAS DE PROGRAMA\u00c7\u00c3O MUSICAL"}]},{"@type":"WebSite","@id":"https:\/\/bahiaeconomica.com.br\/wp\/#website","url":"https:\/\/bahiaeconomica.com.br\/wp\/","name":"Bahia Economica","description":"O maior portal de Economia da Bahia","publisher":{"@id":"https:\/\/bahiaeconomica.com.br\/wp\/#organization"},"potentialAction":[{"@type":"SearchAction","target":{"@type":"EntryPoint","urlTemplate":"https:\/\/bahiaeconomica.com.br\/wp\/?s={search_term_string}"},"query-input":"required name=search_term_string"}],"inLanguage":"pt-BR"},{"@type":"Organization","@id":"https:\/\/bahiaeconomica.com.br\/wp\/#organization","name":"Bahia Econ\u00f4mica","url":"https:\/\/bahiaeconomica.com.br\/wp\/","logo":{"@type":"ImageObject","inLanguage":"pt-BR","@id":"https:\/\/bahiaeconomica.com.br\/wp\/#\/schema\/logo\/image\/","url":"https:\/\/bahiaeconomica.com.br\/wp\/wp-content\/uploads\/2020\/12\/cropped-BE.png","contentUrl":"https:\/\/bahiaeconomica.com.br\/wp\/wp-content\/uploads\/2020\/12\/cropped-BE.png","width":512,"height":512,"caption":"Bahia Econ\u00f4mica"},"image":{"@id":"https:\/\/bahiaeconomica.com.br\/wp\/#\/schema\/logo\/image\/"},"sameAs":["https:\/\/www.facebook.com\/bahiaeconomica"]},{"@type":"Person","@id":"https:\/\/bahiaeconomica.com.br\/wp\/#\/schema\/person\/9310b0e591f5979f6f99773eac5804e6","name":"BRUNA CARVALHO","sameAs":["http:\/\/www.bahiaeconomica.com.br"],"url":"https:\/\/bahiaeconomica.com.br\/wp\/author\/bruna\/"}]}},"views":7,"_links":{"self":[{"href":"https:\/\/bahiaeconomica.com.br\/wp\/wp-json\/wp\/v2\/posts\/937679"}],"collection":[{"href":"https:\/\/bahiaeconomica.com.br\/wp\/wp-json\/wp\/v2\/posts"}],"about":[{"href":"https:\/\/bahiaeconomica.com.br\/wp\/wp-json\/wp\/v2\/types\/post"}],"author":[{"embeddable":true,"href":"https:\/\/bahiaeconomica.com.br\/wp\/wp-json\/wp\/v2\/users\/20"}],"replies":[{"embeddable":true,"href":"https:\/\/bahiaeconomica.com.br\/wp\/wp-json\/wp\/v2\/comments?post=937679"}],"version-history":[{"count":2,"href":"https:\/\/bahiaeconomica.com.br\/wp\/wp-json\/wp\/v2\/posts\/937679\/revisions"}],"predecessor-version":[{"id":937703,"href":"https:\/\/bahiaeconomica.com.br\/wp\/wp-json\/wp\/v2\/posts\/937679\/revisions\/937703"}],"wp:featuredmedia":[{"embeddable":true,"href":"https:\/\/bahiaeconomica.com.br\/wp\/wp-json\/wp\/v2\/media\/937680"}],"wp:attachment":[{"href":"https:\/\/bahiaeconomica.com.br\/wp\/wp-json\/wp\/v2\/media?parent=937679"}],"wp:term":[{"taxonomy":"category","embeddable":true,"href":"https:\/\/bahiaeconomica.com.br\/wp\/wp-json\/wp\/v2\/categories?post=937679"},{"taxonomy":"post_tag","embeddable":true,"href":"https:\/\/bahiaeconomica.com.br\/wp\/wp-json\/wp\/v2\/tags?post=937679"}],"curies":[{"name":"wp","href":"https:\/\/api.w.org\/{rel}","templated":true}]}}