{"id":936440,"date":"2025-09-19T10:25:14","date_gmt":"2025-09-19T13:25:14","guid":{"rendered":"https:\/\/bahiaeconomica.com.br\/wp\/?p=936440"},"modified":"2025-09-19T10:16:30","modified_gmt":"2025-09-19T13:16:30","slug":"trabalho-infantil-no-pais-cai-214-em-oito-anos-mostra-ibge","status":"publish","type":"post","link":"https:\/\/bahiaeconomica.com.br\/wp\/2025\/09\/19\/trabalho-infantil-no-pais-cai-214-em-oito-anos-mostra-ibge\/","title":{"rendered":"TRABALHO INFANTIL NO PA\u00cdS CAI 21,4% EM OITO ANOS, MOSTRA IBGE"},"content":{"rendered":"<p>O Brasil reduziu em 21,4% o n\u00famero de crian\u00e7as e adolescentes no trabalho infantil no intervalo de oito anos. Em 2016, eram 2,1 milh\u00f5es de pessoas de 5 a 17 anos nessa situa\u00e7\u00e3o, contingente reduzido a 1,65 milh\u00e3o em 2024.<\/p>\n<p>Em termos de propor\u00e7\u00e3o, tamb\u00e9m houve queda. Em 2016, quando o pa\u00eds tinha 40,6 milh\u00f5es de crian\u00e7as e adolescentes de 5 a 17 anos, 5,2% deles faziam trabalho infantil. Em 2024, a marca ficou em 4,3% dos 37,9 milh\u00f5es de brasileiros nessa faixa et\u00e1ria.<\/p>\n<p>Os dados fazem parte de uma edi\u00e7\u00e3o especial da Pesquisa Nacional por Amostra de Domic\u00edlios (Pnad) Cont\u00ednua, divulgada nesta sexta-feira (19) pelo Instituto Brasileiro de Geografia e Estat\u00edstica (IBGE). A s\u00e9rie hist\u00f3rica do levantamento foi iniciada em 2016.<\/p>\n<p>Ao comparar apenas os dois \u00faltimos anos da pesquisa, o n\u00famero de pessoas no trabalho infantil cresceu 2,1% (eram 1,616 milh\u00e3o), e o percentual da popula\u00e7\u00e3o nessa situa\u00e7\u00e3o subiu 0,1 ponto percentual.<\/p>\n<p>No entanto, o analista do IBGE Gustavo Geaquinto Fontes relativiza o aumento. \u201cFoi uma varia\u00e7\u00e3o de 2,1%. N\u00e3o foi uma varia\u00e7\u00e3o muito acentuada\u201d, diz.<\/p>\n<p>foto: Minist\u00e9rio do Trabalho\/Divulga\u00e7\u00e3o<br \/>\nFonte: Ag\u00eancia Brasil<\/p>\n","protected":false},"excerpt":{"rendered":"<p>O Brasil reduziu em 21,4% o n\u00famero de crian\u00e7as e adolescentes no trabalho infantil no intervalo de oito anos. Em 2016, eram 2,1 milh\u00f5es de pessoas de 5 a 17 anos nessa situa\u00e7\u00e3o, contingente reduzido a 1,65 milh\u00e3o em 2024. Em termos de propor\u00e7\u00e3o, tamb\u00e9m houve queda. Em 2016, quando o pa\u00eds tinha 40,6 milh\u00f5es [&hellip;]<\/p>\n","protected":false},"author":15,"featured_media":936441,"comment_status":"closed","ping_status":"closed","sticky":false,"template":"","format":"standard","meta":[],"categories":[3],"tags":[],"acf":[],"yoast_head":"<!-- This site is optimized with the Yoast SEO plugin v20.8 - https:\/\/yoast.com\/wordpress\/plugins\/seo\/ -->\n<title>TRABALHO INFANTIL NO PA\u00cdS CAI 21,4% EM OITO ANOS, MOSTRA IBGE - Bahia Economica<\/title>\n<meta name=\"description\" content=\"O maior portal de Economia da Bahia ECONOMIA \/ POL\u00cdTICA Bahia Economica\" \/>\n<meta name=\"robots\" content=\"index, follow, max-snippet:-1, max-image-preview:large, max-video-preview:-1\" \/>\n<link rel=\"canonical\" href=\"https:\/\/bahiaeconomica.com.br\/wp\/2025\/09\/19\/trabalho-infantil-no-pais-cai-214-em-oito-anos-mostra-ibge\/\" \/>\n<meta property=\"og:locale\" content=\"pt_BR\" \/>\n<meta property=\"og:type\" content=\"article\" \/>\n<meta property=\"og:title\" content=\"TRABALHO INFANTIL NO PA\u00cdS CAI 21,4% EM OITO ANOS, MOSTRA IBGE - Bahia Economica\" \/>\n<meta property=\"og:description\" content=\"O maior portal de Economia da Bahia ECONOMIA \/ POL\u00cdTICA Bahia Economica\" \/>\n<meta property=\"og:url\" content=\"https:\/\/bahiaeconomica.com.br\/wp\/2025\/09\/19\/trabalho-infantil-no-pais-cai-214-em-oito-anos-mostra-ibge\/\" \/>\n<meta property=\"og:site_name\" content=\"Bahia Economica\" \/>\n<meta property=\"article:publisher\" content=\"https:\/\/www.facebook.com\/bahiaeconomica\" \/>\n<meta property=\"article:published_time\" content=\"2025-09-19T13:25:14+00:00\" \/>\n<meta property=\"article:modified_time\" content=\"2025-09-19T13:16:30+00:00\" \/>\n<meta property=\"og:image\" content=\"https:\/\/bahiaeconomica.com.br\/wp\/wp-content\/uploads\/2025\/09\/trabalho_infantil01.webp\" \/>\n\t<meta property=\"og:image:width\" content=\"1170\" \/>\n\t<meta property=\"og:image:height\" content=\"700\" \/>\n\t<meta property=\"og:image:type\" content=\"image\/webp\" \/>\n<meta name=\"author\" content=\"VICTORIA ISABEL\" \/>\n<meta name=\"twitter:card\" content=\"summary_large_image\" \/>\n<meta name=\"twitter:label1\" content=\"Escrito por\" \/>\n\t<meta name=\"twitter:data1\" content=\"VICTORIA ISABEL\" \/>\n\t<meta name=\"twitter:label2\" content=\"Est. tempo de leitura\" \/>\n\t<meta name=\"twitter:data2\" content=\"2 minutos\" \/>\n<script type=\"application\/ld+json\" class=\"yoast-schema-graph\">{\"@context\":\"https:\/\/schema.org\",\"@graph\":[{\"@type\":\"Article\",\"@id\":\"https:\/\/bahiaeconomica.com.br\/wp\/2025\/09\/19\/trabalho-infantil-no-pais-cai-214-em-oito-anos-mostra-ibge\/#article\",\"isPartOf\":{\"@id\":\"https:\/\/bahiaeconomica.com.br\/wp\/2025\/09\/19\/trabalho-infantil-no-pais-cai-214-em-oito-anos-mostra-ibge\/\"},\"author\":{\"name\":\"VICTORIA ISABEL\",\"@id\":\"https:\/\/bahiaeconomica.com.br\/wp\/#\/schema\/person\/b719ce0fb1c09f3c7a00d9243ced4a6f\"},\"headline\":\"TRABALHO INFANTIL NO PA\u00cdS CAI 21,4% EM OITO ANOS, MOSTRA IBGE\",\"datePublished\":\"2025-09-19T13:25:14+00:00\",\"dateModified\":\"2025-09-19T13:16:30+00:00\",\"mainEntityOfPage\":{\"@id\":\"https:\/\/bahiaeconomica.com.br\/wp\/2025\/09\/19\/trabalho-infantil-no-pais-cai-214-em-oito-anos-mostra-ibge\/\"},\"wordCount\":204,\"publisher\":{\"@id\":\"https:\/\/bahiaeconomica.com.br\/wp\/#organization\"},\"articleSection\":[\"ECONOMIA \/ POL\u00cdTICA\"],\"inLanguage\":\"pt-BR\"},{\"@type\":\"WebPage\",\"@id\":\"https:\/\/bahiaeconomica.com.br\/wp\/2025\/09\/19\/trabalho-infantil-no-pais-cai-214-em-oito-anos-mostra-ibge\/\",\"url\":\"https:\/\/bahiaeconomica.com.br\/wp\/2025\/09\/19\/trabalho-infantil-no-pais-cai-214-em-oito-anos-mostra-ibge\/\",\"name\":\"TRABALHO INFANTIL NO PA\u00cdS CAI 21,4% EM OITO ANOS, MOSTRA IBGE - Bahia Economica\",\"isPartOf\":{\"@id\":\"https:\/\/bahiaeconomica.com.br\/wp\/#website\"},\"datePublished\":\"2025-09-19T13:25:14+00:00\",\"dateModified\":\"2025-09-19T13:16:30+00:00\",\"description\":\"O maior portal de Economia da Bahia ECONOMIA \/ POL\u00cdTICA Bahia Economica\",\"breadcrumb\":{\"@id\":\"https:\/\/bahiaeconomica.com.br\/wp\/2025\/09\/19\/trabalho-infantil-no-pais-cai-214-em-oito-anos-mostra-ibge\/#breadcrumb\"},\"inLanguage\":\"pt-BR\",\"potentialAction\":[{\"@type\":\"ReadAction\",\"target\":[\"https:\/\/bahiaeconomica.com.br\/wp\/2025\/09\/19\/trabalho-infantil-no-pais-cai-214-em-oito-anos-mostra-ibge\/\"]}]},{\"@type\":\"BreadcrumbList\",\"@id\":\"https:\/\/bahiaeconomica.com.br\/wp\/2025\/09\/19\/trabalho-infantil-no-pais-cai-214-em-oito-anos-mostra-ibge\/#breadcrumb\",\"itemListElement\":[{\"@type\":\"ListItem\",\"position\":1,\"name\":\"In\u00edcio\",\"item\":\"https:\/\/bahiaeconomica.com.br\/wp\/\"},{\"@type\":\"ListItem\",\"position\":2,\"name\":\"TRABALHO INFANTIL NO PA\u00cdS CAI 21,4% EM OITO ANOS, MOSTRA IBGE\"}]},{\"@type\":\"WebSite\",\"@id\":\"https:\/\/bahiaeconomica.com.br\/wp\/#website\",\"url\":\"https:\/\/bahiaeconomica.com.br\/wp\/\",\"name\":\"Bahia Economica\",\"description\":\"O maior portal de Economia da Bahia\",\"publisher\":{\"@id\":\"https:\/\/bahiaeconomica.com.br\/wp\/#organization\"},\"potentialAction\":[{\"@type\":\"SearchAction\",\"target\":{\"@type\":\"EntryPoint\",\"urlTemplate\":\"https:\/\/bahiaeconomica.com.br\/wp\/?s={search_term_string}\"},\"query-input\":\"required name=search_term_string\"}],\"inLanguage\":\"pt-BR\"},{\"@type\":\"Organization\",\"@id\":\"https:\/\/bahiaeconomica.com.br\/wp\/#organization\",\"name\":\"Bahia Econ\u00f4mica\",\"url\":\"https:\/\/bahiaeconomica.com.br\/wp\/\",\"logo\":{\"@type\":\"ImageObject\",\"inLanguage\":\"pt-BR\",\"@id\":\"https:\/\/bahiaeconomica.com.br\/wp\/#\/schema\/logo\/image\/\",\"url\":\"https:\/\/bahiaeconomica.com.br\/wp\/wp-content\/uploads\/2020\/12\/cropped-BE.png\",\"contentUrl\":\"https:\/\/bahiaeconomica.com.br\/wp\/wp-content\/uploads\/2020\/12\/cropped-BE.png\",\"width\":512,\"height\":512,\"caption\":\"Bahia Econ\u00f4mica\"},\"image\":{\"@id\":\"https:\/\/bahiaeconomica.com.br\/wp\/#\/schema\/logo\/image\/\"},\"sameAs\":[\"https:\/\/www.facebook.com\/bahiaeconomica\"]},{\"@type\":\"Person\",\"@id\":\"https:\/\/bahiaeconomica.com.br\/wp\/#\/schema\/person\/b719ce0fb1c09f3c7a00d9243ced4a6f\",\"name\":\"VICTORIA ISABEL\",\"sameAs\":[\"http:\/\/www.bahiaeconomica.com.br\"],\"url\":\"https:\/\/bahiaeconomica.com.br\/wp\/author\/victoria-isabel\/\"}]}<\/script>\n<!-- \/ Yoast SEO plugin. -->","yoast_head_json":{"title":"TRABALHO INFANTIL NO PA\u00cdS CAI 21,4% EM OITO ANOS, MOSTRA IBGE - Bahia Economica","description":"O maior portal de Economia da Bahia ECONOMIA \/ POL\u00cdTICA Bahia Economica","robots":{"index":"index","follow":"follow","max-snippet":"max-snippet:-1","max-image-preview":"max-image-preview:large","max-video-preview":"max-video-preview:-1"},"canonical":"https:\/\/bahiaeconomica.com.br\/wp\/2025\/09\/19\/trabalho-infantil-no-pais-cai-214-em-oito-anos-mostra-ibge\/","og_locale":"pt_BR","og_type":"article","og_title":"TRABALHO INFANTIL NO PA\u00cdS CAI 21,4% EM OITO ANOS, MOSTRA IBGE - Bahia Economica","og_description":"O maior portal de Economia da Bahia ECONOMIA \/ POL\u00cdTICA Bahia Economica","og_url":"https:\/\/bahiaeconomica.com.br\/wp\/2025\/09\/19\/trabalho-infantil-no-pais-cai-214-em-oito-anos-mostra-ibge\/","og_site_name":"Bahia Economica","article_publisher":"https:\/\/www.facebook.com\/bahiaeconomica","article_published_time":"2025-09-19T13:25:14+00:00","article_modified_time":"2025-09-19T13:16:30+00:00","og_image":[{"width":1170,"height":700,"url":"https:\/\/bahiaeconomica.com.br\/wp\/wp-content\/uploads\/2025\/09\/trabalho_infantil01.webp","type":"image\/webp"}],"author":"VICTORIA ISABEL","twitter_card":"summary_large_image","twitter_misc":{"Escrito por":"VICTORIA ISABEL","Est. tempo de leitura":"2 minutos"},"schema":{"@context":"https:\/\/schema.org","@graph":[{"@type":"Article","@id":"https:\/\/bahiaeconomica.com.br\/wp\/2025\/09\/19\/trabalho-infantil-no-pais-cai-214-em-oito-anos-mostra-ibge\/#article","isPartOf":{"@id":"https:\/\/bahiaeconomica.com.br\/wp\/2025\/09\/19\/trabalho-infantil-no-pais-cai-214-em-oito-anos-mostra-ibge\/"},"author":{"name":"VICTORIA ISABEL","@id":"https:\/\/bahiaeconomica.com.br\/wp\/#\/schema\/person\/b719ce0fb1c09f3c7a00d9243ced4a6f"},"headline":"TRABALHO INFANTIL NO PA\u00cdS CAI 21,4% EM OITO ANOS, MOSTRA IBGE","datePublished":"2025-09-19T13:25:14+00:00","dateModified":"2025-09-19T13:16:30+00:00","mainEntityOfPage":{"@id":"https:\/\/bahiaeconomica.com.br\/wp\/2025\/09\/19\/trabalho-infantil-no-pais-cai-214-em-oito-anos-mostra-ibge\/"},"wordCount":204,"publisher":{"@id":"https:\/\/bahiaeconomica.com.br\/wp\/#organization"},"articleSection":["ECONOMIA \/ POL\u00cdTICA"],"inLanguage":"pt-BR"},{"@type":"WebPage","@id":"https:\/\/bahiaeconomica.com.br\/wp\/2025\/09\/19\/trabalho-infantil-no-pais-cai-214-em-oito-anos-mostra-ibge\/","url":"https:\/\/bahiaeconomica.com.br\/wp\/2025\/09\/19\/trabalho-infantil-no-pais-cai-214-em-oito-anos-mostra-ibge\/","name":"TRABALHO INFANTIL NO PA\u00cdS CAI 21,4% EM OITO ANOS, MOSTRA IBGE - Bahia Economica","isPartOf":{"@id":"https:\/\/bahiaeconomica.com.br\/wp\/#website"},"datePublished":"2025-09-19T13:25:14+00:00","dateModified":"2025-09-19T13:16:30+00:00","description":"O maior portal de Economia da Bahia ECONOMIA \/ POL\u00cdTICA Bahia Economica","breadcrumb":{"@id":"https:\/\/bahiaeconomica.com.br\/wp\/2025\/09\/19\/trabalho-infantil-no-pais-cai-214-em-oito-anos-mostra-ibge\/#breadcrumb"},"inLanguage":"pt-BR","potentialAction":[{"@type":"ReadAction","target":["https:\/\/bahiaeconomica.com.br\/wp\/2025\/09\/19\/trabalho-infantil-no-pais-cai-214-em-oito-anos-mostra-ibge\/"]}]},{"@type":"BreadcrumbList","@id":"https:\/\/bahiaeconomica.com.br\/wp\/2025\/09\/19\/trabalho-infantil-no-pais-cai-214-em-oito-anos-mostra-ibge\/#breadcrumb","itemListElement":[{"@type":"ListItem","position":1,"name":"In\u00edcio","item":"https:\/\/bahiaeconomica.com.br\/wp\/"},{"@type":"ListItem","position":2,"name":"TRABALHO INFANTIL NO PA\u00cdS CAI 21,4% EM OITO ANOS, MOSTRA IBGE"}]},{"@type":"WebSite","@id":"https:\/\/bahiaeconomica.com.br\/wp\/#website","url":"https:\/\/bahiaeconomica.com.br\/wp\/","name":"Bahia Economica","description":"O maior portal de Economia da Bahia","publisher":{"@id":"https:\/\/bahiaeconomica.com.br\/wp\/#organization"},"potentialAction":[{"@type":"SearchAction","target":{"@type":"EntryPoint","urlTemplate":"https:\/\/bahiaeconomica.com.br\/wp\/?s={search_term_string}"},"query-input":"required name=search_term_string"}],"inLanguage":"pt-BR"},{"@type":"Organization","@id":"https:\/\/bahiaeconomica.com.br\/wp\/#organization","name":"Bahia Econ\u00f4mica","url":"https:\/\/bahiaeconomica.com.br\/wp\/","logo":{"@type":"ImageObject","inLanguage":"pt-BR","@id":"https:\/\/bahiaeconomica.com.br\/wp\/#\/schema\/logo\/image\/","url":"https:\/\/bahiaeconomica.com.br\/wp\/wp-content\/uploads\/2020\/12\/cropped-BE.png","contentUrl":"https:\/\/bahiaeconomica.com.br\/wp\/wp-content\/uploads\/2020\/12\/cropped-BE.png","width":512,"height":512,"caption":"Bahia Econ\u00f4mica"},"image":{"@id":"https:\/\/bahiaeconomica.com.br\/wp\/#\/schema\/logo\/image\/"},"sameAs":["https:\/\/www.facebook.com\/bahiaeconomica"]},{"@type":"Person","@id":"https:\/\/bahiaeconomica.com.br\/wp\/#\/schema\/person\/b719ce0fb1c09f3c7a00d9243ced4a6f","name":"VICTORIA ISABEL","sameAs":["http:\/\/www.bahiaeconomica.com.br"],"url":"https:\/\/bahiaeconomica.com.br\/wp\/author\/victoria-isabel\/"}]}},"views":7,"_links":{"self":[{"href":"https:\/\/bahiaeconomica.com.br\/wp\/wp-json\/wp\/v2\/posts\/936440"}],"collection":[{"href":"https:\/\/bahiaeconomica.com.br\/wp\/wp-json\/wp\/v2\/posts"}],"about":[{"href":"https:\/\/bahiaeconomica.com.br\/wp\/wp-json\/wp\/v2\/types\/post"}],"author":[{"embeddable":true,"href":"https:\/\/bahiaeconomica.com.br\/wp\/wp-json\/wp\/v2\/users\/15"}],"replies":[{"embeddable":true,"href":"https:\/\/bahiaeconomica.com.br\/wp\/wp-json\/wp\/v2\/comments?post=936440"}],"version-history":[{"count":1,"href":"https:\/\/bahiaeconomica.com.br\/wp\/wp-json\/wp\/v2\/posts\/936440\/revisions"}],"predecessor-version":[{"id":936442,"href":"https:\/\/bahiaeconomica.com.br\/wp\/wp-json\/wp\/v2\/posts\/936440\/revisions\/936442"}],"wp:featuredmedia":[{"embeddable":true,"href":"https:\/\/bahiaeconomica.com.br\/wp\/wp-json\/wp\/v2\/media\/936441"}],"wp:attachment":[{"href":"https:\/\/bahiaeconomica.com.br\/wp\/wp-json\/wp\/v2\/media?parent=936440"}],"wp:term":[{"taxonomy":"category","embeddable":true,"href":"https:\/\/bahiaeconomica.com.br\/wp\/wp-json\/wp\/v2\/categories?post=936440"},{"taxonomy":"post_tag","embeddable":true,"href":"https:\/\/bahiaeconomica.com.br\/wp\/wp-json\/wp\/v2\/tags?post=936440"}],"curies":[{"name":"wp","href":"https:\/\/api.w.org\/{rel}","templated":true}]}}