{"id":933996,"date":"2025-09-11T17:49:02","date_gmt":"2025-09-11T20:49:02","guid":{"rendered":"https:\/\/bahiaeconomica.com.br\/wp\/?p=933996"},"modified":"2025-09-11T17:49:02","modified_gmt":"2025-09-11T20:49:02","slug":"fux-fica-imovel-e-calado-em-sessao-permeada-por-piadas-e-recados-sobre-seu-voto","status":"publish","type":"post","link":"https:\/\/bahiaeconomica.com.br\/wp\/2025\/09\/11\/fux-fica-imovel-e-calado-em-sessao-permeada-por-piadas-e-recados-sobre-seu-voto\/","title":{"rendered":"FUX FICA IM\u00d3VEL E CALADO EM SESS\u00c3O PERMEADA POR PIADAS E RECADOS SOBRE SEU VOTO"},"content":{"rendered":"<p>O dia seguinte ao voto do ministro do Supremo Tribunal Federal (STF) Luiz Fux foi o momento de os colegas darem o troco. Ap\u00f3s expor um acordo de bastidor e avisar em tom pouco amistoso aos colegas que n\u00e3o desejaria ser interrompido em seu voto de mais de 12 horas, o magistrado se viu obrigado a manter a posi\u00e7\u00e3o exigida dos demais nesta quarta-feira, 11, numa sess\u00e3o permeada por piadas e recados a ele.<\/p>\n<p>\u00danico a n\u00e3o pedir a palavra \u00e0 ministra C\u00e1rmen L\u00facia para discutir aspectos t\u00e9cnicos do seu voto e da den\u00fancia, Fux ficou calado e passou a maior parte do tempo olhando para baixo, manuseando pap\u00e9is e com o rosto demonstrando seriedade. A postura expressava o seu isolamento no colegiado.<\/p>\n<p>Os demais ministros, al\u00e9m de fazer \u201cbate bola\u201d com C\u00e1rmen, mantiveram os olhos atentos na ministra e demonstravam postura corporal mais leve do que Fux. \u00c0s 15h42 desta quinta-feira, o ministrou deixou o plen\u00e1rio por cerca de cinco minutos. Naquele momento, a decana da Primeira Turma sustentava que houve viol\u00eancia na tentativa de golpe de Estado e que foi constitu\u00edda organiza\u00e7\u00e3o criminosa para atentar contra a democracia.<\/p>\n<p>Fux retornou ao plen\u00e1rio e puxou assunto com Dino, mas a express\u00e3o corporal de ambos demonstrava que havia discord\u00e2ncia a respeito do assunto. Dino se arrumou na cadeira e balan\u00e7ou a cabe\u00e7a em resposta ao colega. Esse foi o \u00fanico momento de intera\u00e7\u00e3o com algum dos colegas.<\/p>\n<p>O \u00fanico momento em que Fux alterou a postura corporal foi quando o ministro Alexandre de Moraes pediu a palavra para refor\u00e7ar o argumento de C\u00e1rmen de que o ex-presidente Jair Bolsonaro (PL) liderou organiza\u00e7\u00e3o criminosa. Quando o relator da a\u00e7\u00e3o penal exibiu v\u00eddeos que exemplificavam o golpismo, Fux se colocou atento ao que passava no tel\u00e3o da Primeira Turma e, logo que a transmiss\u00e3o foi encerrado, voltou a abaixar a cabe\u00e7a e manusear documentos na sua baia.<\/p>\n<p>Como antecipou o\u00a0Estad\u00e3o, havia a expectativa entre pessoas com tr\u00e2nsito no STF que os demais ministros da Primeira Turma usassem a sess\u00e3o de hoje para rebater o voto de Fux, uma vez que o magistrado vetou a discuss\u00e3o colegiada no dia anterior. Fux, no entanto, foi compelido por sua pr\u00f3pria exig\u00eancia a manter o sil\u00eancio enquanto os colegas discutiam o processo e faziam piadas entre si.<\/p>\n<p>Logo no in\u00edcio da sess\u00e3o, C\u00e1rmen e Dino arrancaram risadas da plateia presente na Primeira Turma com uma intera\u00e7\u00e3o cujo subtexto mandava recados a Fux. Dino pediu a palavra para a colega e disse que adota a estrat\u00e9gia do \u201cbanco de horas\u201d em seus votos \u2013 ou seja, vota r\u00e1pido para fazer diversos \u201capartes\u201d nos votos dos colegas.<\/p>\n<p>\u201cMas vai usar tudo no meu?\u201d, questionou C\u00e1rmen, provocando risos. \u201cN\u00e3o, ainda tem o do ministro Zanin\u201d, respondeu Dino mantendo o clima descontra\u00eddo a Primeira Turma.<\/p>\n<p>A leveza na intera\u00e7\u00e3o dos dois ministros contrastou com a tens\u00e3o da \u00faltima sess\u00e3o, quando Fux fez um voto de mais de 12 horas com cr\u00edticas \u00e0s posi\u00e7\u00f5es j\u00e1 manifestadas.<\/p>\n<p>Fonte: Estad\u00e3o Conte\u00fado<\/p>\n<p>Foto: Fabio Rodrigues-Pozzebom\/ Ag\u00eancia Brasil<\/p>\n","protected":false},"excerpt":{"rendered":"<p>O dia seguinte ao voto do ministro do Supremo Tribunal Federal (STF) Luiz Fux foi o momento de os colegas darem o troco. Ap\u00f3s expor um acordo de bastidor e avisar em tom pouco amistoso aos colegas que n\u00e3o desejaria ser interrompido em seu voto de mais de 12 horas, o magistrado se viu obrigado [&hellip;]<\/p>\n","protected":false},"author":24,"featured_media":934000,"comment_status":"closed","ping_status":"closed","sticky":false,"template":"","format":"standard","meta":[],"categories":[14601],"tags":[95,2756,93],"acf":[],"yoast_head":"<!-- This site is optimized with the Yoast SEO plugin v20.8 - https:\/\/yoast.com\/wordpress\/plugins\/seo\/ -->\n<title>FUX FICA IM\u00d3VEL E CALADO EM SESS\u00c3O PERMEADA POR PIADAS E RECADOS SOBRE SEU VOTO - Bahia Economica O dia seguinte ao voto do ministro do Supremo Tribunal Federal (STF) Luiz Fux foi o momento de os colegas darem o troco.<\/title>\n<meta name=\"description\" content=\"O maior portal de Economia da Bahia Pol\u00edtica Bahia Economica O dia seguinte ao voto do ministro do Supremo Tribunal Federal (STF) Luiz Fux foi o momento de os colegas darem o troco.\" \/>\n<meta name=\"robots\" content=\"index, follow, max-snippet:-1, max-image-preview:large, max-video-preview:-1\" \/>\n<link rel=\"canonical\" href=\"https:\/\/bahiaeconomica.com.br\/wp\/2025\/09\/11\/fux-fica-imovel-e-calado-em-sessao-permeada-por-piadas-e-recados-sobre-seu-voto\/\" \/>\n<meta property=\"og:locale\" content=\"pt_BR\" \/>\n<meta property=\"og:type\" content=\"article\" \/>\n<meta property=\"og:title\" content=\"FUX FICA IM\u00d3VEL E CALADO EM SESS\u00c3O PERMEADA POR PIADAS E RECADOS SOBRE SEU VOTO - Bahia Economica O dia seguinte ao voto do ministro do Supremo Tribunal Federal (STF) Luiz Fux foi o momento de os colegas darem o troco.\" \/>\n<meta property=\"og:description\" content=\"O maior portal de Economia da Bahia Pol\u00edtica Bahia Economica O dia seguinte ao voto do ministro do Supremo Tribunal Federal (STF) Luiz Fux foi o momento de os colegas darem o troco.\" \/>\n<meta property=\"og:url\" content=\"https:\/\/bahiaeconomica.com.br\/wp\/2025\/09\/11\/fux-fica-imovel-e-calado-em-sessao-permeada-por-piadas-e-recados-sobre-seu-voto\/\" \/>\n<meta property=\"og:site_name\" content=\"Bahia Economica\" \/>\n<meta property=\"article:publisher\" content=\"https:\/\/www.facebook.com\/bahiaeconomica\" \/>\n<meta property=\"article:published_time\" content=\"2025-09-11T20:49:02+00:00\" \/>\n<meta property=\"og:image\" content=\"https:\/\/bahiaeconomica.com.br\/wp\/wp-content\/uploads\/2025\/09\/Captura-de-tela-2025-09-11-171311.webp\" \/>\n\t<meta property=\"og:image:width\" content=\"901\" \/>\n\t<meta property=\"og:image:height\" content=\"596\" \/>\n\t<meta property=\"og:image:type\" content=\"image\/webp\" \/>\n<meta name=\"author\" content=\"VICTOR OLIVEIRA\" \/>\n<meta name=\"twitter:card\" content=\"summary_large_image\" \/>\n<meta name=\"twitter:label1\" content=\"Escrito por\" \/>\n\t<meta name=\"twitter:data1\" content=\"VICTOR OLIVEIRA\" \/>\n\t<meta name=\"twitter:label2\" content=\"Est. tempo de leitura\" \/>\n\t<meta name=\"twitter:data2\" content=\"3 minutos\" \/>\n<script type=\"application\/ld+json\" class=\"yoast-schema-graph\">{\"@context\":\"https:\/\/schema.org\",\"@graph\":[{\"@type\":\"Article\",\"@id\":\"https:\/\/bahiaeconomica.com.br\/wp\/2025\/09\/11\/fux-fica-imovel-e-calado-em-sessao-permeada-por-piadas-e-recados-sobre-seu-voto\/#article\",\"isPartOf\":{\"@id\":\"https:\/\/bahiaeconomica.com.br\/wp\/2025\/09\/11\/fux-fica-imovel-e-calado-em-sessao-permeada-por-piadas-e-recados-sobre-seu-voto\/\"},\"author\":{\"name\":\"VICTOR OLIVEIRA\",\"@id\":\"https:\/\/bahiaeconomica.com.br\/wp\/#\/schema\/person\/a17956d0e1112b626f403fb06b8129a9\"},\"headline\":\"FUX FICA IM\u00d3VEL E CALADO EM SESS\u00c3O PERMEADA POR PIADAS E RECADOS SOBRE SEU VOTO\",\"datePublished\":\"2025-09-11T20:49:02+00:00\",\"dateModified\":\"2025-09-11T20:49:02+00:00\",\"mainEntityOfPage\":{\"@id\":\"https:\/\/bahiaeconomica.com.br\/wp\/2025\/09\/11\/fux-fica-imovel-e-calado-em-sessao-permeada-por-piadas-e-recados-sobre-seu-voto\/\"},\"wordCount\":570,\"publisher\":{\"@id\":\"https:\/\/bahiaeconomica.com.br\/wp\/#organization\"},\"keywords\":[\"Bolsonaro\",\"fux\",\"STF\"],\"articleSection\":[\"Pol\u00edtica\"],\"inLanguage\":\"pt-BR\"},{\"@type\":\"WebPage\",\"@id\":\"https:\/\/bahiaeconomica.com.br\/wp\/2025\/09\/11\/fux-fica-imovel-e-calado-em-sessao-permeada-por-piadas-e-recados-sobre-seu-voto\/\",\"url\":\"https:\/\/bahiaeconomica.com.br\/wp\/2025\/09\/11\/fux-fica-imovel-e-calado-em-sessao-permeada-por-piadas-e-recados-sobre-seu-voto\/\",\"name\":\"FUX FICA IM\u00d3VEL E CALADO EM SESS\u00c3O PERMEADA POR PIADAS E RECADOS SOBRE SEU VOTO - Bahia Economica O dia seguinte ao voto do ministro do Supremo Tribunal Federal (STF) Luiz Fux foi o momento de os colegas darem o troco.\",\"isPartOf\":{\"@id\":\"https:\/\/bahiaeconomica.com.br\/wp\/#website\"},\"datePublished\":\"2025-09-11T20:49:02+00:00\",\"dateModified\":\"2025-09-11T20:49:02+00:00\",\"description\":\"O maior portal de Economia da Bahia Pol\u00edtica Bahia Economica O dia seguinte ao voto do ministro do Supremo Tribunal Federal (STF) Luiz Fux foi o momento de os colegas darem o troco.\",\"breadcrumb\":{\"@id\":\"https:\/\/bahiaeconomica.com.br\/wp\/2025\/09\/11\/fux-fica-imovel-e-calado-em-sessao-permeada-por-piadas-e-recados-sobre-seu-voto\/#breadcrumb\"},\"inLanguage\":\"pt-BR\",\"potentialAction\":[{\"@type\":\"ReadAction\",\"target\":[\"https:\/\/bahiaeconomica.com.br\/wp\/2025\/09\/11\/fux-fica-imovel-e-calado-em-sessao-permeada-por-piadas-e-recados-sobre-seu-voto\/\"]}]},{\"@type\":\"BreadcrumbList\",\"@id\":\"https:\/\/bahiaeconomica.com.br\/wp\/2025\/09\/11\/fux-fica-imovel-e-calado-em-sessao-permeada-por-piadas-e-recados-sobre-seu-voto\/#breadcrumb\",\"itemListElement\":[{\"@type\":\"ListItem\",\"position\":1,\"name\":\"In\u00edcio\",\"item\":\"https:\/\/bahiaeconomica.com.br\/wp\/\"},{\"@type\":\"ListItem\",\"position\":2,\"name\":\"FUX FICA IM\u00d3VEL E CALADO EM SESS\u00c3O PERMEADA POR PIADAS E RECADOS SOBRE SEU VOTO\"}]},{\"@type\":\"WebSite\",\"@id\":\"https:\/\/bahiaeconomica.com.br\/wp\/#website\",\"url\":\"https:\/\/bahiaeconomica.com.br\/wp\/\",\"name\":\"Bahia Economica\",\"description\":\"O maior portal de Economia da Bahia\",\"publisher\":{\"@id\":\"https:\/\/bahiaeconomica.com.br\/wp\/#organization\"},\"potentialAction\":[{\"@type\":\"SearchAction\",\"target\":{\"@type\":\"EntryPoint\",\"urlTemplate\":\"https:\/\/bahiaeconomica.com.br\/wp\/?s={search_term_string}\"},\"query-input\":\"required name=search_term_string\"}],\"inLanguage\":\"pt-BR\"},{\"@type\":\"Organization\",\"@id\":\"https:\/\/bahiaeconomica.com.br\/wp\/#organization\",\"name\":\"Bahia Econ\u00f4mica\",\"url\":\"https:\/\/bahiaeconomica.com.br\/wp\/\",\"logo\":{\"@type\":\"ImageObject\",\"inLanguage\":\"pt-BR\",\"@id\":\"https:\/\/bahiaeconomica.com.br\/wp\/#\/schema\/logo\/image\/\",\"url\":\"https:\/\/bahiaeconomica.com.br\/wp\/wp-content\/uploads\/2020\/12\/cropped-BE.png\",\"contentUrl\":\"https:\/\/bahiaeconomica.com.br\/wp\/wp-content\/uploads\/2020\/12\/cropped-BE.png\",\"width\":512,\"height\":512,\"caption\":\"Bahia Econ\u00f4mica\"},\"image\":{\"@id\":\"https:\/\/bahiaeconomica.com.br\/wp\/#\/schema\/logo\/image\/\"},\"sameAs\":[\"https:\/\/www.facebook.com\/bahiaeconomica\"]},{\"@type\":\"Person\",\"@id\":\"https:\/\/bahiaeconomica.com.br\/wp\/#\/schema\/person\/a17956d0e1112b626f403fb06b8129a9\",\"name\":\"VICTOR OLIVEIRA\",\"sameAs\":[\"http:\/\/www.bahiaeconomica.com.br\"],\"url\":\"https:\/\/bahiaeconomica.com.br\/wp\/author\/victor-oliveira\/\"}]}<\/script>\n<!-- \/ Yoast SEO plugin. -->","yoast_head_json":{"title":"FUX FICA IM\u00d3VEL E CALADO EM SESS\u00c3O PERMEADA POR PIADAS E RECADOS SOBRE SEU VOTO - Bahia Economica O dia seguinte ao voto do ministro do Supremo Tribunal Federal (STF) Luiz Fux foi o momento de os colegas darem o troco.","description":"O maior portal de Economia da Bahia Pol\u00edtica Bahia Economica O dia seguinte ao voto do ministro do Supremo Tribunal Federal (STF) Luiz Fux foi o momento de os colegas darem o troco.","robots":{"index":"index","follow":"follow","max-snippet":"max-snippet:-1","max-image-preview":"max-image-preview:large","max-video-preview":"max-video-preview:-1"},"canonical":"https:\/\/bahiaeconomica.com.br\/wp\/2025\/09\/11\/fux-fica-imovel-e-calado-em-sessao-permeada-por-piadas-e-recados-sobre-seu-voto\/","og_locale":"pt_BR","og_type":"article","og_title":"FUX FICA IM\u00d3VEL E CALADO EM SESS\u00c3O PERMEADA POR PIADAS E RECADOS SOBRE SEU VOTO - Bahia Economica O dia seguinte ao voto do ministro do Supremo Tribunal Federal (STF) Luiz Fux foi o momento de os colegas darem o troco.","og_description":"O maior portal de Economia da Bahia Pol\u00edtica Bahia Economica O dia seguinte ao voto do ministro do Supremo Tribunal Federal (STF) Luiz Fux foi o momento de os colegas darem o troco.","og_url":"https:\/\/bahiaeconomica.com.br\/wp\/2025\/09\/11\/fux-fica-imovel-e-calado-em-sessao-permeada-por-piadas-e-recados-sobre-seu-voto\/","og_site_name":"Bahia Economica","article_publisher":"https:\/\/www.facebook.com\/bahiaeconomica","article_published_time":"2025-09-11T20:49:02+00:00","og_image":[{"width":901,"height":596,"url":"https:\/\/bahiaeconomica.com.br\/wp\/wp-content\/uploads\/2025\/09\/Captura-de-tela-2025-09-11-171311.webp","type":"image\/webp"}],"author":"VICTOR OLIVEIRA","twitter_card":"summary_large_image","twitter_misc":{"Escrito por":"VICTOR OLIVEIRA","Est. tempo de leitura":"3 minutos"},"schema":{"@context":"https:\/\/schema.org","@graph":[{"@type":"Article","@id":"https:\/\/bahiaeconomica.com.br\/wp\/2025\/09\/11\/fux-fica-imovel-e-calado-em-sessao-permeada-por-piadas-e-recados-sobre-seu-voto\/#article","isPartOf":{"@id":"https:\/\/bahiaeconomica.com.br\/wp\/2025\/09\/11\/fux-fica-imovel-e-calado-em-sessao-permeada-por-piadas-e-recados-sobre-seu-voto\/"},"author":{"name":"VICTOR OLIVEIRA","@id":"https:\/\/bahiaeconomica.com.br\/wp\/#\/schema\/person\/a17956d0e1112b626f403fb06b8129a9"},"headline":"FUX FICA IM\u00d3VEL E CALADO EM SESS\u00c3O PERMEADA POR PIADAS E RECADOS SOBRE SEU VOTO","datePublished":"2025-09-11T20:49:02+00:00","dateModified":"2025-09-11T20:49:02+00:00","mainEntityOfPage":{"@id":"https:\/\/bahiaeconomica.com.br\/wp\/2025\/09\/11\/fux-fica-imovel-e-calado-em-sessao-permeada-por-piadas-e-recados-sobre-seu-voto\/"},"wordCount":570,"publisher":{"@id":"https:\/\/bahiaeconomica.com.br\/wp\/#organization"},"keywords":["Bolsonaro","fux","STF"],"articleSection":["Pol\u00edtica"],"inLanguage":"pt-BR"},{"@type":"WebPage","@id":"https:\/\/bahiaeconomica.com.br\/wp\/2025\/09\/11\/fux-fica-imovel-e-calado-em-sessao-permeada-por-piadas-e-recados-sobre-seu-voto\/","url":"https:\/\/bahiaeconomica.com.br\/wp\/2025\/09\/11\/fux-fica-imovel-e-calado-em-sessao-permeada-por-piadas-e-recados-sobre-seu-voto\/","name":"FUX FICA IM\u00d3VEL E CALADO EM SESS\u00c3O PERMEADA POR PIADAS E RECADOS SOBRE SEU VOTO - Bahia Economica O dia seguinte ao voto do ministro do Supremo Tribunal Federal (STF) Luiz Fux foi o momento de os colegas darem o troco.","isPartOf":{"@id":"https:\/\/bahiaeconomica.com.br\/wp\/#website"},"datePublished":"2025-09-11T20:49:02+00:00","dateModified":"2025-09-11T20:49:02+00:00","description":"O maior portal de Economia da Bahia Pol\u00edtica Bahia Economica O dia seguinte ao voto do ministro do Supremo Tribunal Federal (STF) Luiz Fux foi o momento de os colegas darem o troco.","breadcrumb":{"@id":"https:\/\/bahiaeconomica.com.br\/wp\/2025\/09\/11\/fux-fica-imovel-e-calado-em-sessao-permeada-por-piadas-e-recados-sobre-seu-voto\/#breadcrumb"},"inLanguage":"pt-BR","potentialAction":[{"@type":"ReadAction","target":["https:\/\/bahiaeconomica.com.br\/wp\/2025\/09\/11\/fux-fica-imovel-e-calado-em-sessao-permeada-por-piadas-e-recados-sobre-seu-voto\/"]}]},{"@type":"BreadcrumbList","@id":"https:\/\/bahiaeconomica.com.br\/wp\/2025\/09\/11\/fux-fica-imovel-e-calado-em-sessao-permeada-por-piadas-e-recados-sobre-seu-voto\/#breadcrumb","itemListElement":[{"@type":"ListItem","position":1,"name":"In\u00edcio","item":"https:\/\/bahiaeconomica.com.br\/wp\/"},{"@type":"ListItem","position":2,"name":"FUX FICA IM\u00d3VEL E CALADO EM SESS\u00c3O PERMEADA POR PIADAS E RECADOS SOBRE SEU VOTO"}]},{"@type":"WebSite","@id":"https:\/\/bahiaeconomica.com.br\/wp\/#website","url":"https:\/\/bahiaeconomica.com.br\/wp\/","name":"Bahia Economica","description":"O maior portal de Economia da Bahia","publisher":{"@id":"https:\/\/bahiaeconomica.com.br\/wp\/#organization"},"potentialAction":[{"@type":"SearchAction","target":{"@type":"EntryPoint","urlTemplate":"https:\/\/bahiaeconomica.com.br\/wp\/?s={search_term_string}"},"query-input":"required name=search_term_string"}],"inLanguage":"pt-BR"},{"@type":"Organization","@id":"https:\/\/bahiaeconomica.com.br\/wp\/#organization","name":"Bahia Econ\u00f4mica","url":"https:\/\/bahiaeconomica.com.br\/wp\/","logo":{"@type":"ImageObject","inLanguage":"pt-BR","@id":"https:\/\/bahiaeconomica.com.br\/wp\/#\/schema\/logo\/image\/","url":"https:\/\/bahiaeconomica.com.br\/wp\/wp-content\/uploads\/2020\/12\/cropped-BE.png","contentUrl":"https:\/\/bahiaeconomica.com.br\/wp\/wp-content\/uploads\/2020\/12\/cropped-BE.png","width":512,"height":512,"caption":"Bahia Econ\u00f4mica"},"image":{"@id":"https:\/\/bahiaeconomica.com.br\/wp\/#\/schema\/logo\/image\/"},"sameAs":["https:\/\/www.facebook.com\/bahiaeconomica"]},{"@type":"Person","@id":"https:\/\/bahiaeconomica.com.br\/wp\/#\/schema\/person\/a17956d0e1112b626f403fb06b8129a9","name":"VICTOR OLIVEIRA","sameAs":["http:\/\/www.bahiaeconomica.com.br"],"url":"https:\/\/bahiaeconomica.com.br\/wp\/author\/victor-oliveira\/"}]}},"views":14,"_links":{"self":[{"href":"https:\/\/bahiaeconomica.com.br\/wp\/wp-json\/wp\/v2\/posts\/933996"}],"collection":[{"href":"https:\/\/bahiaeconomica.com.br\/wp\/wp-json\/wp\/v2\/posts"}],"about":[{"href":"https:\/\/bahiaeconomica.com.br\/wp\/wp-json\/wp\/v2\/types\/post"}],"author":[{"embeddable":true,"href":"https:\/\/bahiaeconomica.com.br\/wp\/wp-json\/wp\/v2\/users\/24"}],"replies":[{"embeddable":true,"href":"https:\/\/bahiaeconomica.com.br\/wp\/wp-json\/wp\/v2\/comments?post=933996"}],"version-history":[{"count":1,"href":"https:\/\/bahiaeconomica.com.br\/wp\/wp-json\/wp\/v2\/posts\/933996\/revisions"}],"predecessor-version":[{"id":934001,"href":"https:\/\/bahiaeconomica.com.br\/wp\/wp-json\/wp\/v2\/posts\/933996\/revisions\/934001"}],"wp:featuredmedia":[{"embeddable":true,"href":"https:\/\/bahiaeconomica.com.br\/wp\/wp-json\/wp\/v2\/media\/934000"}],"wp:attachment":[{"href":"https:\/\/bahiaeconomica.com.br\/wp\/wp-json\/wp\/v2\/media?parent=933996"}],"wp:term":[{"taxonomy":"category","embeddable":true,"href":"https:\/\/bahiaeconomica.com.br\/wp\/wp-json\/wp\/v2\/categories?post=933996"},{"taxonomy":"post_tag","embeddable":true,"href":"https:\/\/bahiaeconomica.com.br\/wp\/wp-json\/wp\/v2\/tags?post=933996"}],"curies":[{"name":"wp","href":"https:\/\/api.w.org\/{rel}","templated":true}]}}