{"id":932802,"date":"2025-09-08T17:23:06","date_gmt":"2025-09-08T20:23:06","guid":{"rendered":"https:\/\/bahiaeconomica.com.br\/wp\/?p=932802"},"modified":"2025-09-08T17:23:06","modified_gmt":"2025-09-08T20:23:06","slug":"lacen-ba-lidera-numero-de-testes-no-brasil-afirma-ministerio-da-saude","status":"publish","type":"post","link":"https:\/\/bahiaeconomica.com.br\/wp\/2025\/09\/08\/lacen-ba-lidera-numero-de-testes-no-brasil-afirma-ministerio-da-saude\/","title":{"rendered":"LACEN-BA LIDERA N\u00daMERO DE TESTES NO BRASIL, AFIRMA MINIST\u00c9RIO DA SA\u00daDE"},"content":{"rendered":"<div class=\"v1elementToProof\">Destaque no Sistema Nacional de Laborat\u00f3rios de Sa\u00fade P\u00fablica, o Laborat\u00f3rio Central de Sa\u00fade P\u00fablica Professor Gon\u00e7alo Moniz (Lacen-Ba) completou 110 anos neste domingo (7). A institui\u00e7\u00e3o que integra a rede da Secretaria da Sa\u00fade da Bahia (Sesab) lidera o ranking nacional em produ\u00e7\u00e3o de exames de import\u00e2ncia para a sa\u00fade p\u00fablica, foi o que revelou a coordenadora-geral de Laborat\u00f3rio de Sa\u00fade P\u00fablica do Minist\u00e9rio da Sa\u00fade, Karen Machado, durante a mesa de abertura do evento que marca a passagem da data. &#8220;Cerca de 20% dos exames de laborat\u00f3rios p\u00fablicos s\u00e3o produzidos na Bahia&#8221;, destaca.<\/div>\n<div class=\"v1elementToProof\"><\/div>\n<div class=\"v1elementToProof\">A programa\u00e7\u00e3o cient\u00edfica em comemora\u00e7\u00e3o dos 110 anos do Lacen-Ba foi realizada nesta segunda-feira (08), no audit\u00f3rio L\u00facia Alencar, na sede da Sesab, no Centro Administrativo da Bahia (CAB), em Salvador. O encontro contou com palestras de especialistas como a diretora-geral do Lacen-Ba, Arabela Leal, o infectologista Ant\u00f4nio Bandeira, a coordenadora-geral de Laborat\u00f3rio de Sa\u00fade P\u00fablica do Minist\u00e9rio da Sa\u00fade, Karen Machado, a gerente da Ag\u00eancia Nacional de Vigil\u00e2ncia Sanit\u00e1ria (Anvisa), Graziela Costa de Ara\u00fajo, e a Biom\u00e9dica e Apoio Estrat\u00e9gico \u00e0 Gest\u00e3o do Lacen, Elaine Cristina Faria.<\/div>\n<div class=\"v1elementToProof\"><\/div>\n<div class=\"v1elementToProof\">Durante o evento, a secret\u00e1ria da Sa\u00fade do Estado, Roberta Santana, anunciou que a rede de laborat\u00f3rios p\u00fablicos do estado vai ser refor\u00e7ada com cinco unidades regionais. &#8220;Nos \u00faltimos anos, o Governo da Bahia investiu mais de R$ 20 milh\u00f5es em moderniza\u00e7\u00e3o tecnol\u00f3gica, fortalecendo equipamentos, infraestrutura e capacita\u00e7\u00e3o. Esse esfor\u00e7o nos garantiu um Lacen preparado, hoje reconhecido como a terceira maior unidade de vigil\u00e2ncia laboratorial do pa\u00eds, classificado na categoria m\u00e1xima de qualidade pelo Minist\u00e9rio da Sa\u00fade, e respons\u00e1vel por coordenar uma rede que j\u00e1 chega a 28 laborat\u00f3rios descentralizados em todo o Estado&#8221;, afirmou.<\/div>\n<div class=\"v1elementToProof\"><\/div>\n<div class=\"v1elementToProof\">A diretora-geral do Lacen-Ba, Arabela Leal, destacou que durante toda a sua trajet\u00f3ria a unidade deu grande contribui\u00e7\u00e3o para todo o sistema p\u00fablico de sa\u00fade n\u00e3o s\u00f3 da Bahia, mas do pa\u00eds inteiro. &#8220;Conseguimos identificar o primeiro caso de Candida auris (C. Auris) no pa\u00eds. \u00d3bitos relacionados \u00e0 Febre Oropouche tamb\u00e9m foram identificados pelo Lacen-BA&#8221;, relembrou. Ela ainda pontuou todo o trabalho feito pela institui\u00e7\u00e3o durante a pandemia da Covid-19. &#8220;Sa\u00edmos da pandemia, um momento desafiador, bem mais organizados e conseguimos evoluir&#8221;.<\/div>\n<div class=\"v1elementToProof\"><\/div>\n<div class=\"v1elementToProof\">Fundado em 1915 como Instituto Bacteriol\u00f3gico, Anti-r\u00e1bico e Vacinog\u00eanico da Bahia, o laborat\u00f3rio nasceu da colabora\u00e7\u00e3o entre Oswaldo Cruz, no Rio de Janeiro, e Gon\u00e7alo Muniz, na Bahia, em meio \u00e0 epidemia de febre amarela que assolava o pa\u00eds no in\u00edcio do s\u00e9culo 20. Ao longo de sua hist\u00f3ria, ganhou novas atribui\u00e7\u00f5es, mudou de nome e, em 1973, foi incorporado \u00e0 estrutura da Sesab, passando a integrar a Rede Nacional de Laborat\u00f3rios de Sa\u00fade P\u00fablica.<\/div>\n<div class=\"v1elementToProof\"><\/div>\n<div class=\"v1elementToProof\">O Lacen-Ba teve protagonismo recente na pandemia de Covid-19, quando liderou a identifica\u00e7\u00e3o de variantes do Sars-CoV-2 por meio da vigil\u00e2ncia gen\u00f4mica, consolidando-se como pe\u00e7a central da sa\u00fade p\u00fablica baiana e nacional. Entre 2019 e 2025, o governo estadual investiu mais de R$ 20 milh\u00f5es em moderniza\u00e7\u00e3o tecnol\u00f3gica, ampliando a capacidade de resposta da institui\u00e7\u00e3o.<\/div>\n<div class=\"v1elementToProof\"><\/div>\n<div class=\"v1elementToProof\">A institui\u00e7\u00e3o tem papel importante para todos, n\u00e3o apenas na realiza\u00e7\u00e3o de exames, mas tamb\u00e9m por ser respons\u00e1vel por a\u00e7\u00f5es voltadas para a verifica\u00e7\u00e3o da qualidade de produtos de interesse para vigil\u00e2ncia da sa\u00fade, a exemplo de alimentos, medicamentos, cosm\u00e9ticos e saneantes, imunobiol\u00f3gicos, hemoderivados, toxicologia humana, dentre outros.<\/div>\n<div class=\"v1elementToProof\"><\/div>\n<div class=\"v1elementToProof\">Foto: Leonardo Rattes \/ Sa\u00fade GovBA<\/div>\n","protected":false},"excerpt":{"rendered":"<p>Destaque no Sistema Nacional de Laborat\u00f3rios de Sa\u00fade P\u00fablica, o Laborat\u00f3rio Central de Sa\u00fade P\u00fablica Professor Gon\u00e7alo Moniz (Lacen-Ba) completou 110 anos neste domingo (7). A institui\u00e7\u00e3o que integra a rede da Secretaria da Sa\u00fade da Bahia (Sesab) lidera o ranking nacional em produ\u00e7\u00e3o de exames de import\u00e2ncia para a sa\u00fade p\u00fablica, foi o que [&hellip;]<\/p>\n","protected":false},"author":24,"featured_media":932803,"comment_status":"closed","ping_status":"closed","sticky":false,"template":"","format":"standard","meta":[],"categories":[5,21],"tags":[41092,116,522],"acf":[],"yoast_head":"<!-- This site is optimized with the Yoast SEO plugin v20.8 - https:\/\/yoast.com\/wordpress\/plugins\/seo\/ -->\n<title>LACEN-BA LIDERA N\u00daMERO DE TESTES NO BRASIL, AFIRMA MINIST\u00c9RIO DA SA\u00daDE - Bahia Economica Destaque no Sistema Nacional de Laborat\u00f3rios de Sa\u00fade P\u00fablica, o Laborat\u00f3rio Central de Sa\u00fade P\u00fablica Professor Gon\u00e7alo Moniz (Lacen-Ba) completou 110 anos neste domingo (7).<\/title>\n<meta name=\"description\" content=\"O maior portal de Economia da Bahia MUNIC\u00cdPIOS, Sa\u00fade \/ Educa\u00e7\u00e3o Bahia Economica Destaque no Sistema Nacional de Laborat\u00f3rios de Sa\u00fade P\u00fablica, o Laborat\u00f3rio Central de Sa\u00fade P\u00fablica Professor Gon\u00e7alo Moniz (Lacen-Ba) completou 110 anos neste domingo (7).\" \/>\n<meta name=\"robots\" content=\"index, follow, max-snippet:-1, max-image-preview:large, max-video-preview:-1\" \/>\n<link rel=\"canonical\" href=\"https:\/\/bahiaeconomica.com.br\/wp\/2025\/09\/08\/lacen-ba-lidera-numero-de-testes-no-brasil-afirma-ministerio-da-saude\/\" \/>\n<meta property=\"og:locale\" content=\"pt_BR\" \/>\n<meta property=\"og:type\" content=\"article\" \/>\n<meta property=\"og:title\" content=\"LACEN-BA LIDERA N\u00daMERO DE TESTES NO BRASIL, AFIRMA MINIST\u00c9RIO DA SA\u00daDE - Bahia Economica Destaque no Sistema Nacional de Laborat\u00f3rios de Sa\u00fade P\u00fablica, o Laborat\u00f3rio Central de Sa\u00fade P\u00fablica Professor Gon\u00e7alo Moniz (Lacen-Ba) completou 110 anos neste domingo (7).\" \/>\n<meta property=\"og:description\" content=\"O maior portal de Economia da Bahia MUNIC\u00cdPIOS, Sa\u00fade \/ Educa\u00e7\u00e3o Bahia Economica Destaque no Sistema Nacional de Laborat\u00f3rios de Sa\u00fade P\u00fablica, o Laborat\u00f3rio Central de Sa\u00fade P\u00fablica Professor Gon\u00e7alo Moniz (Lacen-Ba) completou 110 anos neste domingo (7).\" \/>\n<meta property=\"og:url\" content=\"https:\/\/bahiaeconomica.com.br\/wp\/2025\/09\/08\/lacen-ba-lidera-numero-de-testes-no-brasil-afirma-ministerio-da-saude\/\" \/>\n<meta property=\"og:site_name\" content=\"Bahia Economica\" \/>\n<meta property=\"article:publisher\" content=\"https:\/\/www.facebook.com\/bahiaeconomica\" \/>\n<meta property=\"article:published_time\" content=\"2025-09-08T20:23:06+00:00\" \/>\n<meta property=\"og:image\" content=\"https:\/\/bahiaeconomica.com.br\/wp\/wp-content\/uploads\/2025\/09\/IMG_0800-scaled.jpg\" \/>\n\t<meta property=\"og:image:width\" content=\"2560\" \/>\n\t<meta property=\"og:image:height\" content=\"1707\" \/>\n\t<meta property=\"og:image:type\" content=\"image\/jpeg\" \/>\n<meta name=\"author\" content=\"VICTOR OLIVEIRA\" \/>\n<meta name=\"twitter:card\" content=\"summary_large_image\" \/>\n<meta name=\"twitter:label1\" content=\"Escrito por\" \/>\n\t<meta name=\"twitter:data1\" content=\"VICTOR OLIVEIRA\" \/>\n\t<meta name=\"twitter:label2\" content=\"Est. tempo de leitura\" \/>\n\t<meta name=\"twitter:data2\" content=\"4 minutos\" \/>\n<script type=\"application\/ld+json\" class=\"yoast-schema-graph\">{\"@context\":\"https:\/\/schema.org\",\"@graph\":[{\"@type\":\"Article\",\"@id\":\"https:\/\/bahiaeconomica.com.br\/wp\/2025\/09\/08\/lacen-ba-lidera-numero-de-testes-no-brasil-afirma-ministerio-da-saude\/#article\",\"isPartOf\":{\"@id\":\"https:\/\/bahiaeconomica.com.br\/wp\/2025\/09\/08\/lacen-ba-lidera-numero-de-testes-no-brasil-afirma-ministerio-da-saude\/\"},\"author\":{\"name\":\"VICTOR OLIVEIRA\",\"@id\":\"https:\/\/bahiaeconomica.com.br\/wp\/#\/schema\/person\/a17956d0e1112b626f403fb06b8129a9\"},\"headline\":\"LACEN-BA LIDERA N\u00daMERO DE TESTES NO BRASIL, AFIRMA MINIST\u00c9RIO DA SA\u00daDE\",\"datePublished\":\"2025-09-08T20:23:06+00:00\",\"dateModified\":\"2025-09-08T20:23:06+00:00\",\"mainEntityOfPage\":{\"@id\":\"https:\/\/bahiaeconomica.com.br\/wp\/2025\/09\/08\/lacen-ba-lidera-numero-de-testes-no-brasil-afirma-ministerio-da-saude\/\"},\"wordCount\":642,\"publisher\":{\"@id\":\"https:\/\/bahiaeconomica.com.br\/wp\/#organization\"},\"keywords\":[\"lacen-ba\",\"Sesab\",\"Testes\"],\"articleSection\":[\"MUNIC\u00cdPIOS\",\"Sa\u00fade \/ Educa\u00e7\u00e3o\"],\"inLanguage\":\"pt-BR\"},{\"@type\":\"WebPage\",\"@id\":\"https:\/\/bahiaeconomica.com.br\/wp\/2025\/09\/08\/lacen-ba-lidera-numero-de-testes-no-brasil-afirma-ministerio-da-saude\/\",\"url\":\"https:\/\/bahiaeconomica.com.br\/wp\/2025\/09\/08\/lacen-ba-lidera-numero-de-testes-no-brasil-afirma-ministerio-da-saude\/\",\"name\":\"LACEN-BA LIDERA N\u00daMERO DE TESTES NO BRASIL, AFIRMA MINIST\u00c9RIO DA SA\u00daDE - Bahia Economica Destaque no Sistema Nacional de Laborat\u00f3rios de Sa\u00fade P\u00fablica, o Laborat\u00f3rio Central de Sa\u00fade P\u00fablica Professor Gon\u00e7alo Moniz (Lacen-Ba) completou 110 anos neste domingo (7).\",\"isPartOf\":{\"@id\":\"https:\/\/bahiaeconomica.com.br\/wp\/#website\"},\"datePublished\":\"2025-09-08T20:23:06+00:00\",\"dateModified\":\"2025-09-08T20:23:06+00:00\",\"description\":\"O maior portal de Economia da Bahia MUNIC\u00cdPIOS, Sa\u00fade \/ Educa\u00e7\u00e3o Bahia Economica Destaque no Sistema Nacional de Laborat\u00f3rios de Sa\u00fade P\u00fablica, o Laborat\u00f3rio Central de Sa\u00fade P\u00fablica Professor Gon\u00e7alo Moniz (Lacen-Ba) completou 110 anos neste domingo (7).\",\"breadcrumb\":{\"@id\":\"https:\/\/bahiaeconomica.com.br\/wp\/2025\/09\/08\/lacen-ba-lidera-numero-de-testes-no-brasil-afirma-ministerio-da-saude\/#breadcrumb\"},\"inLanguage\":\"pt-BR\",\"potentialAction\":[{\"@type\":\"ReadAction\",\"target\":[\"https:\/\/bahiaeconomica.com.br\/wp\/2025\/09\/08\/lacen-ba-lidera-numero-de-testes-no-brasil-afirma-ministerio-da-saude\/\"]}]},{\"@type\":\"BreadcrumbList\",\"@id\":\"https:\/\/bahiaeconomica.com.br\/wp\/2025\/09\/08\/lacen-ba-lidera-numero-de-testes-no-brasil-afirma-ministerio-da-saude\/#breadcrumb\",\"itemListElement\":[{\"@type\":\"ListItem\",\"position\":1,\"name\":\"In\u00edcio\",\"item\":\"https:\/\/bahiaeconomica.com.br\/wp\/\"},{\"@type\":\"ListItem\",\"position\":2,\"name\":\"LACEN-BA LIDERA N\u00daMERO DE TESTES NO BRASIL, AFIRMA MINIST\u00c9RIO DA SA\u00daDE\"}]},{\"@type\":\"WebSite\",\"@id\":\"https:\/\/bahiaeconomica.com.br\/wp\/#website\",\"url\":\"https:\/\/bahiaeconomica.com.br\/wp\/\",\"name\":\"Bahia Economica\",\"description\":\"O maior portal de Economia da Bahia\",\"publisher\":{\"@id\":\"https:\/\/bahiaeconomica.com.br\/wp\/#organization\"},\"potentialAction\":[{\"@type\":\"SearchAction\",\"target\":{\"@type\":\"EntryPoint\",\"urlTemplate\":\"https:\/\/bahiaeconomica.com.br\/wp\/?s={search_term_string}\"},\"query-input\":\"required name=search_term_string\"}],\"inLanguage\":\"pt-BR\"},{\"@type\":\"Organization\",\"@id\":\"https:\/\/bahiaeconomica.com.br\/wp\/#organization\",\"name\":\"Bahia Econ\u00f4mica\",\"url\":\"https:\/\/bahiaeconomica.com.br\/wp\/\",\"logo\":{\"@type\":\"ImageObject\",\"inLanguage\":\"pt-BR\",\"@id\":\"https:\/\/bahiaeconomica.com.br\/wp\/#\/schema\/logo\/image\/\",\"url\":\"https:\/\/bahiaeconomica.com.br\/wp\/wp-content\/uploads\/2020\/12\/cropped-BE.png\",\"contentUrl\":\"https:\/\/bahiaeconomica.com.br\/wp\/wp-content\/uploads\/2020\/12\/cropped-BE.png\",\"width\":512,\"height\":512,\"caption\":\"Bahia Econ\u00f4mica\"},\"image\":{\"@id\":\"https:\/\/bahiaeconomica.com.br\/wp\/#\/schema\/logo\/image\/\"},\"sameAs\":[\"https:\/\/www.facebook.com\/bahiaeconomica\"]},{\"@type\":\"Person\",\"@id\":\"https:\/\/bahiaeconomica.com.br\/wp\/#\/schema\/person\/a17956d0e1112b626f403fb06b8129a9\",\"name\":\"VICTOR OLIVEIRA\",\"sameAs\":[\"http:\/\/www.bahiaeconomica.com.br\"],\"url\":\"https:\/\/bahiaeconomica.com.br\/wp\/author\/victor-oliveira\/\"}]}<\/script>\n<!-- \/ Yoast SEO plugin. -->","yoast_head_json":{"title":"LACEN-BA LIDERA N\u00daMERO DE TESTES NO BRASIL, AFIRMA MINIST\u00c9RIO DA SA\u00daDE - Bahia Economica Destaque no Sistema Nacional de Laborat\u00f3rios de Sa\u00fade P\u00fablica, o Laborat\u00f3rio Central de Sa\u00fade P\u00fablica Professor Gon\u00e7alo Moniz (Lacen-Ba) completou 110 anos neste domingo (7).","description":"O maior portal de Economia da Bahia MUNIC\u00cdPIOS, Sa\u00fade \/ Educa\u00e7\u00e3o Bahia Economica Destaque no Sistema Nacional de Laborat\u00f3rios de Sa\u00fade P\u00fablica, o Laborat\u00f3rio Central de Sa\u00fade P\u00fablica Professor Gon\u00e7alo Moniz (Lacen-Ba) completou 110 anos neste domingo (7).","robots":{"index":"index","follow":"follow","max-snippet":"max-snippet:-1","max-image-preview":"max-image-preview:large","max-video-preview":"max-video-preview:-1"},"canonical":"https:\/\/bahiaeconomica.com.br\/wp\/2025\/09\/08\/lacen-ba-lidera-numero-de-testes-no-brasil-afirma-ministerio-da-saude\/","og_locale":"pt_BR","og_type":"article","og_title":"LACEN-BA LIDERA N\u00daMERO DE TESTES NO BRASIL, AFIRMA MINIST\u00c9RIO DA SA\u00daDE - Bahia Economica Destaque no Sistema Nacional de Laborat\u00f3rios de Sa\u00fade P\u00fablica, o Laborat\u00f3rio Central de Sa\u00fade P\u00fablica Professor Gon\u00e7alo Moniz (Lacen-Ba) completou 110 anos neste domingo (7).","og_description":"O maior portal de Economia da Bahia MUNIC\u00cdPIOS, Sa\u00fade \/ Educa\u00e7\u00e3o Bahia Economica Destaque no Sistema Nacional de Laborat\u00f3rios de Sa\u00fade P\u00fablica, o Laborat\u00f3rio Central de Sa\u00fade P\u00fablica Professor Gon\u00e7alo Moniz (Lacen-Ba) completou 110 anos neste domingo (7).","og_url":"https:\/\/bahiaeconomica.com.br\/wp\/2025\/09\/08\/lacen-ba-lidera-numero-de-testes-no-brasil-afirma-ministerio-da-saude\/","og_site_name":"Bahia Economica","article_publisher":"https:\/\/www.facebook.com\/bahiaeconomica","article_published_time":"2025-09-08T20:23:06+00:00","og_image":[{"width":2560,"height":1707,"url":"https:\/\/bahiaeconomica.com.br\/wp\/wp-content\/uploads\/2025\/09\/IMG_0800-scaled.jpg","type":"image\/jpeg"}],"author":"VICTOR OLIVEIRA","twitter_card":"summary_large_image","twitter_misc":{"Escrito por":"VICTOR OLIVEIRA","Est. tempo de leitura":"4 minutos"},"schema":{"@context":"https:\/\/schema.org","@graph":[{"@type":"Article","@id":"https:\/\/bahiaeconomica.com.br\/wp\/2025\/09\/08\/lacen-ba-lidera-numero-de-testes-no-brasil-afirma-ministerio-da-saude\/#article","isPartOf":{"@id":"https:\/\/bahiaeconomica.com.br\/wp\/2025\/09\/08\/lacen-ba-lidera-numero-de-testes-no-brasil-afirma-ministerio-da-saude\/"},"author":{"name":"VICTOR OLIVEIRA","@id":"https:\/\/bahiaeconomica.com.br\/wp\/#\/schema\/person\/a17956d0e1112b626f403fb06b8129a9"},"headline":"LACEN-BA LIDERA N\u00daMERO DE TESTES NO BRASIL, AFIRMA MINIST\u00c9RIO DA SA\u00daDE","datePublished":"2025-09-08T20:23:06+00:00","dateModified":"2025-09-08T20:23:06+00:00","mainEntityOfPage":{"@id":"https:\/\/bahiaeconomica.com.br\/wp\/2025\/09\/08\/lacen-ba-lidera-numero-de-testes-no-brasil-afirma-ministerio-da-saude\/"},"wordCount":642,"publisher":{"@id":"https:\/\/bahiaeconomica.com.br\/wp\/#organization"},"keywords":["lacen-ba","Sesab","Testes"],"articleSection":["MUNIC\u00cdPIOS","Sa\u00fade \/ Educa\u00e7\u00e3o"],"inLanguage":"pt-BR"},{"@type":"WebPage","@id":"https:\/\/bahiaeconomica.com.br\/wp\/2025\/09\/08\/lacen-ba-lidera-numero-de-testes-no-brasil-afirma-ministerio-da-saude\/","url":"https:\/\/bahiaeconomica.com.br\/wp\/2025\/09\/08\/lacen-ba-lidera-numero-de-testes-no-brasil-afirma-ministerio-da-saude\/","name":"LACEN-BA LIDERA N\u00daMERO DE TESTES NO BRASIL, AFIRMA MINIST\u00c9RIO DA SA\u00daDE - Bahia Economica Destaque no Sistema Nacional de Laborat\u00f3rios de Sa\u00fade P\u00fablica, o Laborat\u00f3rio Central de Sa\u00fade P\u00fablica Professor Gon\u00e7alo Moniz (Lacen-Ba) completou 110 anos neste domingo (7).","isPartOf":{"@id":"https:\/\/bahiaeconomica.com.br\/wp\/#website"},"datePublished":"2025-09-08T20:23:06+00:00","dateModified":"2025-09-08T20:23:06+00:00","description":"O maior portal de Economia da Bahia MUNIC\u00cdPIOS, Sa\u00fade \/ Educa\u00e7\u00e3o Bahia Economica Destaque no Sistema Nacional de Laborat\u00f3rios de Sa\u00fade P\u00fablica, o Laborat\u00f3rio Central de Sa\u00fade P\u00fablica Professor Gon\u00e7alo Moniz (Lacen-Ba) completou 110 anos neste domingo (7).","breadcrumb":{"@id":"https:\/\/bahiaeconomica.com.br\/wp\/2025\/09\/08\/lacen-ba-lidera-numero-de-testes-no-brasil-afirma-ministerio-da-saude\/#breadcrumb"},"inLanguage":"pt-BR","potentialAction":[{"@type":"ReadAction","target":["https:\/\/bahiaeconomica.com.br\/wp\/2025\/09\/08\/lacen-ba-lidera-numero-de-testes-no-brasil-afirma-ministerio-da-saude\/"]}]},{"@type":"BreadcrumbList","@id":"https:\/\/bahiaeconomica.com.br\/wp\/2025\/09\/08\/lacen-ba-lidera-numero-de-testes-no-brasil-afirma-ministerio-da-saude\/#breadcrumb","itemListElement":[{"@type":"ListItem","position":1,"name":"In\u00edcio","item":"https:\/\/bahiaeconomica.com.br\/wp\/"},{"@type":"ListItem","position":2,"name":"LACEN-BA LIDERA N\u00daMERO DE TESTES NO BRASIL, AFIRMA MINIST\u00c9RIO DA SA\u00daDE"}]},{"@type":"WebSite","@id":"https:\/\/bahiaeconomica.com.br\/wp\/#website","url":"https:\/\/bahiaeconomica.com.br\/wp\/","name":"Bahia Economica","description":"O maior portal de Economia da Bahia","publisher":{"@id":"https:\/\/bahiaeconomica.com.br\/wp\/#organization"},"potentialAction":[{"@type":"SearchAction","target":{"@type":"EntryPoint","urlTemplate":"https:\/\/bahiaeconomica.com.br\/wp\/?s={search_term_string}"},"query-input":"required name=search_term_string"}],"inLanguage":"pt-BR"},{"@type":"Organization","@id":"https:\/\/bahiaeconomica.com.br\/wp\/#organization","name":"Bahia Econ\u00f4mica","url":"https:\/\/bahiaeconomica.com.br\/wp\/","logo":{"@type":"ImageObject","inLanguage":"pt-BR","@id":"https:\/\/bahiaeconomica.com.br\/wp\/#\/schema\/logo\/image\/","url":"https:\/\/bahiaeconomica.com.br\/wp\/wp-content\/uploads\/2020\/12\/cropped-BE.png","contentUrl":"https:\/\/bahiaeconomica.com.br\/wp\/wp-content\/uploads\/2020\/12\/cropped-BE.png","width":512,"height":512,"caption":"Bahia Econ\u00f4mica"},"image":{"@id":"https:\/\/bahiaeconomica.com.br\/wp\/#\/schema\/logo\/image\/"},"sameAs":["https:\/\/www.facebook.com\/bahiaeconomica"]},{"@type":"Person","@id":"https:\/\/bahiaeconomica.com.br\/wp\/#\/schema\/person\/a17956d0e1112b626f403fb06b8129a9","name":"VICTOR OLIVEIRA","sameAs":["http:\/\/www.bahiaeconomica.com.br"],"url":"https:\/\/bahiaeconomica.com.br\/wp\/author\/victor-oliveira\/"}]}},"views":20,"_links":{"self":[{"href":"https:\/\/bahiaeconomica.com.br\/wp\/wp-json\/wp\/v2\/posts\/932802"}],"collection":[{"href":"https:\/\/bahiaeconomica.com.br\/wp\/wp-json\/wp\/v2\/posts"}],"about":[{"href":"https:\/\/bahiaeconomica.com.br\/wp\/wp-json\/wp\/v2\/types\/post"}],"author":[{"embeddable":true,"href":"https:\/\/bahiaeconomica.com.br\/wp\/wp-json\/wp\/v2\/users\/24"}],"replies":[{"embeddable":true,"href":"https:\/\/bahiaeconomica.com.br\/wp\/wp-json\/wp\/v2\/comments?post=932802"}],"version-history":[{"count":1,"href":"https:\/\/bahiaeconomica.com.br\/wp\/wp-json\/wp\/v2\/posts\/932802\/revisions"}],"predecessor-version":[{"id":932804,"href":"https:\/\/bahiaeconomica.com.br\/wp\/wp-json\/wp\/v2\/posts\/932802\/revisions\/932804"}],"wp:featuredmedia":[{"embeddable":true,"href":"https:\/\/bahiaeconomica.com.br\/wp\/wp-json\/wp\/v2\/media\/932803"}],"wp:attachment":[{"href":"https:\/\/bahiaeconomica.com.br\/wp\/wp-json\/wp\/v2\/media?parent=932802"}],"wp:term":[{"taxonomy":"category","embeddable":true,"href":"https:\/\/bahiaeconomica.com.br\/wp\/wp-json\/wp\/v2\/categories?post=932802"},{"taxonomy":"post_tag","embeddable":true,"href":"https:\/\/bahiaeconomica.com.br\/wp\/wp-json\/wp\/v2\/tags?post=932802"}],"curies":[{"name":"wp","href":"https:\/\/api.w.org\/{rel}","templated":true}]}}