{"id":932178,"date":"2025-09-05T13:00:30","date_gmt":"2025-09-05T16:00:30","guid":{"rendered":"https:\/\/bahiaeconomica.com.br\/wp\/?p=932178"},"modified":"2025-09-05T12:37:32","modified_gmt":"2025-09-05T15:37:32","slug":"em-agosto-cesta-basica-de-salvador-apresenta-reducao-de-320","status":"publish","type":"post","link":"https:\/\/bahiaeconomica.com.br\/wp\/2025\/09\/05\/em-agosto-cesta-basica-de-salvador-apresenta-reducao-de-320\/","title":{"rendered":"EM AGOSTO, CESTA B\u00c1SICA DE SALVADOR APRESENTA REDU\u00c7\u00c3O DE 3,20%"},"content":{"rendered":"<p>A Cesta B\u00e1sica de Salvador, calculada pela Superintend\u00eancia de Estudos Econ\u00f4micos e Sociais da Bahia (SEI), com base em 3.574 cota\u00e7\u00f5es de pre\u00e7os realizadas em 96 estabelecimentos comerciais (supermercados, a\u00e7ougues, padarias e feiras livres) da cidade, passou a custar R$\u00a0581,58 no m\u00eas de agosto de 2025. Deste modo, quando comparado com o custo estimado no m\u00eas imediatamente anterior, houve uma redu\u00e7\u00e3o\u00a0de 3,20% \u2013 menos R$ 19,22 em termos nominais.<\/p>\n<p>Dos 25 produtos da Cesta B\u00e1sica de Salvador, 17 registraram redu\u00e7\u00e3o nos pre\u00e7os: cebola (-22,59%), tomate (-20,96%), frango (-13,02%), batata inglesa (-11,20%), ovos de galinha (-9,02%), floc\u00e3o de milho (-7,69%), caf\u00e9 mo\u00eddo (-6,63%), arroz (-5,37%), a\u00e7\u00facar cristal (-4,47%), queijo prato (-4,08%), ma\u00e7\u00e3 (-3,12%), farinha de mandioca (-2,24%), queijo mu\u00e7arela (-1,53%), feij\u00e3o (-1,00%), carne de segunda (-0,85%), p\u00e3o franc\u00eas (-0,34%) e a manteiga (-0,21%). E oito produtos apresentaram aumento: cenoura (19,81%), carne de sert\u00e3o (5,25%), lingui\u00e7a calabresa (2,66%), banana-prata (1,87%), \u00f3leo de soja (1,84%), carne de primeira (1,26%), macarr\u00e3o (0,86%) e o leite (0,70%).<\/p>\n<p>Denilson Lima, economista da Pesquisa de Pre\u00e7os ao Consumidor da SEI, assinala que &#8220;fatores clim\u00e1ticos, a baixa procura por alguns produtos e o aumento da oferta de outros g\u00eaneros aliment\u00edcios contribu\u00edram positivamente para reduzir os pre\u00e7os de dezessete dos 25 produtos que comp\u00f5em a Cesta B\u00e1sica de Salvador&#8221;.<\/p>\n<p>Lima\u00a0destaca ainda que &#8220;o pre\u00e7o da cebola caiu por causa do elevado n\u00edvel da oferta em todo o Brasil, pois estados que s\u00e3o grandes produtores como Santa Catarina, Bahia, S\u00e3o Paulo, Minas Gerais, Paran\u00e1 e Pernambuco est\u00e3o colhendo uma boa safra e inundando os mercados de todo o pa\u00eds&#8221;.<\/p>\n<p>O economista aponta que um grande produtor da regi\u00e3o de Irec\u00ea ouvido pela SEI afirma que no m\u00eas de agosto o pre\u00e7o da saca de cebola de 20kg ficou em torno de R$ 25,00 e a perspectiva \u00e9 de que deve permanecer abaixo de R$ 30,00 pelo menos at\u00e9 a primeira quinzena do m\u00eas de setembro. &#8220;Esta situa\u00e7\u00e3o favorece ao consumidor, mas acarreta preju\u00edzos importantes aos produtores&#8221;, lamentou um agricultor.<\/p>\n<p>Entre os 25 produtos que comp\u00f5em a Cesta B\u00e1sica de Salvador, o subconjunto dos ingredientes relativos ao almo\u00e7o soteropolitano \u2013 composto por feij\u00e3o, arroz, carnes, farinha de mandioca, tomate e cebola \u2013 apresentou redu\u00e7\u00e3o de 5,71% e foi respons\u00e1vel por 33,67% do valor da cesta. Por sua vez, o subgrupo de g\u00eaneros aliment\u00edcios pr\u00f3prios da refei\u00e7\u00e3o matinal soteropolitana \u2013 formado por caf\u00e9, leite, a\u00e7\u00facar, p\u00e3o, manteiga, queijos e floc\u00e3o de milho \u2013 teve redu\u00e7\u00e3o de 1,44% e foi respons\u00e1vel por 35,74% do valor da cesta no m\u00eas de agosto de 2025.<\/p>\n<p>Por fim, o tempo de trabalho despendido por um trabalhador soteropolitano para obter uma cesta b\u00e1sica foi de 91 horas e 7 minutos, o que equivale ao comprometimento de 41,42% do valor l\u00edquido de um sal\u00e1rio m\u00ednimo de R$ 1.404,15, depois de descontado o valor de 7,50% da contribui\u00e7\u00e3o para a Previd\u00eancia Social.<\/p>\n<p>Foto: Jean Vagner\/Ascom SEI<\/p>\n","protected":false},"excerpt":{"rendered":"<p>A Cesta B\u00e1sica de Salvador, calculada pela Superintend\u00eancia de Estudos Econ\u00f4micos e Sociais da Bahia (SEI), com base em 3.574 cota\u00e7\u00f5es de pre\u00e7os realizadas em 96 estabelecimentos comerciais (supermercados, a\u00e7ougues, padarias e feiras livres) da cidade, passou a custar R$\u00a0581,58 no m\u00eas de agosto de 2025. Deste modo, quando comparado com o custo estimado no [&hellip;]<\/p>\n","protected":false},"author":20,"featured_media":932180,"comment_status":"closed","ping_status":"closed","sticky":false,"template":"","format":"standard","meta":[],"categories":[14,3],"tags":[7902,922,2051,73,599],"acf":[],"yoast_head":"<!-- This site is optimized with the Yoast SEO plugin v20.8 - https:\/\/yoast.com\/wordpress\/plugins\/seo\/ -->\n<title>EM AGOSTO, CESTA B\u00c1SICA DE SALVADOR APRESENTA REDU\u00c7\u00c3O DE 3,20% - Bahia Economica<\/title>\n<meta name=\"description\" content=\"O maior portal de Economia da Bahia DESTAQUE DO DIA, ECONOMIA \/ POL\u00cdTICA Bahia Economica 17 produtos registraram redu\u00e7\u00e3o nos pre\u00e7os\" \/>\n<meta name=\"robots\" content=\"index, follow, max-snippet:-1, max-image-preview:large, max-video-preview:-1\" \/>\n<link rel=\"canonical\" href=\"https:\/\/bahiaeconomica.com.br\/wp\/2025\/09\/05\/em-agosto-cesta-basica-de-salvador-apresenta-reducao-de-320\/\" \/>\n<meta property=\"og:locale\" content=\"pt_BR\" \/>\n<meta property=\"og:type\" content=\"article\" \/>\n<meta property=\"og:title\" content=\"EM AGOSTO, CESTA B\u00c1SICA DE SALVADOR APRESENTA REDU\u00c7\u00c3O DE 3,20% - Bahia Economica\" \/>\n<meta property=\"og:description\" content=\"O maior portal de Economia da Bahia DESTAQUE DO DIA, ECONOMIA \/ POL\u00cdTICA Bahia Economica 17 produtos registraram redu\u00e7\u00e3o nos pre\u00e7os\" \/>\n<meta property=\"og:url\" content=\"https:\/\/bahiaeconomica.com.br\/wp\/2025\/09\/05\/em-agosto-cesta-basica-de-salvador-apresenta-reducao-de-320\/\" \/>\n<meta property=\"og:site_name\" content=\"Bahia Economica\" \/>\n<meta property=\"article:publisher\" content=\"https:\/\/www.facebook.com\/bahiaeconomica\" \/>\n<meta property=\"article:published_time\" content=\"2025-09-05T16:00:30+00:00\" \/>\n<meta property=\"article:modified_time\" content=\"2025-09-05T15:37:32+00:00\" \/>\n<meta property=\"og:image\" content=\"https:\/\/bahiaeconomica.com.br\/wp\/wp-content\/uploads\/2025\/09\/foto-jean-vagner-SEI-mercado00038reduzido.png\" \/>\n\t<meta property=\"og:image:width\" content=\"700\" \/>\n\t<meta property=\"og:image:height\" content=\"525\" \/>\n\t<meta property=\"og:image:type\" content=\"image\/png\" \/>\n<meta name=\"author\" content=\"BRUNA CARVALHO\" \/>\n<meta name=\"twitter:card\" content=\"summary_large_image\" \/>\n<meta name=\"twitter:label1\" content=\"Escrito por\" \/>\n\t<meta name=\"twitter:data1\" content=\"BRUNA CARVALHO\" \/>\n\t<meta name=\"twitter:label2\" content=\"Est. tempo de leitura\" \/>\n\t<meta name=\"twitter:data2\" content=\"3 minutos\" \/>\n<script type=\"application\/ld+json\" class=\"yoast-schema-graph\">{\"@context\":\"https:\/\/schema.org\",\"@graph\":[{\"@type\":\"Article\",\"@id\":\"https:\/\/bahiaeconomica.com.br\/wp\/2025\/09\/05\/em-agosto-cesta-basica-de-salvador-apresenta-reducao-de-320\/#article\",\"isPartOf\":{\"@id\":\"https:\/\/bahiaeconomica.com.br\/wp\/2025\/09\/05\/em-agosto-cesta-basica-de-salvador-apresenta-reducao-de-320\/\"},\"author\":{\"name\":\"BRUNA CARVALHO\",\"@id\":\"https:\/\/bahiaeconomica.com.br\/wp\/#\/schema\/person\/9310b0e591f5979f6f99773eac5804e6\"},\"headline\":\"EM AGOSTO, CESTA B\u00c1SICA DE SALVADOR APRESENTA REDU\u00c7\u00c3O DE 3,20%\",\"datePublished\":\"2025-09-05T16:00:30+00:00\",\"dateModified\":\"2025-09-05T15:37:32+00:00\",\"mainEntityOfPage\":{\"@id\":\"https:\/\/bahiaeconomica.com.br\/wp\/2025\/09\/05\/em-agosto-cesta-basica-de-salvador-apresenta-reducao-de-320\/\"},\"wordCount\":520,\"publisher\":{\"@id\":\"https:\/\/bahiaeconomica.com.br\/wp\/#organization\"},\"keywords\":[\"agosto\",\"cesta b\u00e1sica\",\"reducao\",\"Salvador\",\"SEI\"],\"articleSection\":[\"DESTAQUE DO DIA\",\"ECONOMIA \/ POL\u00cdTICA\"],\"inLanguage\":\"pt-BR\"},{\"@type\":\"WebPage\",\"@id\":\"https:\/\/bahiaeconomica.com.br\/wp\/2025\/09\/05\/em-agosto-cesta-basica-de-salvador-apresenta-reducao-de-320\/\",\"url\":\"https:\/\/bahiaeconomica.com.br\/wp\/2025\/09\/05\/em-agosto-cesta-basica-de-salvador-apresenta-reducao-de-320\/\",\"name\":\"EM AGOSTO, CESTA B\u00c1SICA DE SALVADOR APRESENTA REDU\u00c7\u00c3O DE 3,20% - Bahia Economica\",\"isPartOf\":{\"@id\":\"https:\/\/bahiaeconomica.com.br\/wp\/#website\"},\"datePublished\":\"2025-09-05T16:00:30+00:00\",\"dateModified\":\"2025-09-05T15:37:32+00:00\",\"description\":\"O maior portal de Economia da Bahia DESTAQUE DO DIA, ECONOMIA \/ POL\u00cdTICA Bahia Economica 17 produtos registraram redu\u00e7\u00e3o nos pre\u00e7os\",\"breadcrumb\":{\"@id\":\"https:\/\/bahiaeconomica.com.br\/wp\/2025\/09\/05\/em-agosto-cesta-basica-de-salvador-apresenta-reducao-de-320\/#breadcrumb\"},\"inLanguage\":\"pt-BR\",\"potentialAction\":[{\"@type\":\"ReadAction\",\"target\":[\"https:\/\/bahiaeconomica.com.br\/wp\/2025\/09\/05\/em-agosto-cesta-basica-de-salvador-apresenta-reducao-de-320\/\"]}]},{\"@type\":\"BreadcrumbList\",\"@id\":\"https:\/\/bahiaeconomica.com.br\/wp\/2025\/09\/05\/em-agosto-cesta-basica-de-salvador-apresenta-reducao-de-320\/#breadcrumb\",\"itemListElement\":[{\"@type\":\"ListItem\",\"position\":1,\"name\":\"In\u00edcio\",\"item\":\"https:\/\/bahiaeconomica.com.br\/wp\/\"},{\"@type\":\"ListItem\",\"position\":2,\"name\":\"EM AGOSTO, CESTA B\u00c1SICA DE SALVADOR APRESENTA REDU\u00c7\u00c3O DE 3,20%\"}]},{\"@type\":\"WebSite\",\"@id\":\"https:\/\/bahiaeconomica.com.br\/wp\/#website\",\"url\":\"https:\/\/bahiaeconomica.com.br\/wp\/\",\"name\":\"Bahia Economica\",\"description\":\"O maior portal de Economia da Bahia\",\"publisher\":{\"@id\":\"https:\/\/bahiaeconomica.com.br\/wp\/#organization\"},\"potentialAction\":[{\"@type\":\"SearchAction\",\"target\":{\"@type\":\"EntryPoint\",\"urlTemplate\":\"https:\/\/bahiaeconomica.com.br\/wp\/?s={search_term_string}\"},\"query-input\":\"required name=search_term_string\"}],\"inLanguage\":\"pt-BR\"},{\"@type\":\"Organization\",\"@id\":\"https:\/\/bahiaeconomica.com.br\/wp\/#organization\",\"name\":\"Bahia Econ\u00f4mica\",\"url\":\"https:\/\/bahiaeconomica.com.br\/wp\/\",\"logo\":{\"@type\":\"ImageObject\",\"inLanguage\":\"pt-BR\",\"@id\":\"https:\/\/bahiaeconomica.com.br\/wp\/#\/schema\/logo\/image\/\",\"url\":\"https:\/\/bahiaeconomica.com.br\/wp\/wp-content\/uploads\/2020\/12\/cropped-BE.png\",\"contentUrl\":\"https:\/\/bahiaeconomica.com.br\/wp\/wp-content\/uploads\/2020\/12\/cropped-BE.png\",\"width\":512,\"height\":512,\"caption\":\"Bahia Econ\u00f4mica\"},\"image\":{\"@id\":\"https:\/\/bahiaeconomica.com.br\/wp\/#\/schema\/logo\/image\/\"},\"sameAs\":[\"https:\/\/www.facebook.com\/bahiaeconomica\"]},{\"@type\":\"Person\",\"@id\":\"https:\/\/bahiaeconomica.com.br\/wp\/#\/schema\/person\/9310b0e591f5979f6f99773eac5804e6\",\"name\":\"BRUNA CARVALHO\",\"sameAs\":[\"http:\/\/www.bahiaeconomica.com.br\"],\"url\":\"https:\/\/bahiaeconomica.com.br\/wp\/author\/bruna\/\"}]}<\/script>\n<!-- \/ Yoast SEO plugin. -->","yoast_head_json":{"title":"EM AGOSTO, CESTA B\u00c1SICA DE SALVADOR APRESENTA REDU\u00c7\u00c3O DE 3,20% - Bahia Economica","description":"O maior portal de Economia da Bahia DESTAQUE DO DIA, ECONOMIA \/ POL\u00cdTICA Bahia Economica 17 produtos registraram redu\u00e7\u00e3o nos pre\u00e7os","robots":{"index":"index","follow":"follow","max-snippet":"max-snippet:-1","max-image-preview":"max-image-preview:large","max-video-preview":"max-video-preview:-1"},"canonical":"https:\/\/bahiaeconomica.com.br\/wp\/2025\/09\/05\/em-agosto-cesta-basica-de-salvador-apresenta-reducao-de-320\/","og_locale":"pt_BR","og_type":"article","og_title":"EM AGOSTO, CESTA B\u00c1SICA DE SALVADOR APRESENTA REDU\u00c7\u00c3O DE 3,20% - Bahia Economica","og_description":"O maior portal de Economia da Bahia DESTAQUE DO DIA, ECONOMIA \/ POL\u00cdTICA Bahia Economica 17 produtos registraram redu\u00e7\u00e3o nos pre\u00e7os","og_url":"https:\/\/bahiaeconomica.com.br\/wp\/2025\/09\/05\/em-agosto-cesta-basica-de-salvador-apresenta-reducao-de-320\/","og_site_name":"Bahia Economica","article_publisher":"https:\/\/www.facebook.com\/bahiaeconomica","article_published_time":"2025-09-05T16:00:30+00:00","article_modified_time":"2025-09-05T15:37:32+00:00","og_image":[{"width":700,"height":525,"url":"https:\/\/bahiaeconomica.com.br\/wp\/wp-content\/uploads\/2025\/09\/foto-jean-vagner-SEI-mercado00038reduzido.png","type":"image\/png"}],"author":"BRUNA CARVALHO","twitter_card":"summary_large_image","twitter_misc":{"Escrito por":"BRUNA CARVALHO","Est. tempo de leitura":"3 minutos"},"schema":{"@context":"https:\/\/schema.org","@graph":[{"@type":"Article","@id":"https:\/\/bahiaeconomica.com.br\/wp\/2025\/09\/05\/em-agosto-cesta-basica-de-salvador-apresenta-reducao-de-320\/#article","isPartOf":{"@id":"https:\/\/bahiaeconomica.com.br\/wp\/2025\/09\/05\/em-agosto-cesta-basica-de-salvador-apresenta-reducao-de-320\/"},"author":{"name":"BRUNA CARVALHO","@id":"https:\/\/bahiaeconomica.com.br\/wp\/#\/schema\/person\/9310b0e591f5979f6f99773eac5804e6"},"headline":"EM AGOSTO, CESTA B\u00c1SICA DE SALVADOR APRESENTA REDU\u00c7\u00c3O DE 3,20%","datePublished":"2025-09-05T16:00:30+00:00","dateModified":"2025-09-05T15:37:32+00:00","mainEntityOfPage":{"@id":"https:\/\/bahiaeconomica.com.br\/wp\/2025\/09\/05\/em-agosto-cesta-basica-de-salvador-apresenta-reducao-de-320\/"},"wordCount":520,"publisher":{"@id":"https:\/\/bahiaeconomica.com.br\/wp\/#organization"},"keywords":["agosto","cesta b\u00e1sica","reducao","Salvador","SEI"],"articleSection":["DESTAQUE DO DIA","ECONOMIA \/ POL\u00cdTICA"],"inLanguage":"pt-BR"},{"@type":"WebPage","@id":"https:\/\/bahiaeconomica.com.br\/wp\/2025\/09\/05\/em-agosto-cesta-basica-de-salvador-apresenta-reducao-de-320\/","url":"https:\/\/bahiaeconomica.com.br\/wp\/2025\/09\/05\/em-agosto-cesta-basica-de-salvador-apresenta-reducao-de-320\/","name":"EM AGOSTO, CESTA B\u00c1SICA DE SALVADOR APRESENTA REDU\u00c7\u00c3O DE 3,20% - Bahia Economica","isPartOf":{"@id":"https:\/\/bahiaeconomica.com.br\/wp\/#website"},"datePublished":"2025-09-05T16:00:30+00:00","dateModified":"2025-09-05T15:37:32+00:00","description":"O maior portal de Economia da Bahia DESTAQUE DO DIA, ECONOMIA \/ POL\u00cdTICA Bahia Economica 17 produtos registraram redu\u00e7\u00e3o nos pre\u00e7os","breadcrumb":{"@id":"https:\/\/bahiaeconomica.com.br\/wp\/2025\/09\/05\/em-agosto-cesta-basica-de-salvador-apresenta-reducao-de-320\/#breadcrumb"},"inLanguage":"pt-BR","potentialAction":[{"@type":"ReadAction","target":["https:\/\/bahiaeconomica.com.br\/wp\/2025\/09\/05\/em-agosto-cesta-basica-de-salvador-apresenta-reducao-de-320\/"]}]},{"@type":"BreadcrumbList","@id":"https:\/\/bahiaeconomica.com.br\/wp\/2025\/09\/05\/em-agosto-cesta-basica-de-salvador-apresenta-reducao-de-320\/#breadcrumb","itemListElement":[{"@type":"ListItem","position":1,"name":"In\u00edcio","item":"https:\/\/bahiaeconomica.com.br\/wp\/"},{"@type":"ListItem","position":2,"name":"EM AGOSTO, CESTA B\u00c1SICA DE SALVADOR APRESENTA REDU\u00c7\u00c3O DE 3,20%"}]},{"@type":"WebSite","@id":"https:\/\/bahiaeconomica.com.br\/wp\/#website","url":"https:\/\/bahiaeconomica.com.br\/wp\/","name":"Bahia Economica","description":"O maior portal de Economia da Bahia","publisher":{"@id":"https:\/\/bahiaeconomica.com.br\/wp\/#organization"},"potentialAction":[{"@type":"SearchAction","target":{"@type":"EntryPoint","urlTemplate":"https:\/\/bahiaeconomica.com.br\/wp\/?s={search_term_string}"},"query-input":"required name=search_term_string"}],"inLanguage":"pt-BR"},{"@type":"Organization","@id":"https:\/\/bahiaeconomica.com.br\/wp\/#organization","name":"Bahia Econ\u00f4mica","url":"https:\/\/bahiaeconomica.com.br\/wp\/","logo":{"@type":"ImageObject","inLanguage":"pt-BR","@id":"https:\/\/bahiaeconomica.com.br\/wp\/#\/schema\/logo\/image\/","url":"https:\/\/bahiaeconomica.com.br\/wp\/wp-content\/uploads\/2020\/12\/cropped-BE.png","contentUrl":"https:\/\/bahiaeconomica.com.br\/wp\/wp-content\/uploads\/2020\/12\/cropped-BE.png","width":512,"height":512,"caption":"Bahia Econ\u00f4mica"},"image":{"@id":"https:\/\/bahiaeconomica.com.br\/wp\/#\/schema\/logo\/image\/"},"sameAs":["https:\/\/www.facebook.com\/bahiaeconomica"]},{"@type":"Person","@id":"https:\/\/bahiaeconomica.com.br\/wp\/#\/schema\/person\/9310b0e591f5979f6f99773eac5804e6","name":"BRUNA CARVALHO","sameAs":["http:\/\/www.bahiaeconomica.com.br"],"url":"https:\/\/bahiaeconomica.com.br\/wp\/author\/bruna\/"}]}},"views":11,"_links":{"self":[{"href":"https:\/\/bahiaeconomica.com.br\/wp\/wp-json\/wp\/v2\/posts\/932178"}],"collection":[{"href":"https:\/\/bahiaeconomica.com.br\/wp\/wp-json\/wp\/v2\/posts"}],"about":[{"href":"https:\/\/bahiaeconomica.com.br\/wp\/wp-json\/wp\/v2\/types\/post"}],"author":[{"embeddable":true,"href":"https:\/\/bahiaeconomica.com.br\/wp\/wp-json\/wp\/v2\/users\/20"}],"replies":[{"embeddable":true,"href":"https:\/\/bahiaeconomica.com.br\/wp\/wp-json\/wp\/v2\/comments?post=932178"}],"version-history":[{"count":1,"href":"https:\/\/bahiaeconomica.com.br\/wp\/wp-json\/wp\/v2\/posts\/932178\/revisions"}],"predecessor-version":[{"id":932189,"href":"https:\/\/bahiaeconomica.com.br\/wp\/wp-json\/wp\/v2\/posts\/932178\/revisions\/932189"}],"wp:featuredmedia":[{"embeddable":true,"href":"https:\/\/bahiaeconomica.com.br\/wp\/wp-json\/wp\/v2\/media\/932180"}],"wp:attachment":[{"href":"https:\/\/bahiaeconomica.com.br\/wp\/wp-json\/wp\/v2\/media?parent=932178"}],"wp:term":[{"taxonomy":"category","embeddable":true,"href":"https:\/\/bahiaeconomica.com.br\/wp\/wp-json\/wp\/v2\/categories?post=932178"},{"taxonomy":"post_tag","embeddable":true,"href":"https:\/\/bahiaeconomica.com.br\/wp\/wp-json\/wp\/v2\/tags?post=932178"}],"curies":[{"name":"wp","href":"https:\/\/api.w.org\/{rel}","templated":true}]}}