{"id":931800,"date":"2025-09-04T09:40:13","date_gmt":"2025-09-04T12:40:13","guid":{"rendered":"https:\/\/bahiaeconomica.com.br\/wp\/?p=931800"},"modified":"2025-09-04T11:09:46","modified_gmt":"2025-09-04T14:09:46","slug":"reforma-tributaria-como-a-mudanca-pode-afetar-diretamente-os-impostos-no-bolso-do-cidadao","status":"publish","type":"post","link":"https:\/\/bahiaeconomica.com.br\/wp\/2025\/09\/04\/reforma-tributaria-como-a-mudanca-pode-afetar-diretamente-os-impostos-no-bolso-do-cidadao\/","title":{"rendered":"REFORMA TRIBUT\u00c1RIA: COMO A MUDAN\u00c7A PODE AFETAR DIRETAMENTE OS IMPOSTOS NO BOLSO DO CIDAD\u00c3O"},"content":{"rendered":"<p>A proposta de Reforma Administrativa em an\u00e1lise na C\u00e2mara dos Deputados ganhou destaque nesta semana, mas especialistas refor\u00e7am que as altera\u00e7\u00f5es caminham em paralelo \u00e0 Reforma Tribut\u00e1ria, que j\u00e1 tramita e deve ter impacto direto nos impostos pagos pela popula\u00e7\u00e3o e pelas empresas.<\/p>\n<p>Segundo Bruno Medeiros Dur\u00e3o, advogado tributarista, especialista em finan\u00e7as, a expectativa \u00e9 que a reforma promova uma simplifica\u00e7\u00e3o do sistema e reduza distor\u00e7\u00f5es hist\u00f3ricas. \u201cNa pr\u00e1tica, o cidad\u00e3o vai sentir o efeito da unifica\u00e7\u00e3o e reorganiza\u00e7\u00e3o dos tributos sobre consumo. Hoje, cada estado e munic\u00edpio adota regras pr\u00f3prias, o que gera inseguran\u00e7a e burocracia. A ideia central \u00e9 substituir impostos como ICMS, ISS, PIS e Cofins por um \u00fanico tributo sobre valor agregado, o chamado IVA, tornando a cobran\u00e7a mais transparente e previs\u00edvel\u201d, explica.<\/p>\n<p>O especialista ressalta ainda que a reforma poder\u00e1 ter impacto no pre\u00e7o final de produtos e servi\u00e7os. \u201cEm alguns setores, haver\u00e1 aumento da carga, especialmente onde hoje existem mais benef\u00edcios fiscais, enquanto em outros pode ocorrer redu\u00e7\u00e3o. O ponto positivo \u00e9 que a proposta tende a reduzir a chamada \u2018cascata tribut\u00e1ria\u2019, que encarece os pre\u00e7os de forma artificial. Para o consumidor final, o efeito ser\u00e1 de maior clareza na nota fiscal e mais equil\u00edbrio entre estados e munic\u00edpios na arrecada\u00e7\u00e3o\u201d, esclarece.<\/p>\n<p>Outro aspecto relevante \u00e9 a transi\u00e7\u00e3o gradual. Ele afirma que isso foi pensado para evitar choques bruscos na economia. \u201cO modelo prev\u00ea uma implementa\u00e7\u00e3o ao longo de alguns anos. Isso d\u00e1 tempo para que empresas e \u00f3rg\u00e3os p\u00fablicos se adaptem \u00e0s novas regras, sem comprometer a arrecada\u00e7\u00e3o e a presta\u00e7\u00e3o de servi\u00e7os essenciais\u201d, conclui.<\/p>\n<p>Imagem de\u00a0Nattanan Kanchanaprat\u00a0por\u00a0Pixabay<\/p>\n","protected":false},"excerpt":{"rendered":"<p>A proposta de Reforma Administrativa em an\u00e1lise na C\u00e2mara dos Deputados ganhou destaque nesta semana, mas especialistas refor\u00e7am que as altera\u00e7\u00f5es caminham em paralelo \u00e0 Reforma Tribut\u00e1ria, que j\u00e1 tramita e deve ter impacto direto nos impostos pagos pela popula\u00e7\u00e3o e pelas empresas. Segundo Bruno Medeiros Dur\u00e3o, advogado tributarista, especialista em finan\u00e7as, a expectativa \u00e9 [&hellip;]<\/p>\n","protected":false},"author":8,"featured_media":931801,"comment_status":"closed","ping_status":"closed","sticky":false,"template":"","format":"standard","meta":[],"categories":[3],"tags":[213,1531,1158],"acf":[],"yoast_head":"<!-- This site is optimized with the Yoast SEO plugin v20.8 - https:\/\/yoast.com\/wordpress\/plugins\/seo\/ -->\n<title>REFORMA TRIBUT\u00c1RIA: COMO A MUDAN\u00c7A PODE AFETAR DIRETAMENTE OS IMPOSTOS NO BOLSO DO CIDAD\u00c3O - Bahia Economica<\/title>\n<meta name=\"description\" content=\"O maior portal de Economia da Bahia ECONOMIA \/ POL\u00cdTICA Bahia Economica Segundo Bruno Medeiros Dur\u00e3o, advogado tributarista\" \/>\n<meta name=\"robots\" content=\"index, follow, max-snippet:-1, max-image-preview:large, max-video-preview:-1\" \/>\n<link rel=\"canonical\" href=\"https:\/\/bahiaeconomica.com.br\/wp\/2025\/09\/04\/reforma-tributaria-como-a-mudanca-pode-afetar-diretamente-os-impostos-no-bolso-do-cidadao\/\" \/>\n<meta property=\"og:locale\" content=\"pt_BR\" \/>\n<meta property=\"og:type\" content=\"article\" \/>\n<meta property=\"og:title\" content=\"REFORMA TRIBUT\u00c1RIA: COMO A MUDAN\u00c7A PODE AFETAR DIRETAMENTE OS IMPOSTOS NO BOLSO DO CIDAD\u00c3O - Bahia Economica\" \/>\n<meta property=\"og:description\" content=\"O maior portal de Economia da Bahia ECONOMIA \/ POL\u00cdTICA Bahia Economica Segundo Bruno Medeiros Dur\u00e3o, advogado tributarista\" \/>\n<meta property=\"og:url\" content=\"https:\/\/bahiaeconomica.com.br\/wp\/2025\/09\/04\/reforma-tributaria-como-a-mudanca-pode-afetar-diretamente-os-impostos-no-bolso-do-cidadao\/\" \/>\n<meta property=\"og:site_name\" content=\"Bahia Economica\" \/>\n<meta property=\"article:publisher\" content=\"https:\/\/www.facebook.com\/bahiaeconomica\" \/>\n<meta property=\"article:published_time\" content=\"2025-09-04T12:40:13+00:00\" \/>\n<meta property=\"article:modified_time\" content=\"2025-09-04T14:09:46+00:00\" \/>\n<meta property=\"og:image\" content=\"https:\/\/bahiaeconomica.com.br\/wp\/wp-content\/uploads\/2025\/09\/money-2696228_1280.jpg\" \/>\n\t<meta property=\"og:image:width\" content=\"1280\" \/>\n\t<meta property=\"og:image:height\" content=\"725\" \/>\n\t<meta property=\"og:image:type\" content=\"image\/jpeg\" \/>\n<meta name=\"author\" content=\"JP\" \/>\n<meta name=\"twitter:card\" content=\"summary_large_image\" \/>\n<meta name=\"twitter:label1\" content=\"Escrito por\" \/>\n\t<meta name=\"twitter:data1\" content=\"JP\" \/>\n\t<meta name=\"twitter:label2\" content=\"Est. tempo de leitura\" \/>\n\t<meta name=\"twitter:data2\" content=\"2 minutos\" \/>\n<script type=\"application\/ld+json\" class=\"yoast-schema-graph\">{\"@context\":\"https:\/\/schema.org\",\"@graph\":[{\"@type\":\"Article\",\"@id\":\"https:\/\/bahiaeconomica.com.br\/wp\/2025\/09\/04\/reforma-tributaria-como-a-mudanca-pode-afetar-diretamente-os-impostos-no-bolso-do-cidadao\/#article\",\"isPartOf\":{\"@id\":\"https:\/\/bahiaeconomica.com.br\/wp\/2025\/09\/04\/reforma-tributaria-como-a-mudanca-pode-afetar-diretamente-os-impostos-no-bolso-do-cidadao\/\"},\"author\":{\"name\":\"JP\",\"@id\":\"https:\/\/bahiaeconomica.com.br\/wp\/#\/schema\/person\/c86d3a3f8960425a0f9d0e5245991f4e\"},\"headline\":\"REFORMA TRIBUT\u00c1RIA: COMO A MUDAN\u00c7A PODE AFETAR DIRETAMENTE OS IMPOSTOS NO BOLSO DO CIDAD\u00c3O\",\"datePublished\":\"2025-09-04T12:40:13+00:00\",\"dateModified\":\"2025-09-04T14:09:46+00:00\",\"mainEntityOfPage\":{\"@id\":\"https:\/\/bahiaeconomica.com.br\/wp\/2025\/09\/04\/reforma-tributaria-como-a-mudanca-pode-afetar-diretamente-os-impostos-no-bolso-do-cidadao\/\"},\"wordCount\":316,\"publisher\":{\"@id\":\"https:\/\/bahiaeconomica.com.br\/wp\/#organization\"},\"keywords\":[\"Economia\",\"imposto\",\"renda\"],\"articleSection\":[\"ECONOMIA \/ POL\u00cdTICA\"],\"inLanguage\":\"pt-BR\"},{\"@type\":\"WebPage\",\"@id\":\"https:\/\/bahiaeconomica.com.br\/wp\/2025\/09\/04\/reforma-tributaria-como-a-mudanca-pode-afetar-diretamente-os-impostos-no-bolso-do-cidadao\/\",\"url\":\"https:\/\/bahiaeconomica.com.br\/wp\/2025\/09\/04\/reforma-tributaria-como-a-mudanca-pode-afetar-diretamente-os-impostos-no-bolso-do-cidadao\/\",\"name\":\"REFORMA TRIBUT\u00c1RIA: COMO A MUDAN\u00c7A PODE AFETAR DIRETAMENTE OS IMPOSTOS NO BOLSO DO CIDAD\u00c3O - Bahia Economica\",\"isPartOf\":{\"@id\":\"https:\/\/bahiaeconomica.com.br\/wp\/#website\"},\"datePublished\":\"2025-09-04T12:40:13+00:00\",\"dateModified\":\"2025-09-04T14:09:46+00:00\",\"description\":\"O maior portal de Economia da Bahia ECONOMIA \/ POL\u00cdTICA Bahia Economica Segundo Bruno Medeiros Dur\u00e3o, advogado tributarista\",\"breadcrumb\":{\"@id\":\"https:\/\/bahiaeconomica.com.br\/wp\/2025\/09\/04\/reforma-tributaria-como-a-mudanca-pode-afetar-diretamente-os-impostos-no-bolso-do-cidadao\/#breadcrumb\"},\"inLanguage\":\"pt-BR\",\"potentialAction\":[{\"@type\":\"ReadAction\",\"target\":[\"https:\/\/bahiaeconomica.com.br\/wp\/2025\/09\/04\/reforma-tributaria-como-a-mudanca-pode-afetar-diretamente-os-impostos-no-bolso-do-cidadao\/\"]}]},{\"@type\":\"BreadcrumbList\",\"@id\":\"https:\/\/bahiaeconomica.com.br\/wp\/2025\/09\/04\/reforma-tributaria-como-a-mudanca-pode-afetar-diretamente-os-impostos-no-bolso-do-cidadao\/#breadcrumb\",\"itemListElement\":[{\"@type\":\"ListItem\",\"position\":1,\"name\":\"In\u00edcio\",\"item\":\"https:\/\/bahiaeconomica.com.br\/wp\/\"},{\"@type\":\"ListItem\",\"position\":2,\"name\":\"REFORMA TRIBUT\u00c1RIA: COMO A MUDAN\u00c7A PODE AFETAR DIRETAMENTE OS IMPOSTOS NO BOLSO DO CIDAD\u00c3O\"}]},{\"@type\":\"WebSite\",\"@id\":\"https:\/\/bahiaeconomica.com.br\/wp\/#website\",\"url\":\"https:\/\/bahiaeconomica.com.br\/wp\/\",\"name\":\"Bahia Economica\",\"description\":\"O maior portal de Economia da Bahia\",\"publisher\":{\"@id\":\"https:\/\/bahiaeconomica.com.br\/wp\/#organization\"},\"potentialAction\":[{\"@type\":\"SearchAction\",\"target\":{\"@type\":\"EntryPoint\",\"urlTemplate\":\"https:\/\/bahiaeconomica.com.br\/wp\/?s={search_term_string}\"},\"query-input\":\"required name=search_term_string\"}],\"inLanguage\":\"pt-BR\"},{\"@type\":\"Organization\",\"@id\":\"https:\/\/bahiaeconomica.com.br\/wp\/#organization\",\"name\":\"Bahia Econ\u00f4mica\",\"url\":\"https:\/\/bahiaeconomica.com.br\/wp\/\",\"logo\":{\"@type\":\"ImageObject\",\"inLanguage\":\"pt-BR\",\"@id\":\"https:\/\/bahiaeconomica.com.br\/wp\/#\/schema\/logo\/image\/\",\"url\":\"https:\/\/bahiaeconomica.com.br\/wp\/wp-content\/uploads\/2020\/12\/cropped-BE.png\",\"contentUrl\":\"https:\/\/bahiaeconomica.com.br\/wp\/wp-content\/uploads\/2020\/12\/cropped-BE.png\",\"width\":512,\"height\":512,\"caption\":\"Bahia Econ\u00f4mica\"},\"image\":{\"@id\":\"https:\/\/bahiaeconomica.com.br\/wp\/#\/schema\/logo\/image\/\"},\"sameAs\":[\"https:\/\/www.facebook.com\/bahiaeconomica\"]},{\"@type\":\"Person\",\"@id\":\"https:\/\/bahiaeconomica.com.br\/wp\/#\/schema\/person\/c86d3a3f8960425a0f9d0e5245991f4e\",\"name\":\"JP\",\"sameAs\":[\"https:\/\/bahiaeconomica.com.br\/wp\/beta\/\"],\"url\":\"https:\/\/bahiaeconomica.com.br\/wp\/author\/jp\/\"}]}<\/script>\n<!-- \/ Yoast SEO plugin. -->","yoast_head_json":{"title":"REFORMA TRIBUT\u00c1RIA: COMO A MUDAN\u00c7A PODE AFETAR DIRETAMENTE OS IMPOSTOS NO BOLSO DO CIDAD\u00c3O - Bahia Economica","description":"O maior portal de Economia da Bahia ECONOMIA \/ POL\u00cdTICA Bahia Economica Segundo Bruno Medeiros Dur\u00e3o, advogado tributarista","robots":{"index":"index","follow":"follow","max-snippet":"max-snippet:-1","max-image-preview":"max-image-preview:large","max-video-preview":"max-video-preview:-1"},"canonical":"https:\/\/bahiaeconomica.com.br\/wp\/2025\/09\/04\/reforma-tributaria-como-a-mudanca-pode-afetar-diretamente-os-impostos-no-bolso-do-cidadao\/","og_locale":"pt_BR","og_type":"article","og_title":"REFORMA TRIBUT\u00c1RIA: COMO A MUDAN\u00c7A PODE AFETAR DIRETAMENTE OS IMPOSTOS NO BOLSO DO CIDAD\u00c3O - Bahia Economica","og_description":"O maior portal de Economia da Bahia ECONOMIA \/ POL\u00cdTICA Bahia Economica Segundo Bruno Medeiros Dur\u00e3o, advogado tributarista","og_url":"https:\/\/bahiaeconomica.com.br\/wp\/2025\/09\/04\/reforma-tributaria-como-a-mudanca-pode-afetar-diretamente-os-impostos-no-bolso-do-cidadao\/","og_site_name":"Bahia Economica","article_publisher":"https:\/\/www.facebook.com\/bahiaeconomica","article_published_time":"2025-09-04T12:40:13+00:00","article_modified_time":"2025-09-04T14:09:46+00:00","og_image":[{"width":1280,"height":725,"url":"https:\/\/bahiaeconomica.com.br\/wp\/wp-content\/uploads\/2025\/09\/money-2696228_1280.jpg","type":"image\/jpeg"}],"author":"JP","twitter_card":"summary_large_image","twitter_misc":{"Escrito por":"JP","Est. tempo de leitura":"2 minutos"},"schema":{"@context":"https:\/\/schema.org","@graph":[{"@type":"Article","@id":"https:\/\/bahiaeconomica.com.br\/wp\/2025\/09\/04\/reforma-tributaria-como-a-mudanca-pode-afetar-diretamente-os-impostos-no-bolso-do-cidadao\/#article","isPartOf":{"@id":"https:\/\/bahiaeconomica.com.br\/wp\/2025\/09\/04\/reforma-tributaria-como-a-mudanca-pode-afetar-diretamente-os-impostos-no-bolso-do-cidadao\/"},"author":{"name":"JP","@id":"https:\/\/bahiaeconomica.com.br\/wp\/#\/schema\/person\/c86d3a3f8960425a0f9d0e5245991f4e"},"headline":"REFORMA TRIBUT\u00c1RIA: COMO A MUDAN\u00c7A PODE AFETAR DIRETAMENTE OS IMPOSTOS NO BOLSO DO CIDAD\u00c3O","datePublished":"2025-09-04T12:40:13+00:00","dateModified":"2025-09-04T14:09:46+00:00","mainEntityOfPage":{"@id":"https:\/\/bahiaeconomica.com.br\/wp\/2025\/09\/04\/reforma-tributaria-como-a-mudanca-pode-afetar-diretamente-os-impostos-no-bolso-do-cidadao\/"},"wordCount":316,"publisher":{"@id":"https:\/\/bahiaeconomica.com.br\/wp\/#organization"},"keywords":["Economia","imposto","renda"],"articleSection":["ECONOMIA \/ POL\u00cdTICA"],"inLanguage":"pt-BR"},{"@type":"WebPage","@id":"https:\/\/bahiaeconomica.com.br\/wp\/2025\/09\/04\/reforma-tributaria-como-a-mudanca-pode-afetar-diretamente-os-impostos-no-bolso-do-cidadao\/","url":"https:\/\/bahiaeconomica.com.br\/wp\/2025\/09\/04\/reforma-tributaria-como-a-mudanca-pode-afetar-diretamente-os-impostos-no-bolso-do-cidadao\/","name":"REFORMA TRIBUT\u00c1RIA: COMO A MUDAN\u00c7A PODE AFETAR DIRETAMENTE OS IMPOSTOS NO BOLSO DO CIDAD\u00c3O - Bahia Economica","isPartOf":{"@id":"https:\/\/bahiaeconomica.com.br\/wp\/#website"},"datePublished":"2025-09-04T12:40:13+00:00","dateModified":"2025-09-04T14:09:46+00:00","description":"O maior portal de Economia da Bahia ECONOMIA \/ POL\u00cdTICA Bahia Economica Segundo Bruno Medeiros Dur\u00e3o, advogado tributarista","breadcrumb":{"@id":"https:\/\/bahiaeconomica.com.br\/wp\/2025\/09\/04\/reforma-tributaria-como-a-mudanca-pode-afetar-diretamente-os-impostos-no-bolso-do-cidadao\/#breadcrumb"},"inLanguage":"pt-BR","potentialAction":[{"@type":"ReadAction","target":["https:\/\/bahiaeconomica.com.br\/wp\/2025\/09\/04\/reforma-tributaria-como-a-mudanca-pode-afetar-diretamente-os-impostos-no-bolso-do-cidadao\/"]}]},{"@type":"BreadcrumbList","@id":"https:\/\/bahiaeconomica.com.br\/wp\/2025\/09\/04\/reforma-tributaria-como-a-mudanca-pode-afetar-diretamente-os-impostos-no-bolso-do-cidadao\/#breadcrumb","itemListElement":[{"@type":"ListItem","position":1,"name":"In\u00edcio","item":"https:\/\/bahiaeconomica.com.br\/wp\/"},{"@type":"ListItem","position":2,"name":"REFORMA TRIBUT\u00c1RIA: COMO A MUDAN\u00c7A PODE AFETAR DIRETAMENTE OS IMPOSTOS NO BOLSO DO CIDAD\u00c3O"}]},{"@type":"WebSite","@id":"https:\/\/bahiaeconomica.com.br\/wp\/#website","url":"https:\/\/bahiaeconomica.com.br\/wp\/","name":"Bahia Economica","description":"O maior portal de Economia da Bahia","publisher":{"@id":"https:\/\/bahiaeconomica.com.br\/wp\/#organization"},"potentialAction":[{"@type":"SearchAction","target":{"@type":"EntryPoint","urlTemplate":"https:\/\/bahiaeconomica.com.br\/wp\/?s={search_term_string}"},"query-input":"required name=search_term_string"}],"inLanguage":"pt-BR"},{"@type":"Organization","@id":"https:\/\/bahiaeconomica.com.br\/wp\/#organization","name":"Bahia Econ\u00f4mica","url":"https:\/\/bahiaeconomica.com.br\/wp\/","logo":{"@type":"ImageObject","inLanguage":"pt-BR","@id":"https:\/\/bahiaeconomica.com.br\/wp\/#\/schema\/logo\/image\/","url":"https:\/\/bahiaeconomica.com.br\/wp\/wp-content\/uploads\/2020\/12\/cropped-BE.png","contentUrl":"https:\/\/bahiaeconomica.com.br\/wp\/wp-content\/uploads\/2020\/12\/cropped-BE.png","width":512,"height":512,"caption":"Bahia Econ\u00f4mica"},"image":{"@id":"https:\/\/bahiaeconomica.com.br\/wp\/#\/schema\/logo\/image\/"},"sameAs":["https:\/\/www.facebook.com\/bahiaeconomica"]},{"@type":"Person","@id":"https:\/\/bahiaeconomica.com.br\/wp\/#\/schema\/person\/c86d3a3f8960425a0f9d0e5245991f4e","name":"JP","sameAs":["https:\/\/bahiaeconomica.com.br\/wp\/beta\/"],"url":"https:\/\/bahiaeconomica.com.br\/wp\/author\/jp\/"}]}},"views":25,"_links":{"self":[{"href":"https:\/\/bahiaeconomica.com.br\/wp\/wp-json\/wp\/v2\/posts\/931800"}],"collection":[{"href":"https:\/\/bahiaeconomica.com.br\/wp\/wp-json\/wp\/v2\/posts"}],"about":[{"href":"https:\/\/bahiaeconomica.com.br\/wp\/wp-json\/wp\/v2\/types\/post"}],"author":[{"embeddable":true,"href":"https:\/\/bahiaeconomica.com.br\/wp\/wp-json\/wp\/v2\/users\/8"}],"replies":[{"embeddable":true,"href":"https:\/\/bahiaeconomica.com.br\/wp\/wp-json\/wp\/v2\/comments?post=931800"}],"version-history":[{"count":1,"href":"https:\/\/bahiaeconomica.com.br\/wp\/wp-json\/wp\/v2\/posts\/931800\/revisions"}],"predecessor-version":[{"id":931802,"href":"https:\/\/bahiaeconomica.com.br\/wp\/wp-json\/wp\/v2\/posts\/931800\/revisions\/931802"}],"wp:featuredmedia":[{"embeddable":true,"href":"https:\/\/bahiaeconomica.com.br\/wp\/wp-json\/wp\/v2\/media\/931801"}],"wp:attachment":[{"href":"https:\/\/bahiaeconomica.com.br\/wp\/wp-json\/wp\/v2\/media?parent=931800"}],"wp:term":[{"taxonomy":"category","embeddable":true,"href":"https:\/\/bahiaeconomica.com.br\/wp\/wp-json\/wp\/v2\/categories?post=931800"},{"taxonomy":"post_tag","embeddable":true,"href":"https:\/\/bahiaeconomica.com.br\/wp\/wp-json\/wp\/v2\/tags?post=931800"}],"curies":[{"name":"wp","href":"https:\/\/api.w.org\/{rel}","templated":true}]}}