{"id":931725,"date":"2025-09-03T15:00:56","date_gmt":"2025-09-03T18:00:56","guid":{"rendered":"https:\/\/bahiaeconomica.com.br\/wp\/?p=931725"},"modified":"2025-09-03T20:55:55","modified_gmt":"2025-09-03T23:55:55","slug":"consul-geral-de-portugal-visita-cachoeira-e-abre-dialogo-para-novas-parcerias","status":"publish","type":"post","link":"https:\/\/bahiaeconomica.com.br\/wp\/2025\/09\/03\/consul-geral-de-portugal-visita-cachoeira-e-abre-dialogo-para-novas-parcerias\/","title":{"rendered":"C\u00d4NSUL-GERAL DE PORTUGAL VISITA CACHOEIRA E ABRE DI\u00c1LOGO PARA NOVAS PARCERIAS"},"content":{"rendered":"<p>Na \u00faltima ter\u00e7a-feira (02), a prefeita de Cachoeira, Eliana Gonzaga (PT), recepcionou o c\u00f4nsul-geral de Portugal, Ricardo Cortes, em agenda oficial, ao lado do secretariado municipal, do vereador Mois\u00e9s Lago (PODE), que representou a C\u00e2mara de Vereadores, e de integrantes da sociedade civil organizada.<\/p>\n<p>Durante a visita, foram apresentados espa\u00e7os hist\u00f3ricos com potencial para investimentos, al\u00e9m de pontos culturais e tur\u00edsticos de grande relev\u00e2ncia para o munic\u00edpio. O encontro tamb\u00e9m incluiu di\u00e1logos sobre oportunidades de coopera\u00e7\u00e3o nas \u00e1reas de turismo, cultura e preserva\u00e7\u00e3o do patrim\u00f4nio.<\/p>\n<p>A iniciativa refor\u00e7a a import\u00e2ncia de Cachoeira no cen\u00e1rio internacional e abre caminhos para novas parcerias que unem desenvolvimento econ\u00f4mico, preserva\u00e7\u00e3o hist\u00f3rica e valoriza\u00e7\u00e3o cultural.<\/p>\n<p>Fonte: Ascom \u2013 Prefeitura Municipal de Cachoeira<\/p>\n","protected":false},"excerpt":{"rendered":"<p>Na \u00faltima ter\u00e7a-feira (02), a prefeita de Cachoeira, Eliana Gonzaga (PT), recepcionou o c\u00f4nsul-geral de Portugal, Ricardo Cortes, em agenda oficial, ao lado do secretariado municipal, do vereador Mois\u00e9s Lago (PODE), que representou a C\u00e2mara de Vereadores, e de integrantes da sociedade civil organizada. Durante a visita, foram apresentados espa\u00e7os hist\u00f3ricos com potencial para investimentos, [&hellip;]<\/p>\n","protected":false},"author":8,"featured_media":931726,"comment_status":"closed","ping_status":"closed","sticky":false,"template":"","format":"standard","meta":[],"categories":[3],"tags":[],"acf":[],"yoast_head":"<!-- This site is optimized with the Yoast SEO plugin v20.8 - https:\/\/yoast.com\/wordpress\/plugins\/seo\/ -->\n<title>C\u00d4NSUL-GERAL DE PORTUGAL VISITA CACHOEIRA E ABRE DI\u00c1LOGO PARA NOVAS PARCERIAS - Bahia Economica<\/title>\n<meta name=\"description\" content=\"O maior portal de Economia da Bahia ECONOMIA \/ POL\u00cdTICA Bahia Economica Na \u00faltima ter\u00e7a-feira (02), a prefeita de Cachoeira, Eliana Gonzaga (PT),\" \/>\n<meta name=\"robots\" content=\"index, follow, max-snippet:-1, max-image-preview:large, max-video-preview:-1\" \/>\n<link rel=\"canonical\" href=\"https:\/\/bahiaeconomica.com.br\/wp\/2025\/09\/03\/consul-geral-de-portugal-visita-cachoeira-e-abre-dialogo-para-novas-parcerias\/\" \/>\n<meta property=\"og:locale\" content=\"pt_BR\" \/>\n<meta property=\"og:type\" content=\"article\" \/>\n<meta property=\"og:title\" content=\"C\u00d4NSUL-GERAL DE PORTUGAL VISITA CACHOEIRA E ABRE DI\u00c1LOGO PARA NOVAS PARCERIAS - Bahia Economica\" \/>\n<meta property=\"og:description\" content=\"O maior portal de Economia da Bahia ECONOMIA \/ POL\u00cdTICA Bahia Economica Na \u00faltima ter\u00e7a-feira (02), a prefeita de Cachoeira, Eliana Gonzaga (PT),\" \/>\n<meta property=\"og:url\" content=\"https:\/\/bahiaeconomica.com.br\/wp\/2025\/09\/03\/consul-geral-de-portugal-visita-cachoeira-e-abre-dialogo-para-novas-parcerias\/\" \/>\n<meta property=\"og:site_name\" content=\"Bahia Economica\" \/>\n<meta property=\"article:publisher\" content=\"https:\/\/www.facebook.com\/bahiaeconomica\" \/>\n<meta property=\"article:published_time\" content=\"2025-09-03T18:00:56+00:00\" \/>\n<meta property=\"article:modified_time\" content=\"2025-09-03T23:55:55+00:00\" \/>\n<meta property=\"og:image\" content=\"https:\/\/bahiaeconomica.com.br\/wp\/wp-content\/uploads\/2025\/09\/WhatsApp-Image-2025-09-03-at-17.24.00.jpeg\" \/>\n\t<meta property=\"og:image:width\" content=\"1080\" \/>\n\t<meta property=\"og:image:height\" content=\"596\" \/>\n\t<meta property=\"og:image:type\" content=\"image\/jpeg\" \/>\n<meta name=\"author\" content=\"JP\" \/>\n<meta name=\"twitter:card\" content=\"summary_large_image\" \/>\n<meta name=\"twitter:label1\" content=\"Escrito por\" \/>\n\t<meta name=\"twitter:data1\" content=\"JP\" \/>\n\t<meta name=\"twitter:label2\" content=\"Est. tempo de leitura\" \/>\n\t<meta name=\"twitter:data2\" content=\"1 minuto\" \/>\n<script type=\"application\/ld+json\" class=\"yoast-schema-graph\">{\"@context\":\"https:\/\/schema.org\",\"@graph\":[{\"@type\":\"Article\",\"@id\":\"https:\/\/bahiaeconomica.com.br\/wp\/2025\/09\/03\/consul-geral-de-portugal-visita-cachoeira-e-abre-dialogo-para-novas-parcerias\/#article\",\"isPartOf\":{\"@id\":\"https:\/\/bahiaeconomica.com.br\/wp\/2025\/09\/03\/consul-geral-de-portugal-visita-cachoeira-e-abre-dialogo-para-novas-parcerias\/\"},\"author\":{\"name\":\"JP\",\"@id\":\"https:\/\/bahiaeconomica.com.br\/wp\/#\/schema\/person\/c86d3a3f8960425a0f9d0e5245991f4e\"},\"headline\":\"C\u00d4NSUL-GERAL DE PORTUGAL VISITA CACHOEIRA E ABRE DI\u00c1LOGO PARA NOVAS PARCERIAS\",\"datePublished\":\"2025-09-03T18:00:56+00:00\",\"dateModified\":\"2025-09-03T23:55:55+00:00\",\"mainEntityOfPage\":{\"@id\":\"https:\/\/bahiaeconomica.com.br\/wp\/2025\/09\/03\/consul-geral-de-portugal-visita-cachoeira-e-abre-dialogo-para-novas-parcerias\/\"},\"wordCount\":150,\"publisher\":{\"@id\":\"https:\/\/bahiaeconomica.com.br\/wp\/#organization\"},\"articleSection\":[\"ECONOMIA \/ POL\u00cdTICA\"],\"inLanguage\":\"pt-BR\"},{\"@type\":\"WebPage\",\"@id\":\"https:\/\/bahiaeconomica.com.br\/wp\/2025\/09\/03\/consul-geral-de-portugal-visita-cachoeira-e-abre-dialogo-para-novas-parcerias\/\",\"url\":\"https:\/\/bahiaeconomica.com.br\/wp\/2025\/09\/03\/consul-geral-de-portugal-visita-cachoeira-e-abre-dialogo-para-novas-parcerias\/\",\"name\":\"C\u00d4NSUL-GERAL DE PORTUGAL VISITA CACHOEIRA E ABRE DI\u00c1LOGO PARA NOVAS PARCERIAS - Bahia Economica\",\"isPartOf\":{\"@id\":\"https:\/\/bahiaeconomica.com.br\/wp\/#website\"},\"datePublished\":\"2025-09-03T18:00:56+00:00\",\"dateModified\":\"2025-09-03T23:55:55+00:00\",\"description\":\"O maior portal de Economia da Bahia ECONOMIA \/ POL\u00cdTICA Bahia Economica Na \u00faltima ter\u00e7a-feira (02), a prefeita de Cachoeira, Eliana Gonzaga (PT),\",\"breadcrumb\":{\"@id\":\"https:\/\/bahiaeconomica.com.br\/wp\/2025\/09\/03\/consul-geral-de-portugal-visita-cachoeira-e-abre-dialogo-para-novas-parcerias\/#breadcrumb\"},\"inLanguage\":\"pt-BR\",\"potentialAction\":[{\"@type\":\"ReadAction\",\"target\":[\"https:\/\/bahiaeconomica.com.br\/wp\/2025\/09\/03\/consul-geral-de-portugal-visita-cachoeira-e-abre-dialogo-para-novas-parcerias\/\"]}]},{\"@type\":\"BreadcrumbList\",\"@id\":\"https:\/\/bahiaeconomica.com.br\/wp\/2025\/09\/03\/consul-geral-de-portugal-visita-cachoeira-e-abre-dialogo-para-novas-parcerias\/#breadcrumb\",\"itemListElement\":[{\"@type\":\"ListItem\",\"position\":1,\"name\":\"In\u00edcio\",\"item\":\"https:\/\/bahiaeconomica.com.br\/wp\/\"},{\"@type\":\"ListItem\",\"position\":2,\"name\":\"C\u00d4NSUL-GERAL DE PORTUGAL VISITA CACHOEIRA E ABRE DI\u00c1LOGO PARA NOVAS PARCERIAS\"}]},{\"@type\":\"WebSite\",\"@id\":\"https:\/\/bahiaeconomica.com.br\/wp\/#website\",\"url\":\"https:\/\/bahiaeconomica.com.br\/wp\/\",\"name\":\"Bahia Economica\",\"description\":\"O maior portal de Economia da Bahia\",\"publisher\":{\"@id\":\"https:\/\/bahiaeconomica.com.br\/wp\/#organization\"},\"potentialAction\":[{\"@type\":\"SearchAction\",\"target\":{\"@type\":\"EntryPoint\",\"urlTemplate\":\"https:\/\/bahiaeconomica.com.br\/wp\/?s={search_term_string}\"},\"query-input\":\"required name=search_term_string\"}],\"inLanguage\":\"pt-BR\"},{\"@type\":\"Organization\",\"@id\":\"https:\/\/bahiaeconomica.com.br\/wp\/#organization\",\"name\":\"Bahia Econ\u00f4mica\",\"url\":\"https:\/\/bahiaeconomica.com.br\/wp\/\",\"logo\":{\"@type\":\"ImageObject\",\"inLanguage\":\"pt-BR\",\"@id\":\"https:\/\/bahiaeconomica.com.br\/wp\/#\/schema\/logo\/image\/\",\"url\":\"https:\/\/bahiaeconomica.com.br\/wp\/wp-content\/uploads\/2020\/12\/cropped-BE.png\",\"contentUrl\":\"https:\/\/bahiaeconomica.com.br\/wp\/wp-content\/uploads\/2020\/12\/cropped-BE.png\",\"width\":512,\"height\":512,\"caption\":\"Bahia Econ\u00f4mica\"},\"image\":{\"@id\":\"https:\/\/bahiaeconomica.com.br\/wp\/#\/schema\/logo\/image\/\"},\"sameAs\":[\"https:\/\/www.facebook.com\/bahiaeconomica\"]},{\"@type\":\"Person\",\"@id\":\"https:\/\/bahiaeconomica.com.br\/wp\/#\/schema\/person\/c86d3a3f8960425a0f9d0e5245991f4e\",\"name\":\"JP\",\"sameAs\":[\"https:\/\/bahiaeconomica.com.br\/wp\/beta\/\"],\"url\":\"https:\/\/bahiaeconomica.com.br\/wp\/author\/jp\/\"}]}<\/script>\n<!-- \/ Yoast SEO plugin. -->","yoast_head_json":{"title":"C\u00d4NSUL-GERAL DE PORTUGAL VISITA CACHOEIRA E ABRE DI\u00c1LOGO PARA NOVAS PARCERIAS - Bahia Economica","description":"O maior portal de Economia da Bahia ECONOMIA \/ POL\u00cdTICA Bahia Economica Na \u00faltima ter\u00e7a-feira (02), a prefeita de Cachoeira, Eliana Gonzaga (PT),","robots":{"index":"index","follow":"follow","max-snippet":"max-snippet:-1","max-image-preview":"max-image-preview:large","max-video-preview":"max-video-preview:-1"},"canonical":"https:\/\/bahiaeconomica.com.br\/wp\/2025\/09\/03\/consul-geral-de-portugal-visita-cachoeira-e-abre-dialogo-para-novas-parcerias\/","og_locale":"pt_BR","og_type":"article","og_title":"C\u00d4NSUL-GERAL DE PORTUGAL VISITA CACHOEIRA E ABRE DI\u00c1LOGO PARA NOVAS PARCERIAS - Bahia Economica","og_description":"O maior portal de Economia da Bahia ECONOMIA \/ POL\u00cdTICA Bahia Economica Na \u00faltima ter\u00e7a-feira (02), a prefeita de Cachoeira, Eliana Gonzaga (PT),","og_url":"https:\/\/bahiaeconomica.com.br\/wp\/2025\/09\/03\/consul-geral-de-portugal-visita-cachoeira-e-abre-dialogo-para-novas-parcerias\/","og_site_name":"Bahia Economica","article_publisher":"https:\/\/www.facebook.com\/bahiaeconomica","article_published_time":"2025-09-03T18:00:56+00:00","article_modified_time":"2025-09-03T23:55:55+00:00","og_image":[{"width":1080,"height":596,"url":"https:\/\/bahiaeconomica.com.br\/wp\/wp-content\/uploads\/2025\/09\/WhatsApp-Image-2025-09-03-at-17.24.00.jpeg","type":"image\/jpeg"}],"author":"JP","twitter_card":"summary_large_image","twitter_misc":{"Escrito por":"JP","Est. tempo de leitura":"1 minuto"},"schema":{"@context":"https:\/\/schema.org","@graph":[{"@type":"Article","@id":"https:\/\/bahiaeconomica.com.br\/wp\/2025\/09\/03\/consul-geral-de-portugal-visita-cachoeira-e-abre-dialogo-para-novas-parcerias\/#article","isPartOf":{"@id":"https:\/\/bahiaeconomica.com.br\/wp\/2025\/09\/03\/consul-geral-de-portugal-visita-cachoeira-e-abre-dialogo-para-novas-parcerias\/"},"author":{"name":"JP","@id":"https:\/\/bahiaeconomica.com.br\/wp\/#\/schema\/person\/c86d3a3f8960425a0f9d0e5245991f4e"},"headline":"C\u00d4NSUL-GERAL DE PORTUGAL VISITA CACHOEIRA E ABRE DI\u00c1LOGO PARA NOVAS PARCERIAS","datePublished":"2025-09-03T18:00:56+00:00","dateModified":"2025-09-03T23:55:55+00:00","mainEntityOfPage":{"@id":"https:\/\/bahiaeconomica.com.br\/wp\/2025\/09\/03\/consul-geral-de-portugal-visita-cachoeira-e-abre-dialogo-para-novas-parcerias\/"},"wordCount":150,"publisher":{"@id":"https:\/\/bahiaeconomica.com.br\/wp\/#organization"},"articleSection":["ECONOMIA \/ POL\u00cdTICA"],"inLanguage":"pt-BR"},{"@type":"WebPage","@id":"https:\/\/bahiaeconomica.com.br\/wp\/2025\/09\/03\/consul-geral-de-portugal-visita-cachoeira-e-abre-dialogo-para-novas-parcerias\/","url":"https:\/\/bahiaeconomica.com.br\/wp\/2025\/09\/03\/consul-geral-de-portugal-visita-cachoeira-e-abre-dialogo-para-novas-parcerias\/","name":"C\u00d4NSUL-GERAL DE PORTUGAL VISITA CACHOEIRA E ABRE DI\u00c1LOGO PARA NOVAS PARCERIAS - Bahia Economica","isPartOf":{"@id":"https:\/\/bahiaeconomica.com.br\/wp\/#website"},"datePublished":"2025-09-03T18:00:56+00:00","dateModified":"2025-09-03T23:55:55+00:00","description":"O maior portal de Economia da Bahia ECONOMIA \/ POL\u00cdTICA Bahia Economica Na \u00faltima ter\u00e7a-feira (02), a prefeita de Cachoeira, Eliana Gonzaga (PT),","breadcrumb":{"@id":"https:\/\/bahiaeconomica.com.br\/wp\/2025\/09\/03\/consul-geral-de-portugal-visita-cachoeira-e-abre-dialogo-para-novas-parcerias\/#breadcrumb"},"inLanguage":"pt-BR","potentialAction":[{"@type":"ReadAction","target":["https:\/\/bahiaeconomica.com.br\/wp\/2025\/09\/03\/consul-geral-de-portugal-visita-cachoeira-e-abre-dialogo-para-novas-parcerias\/"]}]},{"@type":"BreadcrumbList","@id":"https:\/\/bahiaeconomica.com.br\/wp\/2025\/09\/03\/consul-geral-de-portugal-visita-cachoeira-e-abre-dialogo-para-novas-parcerias\/#breadcrumb","itemListElement":[{"@type":"ListItem","position":1,"name":"In\u00edcio","item":"https:\/\/bahiaeconomica.com.br\/wp\/"},{"@type":"ListItem","position":2,"name":"C\u00d4NSUL-GERAL DE PORTUGAL VISITA CACHOEIRA E ABRE DI\u00c1LOGO PARA NOVAS PARCERIAS"}]},{"@type":"WebSite","@id":"https:\/\/bahiaeconomica.com.br\/wp\/#website","url":"https:\/\/bahiaeconomica.com.br\/wp\/","name":"Bahia Economica","description":"O maior portal de Economia da Bahia","publisher":{"@id":"https:\/\/bahiaeconomica.com.br\/wp\/#organization"},"potentialAction":[{"@type":"SearchAction","target":{"@type":"EntryPoint","urlTemplate":"https:\/\/bahiaeconomica.com.br\/wp\/?s={search_term_string}"},"query-input":"required name=search_term_string"}],"inLanguage":"pt-BR"},{"@type":"Organization","@id":"https:\/\/bahiaeconomica.com.br\/wp\/#organization","name":"Bahia Econ\u00f4mica","url":"https:\/\/bahiaeconomica.com.br\/wp\/","logo":{"@type":"ImageObject","inLanguage":"pt-BR","@id":"https:\/\/bahiaeconomica.com.br\/wp\/#\/schema\/logo\/image\/","url":"https:\/\/bahiaeconomica.com.br\/wp\/wp-content\/uploads\/2020\/12\/cropped-BE.png","contentUrl":"https:\/\/bahiaeconomica.com.br\/wp\/wp-content\/uploads\/2020\/12\/cropped-BE.png","width":512,"height":512,"caption":"Bahia Econ\u00f4mica"},"image":{"@id":"https:\/\/bahiaeconomica.com.br\/wp\/#\/schema\/logo\/image\/"},"sameAs":["https:\/\/www.facebook.com\/bahiaeconomica"]},{"@type":"Person","@id":"https:\/\/bahiaeconomica.com.br\/wp\/#\/schema\/person\/c86d3a3f8960425a0f9d0e5245991f4e","name":"JP","sameAs":["https:\/\/bahiaeconomica.com.br\/wp\/beta\/"],"url":"https:\/\/bahiaeconomica.com.br\/wp\/author\/jp\/"}]}},"views":43,"_links":{"self":[{"href":"https:\/\/bahiaeconomica.com.br\/wp\/wp-json\/wp\/v2\/posts\/931725"}],"collection":[{"href":"https:\/\/bahiaeconomica.com.br\/wp\/wp-json\/wp\/v2\/posts"}],"about":[{"href":"https:\/\/bahiaeconomica.com.br\/wp\/wp-json\/wp\/v2\/types\/post"}],"author":[{"embeddable":true,"href":"https:\/\/bahiaeconomica.com.br\/wp\/wp-json\/wp\/v2\/users\/8"}],"replies":[{"embeddable":true,"href":"https:\/\/bahiaeconomica.com.br\/wp\/wp-json\/wp\/v2\/comments?post=931725"}],"version-history":[{"count":1,"href":"https:\/\/bahiaeconomica.com.br\/wp\/wp-json\/wp\/v2\/posts\/931725\/revisions"}],"predecessor-version":[{"id":931727,"href":"https:\/\/bahiaeconomica.com.br\/wp\/wp-json\/wp\/v2\/posts\/931725\/revisions\/931727"}],"wp:featuredmedia":[{"embeddable":true,"href":"https:\/\/bahiaeconomica.com.br\/wp\/wp-json\/wp\/v2\/media\/931726"}],"wp:attachment":[{"href":"https:\/\/bahiaeconomica.com.br\/wp\/wp-json\/wp\/v2\/media?parent=931725"}],"wp:term":[{"taxonomy":"category","embeddable":true,"href":"https:\/\/bahiaeconomica.com.br\/wp\/wp-json\/wp\/v2\/categories?post=931725"},{"taxonomy":"post_tag","embeddable":true,"href":"https:\/\/bahiaeconomica.com.br\/wp\/wp-json\/wp\/v2\/tags?post=931725"}],"curies":[{"name":"wp","href":"https:\/\/api.w.org\/{rel}","templated":true}]}}