{"id":931675,"date":"2025-09-03T18:00:55","date_gmt":"2025-09-03T21:00:55","guid":{"rendered":"https:\/\/bahiaeconomica.com.br\/wp\/?p=931675"},"modified":"2025-09-03T17:17:02","modified_gmt":"2025-09-03T20:17:02","slug":"ancelotti-mantera-brasil-com-quatro-atacantes-em-duelo-contra-o-chile","status":"publish","type":"post","link":"https:\/\/bahiaeconomica.com.br\/wp\/2025\/09\/03\/ancelotti-mantera-brasil-com-quatro-atacantes-em-duelo-contra-o-chile\/","title":{"rendered":"ANCELOTTI MANTER\u00c1 BRASIL COM QUATRO ATACANTES EM DUELO CONTRA O CHILE"},"content":{"rendered":"<p>A sele\u00e7\u00e3o brasileira masculina de futebol seguir\u00e1 com quatro atacantes contra o Chile no pen\u00faltimo jogo das Eliminat\u00f3rias para a Copa do Mundo de 2026, na noite desta quinta-feira (4), no Maracan\u00e3. O t\u00e9cnico italiano Carlo Ancelotti disse em entrevista coletiva nesta quarta (3) que quer ver o time jogando para frente, mas sem descuidar da defesa. Para isso, o treinador decidiu manter o mesmo esquema t\u00e1tico adotado no \u00faltimo jogo da amarelinha contra o Paraguai. J\u00e1 classificado, o Brasil enfrenta o Chile, \u00e0s 21h30 (hor\u00e1rio de Bras\u00edlia), no Maracan\u00e3, no Rio de Janeiro, pela 17\u00aa rodada das Eliminat\u00f3rias. O jogo ter\u00e1 transmiss\u00e3o da R\u00e1dio Nacional.<\/p>\n<p>\u201cSa\u00edmos do jogo contra o Paraguai muito contentes, satisfeitos, penso que o time jogou muito bem, teve boa atitude, ofensiva, defensiva, intensidade. \u00c9 o que queremos fazer no jogo de amanh\u00e3, jogar intenso, ser forte defensivamente, fazer uma boa press\u00e3o ofensiva, jogar r\u00e1pido com bola. Acho que se pode repetir o jogo contra o Paraguai para que a torcida possa estar contente com nosso jogo\u201d, afirmou Ancelotti.<\/p>\n<p>O ataque brasileiro deve come\u00e7ar jogando com Raphinha, Est\u00eav\u00e3o, Jo\u00e3o Pedro e Gabriel Martinelli. O quarteto atuou junto na tarde de ter\u00e7a (2), no primeiro treino com todos os convocados. No mesmo time estavam Alisson, Wesley, Marquinhos, Gabriel Malhalh\u00e3es e Douglas; Casemiro e Bruno Guimar\u00e3es.<\/p>\n<p>&#8220;Testei quatro atacantes no treino. A ideia \u00e9 jogar sem mudar muito o que foi no jogo contra o Paraguai. Vou colocar muitos atacantes, mas o importante \u00e9 que o time n\u00e3o perca equil\u00edbrio e defenda bem&#8221;, projetou o t\u00e9cnico italiano.<\/p>\n<p>Ancelotti adiantou o posicionamento de alguns atacantes na arma\u00e7\u00e3o das jogadas.<\/p>\n<p>\u201cO Jo\u00e3o Pedro pode jogar como n\u00famero 10 ou como centroavante. No jogo de amanh\u00e3 [quinta, 4 de setembro], vai jogar como centroavante. Atr\u00e1s dele tenho que pensar quem colocar, pode ser Est\u00eav\u00e3o, pode ser Raphinha tamb\u00e9m\u201d, disse o t\u00e9cnico. \u201cO Est\u00eav\u00e3o tem muita qualidade e pode jogar tamb\u00e9m por dentro. Como estamos vendo nos treinos. Raphinha, Vinicius, Martinelli, tamb\u00e9m jogam muito bem por dentro. \u00c9 o que pede o futebol moderno\u201d, concluiu.<\/p>\n<p>Foto: RICARDO MORAES<\/p>\n<p>fonte: Ag\u00eancia Brasil<\/p>\n<div id=\"block-tts-block-tts\" class=\"block block-tts\">\n<div class=\"content\">\n<div id=\"tts-container\" class=\"container-audio rel-position\"><\/div>\n<\/div>\n<\/div>\n<div id=\"block-tts-block-tts\" class=\"block block-tts\">\n<div class=\"content\">\n<div id=\"tts-container\" class=\"container-audio rel-position\"><\/div>\n<\/div>\n<\/div>\n","protected":false},"excerpt":{"rendered":"<p>A sele\u00e7\u00e3o brasileira masculina de futebol seguir\u00e1 com quatro atacantes contra o Chile no pen\u00faltimo jogo das Eliminat\u00f3rias para a Copa do Mundo de 2026, na noite desta quinta-feira (4), no Maracan\u00e3. O t\u00e9cnico italiano Carlo Ancelotti disse em entrevista coletiva nesta quarta (3) que quer ver o time jogando para frente, mas sem descuidar [&hellip;]<\/p>\n","protected":false},"author":15,"featured_media":931676,"comment_status":"closed","ping_status":"closed","sticky":false,"template":"","format":"standard","meta":[],"categories":[4486],"tags":[],"acf":[],"yoast_head":"<!-- This site is optimized with the Yoast SEO plugin v20.8 - https:\/\/yoast.com\/wordpress\/plugins\/seo\/ -->\n<title>ANCELOTTI MANTER\u00c1 BRASIL COM QUATRO ATACANTES EM DUELO CONTRA O CHILE - Bahia Economica<\/title>\n<meta name=\"description\" content=\"O maior portal de Economia da Bahia Esporte Bahia Economica\" \/>\n<meta name=\"robots\" content=\"index, follow, max-snippet:-1, max-image-preview:large, max-video-preview:-1\" \/>\n<link rel=\"canonical\" href=\"https:\/\/bahiaeconomica.com.br\/wp\/2025\/09\/03\/ancelotti-mantera-brasil-com-quatro-atacantes-em-duelo-contra-o-chile\/\" \/>\n<meta property=\"og:locale\" content=\"pt_BR\" \/>\n<meta property=\"og:type\" content=\"article\" \/>\n<meta property=\"og:title\" content=\"ANCELOTTI MANTER\u00c1 BRASIL COM QUATRO ATACANTES EM DUELO CONTRA O CHILE - Bahia Economica\" \/>\n<meta property=\"og:description\" content=\"O maior portal de Economia da Bahia Esporte Bahia Economica\" \/>\n<meta property=\"og:url\" content=\"https:\/\/bahiaeconomica.com.br\/wp\/2025\/09\/03\/ancelotti-mantera-brasil-com-quatro-atacantes-em-duelo-contra-o-chile\/\" \/>\n<meta property=\"og:site_name\" content=\"Bahia Economica\" \/>\n<meta property=\"article:publisher\" content=\"https:\/\/www.facebook.com\/bahiaeconomica\" \/>\n<meta property=\"article:published_time\" content=\"2025-09-03T21:00:55+00:00\" \/>\n<meta property=\"article:modified_time\" content=\"2025-09-03T20:17:02+00:00\" \/>\n<meta property=\"og:image\" content=\"https:\/\/bahiaeconomica.com.br\/wp\/wp-content\/uploads\/2025\/09\/ancelotti_coletiva_set_2025.webp\" \/>\n\t<meta property=\"og:image:width\" content=\"1170\" \/>\n\t<meta property=\"og:image:height\" content=\"700\" \/>\n\t<meta property=\"og:image:type\" content=\"image\/webp\" \/>\n<meta name=\"author\" content=\"VICTORIA ISABEL\" \/>\n<meta name=\"twitter:card\" content=\"summary_large_image\" \/>\n<meta name=\"twitter:label1\" content=\"Escrito por\" \/>\n\t<meta name=\"twitter:data1\" content=\"VICTORIA ISABEL\" \/>\n\t<meta name=\"twitter:label2\" content=\"Est. tempo de leitura\" \/>\n\t<meta name=\"twitter:data2\" content=\"2 minutos\" \/>\n<script type=\"application\/ld+json\" class=\"yoast-schema-graph\">{\"@context\":\"https:\/\/schema.org\",\"@graph\":[{\"@type\":\"Article\",\"@id\":\"https:\/\/bahiaeconomica.com.br\/wp\/2025\/09\/03\/ancelotti-mantera-brasil-com-quatro-atacantes-em-duelo-contra-o-chile\/#article\",\"isPartOf\":{\"@id\":\"https:\/\/bahiaeconomica.com.br\/wp\/2025\/09\/03\/ancelotti-mantera-brasil-com-quatro-atacantes-em-duelo-contra-o-chile\/\"},\"author\":{\"name\":\"VICTORIA ISABEL\",\"@id\":\"https:\/\/bahiaeconomica.com.br\/wp\/#\/schema\/person\/b719ce0fb1c09f3c7a00d9243ced4a6f\"},\"headline\":\"ANCELOTTI MANTER\u00c1 BRASIL COM QUATRO ATACANTES EM DUELO CONTRA O CHILE\",\"datePublished\":\"2025-09-03T21:00:55+00:00\",\"dateModified\":\"2025-09-03T20:17:02+00:00\",\"mainEntityOfPage\":{\"@id\":\"https:\/\/bahiaeconomica.com.br\/wp\/2025\/09\/03\/ancelotti-mantera-brasil-com-quatro-atacantes-em-duelo-contra-o-chile\/\"},\"wordCount\":385,\"publisher\":{\"@id\":\"https:\/\/bahiaeconomica.com.br\/wp\/#organization\"},\"articleSection\":[\"Esporte\"],\"inLanguage\":\"pt-BR\"},{\"@type\":\"WebPage\",\"@id\":\"https:\/\/bahiaeconomica.com.br\/wp\/2025\/09\/03\/ancelotti-mantera-brasil-com-quatro-atacantes-em-duelo-contra-o-chile\/\",\"url\":\"https:\/\/bahiaeconomica.com.br\/wp\/2025\/09\/03\/ancelotti-mantera-brasil-com-quatro-atacantes-em-duelo-contra-o-chile\/\",\"name\":\"ANCELOTTI MANTER\u00c1 BRASIL COM QUATRO ATACANTES EM DUELO CONTRA O CHILE - Bahia Economica\",\"isPartOf\":{\"@id\":\"https:\/\/bahiaeconomica.com.br\/wp\/#website\"},\"datePublished\":\"2025-09-03T21:00:55+00:00\",\"dateModified\":\"2025-09-03T20:17:02+00:00\",\"description\":\"O maior portal de Economia da Bahia Esporte Bahia Economica\",\"breadcrumb\":{\"@id\":\"https:\/\/bahiaeconomica.com.br\/wp\/2025\/09\/03\/ancelotti-mantera-brasil-com-quatro-atacantes-em-duelo-contra-o-chile\/#breadcrumb\"},\"inLanguage\":\"pt-BR\",\"potentialAction\":[{\"@type\":\"ReadAction\",\"target\":[\"https:\/\/bahiaeconomica.com.br\/wp\/2025\/09\/03\/ancelotti-mantera-brasil-com-quatro-atacantes-em-duelo-contra-o-chile\/\"]}]},{\"@type\":\"BreadcrumbList\",\"@id\":\"https:\/\/bahiaeconomica.com.br\/wp\/2025\/09\/03\/ancelotti-mantera-brasil-com-quatro-atacantes-em-duelo-contra-o-chile\/#breadcrumb\",\"itemListElement\":[{\"@type\":\"ListItem\",\"position\":1,\"name\":\"In\u00edcio\",\"item\":\"https:\/\/bahiaeconomica.com.br\/wp\/\"},{\"@type\":\"ListItem\",\"position\":2,\"name\":\"ANCELOTTI MANTER\u00c1 BRASIL COM QUATRO ATACANTES EM DUELO CONTRA O CHILE\"}]},{\"@type\":\"WebSite\",\"@id\":\"https:\/\/bahiaeconomica.com.br\/wp\/#website\",\"url\":\"https:\/\/bahiaeconomica.com.br\/wp\/\",\"name\":\"Bahia Economica\",\"description\":\"O maior portal de Economia da Bahia\",\"publisher\":{\"@id\":\"https:\/\/bahiaeconomica.com.br\/wp\/#organization\"},\"potentialAction\":[{\"@type\":\"SearchAction\",\"target\":{\"@type\":\"EntryPoint\",\"urlTemplate\":\"https:\/\/bahiaeconomica.com.br\/wp\/?s={search_term_string}\"},\"query-input\":\"required name=search_term_string\"}],\"inLanguage\":\"pt-BR\"},{\"@type\":\"Organization\",\"@id\":\"https:\/\/bahiaeconomica.com.br\/wp\/#organization\",\"name\":\"Bahia Econ\u00f4mica\",\"url\":\"https:\/\/bahiaeconomica.com.br\/wp\/\",\"logo\":{\"@type\":\"ImageObject\",\"inLanguage\":\"pt-BR\",\"@id\":\"https:\/\/bahiaeconomica.com.br\/wp\/#\/schema\/logo\/image\/\",\"url\":\"https:\/\/bahiaeconomica.com.br\/wp\/wp-content\/uploads\/2020\/12\/cropped-BE.png\",\"contentUrl\":\"https:\/\/bahiaeconomica.com.br\/wp\/wp-content\/uploads\/2020\/12\/cropped-BE.png\",\"width\":512,\"height\":512,\"caption\":\"Bahia Econ\u00f4mica\"},\"image\":{\"@id\":\"https:\/\/bahiaeconomica.com.br\/wp\/#\/schema\/logo\/image\/\"},\"sameAs\":[\"https:\/\/www.facebook.com\/bahiaeconomica\"]},{\"@type\":\"Person\",\"@id\":\"https:\/\/bahiaeconomica.com.br\/wp\/#\/schema\/person\/b719ce0fb1c09f3c7a00d9243ced4a6f\",\"name\":\"VICTORIA ISABEL\",\"sameAs\":[\"http:\/\/www.bahiaeconomica.com.br\"],\"url\":\"https:\/\/bahiaeconomica.com.br\/wp\/author\/victoria-isabel\/\"}]}<\/script>\n<!-- \/ Yoast SEO plugin. -->","yoast_head_json":{"title":"ANCELOTTI MANTER\u00c1 BRASIL COM QUATRO ATACANTES EM DUELO CONTRA O CHILE - Bahia Economica","description":"O maior portal de Economia da Bahia Esporte Bahia Economica","robots":{"index":"index","follow":"follow","max-snippet":"max-snippet:-1","max-image-preview":"max-image-preview:large","max-video-preview":"max-video-preview:-1"},"canonical":"https:\/\/bahiaeconomica.com.br\/wp\/2025\/09\/03\/ancelotti-mantera-brasil-com-quatro-atacantes-em-duelo-contra-o-chile\/","og_locale":"pt_BR","og_type":"article","og_title":"ANCELOTTI MANTER\u00c1 BRASIL COM QUATRO ATACANTES EM DUELO CONTRA O CHILE - Bahia Economica","og_description":"O maior portal de Economia da Bahia Esporte Bahia Economica","og_url":"https:\/\/bahiaeconomica.com.br\/wp\/2025\/09\/03\/ancelotti-mantera-brasil-com-quatro-atacantes-em-duelo-contra-o-chile\/","og_site_name":"Bahia Economica","article_publisher":"https:\/\/www.facebook.com\/bahiaeconomica","article_published_time":"2025-09-03T21:00:55+00:00","article_modified_time":"2025-09-03T20:17:02+00:00","og_image":[{"width":1170,"height":700,"url":"https:\/\/bahiaeconomica.com.br\/wp\/wp-content\/uploads\/2025\/09\/ancelotti_coletiva_set_2025.webp","type":"image\/webp"}],"author":"VICTORIA ISABEL","twitter_card":"summary_large_image","twitter_misc":{"Escrito por":"VICTORIA ISABEL","Est. tempo de leitura":"2 minutos"},"schema":{"@context":"https:\/\/schema.org","@graph":[{"@type":"Article","@id":"https:\/\/bahiaeconomica.com.br\/wp\/2025\/09\/03\/ancelotti-mantera-brasil-com-quatro-atacantes-em-duelo-contra-o-chile\/#article","isPartOf":{"@id":"https:\/\/bahiaeconomica.com.br\/wp\/2025\/09\/03\/ancelotti-mantera-brasil-com-quatro-atacantes-em-duelo-contra-o-chile\/"},"author":{"name":"VICTORIA ISABEL","@id":"https:\/\/bahiaeconomica.com.br\/wp\/#\/schema\/person\/b719ce0fb1c09f3c7a00d9243ced4a6f"},"headline":"ANCELOTTI MANTER\u00c1 BRASIL COM QUATRO ATACANTES EM DUELO CONTRA O CHILE","datePublished":"2025-09-03T21:00:55+00:00","dateModified":"2025-09-03T20:17:02+00:00","mainEntityOfPage":{"@id":"https:\/\/bahiaeconomica.com.br\/wp\/2025\/09\/03\/ancelotti-mantera-brasil-com-quatro-atacantes-em-duelo-contra-o-chile\/"},"wordCount":385,"publisher":{"@id":"https:\/\/bahiaeconomica.com.br\/wp\/#organization"},"articleSection":["Esporte"],"inLanguage":"pt-BR"},{"@type":"WebPage","@id":"https:\/\/bahiaeconomica.com.br\/wp\/2025\/09\/03\/ancelotti-mantera-brasil-com-quatro-atacantes-em-duelo-contra-o-chile\/","url":"https:\/\/bahiaeconomica.com.br\/wp\/2025\/09\/03\/ancelotti-mantera-brasil-com-quatro-atacantes-em-duelo-contra-o-chile\/","name":"ANCELOTTI MANTER\u00c1 BRASIL COM QUATRO ATACANTES EM DUELO CONTRA O CHILE - Bahia Economica","isPartOf":{"@id":"https:\/\/bahiaeconomica.com.br\/wp\/#website"},"datePublished":"2025-09-03T21:00:55+00:00","dateModified":"2025-09-03T20:17:02+00:00","description":"O maior portal de Economia da Bahia Esporte Bahia Economica","breadcrumb":{"@id":"https:\/\/bahiaeconomica.com.br\/wp\/2025\/09\/03\/ancelotti-mantera-brasil-com-quatro-atacantes-em-duelo-contra-o-chile\/#breadcrumb"},"inLanguage":"pt-BR","potentialAction":[{"@type":"ReadAction","target":["https:\/\/bahiaeconomica.com.br\/wp\/2025\/09\/03\/ancelotti-mantera-brasil-com-quatro-atacantes-em-duelo-contra-o-chile\/"]}]},{"@type":"BreadcrumbList","@id":"https:\/\/bahiaeconomica.com.br\/wp\/2025\/09\/03\/ancelotti-mantera-brasil-com-quatro-atacantes-em-duelo-contra-o-chile\/#breadcrumb","itemListElement":[{"@type":"ListItem","position":1,"name":"In\u00edcio","item":"https:\/\/bahiaeconomica.com.br\/wp\/"},{"@type":"ListItem","position":2,"name":"ANCELOTTI MANTER\u00c1 BRASIL COM QUATRO ATACANTES EM DUELO CONTRA O CHILE"}]},{"@type":"WebSite","@id":"https:\/\/bahiaeconomica.com.br\/wp\/#website","url":"https:\/\/bahiaeconomica.com.br\/wp\/","name":"Bahia Economica","description":"O maior portal de Economia da Bahia","publisher":{"@id":"https:\/\/bahiaeconomica.com.br\/wp\/#organization"},"potentialAction":[{"@type":"SearchAction","target":{"@type":"EntryPoint","urlTemplate":"https:\/\/bahiaeconomica.com.br\/wp\/?s={search_term_string}"},"query-input":"required name=search_term_string"}],"inLanguage":"pt-BR"},{"@type":"Organization","@id":"https:\/\/bahiaeconomica.com.br\/wp\/#organization","name":"Bahia Econ\u00f4mica","url":"https:\/\/bahiaeconomica.com.br\/wp\/","logo":{"@type":"ImageObject","inLanguage":"pt-BR","@id":"https:\/\/bahiaeconomica.com.br\/wp\/#\/schema\/logo\/image\/","url":"https:\/\/bahiaeconomica.com.br\/wp\/wp-content\/uploads\/2020\/12\/cropped-BE.png","contentUrl":"https:\/\/bahiaeconomica.com.br\/wp\/wp-content\/uploads\/2020\/12\/cropped-BE.png","width":512,"height":512,"caption":"Bahia Econ\u00f4mica"},"image":{"@id":"https:\/\/bahiaeconomica.com.br\/wp\/#\/schema\/logo\/image\/"},"sameAs":["https:\/\/www.facebook.com\/bahiaeconomica"]},{"@type":"Person","@id":"https:\/\/bahiaeconomica.com.br\/wp\/#\/schema\/person\/b719ce0fb1c09f3c7a00d9243ced4a6f","name":"VICTORIA ISABEL","sameAs":["http:\/\/www.bahiaeconomica.com.br"],"url":"https:\/\/bahiaeconomica.com.br\/wp\/author\/victoria-isabel\/"}]}},"views":2,"_links":{"self":[{"href":"https:\/\/bahiaeconomica.com.br\/wp\/wp-json\/wp\/v2\/posts\/931675"}],"collection":[{"href":"https:\/\/bahiaeconomica.com.br\/wp\/wp-json\/wp\/v2\/posts"}],"about":[{"href":"https:\/\/bahiaeconomica.com.br\/wp\/wp-json\/wp\/v2\/types\/post"}],"author":[{"embeddable":true,"href":"https:\/\/bahiaeconomica.com.br\/wp\/wp-json\/wp\/v2\/users\/15"}],"replies":[{"embeddable":true,"href":"https:\/\/bahiaeconomica.com.br\/wp\/wp-json\/wp\/v2\/comments?post=931675"}],"version-history":[{"count":1,"href":"https:\/\/bahiaeconomica.com.br\/wp\/wp-json\/wp\/v2\/posts\/931675\/revisions"}],"predecessor-version":[{"id":931678,"href":"https:\/\/bahiaeconomica.com.br\/wp\/wp-json\/wp\/v2\/posts\/931675\/revisions\/931678"}],"wp:featuredmedia":[{"embeddable":true,"href":"https:\/\/bahiaeconomica.com.br\/wp\/wp-json\/wp\/v2\/media\/931676"}],"wp:attachment":[{"href":"https:\/\/bahiaeconomica.com.br\/wp\/wp-json\/wp\/v2\/media?parent=931675"}],"wp:term":[{"taxonomy":"category","embeddable":true,"href":"https:\/\/bahiaeconomica.com.br\/wp\/wp-json\/wp\/v2\/categories?post=931675"},{"taxonomy":"post_tag","embeddable":true,"href":"https:\/\/bahiaeconomica.com.br\/wp\/wp-json\/wp\/v2\/tags?post=931675"}],"curies":[{"name":"wp","href":"https:\/\/api.w.org\/{rel}","templated":true}]}}