{"id":931412,"date":"2025-09-03T08:48:31","date_gmt":"2025-09-03T11:48:31","guid":{"rendered":"https:\/\/bahiaeconomica.com.br\/wp\/?p=931412"},"modified":"2025-09-03T08:48:31","modified_gmt":"2025-09-03T11:48:31","slug":"morre-em-salvador-o-engenheiro-antonio-gilberto-martins","status":"publish","type":"post","link":"https:\/\/bahiaeconomica.com.br\/wp\/2025\/09\/03\/morre-em-salvador-o-engenheiro-antonio-gilberto-martins\/","title":{"rendered":"MORRE EM SALVADOR O ENGENHEIRO ANT\u00d4NIO GILBERTO MARTINS"},"content":{"rendered":"<p>Morreu, ontem (2), aos 75 anos, o engenheiro civil Ant\u00f4nio Gilberto Ferreira Martins, nascido em 15 de mar\u00e7o de 1950, em Riach\u00e3o do Jacu\u00edpe. Sua trajet\u00f3ria profissional foi marcada pela dedica\u00e7\u00e3o \u00e0 engenharia e ao servi\u00e7o p\u00fablico, deixando um legado de obras e contribui\u00e7\u00f5es que impactaram a vida de milhares de baianos.<\/p>\n<p>Graduado em Engenharia Civil pela Escola Polit\u00e9cnica da Universidade Federal da Bahia (UFBA), em 1974, Martins atuou em importantes projetos em todo o estado. Entre suas realiza\u00e7\u00f5es, destacam-se obras de saneamento em munic\u00edpios como Maca\u00fabas, Camamu, Cachoeira, Santo Amaro e Caetit\u00e9, a recupera\u00e7\u00e3o de uma barragem em Canudos e a constru\u00e7\u00e3o de uma ponte met\u00e1lica em Cacul\u00e9. Sua experi\u00eancia tamb\u00e9m incluiu atua\u00e7\u00e3o em empresas privadas, como a Construtora Azi Martins e a Noronha Engenharia.<\/p>\n<p>No servi\u00e7o p\u00fablico, foi superintendente da Assembleia Legislativa da Bahia (ALBA), cargo que exerceu durante a gest\u00e3o de seu irm\u00e3o, o ent\u00e3o presidente da Casa, Eliel Martins. Tamb\u00e9m teve passagem pela Secretaria de Infraestrutura do estado, onde foi diretor de Saneamento, e superintendente de Desenvolvimento de Recursos H\u00eddricos e Saneamento.<\/p>\n<p>O vel\u00f3rio ser\u00e1 realizado nesta quarta-feira (3), \u00e0s 14h, na Capela A, do Cemit\u00e9rio Jardim da Saudade, em Salvador, onde tamb\u00e9m ocorrer\u00e1 a cerim\u00f4nia de crema\u00e7\u00e3o, marcada para as 16h. Martins deixa esposa e dois filhos.<\/p>\n<p>Foto: Divulga\u00e7\u00e3o<\/p>\n","protected":false},"excerpt":{"rendered":"<p>Morreu, ontem (2), aos 75 anos, o engenheiro civil Ant\u00f4nio Gilberto Ferreira Martins, nascido em 15 de mar\u00e7o de 1950, em Riach\u00e3o do Jacu\u00edpe. Sua trajet\u00f3ria profissional foi marcada pela dedica\u00e7\u00e3o \u00e0 engenharia e ao servi\u00e7o p\u00fablico, deixando um legado de obras e contribui\u00e7\u00f5es que impactaram a vida de milhares de baianos. Graduado em Engenharia [&hellip;]<\/p>\n","protected":false},"author":8,"featured_media":931414,"comment_status":"closed","ping_status":"closed","sticky":false,"template":"","format":"standard","meta":[],"categories":[5],"tags":[41016,52,1190,4962],"acf":[],"yoast_head":"<!-- This site is optimized with the Yoast SEO plugin v20.8 - https:\/\/yoast.com\/wordpress\/plugins\/seo\/ -->\n<title>MORRE EM SALVADOR O ENGENHEIRO ANT\u00d4NIO GILBERTO MARTINS - Bahia Economica<\/title>\n<meta name=\"description\" content=\"O maior portal de Economia da Bahia MUNIC\u00cdPIOS Bahia Economica o engenheiro civil Ant\u00f4nio Gilberto Ferreira Martins\" \/>\n<meta name=\"robots\" content=\"index, follow, max-snippet:-1, max-image-preview:large, max-video-preview:-1\" \/>\n<link rel=\"canonical\" href=\"https:\/\/bahiaeconomica.com.br\/wp\/2025\/09\/03\/morre-em-salvador-o-engenheiro-antonio-gilberto-martins\/\" \/>\n<meta property=\"og:locale\" content=\"pt_BR\" \/>\n<meta property=\"og:type\" content=\"article\" \/>\n<meta property=\"og:title\" content=\"MORRE EM SALVADOR O ENGENHEIRO ANT\u00d4NIO GILBERTO MARTINS - Bahia Economica\" \/>\n<meta property=\"og:description\" content=\"O maior portal de Economia da Bahia MUNIC\u00cdPIOS Bahia Economica o engenheiro civil Ant\u00f4nio Gilberto Ferreira Martins\" \/>\n<meta property=\"og:url\" content=\"https:\/\/bahiaeconomica.com.br\/wp\/2025\/09\/03\/morre-em-salvador-o-engenheiro-antonio-gilberto-martins\/\" \/>\n<meta property=\"og:site_name\" content=\"Bahia Economica\" \/>\n<meta property=\"article:publisher\" content=\"https:\/\/www.facebook.com\/bahiaeconomica\" \/>\n<meta property=\"article:published_time\" content=\"2025-09-03T11:48:31+00:00\" \/>\n<meta property=\"og:image\" content=\"https:\/\/bahiaeconomica.com.br\/wp\/wp-content\/uploads\/2025\/09\/WhatsApp-Image-2025-09-03-at-08.20.25.jpeg\" \/>\n\t<meta property=\"og:image:width\" content=\"992\" \/>\n\t<meta property=\"og:image:height\" content=\"806\" \/>\n\t<meta property=\"og:image:type\" content=\"image\/jpeg\" \/>\n<meta name=\"author\" content=\"JP\" \/>\n<meta name=\"twitter:card\" content=\"summary_large_image\" \/>\n<meta name=\"twitter:label1\" content=\"Escrito por\" \/>\n\t<meta name=\"twitter:data1\" content=\"JP\" \/>\n\t<meta name=\"twitter:label2\" content=\"Est. tempo de leitura\" \/>\n\t<meta name=\"twitter:data2\" content=\"2 minutos\" \/>\n<script type=\"application\/ld+json\" class=\"yoast-schema-graph\">{\"@context\":\"https:\/\/schema.org\",\"@graph\":[{\"@type\":\"Article\",\"@id\":\"https:\/\/bahiaeconomica.com.br\/wp\/2025\/09\/03\/morre-em-salvador-o-engenheiro-antonio-gilberto-martins\/#article\",\"isPartOf\":{\"@id\":\"https:\/\/bahiaeconomica.com.br\/wp\/2025\/09\/03\/morre-em-salvador-o-engenheiro-antonio-gilberto-martins\/\"},\"author\":{\"name\":\"JP\",\"@id\":\"https:\/\/bahiaeconomica.com.br\/wp\/#\/schema\/person\/c86d3a3f8960425a0f9d0e5245991f4e\"},\"headline\":\"MORRE EM SALVADOR O ENGENHEIRO ANT\u00d4NIO GILBERTO MARTINS\",\"datePublished\":\"2025-09-03T11:48:31+00:00\",\"dateModified\":\"2025-09-03T11:48:31+00:00\",\"mainEntityOfPage\":{\"@id\":\"https:\/\/bahiaeconomica.com.br\/wp\/2025\/09\/03\/morre-em-salvador-o-engenheiro-antonio-gilberto-martins\/\"},\"wordCount\":248,\"publisher\":{\"@id\":\"https:\/\/bahiaeconomica.com.br\/wp\/#organization\"},\"keywords\":[\"agronomo\",\"Brasil\",\"medico\",\"morre\"],\"articleSection\":[\"MUNIC\u00cdPIOS\"],\"inLanguage\":\"pt-BR\"},{\"@type\":\"WebPage\",\"@id\":\"https:\/\/bahiaeconomica.com.br\/wp\/2025\/09\/03\/morre-em-salvador-o-engenheiro-antonio-gilberto-martins\/\",\"url\":\"https:\/\/bahiaeconomica.com.br\/wp\/2025\/09\/03\/morre-em-salvador-o-engenheiro-antonio-gilberto-martins\/\",\"name\":\"MORRE EM SALVADOR O ENGENHEIRO ANT\u00d4NIO GILBERTO MARTINS - Bahia Economica\",\"isPartOf\":{\"@id\":\"https:\/\/bahiaeconomica.com.br\/wp\/#website\"},\"datePublished\":\"2025-09-03T11:48:31+00:00\",\"dateModified\":\"2025-09-03T11:48:31+00:00\",\"description\":\"O maior portal de Economia da Bahia MUNIC\u00cdPIOS Bahia Economica o engenheiro civil Ant\u00f4nio Gilberto Ferreira Martins\",\"breadcrumb\":{\"@id\":\"https:\/\/bahiaeconomica.com.br\/wp\/2025\/09\/03\/morre-em-salvador-o-engenheiro-antonio-gilberto-martins\/#breadcrumb\"},\"inLanguage\":\"pt-BR\",\"potentialAction\":[{\"@type\":\"ReadAction\",\"target\":[\"https:\/\/bahiaeconomica.com.br\/wp\/2025\/09\/03\/morre-em-salvador-o-engenheiro-antonio-gilberto-martins\/\"]}]},{\"@type\":\"BreadcrumbList\",\"@id\":\"https:\/\/bahiaeconomica.com.br\/wp\/2025\/09\/03\/morre-em-salvador-o-engenheiro-antonio-gilberto-martins\/#breadcrumb\",\"itemListElement\":[{\"@type\":\"ListItem\",\"position\":1,\"name\":\"In\u00edcio\",\"item\":\"https:\/\/bahiaeconomica.com.br\/wp\/\"},{\"@type\":\"ListItem\",\"position\":2,\"name\":\"MORRE EM SALVADOR O ENGENHEIRO ANT\u00d4NIO GILBERTO MARTINS\"}]},{\"@type\":\"WebSite\",\"@id\":\"https:\/\/bahiaeconomica.com.br\/wp\/#website\",\"url\":\"https:\/\/bahiaeconomica.com.br\/wp\/\",\"name\":\"Bahia Economica\",\"description\":\"O maior portal de Economia da Bahia\",\"publisher\":{\"@id\":\"https:\/\/bahiaeconomica.com.br\/wp\/#organization\"},\"potentialAction\":[{\"@type\":\"SearchAction\",\"target\":{\"@type\":\"EntryPoint\",\"urlTemplate\":\"https:\/\/bahiaeconomica.com.br\/wp\/?s={search_term_string}\"},\"query-input\":\"required name=search_term_string\"}],\"inLanguage\":\"pt-BR\"},{\"@type\":\"Organization\",\"@id\":\"https:\/\/bahiaeconomica.com.br\/wp\/#organization\",\"name\":\"Bahia Econ\u00f4mica\",\"url\":\"https:\/\/bahiaeconomica.com.br\/wp\/\",\"logo\":{\"@type\":\"ImageObject\",\"inLanguage\":\"pt-BR\",\"@id\":\"https:\/\/bahiaeconomica.com.br\/wp\/#\/schema\/logo\/image\/\",\"url\":\"https:\/\/bahiaeconomica.com.br\/wp\/wp-content\/uploads\/2020\/12\/cropped-BE.png\",\"contentUrl\":\"https:\/\/bahiaeconomica.com.br\/wp\/wp-content\/uploads\/2020\/12\/cropped-BE.png\",\"width\":512,\"height\":512,\"caption\":\"Bahia Econ\u00f4mica\"},\"image\":{\"@id\":\"https:\/\/bahiaeconomica.com.br\/wp\/#\/schema\/logo\/image\/\"},\"sameAs\":[\"https:\/\/www.facebook.com\/bahiaeconomica\"]},{\"@type\":\"Person\",\"@id\":\"https:\/\/bahiaeconomica.com.br\/wp\/#\/schema\/person\/c86d3a3f8960425a0f9d0e5245991f4e\",\"name\":\"JP\",\"sameAs\":[\"https:\/\/bahiaeconomica.com.br\/wp\/beta\/\"],\"url\":\"https:\/\/bahiaeconomica.com.br\/wp\/author\/jp\/\"}]}<\/script>\n<!-- \/ Yoast SEO plugin. -->","yoast_head_json":{"title":"MORRE EM SALVADOR O ENGENHEIRO ANT\u00d4NIO GILBERTO MARTINS - Bahia Economica","description":"O maior portal de Economia da Bahia MUNIC\u00cdPIOS Bahia Economica o engenheiro civil Ant\u00f4nio Gilberto Ferreira Martins","robots":{"index":"index","follow":"follow","max-snippet":"max-snippet:-1","max-image-preview":"max-image-preview:large","max-video-preview":"max-video-preview:-1"},"canonical":"https:\/\/bahiaeconomica.com.br\/wp\/2025\/09\/03\/morre-em-salvador-o-engenheiro-antonio-gilberto-martins\/","og_locale":"pt_BR","og_type":"article","og_title":"MORRE EM SALVADOR O ENGENHEIRO ANT\u00d4NIO GILBERTO MARTINS - Bahia Economica","og_description":"O maior portal de Economia da Bahia MUNIC\u00cdPIOS Bahia Economica o engenheiro civil Ant\u00f4nio Gilberto Ferreira Martins","og_url":"https:\/\/bahiaeconomica.com.br\/wp\/2025\/09\/03\/morre-em-salvador-o-engenheiro-antonio-gilberto-martins\/","og_site_name":"Bahia Economica","article_publisher":"https:\/\/www.facebook.com\/bahiaeconomica","article_published_time":"2025-09-03T11:48:31+00:00","og_image":[{"width":992,"height":806,"url":"https:\/\/bahiaeconomica.com.br\/wp\/wp-content\/uploads\/2025\/09\/WhatsApp-Image-2025-09-03-at-08.20.25.jpeg","type":"image\/jpeg"}],"author":"JP","twitter_card":"summary_large_image","twitter_misc":{"Escrito por":"JP","Est. tempo de leitura":"2 minutos"},"schema":{"@context":"https:\/\/schema.org","@graph":[{"@type":"Article","@id":"https:\/\/bahiaeconomica.com.br\/wp\/2025\/09\/03\/morre-em-salvador-o-engenheiro-antonio-gilberto-martins\/#article","isPartOf":{"@id":"https:\/\/bahiaeconomica.com.br\/wp\/2025\/09\/03\/morre-em-salvador-o-engenheiro-antonio-gilberto-martins\/"},"author":{"name":"JP","@id":"https:\/\/bahiaeconomica.com.br\/wp\/#\/schema\/person\/c86d3a3f8960425a0f9d0e5245991f4e"},"headline":"MORRE EM SALVADOR O ENGENHEIRO ANT\u00d4NIO GILBERTO MARTINS","datePublished":"2025-09-03T11:48:31+00:00","dateModified":"2025-09-03T11:48:31+00:00","mainEntityOfPage":{"@id":"https:\/\/bahiaeconomica.com.br\/wp\/2025\/09\/03\/morre-em-salvador-o-engenheiro-antonio-gilberto-martins\/"},"wordCount":248,"publisher":{"@id":"https:\/\/bahiaeconomica.com.br\/wp\/#organization"},"keywords":["agronomo","Brasil","medico","morre"],"articleSection":["MUNIC\u00cdPIOS"],"inLanguage":"pt-BR"},{"@type":"WebPage","@id":"https:\/\/bahiaeconomica.com.br\/wp\/2025\/09\/03\/morre-em-salvador-o-engenheiro-antonio-gilberto-martins\/","url":"https:\/\/bahiaeconomica.com.br\/wp\/2025\/09\/03\/morre-em-salvador-o-engenheiro-antonio-gilberto-martins\/","name":"MORRE EM SALVADOR O ENGENHEIRO ANT\u00d4NIO GILBERTO MARTINS - Bahia Economica","isPartOf":{"@id":"https:\/\/bahiaeconomica.com.br\/wp\/#website"},"datePublished":"2025-09-03T11:48:31+00:00","dateModified":"2025-09-03T11:48:31+00:00","description":"O maior portal de Economia da Bahia MUNIC\u00cdPIOS Bahia Economica o engenheiro civil Ant\u00f4nio Gilberto Ferreira Martins","breadcrumb":{"@id":"https:\/\/bahiaeconomica.com.br\/wp\/2025\/09\/03\/morre-em-salvador-o-engenheiro-antonio-gilberto-martins\/#breadcrumb"},"inLanguage":"pt-BR","potentialAction":[{"@type":"ReadAction","target":["https:\/\/bahiaeconomica.com.br\/wp\/2025\/09\/03\/morre-em-salvador-o-engenheiro-antonio-gilberto-martins\/"]}]},{"@type":"BreadcrumbList","@id":"https:\/\/bahiaeconomica.com.br\/wp\/2025\/09\/03\/morre-em-salvador-o-engenheiro-antonio-gilberto-martins\/#breadcrumb","itemListElement":[{"@type":"ListItem","position":1,"name":"In\u00edcio","item":"https:\/\/bahiaeconomica.com.br\/wp\/"},{"@type":"ListItem","position":2,"name":"MORRE EM SALVADOR O ENGENHEIRO ANT\u00d4NIO GILBERTO MARTINS"}]},{"@type":"WebSite","@id":"https:\/\/bahiaeconomica.com.br\/wp\/#website","url":"https:\/\/bahiaeconomica.com.br\/wp\/","name":"Bahia Economica","description":"O maior portal de Economia da Bahia","publisher":{"@id":"https:\/\/bahiaeconomica.com.br\/wp\/#organization"},"potentialAction":[{"@type":"SearchAction","target":{"@type":"EntryPoint","urlTemplate":"https:\/\/bahiaeconomica.com.br\/wp\/?s={search_term_string}"},"query-input":"required name=search_term_string"}],"inLanguage":"pt-BR"},{"@type":"Organization","@id":"https:\/\/bahiaeconomica.com.br\/wp\/#organization","name":"Bahia Econ\u00f4mica","url":"https:\/\/bahiaeconomica.com.br\/wp\/","logo":{"@type":"ImageObject","inLanguage":"pt-BR","@id":"https:\/\/bahiaeconomica.com.br\/wp\/#\/schema\/logo\/image\/","url":"https:\/\/bahiaeconomica.com.br\/wp\/wp-content\/uploads\/2020\/12\/cropped-BE.png","contentUrl":"https:\/\/bahiaeconomica.com.br\/wp\/wp-content\/uploads\/2020\/12\/cropped-BE.png","width":512,"height":512,"caption":"Bahia Econ\u00f4mica"},"image":{"@id":"https:\/\/bahiaeconomica.com.br\/wp\/#\/schema\/logo\/image\/"},"sameAs":["https:\/\/www.facebook.com\/bahiaeconomica"]},{"@type":"Person","@id":"https:\/\/bahiaeconomica.com.br\/wp\/#\/schema\/person\/c86d3a3f8960425a0f9d0e5245991f4e","name":"JP","sameAs":["https:\/\/bahiaeconomica.com.br\/wp\/beta\/"],"url":"https:\/\/bahiaeconomica.com.br\/wp\/author\/jp\/"}]}},"views":36,"_links":{"self":[{"href":"https:\/\/bahiaeconomica.com.br\/wp\/wp-json\/wp\/v2\/posts\/931412"}],"collection":[{"href":"https:\/\/bahiaeconomica.com.br\/wp\/wp-json\/wp\/v2\/posts"}],"about":[{"href":"https:\/\/bahiaeconomica.com.br\/wp\/wp-json\/wp\/v2\/types\/post"}],"author":[{"embeddable":true,"href":"https:\/\/bahiaeconomica.com.br\/wp\/wp-json\/wp\/v2\/users\/8"}],"replies":[{"embeddable":true,"href":"https:\/\/bahiaeconomica.com.br\/wp\/wp-json\/wp\/v2\/comments?post=931412"}],"version-history":[{"count":1,"href":"https:\/\/bahiaeconomica.com.br\/wp\/wp-json\/wp\/v2\/posts\/931412\/revisions"}],"predecessor-version":[{"id":931415,"href":"https:\/\/bahiaeconomica.com.br\/wp\/wp-json\/wp\/v2\/posts\/931412\/revisions\/931415"}],"wp:featuredmedia":[{"embeddable":true,"href":"https:\/\/bahiaeconomica.com.br\/wp\/wp-json\/wp\/v2\/media\/931414"}],"wp:attachment":[{"href":"https:\/\/bahiaeconomica.com.br\/wp\/wp-json\/wp\/v2\/media?parent=931412"}],"wp:term":[{"taxonomy":"category","embeddable":true,"href":"https:\/\/bahiaeconomica.com.br\/wp\/wp-json\/wp\/v2\/categories?post=931412"},{"taxonomy":"post_tag","embeddable":true,"href":"https:\/\/bahiaeconomica.com.br\/wp\/wp-json\/wp\/v2\/tags?post=931412"}],"curies":[{"name":"wp","href":"https:\/\/api.w.org\/{rel}","templated":true}]}}