{"id":931407,"date":"2025-09-03T09:53:59","date_gmt":"2025-09-03T12:53:59","guid":{"rendered":"https:\/\/bahiaeconomica.com.br\/wp\/?p=931407"},"modified":"2025-09-03T09:59:02","modified_gmt":"2025-09-03T12:59:02","slug":"deputado-e-investigado-por-envolvimento-com-o-comando-vermelho","status":"publish","type":"post","link":"https:\/\/bahiaeconomica.com.br\/wp\/2025\/09\/03\/deputado-e-investigado-por-envolvimento-com-o-comando-vermelho\/","title":{"rendered":"DEPUTADO \u00c9 INVESTIGADO POR ENVOLVIMENTO COM O COMANDO VERMELHO"},"content":{"rendered":"<p>A Opera\u00e7\u00e3o Bandeirante, deflagrada nesta quarta-feira (3) pela For\u00e7a Integrada de Combate ao Crime Organizado (FICCO-RJ), investiga a liga\u00e7\u00e3o do deputado estadual Tiego Raimundo dos Santos Silva, conhecido como TH Joias, com o Comando Vermelho. O grupo criminoso estaria utilizando o mandato parlamentar em benef\u00edcio de seus interesses.<\/p>\n<p>Segundo o Minist\u00e9rio P\u00fablico e a Pol\u00edcia Federal, o deputado teria intermediado neg\u00f3cios ilegais, al\u00e9m de nomear aliados de traficantes em cargos estrat\u00e9gicos na Assembleia Legislativa. Tamb\u00e9m foram identificadas movimenta\u00e7\u00f5es financeiras suspeitas em empresas ligadas a ele.<\/p>\n<p>\u201cO que vemos aqui \u00e9 a infiltra\u00e7\u00e3o do crime organizado dentro do parlamento fluminense&#8230; N\u00e3o haver\u00e1 blindagem pol\u00edtica para criminosos: seja traficante armado na favela ou de terno na Assembleia, a resposta do Estado ser\u00e1 a mesma\u201d, afirmou o delegado Felipe Curi.<\/p>\n<p>Foto: \u00a0PCRJ\/Divulga\u00e7\u00e3o<\/p>\n","protected":false},"excerpt":{"rendered":"<p>A Opera\u00e7\u00e3o Bandeirante, deflagrada nesta quarta-feira (3) pela For\u00e7a Integrada de Combate ao Crime Organizado (FICCO-RJ), investiga a liga\u00e7\u00e3o do deputado estadual Tiego Raimundo dos Santos Silva, conhecido como TH Joias, com o Comando Vermelho. O grupo criminoso estaria utilizando o mandato parlamentar em benef\u00edcio de seus interesses. Segundo o Minist\u00e9rio P\u00fablico e a Pol\u00edcia [&hellip;]<\/p>\n","protected":false},"author":20,"featured_media":931408,"comment_status":"closed","ping_status":"closed","sticky":false,"template":"","format":"standard","meta":[],"categories":[14601],"tags":[39405,826,21702,3508,1343],"acf":[],"yoast_head":"<!-- This site is optimized with the Yoast SEO plugin v20.8 - https:\/\/yoast.com\/wordpress\/plugins\/seo\/ -->\n<title>DEPUTADO \u00c9 INVESTIGADO POR ENVOLVIMENTO COM O COMANDO VERMELHO - Bahia Economica<\/title>\n<meta name=\"description\" content=\"Pol\u00edtica Bahia Economica Grupo criminoso estaria utilizando o mandato parlamentar em benef\u00edcio de seus interesses.\" \/>\n<meta name=\"robots\" content=\"index, follow, max-snippet:-1, max-image-preview:large, max-video-preview:-1\" \/>\n<link rel=\"canonical\" href=\"https:\/\/bahiaeconomica.com.br\/wp\/2025\/09\/03\/deputado-e-investigado-por-envolvimento-com-o-comando-vermelho\/\" \/>\n<meta property=\"og:locale\" content=\"pt_BR\" \/>\n<meta property=\"og:type\" content=\"article\" \/>\n<meta property=\"og:title\" content=\"DEPUTADO \u00c9 INVESTIGADO POR ENVOLVIMENTO COM O COMANDO VERMELHO - Bahia Economica\" \/>\n<meta property=\"og:description\" content=\"Pol\u00edtica Bahia Economica Grupo criminoso estaria utilizando o mandato parlamentar em benef\u00edcio de seus interesses.\" \/>\n<meta property=\"og:url\" content=\"https:\/\/bahiaeconomica.com.br\/wp\/2025\/09\/03\/deputado-e-investigado-por-envolvimento-com-o-comando-vermelho\/\" \/>\n<meta property=\"og:site_name\" content=\"Bahia Economica\" \/>\n<meta property=\"article:publisher\" content=\"https:\/\/www.facebook.com\/bahiaeconomica\" \/>\n<meta property=\"article:published_time\" content=\"2025-09-03T12:53:59+00:00\" \/>\n<meta property=\"article:modified_time\" content=\"2025-09-03T12:59:02+00:00\" \/>\n<meta property=\"og:image\" content=\"https:\/\/bahiaeconomica.com.br\/wp\/wp-content\/uploads\/2025\/09\/urgente_deputado_e_alvo_de_operacao_por_suspeita_de_envolvimento_com_o_comando_vermelho_widelg.jpg\" \/>\n\t<meta property=\"og:image:width\" content=\"800\" \/>\n\t<meta property=\"og:image:height\" content=\"450\" \/>\n\t<meta property=\"og:image:type\" content=\"image\/jpeg\" \/>\n<meta name=\"author\" content=\"BRUNA CARVALHO\" \/>\n<meta name=\"twitter:card\" content=\"summary_large_image\" \/>\n<meta name=\"twitter:label1\" content=\"Escrito por\" \/>\n\t<meta name=\"twitter:data1\" content=\"BRUNA CARVALHO\" \/>\n\t<meta name=\"twitter:label2\" content=\"Est. tempo de leitura\" \/>\n\t<meta name=\"twitter:data2\" content=\"1 minuto\" \/>\n<script type=\"application\/ld+json\" class=\"yoast-schema-graph\">{\"@context\":\"https:\/\/schema.org\",\"@graph\":[{\"@type\":\"Article\",\"@id\":\"https:\/\/bahiaeconomica.com.br\/wp\/2025\/09\/03\/deputado-e-investigado-por-envolvimento-com-o-comando-vermelho\/#article\",\"isPartOf\":{\"@id\":\"https:\/\/bahiaeconomica.com.br\/wp\/2025\/09\/03\/deputado-e-investigado-por-envolvimento-com-o-comando-vermelho\/\"},\"author\":{\"name\":\"BRUNA CARVALHO\",\"@id\":\"https:\/\/bahiaeconomica.com.br\/wp\/#\/schema\/person\/9310b0e591f5979f6f99773eac5804e6\"},\"headline\":\"DEPUTADO \u00c9 INVESTIGADO POR ENVOLVIMENTO COM O COMANDO VERMELHO\",\"datePublished\":\"2025-09-03T12:53:59+00:00\",\"dateModified\":\"2025-09-03T12:59:02+00:00\",\"mainEntityOfPage\":{\"@id\":\"https:\/\/bahiaeconomica.com.br\/wp\/2025\/09\/03\/deputado-e-investigado-por-envolvimento-com-o-comando-vermelho\/\"},\"wordCount\":152,\"publisher\":{\"@id\":\"https:\/\/bahiaeconomica.com.br\/wp\/#organization\"},\"keywords\":[\"comando vermelho\",\"deputado\",\"envolvimento\",\"investigado\",\"opera\u00e7\u00e3o\"],\"articleSection\":[\"Pol\u00edtica\"],\"inLanguage\":\"pt-BR\"},{\"@type\":\"WebPage\",\"@id\":\"https:\/\/bahiaeconomica.com.br\/wp\/2025\/09\/03\/deputado-e-investigado-por-envolvimento-com-o-comando-vermelho\/\",\"url\":\"https:\/\/bahiaeconomica.com.br\/wp\/2025\/09\/03\/deputado-e-investigado-por-envolvimento-com-o-comando-vermelho\/\",\"name\":\"DEPUTADO \u00c9 INVESTIGADO POR ENVOLVIMENTO COM O COMANDO VERMELHO - Bahia Economica\",\"isPartOf\":{\"@id\":\"https:\/\/bahiaeconomica.com.br\/wp\/#website\"},\"datePublished\":\"2025-09-03T12:53:59+00:00\",\"dateModified\":\"2025-09-03T12:59:02+00:00\",\"description\":\"Pol\u00edtica Bahia Economica Grupo criminoso estaria utilizando o mandato parlamentar em benef\u00edcio de seus interesses.\",\"breadcrumb\":{\"@id\":\"https:\/\/bahiaeconomica.com.br\/wp\/2025\/09\/03\/deputado-e-investigado-por-envolvimento-com-o-comando-vermelho\/#breadcrumb\"},\"inLanguage\":\"pt-BR\",\"potentialAction\":[{\"@type\":\"ReadAction\",\"target\":[\"https:\/\/bahiaeconomica.com.br\/wp\/2025\/09\/03\/deputado-e-investigado-por-envolvimento-com-o-comando-vermelho\/\"]}]},{\"@type\":\"BreadcrumbList\",\"@id\":\"https:\/\/bahiaeconomica.com.br\/wp\/2025\/09\/03\/deputado-e-investigado-por-envolvimento-com-o-comando-vermelho\/#breadcrumb\",\"itemListElement\":[{\"@type\":\"ListItem\",\"position\":1,\"name\":\"In\u00edcio\",\"item\":\"https:\/\/bahiaeconomica.com.br\/wp\/\"},{\"@type\":\"ListItem\",\"position\":2,\"name\":\"DEPUTADO \u00c9 INVESTIGADO POR ENVOLVIMENTO COM O COMANDO VERMELHO\"}]},{\"@type\":\"WebSite\",\"@id\":\"https:\/\/bahiaeconomica.com.br\/wp\/#website\",\"url\":\"https:\/\/bahiaeconomica.com.br\/wp\/\",\"name\":\"Bahia Economica\",\"description\":\"O maior portal de Economia da Bahia\",\"publisher\":{\"@id\":\"https:\/\/bahiaeconomica.com.br\/wp\/#organization\"},\"potentialAction\":[{\"@type\":\"SearchAction\",\"target\":{\"@type\":\"EntryPoint\",\"urlTemplate\":\"https:\/\/bahiaeconomica.com.br\/wp\/?s={search_term_string}\"},\"query-input\":\"required name=search_term_string\"}],\"inLanguage\":\"pt-BR\"},{\"@type\":\"Organization\",\"@id\":\"https:\/\/bahiaeconomica.com.br\/wp\/#organization\",\"name\":\"Bahia Econ\u00f4mica\",\"url\":\"https:\/\/bahiaeconomica.com.br\/wp\/\",\"logo\":{\"@type\":\"ImageObject\",\"inLanguage\":\"pt-BR\",\"@id\":\"https:\/\/bahiaeconomica.com.br\/wp\/#\/schema\/logo\/image\/\",\"url\":\"https:\/\/bahiaeconomica.com.br\/wp\/wp-content\/uploads\/2020\/12\/cropped-BE.png\",\"contentUrl\":\"https:\/\/bahiaeconomica.com.br\/wp\/wp-content\/uploads\/2020\/12\/cropped-BE.png\",\"width\":512,\"height\":512,\"caption\":\"Bahia Econ\u00f4mica\"},\"image\":{\"@id\":\"https:\/\/bahiaeconomica.com.br\/wp\/#\/schema\/logo\/image\/\"},\"sameAs\":[\"https:\/\/www.facebook.com\/bahiaeconomica\"]},{\"@type\":\"Person\",\"@id\":\"https:\/\/bahiaeconomica.com.br\/wp\/#\/schema\/person\/9310b0e591f5979f6f99773eac5804e6\",\"name\":\"BRUNA CARVALHO\",\"sameAs\":[\"http:\/\/www.bahiaeconomica.com.br\"],\"url\":\"https:\/\/bahiaeconomica.com.br\/wp\/author\/bruna\/\"}]}<\/script>\n<!-- \/ Yoast SEO plugin. -->","yoast_head_json":{"title":"DEPUTADO \u00c9 INVESTIGADO POR ENVOLVIMENTO COM O COMANDO VERMELHO - Bahia Economica","description":"Pol\u00edtica Bahia Economica Grupo criminoso estaria utilizando o mandato parlamentar em benef\u00edcio de seus interesses.","robots":{"index":"index","follow":"follow","max-snippet":"max-snippet:-1","max-image-preview":"max-image-preview:large","max-video-preview":"max-video-preview:-1"},"canonical":"https:\/\/bahiaeconomica.com.br\/wp\/2025\/09\/03\/deputado-e-investigado-por-envolvimento-com-o-comando-vermelho\/","og_locale":"pt_BR","og_type":"article","og_title":"DEPUTADO \u00c9 INVESTIGADO POR ENVOLVIMENTO COM O COMANDO VERMELHO - Bahia Economica","og_description":"Pol\u00edtica Bahia Economica Grupo criminoso estaria utilizando o mandato parlamentar em benef\u00edcio de seus interesses.","og_url":"https:\/\/bahiaeconomica.com.br\/wp\/2025\/09\/03\/deputado-e-investigado-por-envolvimento-com-o-comando-vermelho\/","og_site_name":"Bahia Economica","article_publisher":"https:\/\/www.facebook.com\/bahiaeconomica","article_published_time":"2025-09-03T12:53:59+00:00","article_modified_time":"2025-09-03T12:59:02+00:00","og_image":[{"width":800,"height":450,"url":"https:\/\/bahiaeconomica.com.br\/wp\/wp-content\/uploads\/2025\/09\/urgente_deputado_e_alvo_de_operacao_por_suspeita_de_envolvimento_com_o_comando_vermelho_widelg.jpg","type":"image\/jpeg"}],"author":"BRUNA CARVALHO","twitter_card":"summary_large_image","twitter_misc":{"Escrito por":"BRUNA CARVALHO","Est. tempo de leitura":"1 minuto"},"schema":{"@context":"https:\/\/schema.org","@graph":[{"@type":"Article","@id":"https:\/\/bahiaeconomica.com.br\/wp\/2025\/09\/03\/deputado-e-investigado-por-envolvimento-com-o-comando-vermelho\/#article","isPartOf":{"@id":"https:\/\/bahiaeconomica.com.br\/wp\/2025\/09\/03\/deputado-e-investigado-por-envolvimento-com-o-comando-vermelho\/"},"author":{"name":"BRUNA CARVALHO","@id":"https:\/\/bahiaeconomica.com.br\/wp\/#\/schema\/person\/9310b0e591f5979f6f99773eac5804e6"},"headline":"DEPUTADO \u00c9 INVESTIGADO POR ENVOLVIMENTO COM O COMANDO VERMELHO","datePublished":"2025-09-03T12:53:59+00:00","dateModified":"2025-09-03T12:59:02+00:00","mainEntityOfPage":{"@id":"https:\/\/bahiaeconomica.com.br\/wp\/2025\/09\/03\/deputado-e-investigado-por-envolvimento-com-o-comando-vermelho\/"},"wordCount":152,"publisher":{"@id":"https:\/\/bahiaeconomica.com.br\/wp\/#organization"},"keywords":["comando vermelho","deputado","envolvimento","investigado","opera\u00e7\u00e3o"],"articleSection":["Pol\u00edtica"],"inLanguage":"pt-BR"},{"@type":"WebPage","@id":"https:\/\/bahiaeconomica.com.br\/wp\/2025\/09\/03\/deputado-e-investigado-por-envolvimento-com-o-comando-vermelho\/","url":"https:\/\/bahiaeconomica.com.br\/wp\/2025\/09\/03\/deputado-e-investigado-por-envolvimento-com-o-comando-vermelho\/","name":"DEPUTADO \u00c9 INVESTIGADO POR ENVOLVIMENTO COM O COMANDO VERMELHO - Bahia Economica","isPartOf":{"@id":"https:\/\/bahiaeconomica.com.br\/wp\/#website"},"datePublished":"2025-09-03T12:53:59+00:00","dateModified":"2025-09-03T12:59:02+00:00","description":"Pol\u00edtica Bahia Economica Grupo criminoso estaria utilizando o mandato parlamentar em benef\u00edcio de seus interesses.","breadcrumb":{"@id":"https:\/\/bahiaeconomica.com.br\/wp\/2025\/09\/03\/deputado-e-investigado-por-envolvimento-com-o-comando-vermelho\/#breadcrumb"},"inLanguage":"pt-BR","potentialAction":[{"@type":"ReadAction","target":["https:\/\/bahiaeconomica.com.br\/wp\/2025\/09\/03\/deputado-e-investigado-por-envolvimento-com-o-comando-vermelho\/"]}]},{"@type":"BreadcrumbList","@id":"https:\/\/bahiaeconomica.com.br\/wp\/2025\/09\/03\/deputado-e-investigado-por-envolvimento-com-o-comando-vermelho\/#breadcrumb","itemListElement":[{"@type":"ListItem","position":1,"name":"In\u00edcio","item":"https:\/\/bahiaeconomica.com.br\/wp\/"},{"@type":"ListItem","position":2,"name":"DEPUTADO \u00c9 INVESTIGADO POR ENVOLVIMENTO COM O COMANDO VERMELHO"}]},{"@type":"WebSite","@id":"https:\/\/bahiaeconomica.com.br\/wp\/#website","url":"https:\/\/bahiaeconomica.com.br\/wp\/","name":"Bahia Economica","description":"O maior portal de Economia da Bahia","publisher":{"@id":"https:\/\/bahiaeconomica.com.br\/wp\/#organization"},"potentialAction":[{"@type":"SearchAction","target":{"@type":"EntryPoint","urlTemplate":"https:\/\/bahiaeconomica.com.br\/wp\/?s={search_term_string}"},"query-input":"required name=search_term_string"}],"inLanguage":"pt-BR"},{"@type":"Organization","@id":"https:\/\/bahiaeconomica.com.br\/wp\/#organization","name":"Bahia Econ\u00f4mica","url":"https:\/\/bahiaeconomica.com.br\/wp\/","logo":{"@type":"ImageObject","inLanguage":"pt-BR","@id":"https:\/\/bahiaeconomica.com.br\/wp\/#\/schema\/logo\/image\/","url":"https:\/\/bahiaeconomica.com.br\/wp\/wp-content\/uploads\/2020\/12\/cropped-BE.png","contentUrl":"https:\/\/bahiaeconomica.com.br\/wp\/wp-content\/uploads\/2020\/12\/cropped-BE.png","width":512,"height":512,"caption":"Bahia Econ\u00f4mica"},"image":{"@id":"https:\/\/bahiaeconomica.com.br\/wp\/#\/schema\/logo\/image\/"},"sameAs":["https:\/\/www.facebook.com\/bahiaeconomica"]},{"@type":"Person","@id":"https:\/\/bahiaeconomica.com.br\/wp\/#\/schema\/person\/9310b0e591f5979f6f99773eac5804e6","name":"BRUNA CARVALHO","sameAs":["http:\/\/www.bahiaeconomica.com.br"],"url":"https:\/\/bahiaeconomica.com.br\/wp\/author\/bruna\/"}]}},"views":7,"_links":{"self":[{"href":"https:\/\/bahiaeconomica.com.br\/wp\/wp-json\/wp\/v2\/posts\/931407"}],"collection":[{"href":"https:\/\/bahiaeconomica.com.br\/wp\/wp-json\/wp\/v2\/posts"}],"about":[{"href":"https:\/\/bahiaeconomica.com.br\/wp\/wp-json\/wp\/v2\/types\/post"}],"author":[{"embeddable":true,"href":"https:\/\/bahiaeconomica.com.br\/wp\/wp-json\/wp\/v2\/users\/20"}],"replies":[{"embeddable":true,"href":"https:\/\/bahiaeconomica.com.br\/wp\/wp-json\/wp\/v2\/comments?post=931407"}],"version-history":[{"count":1,"href":"https:\/\/bahiaeconomica.com.br\/wp\/wp-json\/wp\/v2\/posts\/931407\/revisions"}],"predecessor-version":[{"id":931457,"href":"https:\/\/bahiaeconomica.com.br\/wp\/wp-json\/wp\/v2\/posts\/931407\/revisions\/931457"}],"wp:featuredmedia":[{"embeddable":true,"href":"https:\/\/bahiaeconomica.com.br\/wp\/wp-json\/wp\/v2\/media\/931408"}],"wp:attachment":[{"href":"https:\/\/bahiaeconomica.com.br\/wp\/wp-json\/wp\/v2\/media?parent=931407"}],"wp:term":[{"taxonomy":"category","embeddable":true,"href":"https:\/\/bahiaeconomica.com.br\/wp\/wp-json\/wp\/v2\/categories?post=931407"},{"taxonomy":"post_tag","embeddable":true,"href":"https:\/\/bahiaeconomica.com.br\/wp\/wp-json\/wp\/v2\/tags?post=931407"}],"curies":[{"name":"wp","href":"https:\/\/api.w.org\/{rel}","templated":true}]}}