{"id":931150,"date":"2025-09-02T13:20:59","date_gmt":"2025-09-02T16:20:59","guid":{"rendered":"https:\/\/bahiaeconomica.com.br\/wp\/?p=931150"},"modified":"2025-09-02T13:11:04","modified_gmt":"2025-09-02T16:11:04","slug":"pl-do-sul-da-bahia-se-une-para-eleicoes-de-2026","status":"publish","type":"post","link":"https:\/\/bahiaeconomica.com.br\/wp\/2025\/09\/02\/pl-do-sul-da-bahia-se-une-para-eleicoes-de-2026\/","title":{"rendered":"PL DO SUL DA BAHIA SE UNE PARA ELEI\u00c7\u00d5ES DE 2026"},"content":{"rendered":"<p>Os diret\u00f3rios municipais do PL no Sul da Bahia j\u00e1 se movimentam em torno da unidade de suas a\u00e7\u00f5es para as elei\u00e7\u00f5es de 2026. Seus dirigentes entendem a necessidade da uni\u00e3o para aumentar a representatividade da regi\u00e3o na Assembleia Legislativa e C\u00e2mara Federal, al\u00e9m de ampliar a vota\u00e7\u00e3o regional na direita nas candidaturas ao Governo Estadual, Senado e Presid\u00eancia da Rep\u00fablica.<\/p>\n<p>Afinados com a estrat\u00e9gia do PL Nacional, os presidentes dos diret\u00f3rios de Itabuna, Chico Fran\u00e7a, e de Coaraci, Daniel Lima, estiveram com o l\u00edder estadual Jo\u00e3o Roma, em Salvador. Comunicaram a movimenta\u00e7\u00e3o deles de compartilhar o prop\u00f3sito da uni\u00e3o regional com representantes do partido em outras cidades da regi\u00e3o.<\/p>\n<p>\u201cA representatividade do Sul da Bahia na Assembleia, por exemplo, n\u00e3o corresponde ao peso populacional e econ\u00f4mico da regi\u00e3o. Precisamos motivar a participa\u00e7\u00e3o de nomes regionais da direita, que sabem onde o nosso calo aperta e mostrar ao eleitorado a import\u00e2ncia de termos gente da gente nas inst\u00e2ncias estadual e federal de poder\u201d, afirma Chico Fran\u00e7a.<\/p>\n<p>A mobiliza\u00e7\u00e3o j\u00e1 foi iniciada pela dupla nas cidades de Almadina, Itapitanga, Ubaitaba, Floresta Azul, Gandu, Itaju\u00edpe, Aurelino Leal e Uru\u00e7uca, al\u00e9m de Itabuna e Coaraci. \u201cEstamos marchando juntos pelo fortalecimento da direita no Sul da Bahia\u201d, assinala Daniel Lima. A iniciativa conta com o apoio do presidente estadual do PL Bahia, Jo\u00e3o Roma.<\/p>\n","protected":false},"excerpt":{"rendered":"<p>Os diret\u00f3rios municipais do PL no Sul da Bahia j\u00e1 se movimentam em torno da unidade de suas a\u00e7\u00f5es para as elei\u00e7\u00f5es de 2026. Seus dirigentes entendem a necessidade da uni\u00e3o para aumentar a representatividade da regi\u00e3o na Assembleia Legislativa e C\u00e2mara Federal, al\u00e9m de ampliar a vota\u00e7\u00e3o regional na direita nas candidaturas ao Governo [&hellip;]<\/p>\n","protected":false},"author":8,"featured_media":931151,"comment_status":"closed","ping_status":"closed","sticky":false,"template":"","format":"standard","meta":[],"categories":[5,14601],"tags":[85,52,158,2139],"acf":[],"yoast_head":"<!-- This site is optimized with the Yoast SEO plugin v20.8 - https:\/\/yoast.com\/wordpress\/plugins\/seo\/ -->\n<title>PL DO SUL DA BAHIA SE UNE PARA ELEI\u00c7\u00d5ES DE 2026 - Bahia Economica<\/title>\n<meta name=\"description\" content=\"O maior portal de Economia da Bahia MUNIC\u00cdPIOS, Pol\u00edtica Bahia Economica A representatividade do Sul da Bahia na Assembleia, por exemplo\" \/>\n<meta name=\"robots\" content=\"index, follow, max-snippet:-1, max-image-preview:large, max-video-preview:-1\" \/>\n<link rel=\"canonical\" href=\"https:\/\/bahiaeconomica.com.br\/wp\/2025\/09\/02\/pl-do-sul-da-bahia-se-une-para-eleicoes-de-2026\/\" \/>\n<meta property=\"og:locale\" content=\"pt_BR\" \/>\n<meta property=\"og:type\" content=\"article\" \/>\n<meta property=\"og:title\" content=\"PL DO SUL DA BAHIA SE UNE PARA ELEI\u00c7\u00d5ES DE 2026 - Bahia Economica\" \/>\n<meta property=\"og:description\" content=\"O maior portal de Economia da Bahia MUNIC\u00cdPIOS, Pol\u00edtica Bahia Economica A representatividade do Sul da Bahia na Assembleia, por exemplo\" \/>\n<meta property=\"og:url\" content=\"https:\/\/bahiaeconomica.com.br\/wp\/2025\/09\/02\/pl-do-sul-da-bahia-se-une-para-eleicoes-de-2026\/\" \/>\n<meta property=\"og:site_name\" content=\"Bahia Economica\" \/>\n<meta property=\"article:publisher\" content=\"https:\/\/www.facebook.com\/bahiaeconomica\" \/>\n<meta property=\"article:published_time\" content=\"2025-09-02T16:20:59+00:00\" \/>\n<meta property=\"article:modified_time\" content=\"2025-09-02T16:11:04+00:00\" \/>\n<meta property=\"og:image\" content=\"https:\/\/bahiaeconomica.com.br\/wp\/wp-content\/uploads\/2025\/09\/WhatsApp-Image-2025-09-02-at-13.00.59.jpeg\" \/>\n\t<meta property=\"og:image:width\" content=\"1138\" \/>\n\t<meta property=\"og:image:height\" content=\"771\" \/>\n\t<meta property=\"og:image:type\" content=\"image\/jpeg\" \/>\n<meta name=\"author\" content=\"JP\" \/>\n<meta name=\"twitter:card\" content=\"summary_large_image\" \/>\n<meta name=\"twitter:label1\" content=\"Escrito por\" \/>\n\t<meta name=\"twitter:data1\" content=\"JP\" \/>\n\t<meta name=\"twitter:label2\" content=\"Est. tempo de leitura\" \/>\n\t<meta name=\"twitter:data2\" content=\"2 minutos\" \/>\n<script type=\"application\/ld+json\" class=\"yoast-schema-graph\">{\"@context\":\"https:\/\/schema.org\",\"@graph\":[{\"@type\":\"Article\",\"@id\":\"https:\/\/bahiaeconomica.com.br\/wp\/2025\/09\/02\/pl-do-sul-da-bahia-se-une-para-eleicoes-de-2026\/#article\",\"isPartOf\":{\"@id\":\"https:\/\/bahiaeconomica.com.br\/wp\/2025\/09\/02\/pl-do-sul-da-bahia-se-une-para-eleicoes-de-2026\/\"},\"author\":{\"name\":\"JP\",\"@id\":\"https:\/\/bahiaeconomica.com.br\/wp\/#\/schema\/person\/c86d3a3f8960425a0f9d0e5245991f4e\"},\"headline\":\"PL DO SUL DA BAHIA SE UNE PARA ELEI\u00c7\u00d5ES DE 2026\",\"datePublished\":\"2025-09-02T16:20:59+00:00\",\"dateModified\":\"2025-09-02T16:11:04+00:00\",\"mainEntityOfPage\":{\"@id\":\"https:\/\/bahiaeconomica.com.br\/wp\/2025\/09\/02\/pl-do-sul-da-bahia-se-une-para-eleicoes-de-2026\/\"},\"wordCount\":261,\"publisher\":{\"@id\":\"https:\/\/bahiaeconomica.com.br\/wp\/#organization\"},\"keywords\":[\"Bahia\",\"Brasil\",\"PL\",\"sul\"],\"articleSection\":[\"MUNIC\u00cdPIOS\",\"Pol\u00edtica\"],\"inLanguage\":\"pt-BR\"},{\"@type\":\"WebPage\",\"@id\":\"https:\/\/bahiaeconomica.com.br\/wp\/2025\/09\/02\/pl-do-sul-da-bahia-se-une-para-eleicoes-de-2026\/\",\"url\":\"https:\/\/bahiaeconomica.com.br\/wp\/2025\/09\/02\/pl-do-sul-da-bahia-se-une-para-eleicoes-de-2026\/\",\"name\":\"PL DO SUL DA BAHIA SE UNE PARA ELEI\u00c7\u00d5ES DE 2026 - Bahia Economica\",\"isPartOf\":{\"@id\":\"https:\/\/bahiaeconomica.com.br\/wp\/#website\"},\"datePublished\":\"2025-09-02T16:20:59+00:00\",\"dateModified\":\"2025-09-02T16:11:04+00:00\",\"description\":\"O maior portal de Economia da Bahia MUNIC\u00cdPIOS, Pol\u00edtica Bahia Economica A representatividade do Sul da Bahia na Assembleia, por exemplo\",\"breadcrumb\":{\"@id\":\"https:\/\/bahiaeconomica.com.br\/wp\/2025\/09\/02\/pl-do-sul-da-bahia-se-une-para-eleicoes-de-2026\/#breadcrumb\"},\"inLanguage\":\"pt-BR\",\"potentialAction\":[{\"@type\":\"ReadAction\",\"target\":[\"https:\/\/bahiaeconomica.com.br\/wp\/2025\/09\/02\/pl-do-sul-da-bahia-se-une-para-eleicoes-de-2026\/\"]}]},{\"@type\":\"BreadcrumbList\",\"@id\":\"https:\/\/bahiaeconomica.com.br\/wp\/2025\/09\/02\/pl-do-sul-da-bahia-se-une-para-eleicoes-de-2026\/#breadcrumb\",\"itemListElement\":[{\"@type\":\"ListItem\",\"position\":1,\"name\":\"In\u00edcio\",\"item\":\"https:\/\/bahiaeconomica.com.br\/wp\/\"},{\"@type\":\"ListItem\",\"position\":2,\"name\":\"PL DO SUL DA BAHIA SE UNE PARA ELEI\u00c7\u00d5ES DE 2026\"}]},{\"@type\":\"WebSite\",\"@id\":\"https:\/\/bahiaeconomica.com.br\/wp\/#website\",\"url\":\"https:\/\/bahiaeconomica.com.br\/wp\/\",\"name\":\"Bahia Economica\",\"description\":\"O maior portal de Economia da Bahia\",\"publisher\":{\"@id\":\"https:\/\/bahiaeconomica.com.br\/wp\/#organization\"},\"potentialAction\":[{\"@type\":\"SearchAction\",\"target\":{\"@type\":\"EntryPoint\",\"urlTemplate\":\"https:\/\/bahiaeconomica.com.br\/wp\/?s={search_term_string}\"},\"query-input\":\"required name=search_term_string\"}],\"inLanguage\":\"pt-BR\"},{\"@type\":\"Organization\",\"@id\":\"https:\/\/bahiaeconomica.com.br\/wp\/#organization\",\"name\":\"Bahia Econ\u00f4mica\",\"url\":\"https:\/\/bahiaeconomica.com.br\/wp\/\",\"logo\":{\"@type\":\"ImageObject\",\"inLanguage\":\"pt-BR\",\"@id\":\"https:\/\/bahiaeconomica.com.br\/wp\/#\/schema\/logo\/image\/\",\"url\":\"https:\/\/bahiaeconomica.com.br\/wp\/wp-content\/uploads\/2020\/12\/cropped-BE.png\",\"contentUrl\":\"https:\/\/bahiaeconomica.com.br\/wp\/wp-content\/uploads\/2020\/12\/cropped-BE.png\",\"width\":512,\"height\":512,\"caption\":\"Bahia Econ\u00f4mica\"},\"image\":{\"@id\":\"https:\/\/bahiaeconomica.com.br\/wp\/#\/schema\/logo\/image\/\"},\"sameAs\":[\"https:\/\/www.facebook.com\/bahiaeconomica\"]},{\"@type\":\"Person\",\"@id\":\"https:\/\/bahiaeconomica.com.br\/wp\/#\/schema\/person\/c86d3a3f8960425a0f9d0e5245991f4e\",\"name\":\"JP\",\"sameAs\":[\"https:\/\/bahiaeconomica.com.br\/wp\/beta\/\"],\"url\":\"https:\/\/bahiaeconomica.com.br\/wp\/author\/jp\/\"}]}<\/script>\n<!-- \/ Yoast SEO plugin. -->","yoast_head_json":{"title":"PL DO SUL DA BAHIA SE UNE PARA ELEI\u00c7\u00d5ES DE 2026 - Bahia Economica","description":"O maior portal de Economia da Bahia MUNIC\u00cdPIOS, Pol\u00edtica Bahia Economica A representatividade do Sul da Bahia na Assembleia, por exemplo","robots":{"index":"index","follow":"follow","max-snippet":"max-snippet:-1","max-image-preview":"max-image-preview:large","max-video-preview":"max-video-preview:-1"},"canonical":"https:\/\/bahiaeconomica.com.br\/wp\/2025\/09\/02\/pl-do-sul-da-bahia-se-une-para-eleicoes-de-2026\/","og_locale":"pt_BR","og_type":"article","og_title":"PL DO SUL DA BAHIA SE UNE PARA ELEI\u00c7\u00d5ES DE 2026 - Bahia Economica","og_description":"O maior portal de Economia da Bahia MUNIC\u00cdPIOS, Pol\u00edtica Bahia Economica A representatividade do Sul da Bahia na Assembleia, por exemplo","og_url":"https:\/\/bahiaeconomica.com.br\/wp\/2025\/09\/02\/pl-do-sul-da-bahia-se-une-para-eleicoes-de-2026\/","og_site_name":"Bahia Economica","article_publisher":"https:\/\/www.facebook.com\/bahiaeconomica","article_published_time":"2025-09-02T16:20:59+00:00","article_modified_time":"2025-09-02T16:11:04+00:00","og_image":[{"width":1138,"height":771,"url":"https:\/\/bahiaeconomica.com.br\/wp\/wp-content\/uploads\/2025\/09\/WhatsApp-Image-2025-09-02-at-13.00.59.jpeg","type":"image\/jpeg"}],"author":"JP","twitter_card":"summary_large_image","twitter_misc":{"Escrito por":"JP","Est. tempo de leitura":"2 minutos"},"schema":{"@context":"https:\/\/schema.org","@graph":[{"@type":"Article","@id":"https:\/\/bahiaeconomica.com.br\/wp\/2025\/09\/02\/pl-do-sul-da-bahia-se-une-para-eleicoes-de-2026\/#article","isPartOf":{"@id":"https:\/\/bahiaeconomica.com.br\/wp\/2025\/09\/02\/pl-do-sul-da-bahia-se-une-para-eleicoes-de-2026\/"},"author":{"name":"JP","@id":"https:\/\/bahiaeconomica.com.br\/wp\/#\/schema\/person\/c86d3a3f8960425a0f9d0e5245991f4e"},"headline":"PL DO SUL DA BAHIA SE UNE PARA ELEI\u00c7\u00d5ES DE 2026","datePublished":"2025-09-02T16:20:59+00:00","dateModified":"2025-09-02T16:11:04+00:00","mainEntityOfPage":{"@id":"https:\/\/bahiaeconomica.com.br\/wp\/2025\/09\/02\/pl-do-sul-da-bahia-se-une-para-eleicoes-de-2026\/"},"wordCount":261,"publisher":{"@id":"https:\/\/bahiaeconomica.com.br\/wp\/#organization"},"keywords":["Bahia","Brasil","PL","sul"],"articleSection":["MUNIC\u00cdPIOS","Pol\u00edtica"],"inLanguage":"pt-BR"},{"@type":"WebPage","@id":"https:\/\/bahiaeconomica.com.br\/wp\/2025\/09\/02\/pl-do-sul-da-bahia-se-une-para-eleicoes-de-2026\/","url":"https:\/\/bahiaeconomica.com.br\/wp\/2025\/09\/02\/pl-do-sul-da-bahia-se-une-para-eleicoes-de-2026\/","name":"PL DO SUL DA BAHIA SE UNE PARA ELEI\u00c7\u00d5ES DE 2026 - Bahia Economica","isPartOf":{"@id":"https:\/\/bahiaeconomica.com.br\/wp\/#website"},"datePublished":"2025-09-02T16:20:59+00:00","dateModified":"2025-09-02T16:11:04+00:00","description":"O maior portal de Economia da Bahia MUNIC\u00cdPIOS, Pol\u00edtica Bahia Economica A representatividade do Sul da Bahia na Assembleia, por exemplo","breadcrumb":{"@id":"https:\/\/bahiaeconomica.com.br\/wp\/2025\/09\/02\/pl-do-sul-da-bahia-se-une-para-eleicoes-de-2026\/#breadcrumb"},"inLanguage":"pt-BR","potentialAction":[{"@type":"ReadAction","target":["https:\/\/bahiaeconomica.com.br\/wp\/2025\/09\/02\/pl-do-sul-da-bahia-se-une-para-eleicoes-de-2026\/"]}]},{"@type":"BreadcrumbList","@id":"https:\/\/bahiaeconomica.com.br\/wp\/2025\/09\/02\/pl-do-sul-da-bahia-se-une-para-eleicoes-de-2026\/#breadcrumb","itemListElement":[{"@type":"ListItem","position":1,"name":"In\u00edcio","item":"https:\/\/bahiaeconomica.com.br\/wp\/"},{"@type":"ListItem","position":2,"name":"PL DO SUL DA BAHIA SE UNE PARA ELEI\u00c7\u00d5ES DE 2026"}]},{"@type":"WebSite","@id":"https:\/\/bahiaeconomica.com.br\/wp\/#website","url":"https:\/\/bahiaeconomica.com.br\/wp\/","name":"Bahia Economica","description":"O maior portal de Economia da Bahia","publisher":{"@id":"https:\/\/bahiaeconomica.com.br\/wp\/#organization"},"potentialAction":[{"@type":"SearchAction","target":{"@type":"EntryPoint","urlTemplate":"https:\/\/bahiaeconomica.com.br\/wp\/?s={search_term_string}"},"query-input":"required name=search_term_string"}],"inLanguage":"pt-BR"},{"@type":"Organization","@id":"https:\/\/bahiaeconomica.com.br\/wp\/#organization","name":"Bahia Econ\u00f4mica","url":"https:\/\/bahiaeconomica.com.br\/wp\/","logo":{"@type":"ImageObject","inLanguage":"pt-BR","@id":"https:\/\/bahiaeconomica.com.br\/wp\/#\/schema\/logo\/image\/","url":"https:\/\/bahiaeconomica.com.br\/wp\/wp-content\/uploads\/2020\/12\/cropped-BE.png","contentUrl":"https:\/\/bahiaeconomica.com.br\/wp\/wp-content\/uploads\/2020\/12\/cropped-BE.png","width":512,"height":512,"caption":"Bahia Econ\u00f4mica"},"image":{"@id":"https:\/\/bahiaeconomica.com.br\/wp\/#\/schema\/logo\/image\/"},"sameAs":["https:\/\/www.facebook.com\/bahiaeconomica"]},{"@type":"Person","@id":"https:\/\/bahiaeconomica.com.br\/wp\/#\/schema\/person\/c86d3a3f8960425a0f9d0e5245991f4e","name":"JP","sameAs":["https:\/\/bahiaeconomica.com.br\/wp\/beta\/"],"url":"https:\/\/bahiaeconomica.com.br\/wp\/author\/jp\/"}]}},"views":32,"_links":{"self":[{"href":"https:\/\/bahiaeconomica.com.br\/wp\/wp-json\/wp\/v2\/posts\/931150"}],"collection":[{"href":"https:\/\/bahiaeconomica.com.br\/wp\/wp-json\/wp\/v2\/posts"}],"about":[{"href":"https:\/\/bahiaeconomica.com.br\/wp\/wp-json\/wp\/v2\/types\/post"}],"author":[{"embeddable":true,"href":"https:\/\/bahiaeconomica.com.br\/wp\/wp-json\/wp\/v2\/users\/8"}],"replies":[{"embeddable":true,"href":"https:\/\/bahiaeconomica.com.br\/wp\/wp-json\/wp\/v2\/comments?post=931150"}],"version-history":[{"count":1,"href":"https:\/\/bahiaeconomica.com.br\/wp\/wp-json\/wp\/v2\/posts\/931150\/revisions"}],"predecessor-version":[{"id":931152,"href":"https:\/\/bahiaeconomica.com.br\/wp\/wp-json\/wp\/v2\/posts\/931150\/revisions\/931152"}],"wp:featuredmedia":[{"embeddable":true,"href":"https:\/\/bahiaeconomica.com.br\/wp\/wp-json\/wp\/v2\/media\/931151"}],"wp:attachment":[{"href":"https:\/\/bahiaeconomica.com.br\/wp\/wp-json\/wp\/v2\/media?parent=931150"}],"wp:term":[{"taxonomy":"category","embeddable":true,"href":"https:\/\/bahiaeconomica.com.br\/wp\/wp-json\/wp\/v2\/categories?post=931150"},{"taxonomy":"post_tag","embeddable":true,"href":"https:\/\/bahiaeconomica.com.br\/wp\/wp-json\/wp\/v2\/tags?post=931150"}],"curies":[{"name":"wp","href":"https:\/\/api.w.org\/{rel}","templated":true}]}}