{"id":930621,"date":"2025-08-31T08:30:51","date_gmt":"2025-08-31T11:30:51","guid":{"rendered":"https:\/\/bahiaeconomica.com.br\/wp\/?p=930621"},"modified":"2025-08-31T07:28:07","modified_gmt":"2025-08-31T10:28:07","slug":"deputado-participa-de-campeonato-baiano-de-karate","status":"publish","type":"post","link":"https:\/\/bahiaeconomica.com.br\/wp\/2025\/08\/31\/deputado-participa-de-campeonato-baiano-de-karate\/","title":{"rendered":"DEPUTADO PARTICIPA DE CAMPEONATO BAIANO DE KARAT\u00ca"},"content":{"rendered":"<p>A cidade de Feira de Santana, neste s\u00e1bado (30) e tamb\u00e9m amanh\u00e3 (31) \u00e9 sede do Campeonato Baiano de Karat\u00ea. O evento em seu primeiro dia de atividades contou com as presen\u00e7as do deputado federal Capit\u00e3o Alden (PL-BA) e do presidente do partido Liberal de Feira de Santana, Raimundo J\u00fanior, ambos refor\u00e7aram seu empenho em prol das artes marciais, especialmente, ao Karat\u00ea.<\/p>\n<p>Durante a abertura do evento os organizadores destacaram que gra\u00e7as a emenda do parlamentar baiano ser\u00e1 poss\u00edvel tanto este ano quanto no ano de 2026 a realiza\u00e7\u00e3o do Campeonato Baiano de Karat\u00ea sem cobran\u00e7a de taxa de inscri\u00e7\u00e3o seja individual ou em equipe, ou seja, sem custos para participa\u00e7\u00e3o. O pol\u00edtico foi homenageado com uma medalha em resposta a suas a\u00e7\u00f5es em defesa do esporte.<\/p>\n<p>De acordo com o deputado federal Capit\u00e3o Alden, o esporte sempre ser\u00e1 um segmento que ter\u00e1 sua aten\u00e7\u00e3o, pois ele entende o poder transformador que o esporte pode proporcionar nas vidas dos jovens.<\/p>\n<p>\u201cDigo e repito sempre, a Seguran\u00e7a P\u00fablica se faz com educa\u00e7\u00e3o, justi\u00e7a, cidadania e a participa\u00e7\u00e3o de todos! Fazer parte deste grande momento da hist\u00f3ria da Bahia \u00e9 gratificante, pois a inclus\u00e3o dos jovens na pr\u00e1tica de atividades esportivas \u00e9 uma forma de deix\u00e1-los afastados das garras do crime organizado. Agrade\u00e7o a Federa\u00e7\u00e3o de Karat\u00ea pela medalha e parabenizo o secret\u00e1rio Emerson Britto que desenvolve um excelente trabalho\u201d, comenta Alden.<\/p>\n","protected":false},"excerpt":{"rendered":"<p>A cidade de Feira de Santana, neste s\u00e1bado (30) e tamb\u00e9m amanh\u00e3 (31) \u00e9 sede do Campeonato Baiano de Karat\u00ea. O evento em seu primeiro dia de atividades contou com as presen\u00e7as do deputado federal Capit\u00e3o Alden (PL-BA) e do presidente do partido Liberal de Feira de Santana, Raimundo J\u00fanior, ambos refor\u00e7aram seu empenho em [&hellip;]<\/p>\n","protected":false},"author":8,"featured_media":930622,"comment_status":"closed","ping_status":"closed","sticky":false,"template":"","format":"standard","meta":[],"categories":[4486],"tags":[40962,826,1007],"acf":[],"yoast_head":"<!-- This site is optimized with the Yoast SEO plugin v20.8 - https:\/\/yoast.com\/wordpress\/plugins\/seo\/ -->\n<title>DEPUTADO PARTICIPA DE CAMPEONATO BAIANO DE KARAT\u00ca - Bahia Economica<\/title>\n<meta name=\"description\" content=\"O maior portal de Economia da Bahia Esporte Bahia Economica Digo e repito sempre, a Seguran\u00e7a P\u00fablica se faz com educa\u00e7\u00e3o, justi\u00e7a\" \/>\n<meta name=\"robots\" content=\"index, follow, max-snippet:-1, max-image-preview:large, max-video-preview:-1\" \/>\n<link rel=\"canonical\" href=\"https:\/\/bahiaeconomica.com.br\/wp\/2025\/08\/31\/deputado-participa-de-campeonato-baiano-de-karate\/\" \/>\n<meta property=\"og:locale\" content=\"pt_BR\" \/>\n<meta property=\"og:type\" content=\"article\" \/>\n<meta property=\"og:title\" content=\"DEPUTADO PARTICIPA DE CAMPEONATO BAIANO DE KARAT\u00ca - Bahia Economica\" \/>\n<meta property=\"og:description\" content=\"O maior portal de Economia da Bahia Esporte Bahia Economica Digo e repito sempre, a Seguran\u00e7a P\u00fablica se faz com educa\u00e7\u00e3o, justi\u00e7a\" \/>\n<meta property=\"og:url\" content=\"https:\/\/bahiaeconomica.com.br\/wp\/2025\/08\/31\/deputado-participa-de-campeonato-baiano-de-karate\/\" \/>\n<meta property=\"og:site_name\" content=\"Bahia Economica\" \/>\n<meta property=\"article:publisher\" content=\"https:\/\/www.facebook.com\/bahiaeconomica\" \/>\n<meta property=\"article:published_time\" content=\"2025-08-31T11:30:51+00:00\" \/>\n<meta property=\"article:modified_time\" content=\"2025-08-31T10:28:07+00:00\" \/>\n<meta property=\"og:image\" content=\"https:\/\/bahiaeconomica.com.br\/wp\/wp-content\/uploads\/2025\/08\/WhatsApp-Image-2025-08-30-at-15.43.49.jpeg\" \/>\n\t<meta property=\"og:image:width\" content=\"1600\" \/>\n\t<meta property=\"og:image:height\" content=\"906\" \/>\n\t<meta property=\"og:image:type\" content=\"image\/jpeg\" \/>\n<meta name=\"author\" content=\"JP\" \/>\n<meta name=\"twitter:card\" content=\"summary_large_image\" \/>\n<meta name=\"twitter:label1\" content=\"Escrito por\" \/>\n\t<meta name=\"twitter:data1\" content=\"JP\" \/>\n\t<meta name=\"twitter:label2\" content=\"Est. tempo de leitura\" \/>\n\t<meta name=\"twitter:data2\" content=\"2 minutos\" \/>\n<script type=\"application\/ld+json\" class=\"yoast-schema-graph\">{\"@context\":\"https:\/\/schema.org\",\"@graph\":[{\"@type\":\"Article\",\"@id\":\"https:\/\/bahiaeconomica.com.br\/wp\/2025\/08\/31\/deputado-participa-de-campeonato-baiano-de-karate\/#article\",\"isPartOf\":{\"@id\":\"https:\/\/bahiaeconomica.com.br\/wp\/2025\/08\/31\/deputado-participa-de-campeonato-baiano-de-karate\/\"},\"author\":{\"name\":\"JP\",\"@id\":\"https:\/\/bahiaeconomica.com.br\/wp\/#\/schema\/person\/c86d3a3f8960425a0f9d0e5245991f4e\"},\"headline\":\"DEPUTADO PARTICIPA DE CAMPEONATO BAIANO DE KARAT\u00ca\",\"datePublished\":\"2025-08-31T11:30:51+00:00\",\"dateModified\":\"2025-08-31T10:28:07+00:00\",\"mainEntityOfPage\":{\"@id\":\"https:\/\/bahiaeconomica.com.br\/wp\/2025\/08\/31\/deputado-participa-de-campeonato-baiano-de-karate\/\"},\"wordCount\":259,\"publisher\":{\"@id\":\"https:\/\/bahiaeconomica.com.br\/wp\/#organization\"},\"keywords\":[\"alde\",\"deputado\",\"esporte\"],\"articleSection\":[\"Esporte\"],\"inLanguage\":\"pt-BR\"},{\"@type\":\"WebPage\",\"@id\":\"https:\/\/bahiaeconomica.com.br\/wp\/2025\/08\/31\/deputado-participa-de-campeonato-baiano-de-karate\/\",\"url\":\"https:\/\/bahiaeconomica.com.br\/wp\/2025\/08\/31\/deputado-participa-de-campeonato-baiano-de-karate\/\",\"name\":\"DEPUTADO PARTICIPA DE CAMPEONATO BAIANO DE KARAT\u00ca - Bahia Economica\",\"isPartOf\":{\"@id\":\"https:\/\/bahiaeconomica.com.br\/wp\/#website\"},\"datePublished\":\"2025-08-31T11:30:51+00:00\",\"dateModified\":\"2025-08-31T10:28:07+00:00\",\"description\":\"O maior portal de Economia da Bahia Esporte Bahia Economica Digo e repito sempre, a Seguran\u00e7a P\u00fablica se faz com educa\u00e7\u00e3o, justi\u00e7a\",\"breadcrumb\":{\"@id\":\"https:\/\/bahiaeconomica.com.br\/wp\/2025\/08\/31\/deputado-participa-de-campeonato-baiano-de-karate\/#breadcrumb\"},\"inLanguage\":\"pt-BR\",\"potentialAction\":[{\"@type\":\"ReadAction\",\"target\":[\"https:\/\/bahiaeconomica.com.br\/wp\/2025\/08\/31\/deputado-participa-de-campeonato-baiano-de-karate\/\"]}]},{\"@type\":\"BreadcrumbList\",\"@id\":\"https:\/\/bahiaeconomica.com.br\/wp\/2025\/08\/31\/deputado-participa-de-campeonato-baiano-de-karate\/#breadcrumb\",\"itemListElement\":[{\"@type\":\"ListItem\",\"position\":1,\"name\":\"In\u00edcio\",\"item\":\"https:\/\/bahiaeconomica.com.br\/wp\/\"},{\"@type\":\"ListItem\",\"position\":2,\"name\":\"DEPUTADO PARTICIPA DE CAMPEONATO BAIANO DE KARAT\u00ca\"}]},{\"@type\":\"WebSite\",\"@id\":\"https:\/\/bahiaeconomica.com.br\/wp\/#website\",\"url\":\"https:\/\/bahiaeconomica.com.br\/wp\/\",\"name\":\"Bahia Economica\",\"description\":\"O maior portal de Economia da Bahia\",\"publisher\":{\"@id\":\"https:\/\/bahiaeconomica.com.br\/wp\/#organization\"},\"potentialAction\":[{\"@type\":\"SearchAction\",\"target\":{\"@type\":\"EntryPoint\",\"urlTemplate\":\"https:\/\/bahiaeconomica.com.br\/wp\/?s={search_term_string}\"},\"query-input\":\"required name=search_term_string\"}],\"inLanguage\":\"pt-BR\"},{\"@type\":\"Organization\",\"@id\":\"https:\/\/bahiaeconomica.com.br\/wp\/#organization\",\"name\":\"Bahia Econ\u00f4mica\",\"url\":\"https:\/\/bahiaeconomica.com.br\/wp\/\",\"logo\":{\"@type\":\"ImageObject\",\"inLanguage\":\"pt-BR\",\"@id\":\"https:\/\/bahiaeconomica.com.br\/wp\/#\/schema\/logo\/image\/\",\"url\":\"https:\/\/bahiaeconomica.com.br\/wp\/wp-content\/uploads\/2020\/12\/cropped-BE.png\",\"contentUrl\":\"https:\/\/bahiaeconomica.com.br\/wp\/wp-content\/uploads\/2020\/12\/cropped-BE.png\",\"width\":512,\"height\":512,\"caption\":\"Bahia Econ\u00f4mica\"},\"image\":{\"@id\":\"https:\/\/bahiaeconomica.com.br\/wp\/#\/schema\/logo\/image\/\"},\"sameAs\":[\"https:\/\/www.facebook.com\/bahiaeconomica\"]},{\"@type\":\"Person\",\"@id\":\"https:\/\/bahiaeconomica.com.br\/wp\/#\/schema\/person\/c86d3a3f8960425a0f9d0e5245991f4e\",\"name\":\"JP\",\"sameAs\":[\"https:\/\/bahiaeconomica.com.br\/wp\/beta\/\"],\"url\":\"https:\/\/bahiaeconomica.com.br\/wp\/author\/jp\/\"}]}<\/script>\n<!-- \/ Yoast SEO plugin. -->","yoast_head_json":{"title":"DEPUTADO PARTICIPA DE CAMPEONATO BAIANO DE KARAT\u00ca - Bahia Economica","description":"O maior portal de Economia da Bahia Esporte Bahia Economica Digo e repito sempre, a Seguran\u00e7a P\u00fablica se faz com educa\u00e7\u00e3o, justi\u00e7a","robots":{"index":"index","follow":"follow","max-snippet":"max-snippet:-1","max-image-preview":"max-image-preview:large","max-video-preview":"max-video-preview:-1"},"canonical":"https:\/\/bahiaeconomica.com.br\/wp\/2025\/08\/31\/deputado-participa-de-campeonato-baiano-de-karate\/","og_locale":"pt_BR","og_type":"article","og_title":"DEPUTADO PARTICIPA DE CAMPEONATO BAIANO DE KARAT\u00ca - Bahia Economica","og_description":"O maior portal de Economia da Bahia Esporte Bahia Economica Digo e repito sempre, a Seguran\u00e7a P\u00fablica se faz com educa\u00e7\u00e3o, justi\u00e7a","og_url":"https:\/\/bahiaeconomica.com.br\/wp\/2025\/08\/31\/deputado-participa-de-campeonato-baiano-de-karate\/","og_site_name":"Bahia Economica","article_publisher":"https:\/\/www.facebook.com\/bahiaeconomica","article_published_time":"2025-08-31T11:30:51+00:00","article_modified_time":"2025-08-31T10:28:07+00:00","og_image":[{"width":1600,"height":906,"url":"https:\/\/bahiaeconomica.com.br\/wp\/wp-content\/uploads\/2025\/08\/WhatsApp-Image-2025-08-30-at-15.43.49.jpeg","type":"image\/jpeg"}],"author":"JP","twitter_card":"summary_large_image","twitter_misc":{"Escrito por":"JP","Est. tempo de leitura":"2 minutos"},"schema":{"@context":"https:\/\/schema.org","@graph":[{"@type":"Article","@id":"https:\/\/bahiaeconomica.com.br\/wp\/2025\/08\/31\/deputado-participa-de-campeonato-baiano-de-karate\/#article","isPartOf":{"@id":"https:\/\/bahiaeconomica.com.br\/wp\/2025\/08\/31\/deputado-participa-de-campeonato-baiano-de-karate\/"},"author":{"name":"JP","@id":"https:\/\/bahiaeconomica.com.br\/wp\/#\/schema\/person\/c86d3a3f8960425a0f9d0e5245991f4e"},"headline":"DEPUTADO PARTICIPA DE CAMPEONATO BAIANO DE KARAT\u00ca","datePublished":"2025-08-31T11:30:51+00:00","dateModified":"2025-08-31T10:28:07+00:00","mainEntityOfPage":{"@id":"https:\/\/bahiaeconomica.com.br\/wp\/2025\/08\/31\/deputado-participa-de-campeonato-baiano-de-karate\/"},"wordCount":259,"publisher":{"@id":"https:\/\/bahiaeconomica.com.br\/wp\/#organization"},"keywords":["alde","deputado","esporte"],"articleSection":["Esporte"],"inLanguage":"pt-BR"},{"@type":"WebPage","@id":"https:\/\/bahiaeconomica.com.br\/wp\/2025\/08\/31\/deputado-participa-de-campeonato-baiano-de-karate\/","url":"https:\/\/bahiaeconomica.com.br\/wp\/2025\/08\/31\/deputado-participa-de-campeonato-baiano-de-karate\/","name":"DEPUTADO PARTICIPA DE CAMPEONATO BAIANO DE KARAT\u00ca - Bahia Economica","isPartOf":{"@id":"https:\/\/bahiaeconomica.com.br\/wp\/#website"},"datePublished":"2025-08-31T11:30:51+00:00","dateModified":"2025-08-31T10:28:07+00:00","description":"O maior portal de Economia da Bahia Esporte Bahia Economica Digo e repito sempre, a Seguran\u00e7a P\u00fablica se faz com educa\u00e7\u00e3o, justi\u00e7a","breadcrumb":{"@id":"https:\/\/bahiaeconomica.com.br\/wp\/2025\/08\/31\/deputado-participa-de-campeonato-baiano-de-karate\/#breadcrumb"},"inLanguage":"pt-BR","potentialAction":[{"@type":"ReadAction","target":["https:\/\/bahiaeconomica.com.br\/wp\/2025\/08\/31\/deputado-participa-de-campeonato-baiano-de-karate\/"]}]},{"@type":"BreadcrumbList","@id":"https:\/\/bahiaeconomica.com.br\/wp\/2025\/08\/31\/deputado-participa-de-campeonato-baiano-de-karate\/#breadcrumb","itemListElement":[{"@type":"ListItem","position":1,"name":"In\u00edcio","item":"https:\/\/bahiaeconomica.com.br\/wp\/"},{"@type":"ListItem","position":2,"name":"DEPUTADO PARTICIPA DE CAMPEONATO BAIANO DE KARAT\u00ca"}]},{"@type":"WebSite","@id":"https:\/\/bahiaeconomica.com.br\/wp\/#website","url":"https:\/\/bahiaeconomica.com.br\/wp\/","name":"Bahia Economica","description":"O maior portal de Economia da Bahia","publisher":{"@id":"https:\/\/bahiaeconomica.com.br\/wp\/#organization"},"potentialAction":[{"@type":"SearchAction","target":{"@type":"EntryPoint","urlTemplate":"https:\/\/bahiaeconomica.com.br\/wp\/?s={search_term_string}"},"query-input":"required name=search_term_string"}],"inLanguage":"pt-BR"},{"@type":"Organization","@id":"https:\/\/bahiaeconomica.com.br\/wp\/#organization","name":"Bahia Econ\u00f4mica","url":"https:\/\/bahiaeconomica.com.br\/wp\/","logo":{"@type":"ImageObject","inLanguage":"pt-BR","@id":"https:\/\/bahiaeconomica.com.br\/wp\/#\/schema\/logo\/image\/","url":"https:\/\/bahiaeconomica.com.br\/wp\/wp-content\/uploads\/2020\/12\/cropped-BE.png","contentUrl":"https:\/\/bahiaeconomica.com.br\/wp\/wp-content\/uploads\/2020\/12\/cropped-BE.png","width":512,"height":512,"caption":"Bahia Econ\u00f4mica"},"image":{"@id":"https:\/\/bahiaeconomica.com.br\/wp\/#\/schema\/logo\/image\/"},"sameAs":["https:\/\/www.facebook.com\/bahiaeconomica"]},{"@type":"Person","@id":"https:\/\/bahiaeconomica.com.br\/wp\/#\/schema\/person\/c86d3a3f8960425a0f9d0e5245991f4e","name":"JP","sameAs":["https:\/\/bahiaeconomica.com.br\/wp\/beta\/"],"url":"https:\/\/bahiaeconomica.com.br\/wp\/author\/jp\/"}]}},"views":7,"_links":{"self":[{"href":"https:\/\/bahiaeconomica.com.br\/wp\/wp-json\/wp\/v2\/posts\/930621"}],"collection":[{"href":"https:\/\/bahiaeconomica.com.br\/wp\/wp-json\/wp\/v2\/posts"}],"about":[{"href":"https:\/\/bahiaeconomica.com.br\/wp\/wp-json\/wp\/v2\/types\/post"}],"author":[{"embeddable":true,"href":"https:\/\/bahiaeconomica.com.br\/wp\/wp-json\/wp\/v2\/users\/8"}],"replies":[{"embeddable":true,"href":"https:\/\/bahiaeconomica.com.br\/wp\/wp-json\/wp\/v2\/comments?post=930621"}],"version-history":[{"count":1,"href":"https:\/\/bahiaeconomica.com.br\/wp\/wp-json\/wp\/v2\/posts\/930621\/revisions"}],"predecessor-version":[{"id":930623,"href":"https:\/\/bahiaeconomica.com.br\/wp\/wp-json\/wp\/v2\/posts\/930621\/revisions\/930623"}],"wp:featuredmedia":[{"embeddable":true,"href":"https:\/\/bahiaeconomica.com.br\/wp\/wp-json\/wp\/v2\/media\/930622"}],"wp:attachment":[{"href":"https:\/\/bahiaeconomica.com.br\/wp\/wp-json\/wp\/v2\/media?parent=930621"}],"wp:term":[{"taxonomy":"category","embeddable":true,"href":"https:\/\/bahiaeconomica.com.br\/wp\/wp-json\/wp\/v2\/categories?post=930621"},{"taxonomy":"post_tag","embeddable":true,"href":"https:\/\/bahiaeconomica.com.br\/wp\/wp-json\/wp\/v2\/tags?post=930621"}],"curies":[{"name":"wp","href":"https:\/\/api.w.org\/{rel}","templated":true}]}}