{"id":930612,"date":"2025-08-31T08:30:44","date_gmt":"2025-08-31T11:30:44","guid":{"rendered":"https:\/\/bahiaeconomica.com.br\/wp\/?p=930612"},"modified":"2025-08-31T07:27:57","modified_gmt":"2025-08-31T10:27:57","slug":"vitoria-x-atletico-mg-onde-assistir-provaveis-escalacoes-e-arbitragem","status":"publish","type":"post","link":"https:\/\/bahiaeconomica.com.br\/wp\/2025\/08\/31\/vitoria-x-atletico-mg-onde-assistir-provaveis-escalacoes-e-arbitragem\/","title":{"rendered":"VIT\u00d3RIA X ATL\u00c9TICO-MG: ONDE ASSISTIR, PROV\u00c1VEIS ESCALA\u00c7\u00d5ES E ARBITRAGEM"},"content":{"rendered":"<p>O Vit\u00f3ria recebe a visita do Atl\u00e9tico-MG neste domingo (31), \u00e0s 18h30, no Barrad\u00e3o, pela 22\u00aa rodada do Campeonato Brasileiro. Os dois times demitiram seus t\u00e9cnicos durante a semana e ser\u00e3o comandados por interinos. O Le\u00e3o ser\u00e1 dirigido por Rodrigo Chagas, que estava \u00e0 frente do sub-20, enquanto o Galo ter\u00e1 Lucas Gon\u00e7alves, auxiliar fixo do clube.<\/p>\n<p>Al\u00e9m disso, as duas equipes est\u00e3o pr\u00f3ximas na tabela de classifica\u00e7\u00e3o e est\u00e3o separadas por apenas cinco pontos. O Rubro-Negro abre a zona de rebaixamento em 17\u00ba lugar com 19, enquanto o Alvinegro mineiro \u00e9 o 12\u00ba com 24.<\/p>\n<p>O Le\u00e3o tenta juntar os cacos e se reabilitar na competi\u00e7\u00e3o ap\u00f3s a goleada hist\u00f3rica por 8 a 0 sofrida para o Flamengo na rodada passada. Al\u00e9m de Rodrigo Chagas no lugar de F\u00e1bio Carille no comando, o time tem novidades para a partida. O zagueiro Camutanga retornou ap\u00f3s o clube baiano solicitar a antecipa\u00e7\u00e3o do fim do empr\u00e9stimo ao Remo. Outros dois refor\u00e7os s\u00e3o o volante Baralhas e o meia Matheuzinho, recuperados de les\u00e3o. Quem tamb\u00e9m volta a ficar \u00e0 disposi\u00e7\u00e3o \u00e9 o zagueiro Neris, que cumpriu suspens\u00e3o. Por outro lado, o lateral-direito Claudinho, o volante R\u00faben Ismael, os atacantes Renzo L\u00f3pez e Romarinho e o lateral Jamerson continuam entregues ao departamento m\u00e9dico.<\/p>\n<p>Atl\u00e9tico-MG<\/p>\n<p>O Atl\u00e9tico-MG chega em Salvador em baixa ap\u00f3s a derrota por 2 a 0 para o arquirrival Cruzeiro em plena Arena MRV pela Copa do Brasil. O rev\u00e9s causou a demiss\u00e3o de Cuca que vinha balan\u00e7ando por conta dos maus resultados ap\u00f3s a pausa para a Copa do Mundo de Clubes, em que acumulou seis derrotas, um empate e cinco vit\u00f3rias nos \u00faltimos 13 jogos. Para o embate em Salvador, o Galo conta com refor\u00e7os importantes. O zagueiro Junior Alonso e os atacantes Cuello, Hulk e Dudu cumpriram suspens\u00e3o e voltam a ficar \u00e0 disposi\u00e7\u00e3o.<\/p>\n<p>Arbitragem<\/p>\n<p>A Confedera\u00e7\u00e3o Brasileira de Futebol (CBF) designou o \u00e1rbitro Alex Gomes Stefano, do Rio de Janeiro para apitar a partida. Ele ser\u00e1 auxiliado pelos assistentes Rodrigo Figueiredo Henrique Correa, tamb\u00e9m do Rio, e Alex dos Santos, de Santa Catarina. Enquanto Marcio Henrique de Gois, de S\u00e3o Paulo, ficou encarregado do VAR.<\/p>\n<p>Na telinha<\/p>\n<p>O duelo entre Vit\u00f3ria e Atl\u00e9tico-MG ser\u00e1 transmitido ao vivo no Premiere. Por\u00e9m, a Rede Globo, detentora dos direitos de exibi\u00e7\u00e3o, n\u00e3o divulgou a equipe de transmiss\u00e3o.<\/p>\n<p>FICHA T\u00c9CNICA<\/p>\n<p>Vit\u00f3ria x Atl\u00e9tico-MG<\/p>\n<p>Campeonato Brasileiro \u2013 22\u00aa rodada<\/p>\n<p>Local: Barrad\u00e3o, em Salvador (BA)<\/p>\n<p>Data: 31\/08\/2025 (domingo)<\/p>\n<p>Hor\u00e1rio: 18h30<\/p>\n<p>\u00c1rbitro: Alex Gomes Stefano (RJ)<\/p>\n<p>Assistentes: Rodrigo Figueiredo Henrique Correa (RJ) e Alex dos Santos (SC)<\/p>\n<p>VAR: Marcio Henrique de Gois (SP)<\/p>\n<p>Transmiss\u00e3o: Premiere<\/p>\n<p>Vit\u00f3ria: Lucas Arcanjo; Paulo Roberto (Ra\u00fal C\u00e1ceres), Z\u00e9 Marcos (Camutanga), Lucas Halter e Ramon; Baralhas, Pep\u00ea e Ronald (Matheuzinho); Erick, Osvaldo e Renato Kayzer. T\u00e9cnico: Rodrigo Chagas (interino).<\/p>\n<p>Atl\u00e9tico-MG: Everson; Natanael, Junior Alonso, Victor Hugo e Guilherme Arana; Alan Franco, Alexsander e Gustavo Scarpa; Cuello, Dudu e Hulk. T\u00e9cnico: Lucas Gon\u00e7alves (interino).<\/p>\n<p>Foto: Leandro Arag\u00e3o\/bahia.ba<\/p>\n","protected":false},"excerpt":{"rendered":"<p>O Vit\u00f3ria recebe a visita do Atl\u00e9tico-MG neste domingo (31), \u00e0s 18h30, no Barrad\u00e3o, pela 22\u00aa rodada do Campeonato Brasileiro. Os dois times demitiram seus t\u00e9cnicos durante a semana e ser\u00e3o comandados por interinos. O Le\u00e3o ser\u00e1 dirigido por Rodrigo Chagas, que estava \u00e0 frente do sub-20, enquanto o Galo ter\u00e1 Lucas Gon\u00e7alves, auxiliar fixo [&hellip;]<\/p>\n","protected":false},"author":8,"featured_media":930613,"comment_status":"closed","ping_status":"closed","sticky":false,"template":"","format":"standard","meta":[],"categories":[4486],"tags":[52,1867,1002],"acf":[],"yoast_head":"<!-- This site is optimized with the Yoast SEO plugin v20.8 - https:\/\/yoast.com\/wordpress\/plugins\/seo\/ -->\n<title>VIT\u00d3RIA X ATL\u00c9TICO-MG: ONDE ASSISTIR, PROV\u00c1VEIS ESCALA\u00c7\u00d5ES E ARBITRAGEM - Bahia Economica<\/title>\n<meta name=\"description\" content=\"O maior portal de Economia da Bahia Esporte Bahia Economica\" \/>\n<meta name=\"robots\" content=\"index, follow, max-snippet:-1, max-image-preview:large, max-video-preview:-1\" \/>\n<link rel=\"canonical\" href=\"https:\/\/bahiaeconomica.com.br\/wp\/2025\/08\/31\/vitoria-x-atletico-mg-onde-assistir-provaveis-escalacoes-e-arbitragem\/\" \/>\n<meta property=\"og:locale\" content=\"pt_BR\" \/>\n<meta property=\"og:type\" content=\"article\" \/>\n<meta property=\"og:title\" content=\"VIT\u00d3RIA X ATL\u00c9TICO-MG: ONDE ASSISTIR, PROV\u00c1VEIS ESCALA\u00c7\u00d5ES E ARBITRAGEM - Bahia Economica\" \/>\n<meta property=\"og:description\" content=\"O maior portal de Economia da Bahia Esporte Bahia Economica\" \/>\n<meta property=\"og:url\" content=\"https:\/\/bahiaeconomica.com.br\/wp\/2025\/08\/31\/vitoria-x-atletico-mg-onde-assistir-provaveis-escalacoes-e-arbitragem\/\" \/>\n<meta property=\"og:site_name\" content=\"Bahia Economica\" \/>\n<meta property=\"article:publisher\" content=\"https:\/\/www.facebook.com\/bahiaeconomica\" \/>\n<meta property=\"article:published_time\" content=\"2025-08-31T11:30:44+00:00\" \/>\n<meta property=\"article:modified_time\" content=\"2025-08-31T10:27:57+00:00\" \/>\n<meta property=\"og:image\" content=\"https:\/\/bahiaeconomica.com.br\/wp\/wp-content\/uploads\/2025\/08\/Barradao-noite-3-Leandro-Aragao.jpeg\" \/>\n\t<meta property=\"og:image:width\" content=\"600\" \/>\n\t<meta property=\"og:image:height\" content=\"420\" \/>\n\t<meta property=\"og:image:type\" content=\"image\/jpeg\" \/>\n<meta name=\"author\" content=\"JP\" \/>\n<meta name=\"twitter:card\" content=\"summary_large_image\" \/>\n<meta name=\"twitter:label1\" content=\"Escrito por\" \/>\n\t<meta name=\"twitter:data1\" content=\"JP\" \/>\n\t<meta name=\"twitter:label2\" content=\"Est. tempo de leitura\" \/>\n\t<meta name=\"twitter:data2\" content=\"3 minutos\" \/>\n<script type=\"application\/ld+json\" class=\"yoast-schema-graph\">{\"@context\":\"https:\/\/schema.org\",\"@graph\":[{\"@type\":\"Article\",\"@id\":\"https:\/\/bahiaeconomica.com.br\/wp\/2025\/08\/31\/vitoria-x-atletico-mg-onde-assistir-provaveis-escalacoes-e-arbitragem\/#article\",\"isPartOf\":{\"@id\":\"https:\/\/bahiaeconomica.com.br\/wp\/2025\/08\/31\/vitoria-x-atletico-mg-onde-assistir-provaveis-escalacoes-e-arbitragem\/\"},\"author\":{\"name\":\"JP\",\"@id\":\"https:\/\/bahiaeconomica.com.br\/wp\/#\/schema\/person\/c86d3a3f8960425a0f9d0e5245991f4e\"},\"headline\":\"VIT\u00d3RIA X ATL\u00c9TICO-MG: ONDE ASSISTIR, PROV\u00c1VEIS ESCALA\u00c7\u00d5ES E ARBITRAGEM\",\"datePublished\":\"2025-08-31T11:30:44+00:00\",\"dateModified\":\"2025-08-31T10:27:57+00:00\",\"mainEntityOfPage\":{\"@id\":\"https:\/\/bahiaeconomica.com.br\/wp\/2025\/08\/31\/vitoria-x-atletico-mg-onde-assistir-provaveis-escalacoes-e-arbitragem\/\"},\"wordCount\":546,\"publisher\":{\"@id\":\"https:\/\/bahiaeconomica.com.br\/wp\/#organization\"},\"keywords\":[\"Brasil\",\"estadio\",\"vitoria\"],\"articleSection\":[\"Esporte\"],\"inLanguage\":\"pt-BR\"},{\"@type\":\"WebPage\",\"@id\":\"https:\/\/bahiaeconomica.com.br\/wp\/2025\/08\/31\/vitoria-x-atletico-mg-onde-assistir-provaveis-escalacoes-e-arbitragem\/\",\"url\":\"https:\/\/bahiaeconomica.com.br\/wp\/2025\/08\/31\/vitoria-x-atletico-mg-onde-assistir-provaveis-escalacoes-e-arbitragem\/\",\"name\":\"VIT\u00d3RIA X ATL\u00c9TICO-MG: ONDE ASSISTIR, PROV\u00c1VEIS ESCALA\u00c7\u00d5ES E ARBITRAGEM - Bahia Economica\",\"isPartOf\":{\"@id\":\"https:\/\/bahiaeconomica.com.br\/wp\/#website\"},\"datePublished\":\"2025-08-31T11:30:44+00:00\",\"dateModified\":\"2025-08-31T10:27:57+00:00\",\"description\":\"O maior portal de Economia da Bahia Esporte Bahia Economica\",\"breadcrumb\":{\"@id\":\"https:\/\/bahiaeconomica.com.br\/wp\/2025\/08\/31\/vitoria-x-atletico-mg-onde-assistir-provaveis-escalacoes-e-arbitragem\/#breadcrumb\"},\"inLanguage\":\"pt-BR\",\"potentialAction\":[{\"@type\":\"ReadAction\",\"target\":[\"https:\/\/bahiaeconomica.com.br\/wp\/2025\/08\/31\/vitoria-x-atletico-mg-onde-assistir-provaveis-escalacoes-e-arbitragem\/\"]}]},{\"@type\":\"BreadcrumbList\",\"@id\":\"https:\/\/bahiaeconomica.com.br\/wp\/2025\/08\/31\/vitoria-x-atletico-mg-onde-assistir-provaveis-escalacoes-e-arbitragem\/#breadcrumb\",\"itemListElement\":[{\"@type\":\"ListItem\",\"position\":1,\"name\":\"In\u00edcio\",\"item\":\"https:\/\/bahiaeconomica.com.br\/wp\/\"},{\"@type\":\"ListItem\",\"position\":2,\"name\":\"VIT\u00d3RIA X ATL\u00c9TICO-MG: ONDE ASSISTIR, PROV\u00c1VEIS ESCALA\u00c7\u00d5ES E ARBITRAGEM\"}]},{\"@type\":\"WebSite\",\"@id\":\"https:\/\/bahiaeconomica.com.br\/wp\/#website\",\"url\":\"https:\/\/bahiaeconomica.com.br\/wp\/\",\"name\":\"Bahia Economica\",\"description\":\"O maior portal de Economia da Bahia\",\"publisher\":{\"@id\":\"https:\/\/bahiaeconomica.com.br\/wp\/#organization\"},\"potentialAction\":[{\"@type\":\"SearchAction\",\"target\":{\"@type\":\"EntryPoint\",\"urlTemplate\":\"https:\/\/bahiaeconomica.com.br\/wp\/?s={search_term_string}\"},\"query-input\":\"required name=search_term_string\"}],\"inLanguage\":\"pt-BR\"},{\"@type\":\"Organization\",\"@id\":\"https:\/\/bahiaeconomica.com.br\/wp\/#organization\",\"name\":\"Bahia Econ\u00f4mica\",\"url\":\"https:\/\/bahiaeconomica.com.br\/wp\/\",\"logo\":{\"@type\":\"ImageObject\",\"inLanguage\":\"pt-BR\",\"@id\":\"https:\/\/bahiaeconomica.com.br\/wp\/#\/schema\/logo\/image\/\",\"url\":\"https:\/\/bahiaeconomica.com.br\/wp\/wp-content\/uploads\/2020\/12\/cropped-BE.png\",\"contentUrl\":\"https:\/\/bahiaeconomica.com.br\/wp\/wp-content\/uploads\/2020\/12\/cropped-BE.png\",\"width\":512,\"height\":512,\"caption\":\"Bahia Econ\u00f4mica\"},\"image\":{\"@id\":\"https:\/\/bahiaeconomica.com.br\/wp\/#\/schema\/logo\/image\/\"},\"sameAs\":[\"https:\/\/www.facebook.com\/bahiaeconomica\"]},{\"@type\":\"Person\",\"@id\":\"https:\/\/bahiaeconomica.com.br\/wp\/#\/schema\/person\/c86d3a3f8960425a0f9d0e5245991f4e\",\"name\":\"JP\",\"sameAs\":[\"https:\/\/bahiaeconomica.com.br\/wp\/beta\/\"],\"url\":\"https:\/\/bahiaeconomica.com.br\/wp\/author\/jp\/\"}]}<\/script>\n<!-- \/ Yoast SEO plugin. -->","yoast_head_json":{"title":"VIT\u00d3RIA X ATL\u00c9TICO-MG: ONDE ASSISTIR, PROV\u00c1VEIS ESCALA\u00c7\u00d5ES E ARBITRAGEM - Bahia Economica","description":"O maior portal de Economia da Bahia Esporte Bahia Economica","robots":{"index":"index","follow":"follow","max-snippet":"max-snippet:-1","max-image-preview":"max-image-preview:large","max-video-preview":"max-video-preview:-1"},"canonical":"https:\/\/bahiaeconomica.com.br\/wp\/2025\/08\/31\/vitoria-x-atletico-mg-onde-assistir-provaveis-escalacoes-e-arbitragem\/","og_locale":"pt_BR","og_type":"article","og_title":"VIT\u00d3RIA X ATL\u00c9TICO-MG: ONDE ASSISTIR, PROV\u00c1VEIS ESCALA\u00c7\u00d5ES E ARBITRAGEM - Bahia Economica","og_description":"O maior portal de Economia da Bahia Esporte Bahia Economica","og_url":"https:\/\/bahiaeconomica.com.br\/wp\/2025\/08\/31\/vitoria-x-atletico-mg-onde-assistir-provaveis-escalacoes-e-arbitragem\/","og_site_name":"Bahia Economica","article_publisher":"https:\/\/www.facebook.com\/bahiaeconomica","article_published_time":"2025-08-31T11:30:44+00:00","article_modified_time":"2025-08-31T10:27:57+00:00","og_image":[{"width":600,"height":420,"url":"https:\/\/bahiaeconomica.com.br\/wp\/wp-content\/uploads\/2025\/08\/Barradao-noite-3-Leandro-Aragao.jpeg","type":"image\/jpeg"}],"author":"JP","twitter_card":"summary_large_image","twitter_misc":{"Escrito por":"JP","Est. tempo de leitura":"3 minutos"},"schema":{"@context":"https:\/\/schema.org","@graph":[{"@type":"Article","@id":"https:\/\/bahiaeconomica.com.br\/wp\/2025\/08\/31\/vitoria-x-atletico-mg-onde-assistir-provaveis-escalacoes-e-arbitragem\/#article","isPartOf":{"@id":"https:\/\/bahiaeconomica.com.br\/wp\/2025\/08\/31\/vitoria-x-atletico-mg-onde-assistir-provaveis-escalacoes-e-arbitragem\/"},"author":{"name":"JP","@id":"https:\/\/bahiaeconomica.com.br\/wp\/#\/schema\/person\/c86d3a3f8960425a0f9d0e5245991f4e"},"headline":"VIT\u00d3RIA X ATL\u00c9TICO-MG: ONDE ASSISTIR, PROV\u00c1VEIS ESCALA\u00c7\u00d5ES E ARBITRAGEM","datePublished":"2025-08-31T11:30:44+00:00","dateModified":"2025-08-31T10:27:57+00:00","mainEntityOfPage":{"@id":"https:\/\/bahiaeconomica.com.br\/wp\/2025\/08\/31\/vitoria-x-atletico-mg-onde-assistir-provaveis-escalacoes-e-arbitragem\/"},"wordCount":546,"publisher":{"@id":"https:\/\/bahiaeconomica.com.br\/wp\/#organization"},"keywords":["Brasil","estadio","vitoria"],"articleSection":["Esporte"],"inLanguage":"pt-BR"},{"@type":"WebPage","@id":"https:\/\/bahiaeconomica.com.br\/wp\/2025\/08\/31\/vitoria-x-atletico-mg-onde-assistir-provaveis-escalacoes-e-arbitragem\/","url":"https:\/\/bahiaeconomica.com.br\/wp\/2025\/08\/31\/vitoria-x-atletico-mg-onde-assistir-provaveis-escalacoes-e-arbitragem\/","name":"VIT\u00d3RIA X ATL\u00c9TICO-MG: ONDE ASSISTIR, PROV\u00c1VEIS ESCALA\u00c7\u00d5ES E ARBITRAGEM - Bahia Economica","isPartOf":{"@id":"https:\/\/bahiaeconomica.com.br\/wp\/#website"},"datePublished":"2025-08-31T11:30:44+00:00","dateModified":"2025-08-31T10:27:57+00:00","description":"O maior portal de Economia da Bahia Esporte Bahia Economica","breadcrumb":{"@id":"https:\/\/bahiaeconomica.com.br\/wp\/2025\/08\/31\/vitoria-x-atletico-mg-onde-assistir-provaveis-escalacoes-e-arbitragem\/#breadcrumb"},"inLanguage":"pt-BR","potentialAction":[{"@type":"ReadAction","target":["https:\/\/bahiaeconomica.com.br\/wp\/2025\/08\/31\/vitoria-x-atletico-mg-onde-assistir-provaveis-escalacoes-e-arbitragem\/"]}]},{"@type":"BreadcrumbList","@id":"https:\/\/bahiaeconomica.com.br\/wp\/2025\/08\/31\/vitoria-x-atletico-mg-onde-assistir-provaveis-escalacoes-e-arbitragem\/#breadcrumb","itemListElement":[{"@type":"ListItem","position":1,"name":"In\u00edcio","item":"https:\/\/bahiaeconomica.com.br\/wp\/"},{"@type":"ListItem","position":2,"name":"VIT\u00d3RIA X ATL\u00c9TICO-MG: ONDE ASSISTIR, PROV\u00c1VEIS ESCALA\u00c7\u00d5ES E ARBITRAGEM"}]},{"@type":"WebSite","@id":"https:\/\/bahiaeconomica.com.br\/wp\/#website","url":"https:\/\/bahiaeconomica.com.br\/wp\/","name":"Bahia Economica","description":"O maior portal de Economia da Bahia","publisher":{"@id":"https:\/\/bahiaeconomica.com.br\/wp\/#organization"},"potentialAction":[{"@type":"SearchAction","target":{"@type":"EntryPoint","urlTemplate":"https:\/\/bahiaeconomica.com.br\/wp\/?s={search_term_string}"},"query-input":"required name=search_term_string"}],"inLanguage":"pt-BR"},{"@type":"Organization","@id":"https:\/\/bahiaeconomica.com.br\/wp\/#organization","name":"Bahia Econ\u00f4mica","url":"https:\/\/bahiaeconomica.com.br\/wp\/","logo":{"@type":"ImageObject","inLanguage":"pt-BR","@id":"https:\/\/bahiaeconomica.com.br\/wp\/#\/schema\/logo\/image\/","url":"https:\/\/bahiaeconomica.com.br\/wp\/wp-content\/uploads\/2020\/12\/cropped-BE.png","contentUrl":"https:\/\/bahiaeconomica.com.br\/wp\/wp-content\/uploads\/2020\/12\/cropped-BE.png","width":512,"height":512,"caption":"Bahia Econ\u00f4mica"},"image":{"@id":"https:\/\/bahiaeconomica.com.br\/wp\/#\/schema\/logo\/image\/"},"sameAs":["https:\/\/www.facebook.com\/bahiaeconomica"]},{"@type":"Person","@id":"https:\/\/bahiaeconomica.com.br\/wp\/#\/schema\/person\/c86d3a3f8960425a0f9d0e5245991f4e","name":"JP","sameAs":["https:\/\/bahiaeconomica.com.br\/wp\/beta\/"],"url":"https:\/\/bahiaeconomica.com.br\/wp\/author\/jp\/"}]}},"views":14,"_links":{"self":[{"href":"https:\/\/bahiaeconomica.com.br\/wp\/wp-json\/wp\/v2\/posts\/930612"}],"collection":[{"href":"https:\/\/bahiaeconomica.com.br\/wp\/wp-json\/wp\/v2\/posts"}],"about":[{"href":"https:\/\/bahiaeconomica.com.br\/wp\/wp-json\/wp\/v2\/types\/post"}],"author":[{"embeddable":true,"href":"https:\/\/bahiaeconomica.com.br\/wp\/wp-json\/wp\/v2\/users\/8"}],"replies":[{"embeddable":true,"href":"https:\/\/bahiaeconomica.com.br\/wp\/wp-json\/wp\/v2\/comments?post=930612"}],"version-history":[{"count":1,"href":"https:\/\/bahiaeconomica.com.br\/wp\/wp-json\/wp\/v2\/posts\/930612\/revisions"}],"predecessor-version":[{"id":930614,"href":"https:\/\/bahiaeconomica.com.br\/wp\/wp-json\/wp\/v2\/posts\/930612\/revisions\/930614"}],"wp:featuredmedia":[{"embeddable":true,"href":"https:\/\/bahiaeconomica.com.br\/wp\/wp-json\/wp\/v2\/media\/930613"}],"wp:attachment":[{"href":"https:\/\/bahiaeconomica.com.br\/wp\/wp-json\/wp\/v2\/media?parent=930612"}],"wp:term":[{"taxonomy":"category","embeddable":true,"href":"https:\/\/bahiaeconomica.com.br\/wp\/wp-json\/wp\/v2\/categories?post=930612"},{"taxonomy":"post_tag","embeddable":true,"href":"https:\/\/bahiaeconomica.com.br\/wp\/wp-json\/wp\/v2\/tags?post=930612"}],"curies":[{"name":"wp","href":"https:\/\/api.w.org\/{rel}","templated":true}]}}