{"id":930538,"date":"2025-01-30T07:56:26","date_gmt":"2025-01-30T10:56:26","guid":{"rendered":"https:\/\/bahiaeconomica.com.br\/wp\/?p=930538"},"modified":"2025-08-30T07:57:23","modified_gmt":"2025-08-30T10:57:23","slug":"inadimplencia-atinge-945-em-julho-e-cresce-diante-de-cenario-economico","status":"publish","type":"post","link":"https:\/\/bahiaeconomica.com.br\/wp\/2025\/01\/30\/inadimplencia-atinge-945-em-julho-e-cresce-diante-de-cenario-economico\/","title":{"rendered":"INADIMPL\u00caNCIA ATINGE 9,45% EM JULHO E CRESCE DIANTE DE CEN\u00c1RIO ECON\u00d4MICO"},"content":{"rendered":"<p>A inadimpl\u00eancia voltou a subir no Brasil e acendeu um alerta para o setor varejista. Segundo o <a href=\"https:\/\/meucrediario.com.br\/indice-de-inadimplencia\/\">\u00cdndice de Inadimpl\u00eancia do Meu Credi\u00e1rio<\/a>, 9,45% dos consumidores estavam com contas em atraso em julho de 2025, resultado superior ao registrado no mesmo per\u00edodo do ano anterior.<\/p>\n<p>A combina\u00e7\u00e3o de juros elevados, perda de renda e incertezas econ\u00f4micas internas j\u00e1 vinha pressionando fam\u00edlias e empresas. Agora, o cen\u00e1rio ganhou um novo ingrediente de risco: a tarifa de 50% sobre produtos brasileiros anunciada pelos Estados Unidos, que entrou em vigor no in\u00edcio de agosto.<\/p>\n<p>Os efeitos da medida protecionista j\u00e1 come\u00e7aram a ser sentidos. Segundo a <a href=\"https:\/\/www.abicalcados.com.br\/\">Associa\u00e7\u00e3o Brasileira das Ind\u00fastrias de Cal\u00e7ados (Abical\u00e7ados)<\/a>, at\u00e9 20 mil empregos podem ser perdidos caso as exporta\u00e7\u00f5es para o mercado norte-americano sofram retra\u00e7\u00e3o mais acentuada. O setor de cal\u00e7ados \u00e9 um dos mais impactados, j\u00e1 que os Estados Unidos s\u00e3o o principal destino internacional do produto brasileiro. Somente no primeiro semestre, foram embarcados 5,8 milh\u00f5es de pares, um crescimento de 13% em rela\u00e7\u00e3o a 2024.<\/p>\n<p>O impacto, por\u00e9m, vai muito al\u00e9m do setor cal\u00e7adista. Com insumos mais caros e o d\u00f3lar pressionado, o cr\u00e9dito tamb\u00e9m se encarece, criando dificuldades adicionais para consumidores renegociarem d\u00edvidas ou honrarem parcelas j\u00e1 contratadas. Segundo levantamento do Meu Credi\u00e1rio sobre o \u00edndice de inadimpl\u00eancia, a perda de poder de compra e o aumento do custo do cr\u00e9dito ampliam o risco de crescimento nos atrasos de pagamento ao longo dos pr\u00f3ximos meses.<\/p>\n<h2>Sudeste lidera ranking de endividados<\/h2>\n<p>O estudo mostra que o Sudeste lidera o ranking da inadimpl\u00eancia com 10,58% da popula\u00e7\u00e3o em atraso, seguido pelo Norte, com 10,53%. O Nordeste aparece com 9,82%, enquanto o Sul registra 8,92% e o Centro-Oeste mant\u00e9m o menor patamar, em 8,55%.<\/p>\n<p>No recorte por setores, roupas e cal\u00e7ados concentram o maior n\u00famero de inadimplentes, com 11,25% dos consumidores em atraso. Esse dado refor\u00e7a a vulnerabilidade do varejo de bens n\u00e3o essenciais em per\u00edodos de instabilidade, j\u00e1 que o consumidor tende a priorizar despesas b\u00e1sicas como alimenta\u00e7\u00e3o e moradia.<\/p>\n<h2>Risco de efeito domin\u00f3<\/h2>\n<p>O movimento tarif\u00e1rio dos EUA tamb\u00e9m abre espa\u00e7o para uma rea\u00e7\u00e3o brasileira. Caso o governo opte por adotar medidas de reciprocidade, especialistas <a href=\"https:\/\/www.supervarejo.com.br\/entrevista\/impactos-da-tarifa-americana-de-50-na-economia-brasileira-riscos-imediatos-reacoes-estrategicas-e-oportunidades-para-o-varejo\">consultados pela <\/a><a href=\"https:\/\/www.supervarejo.com.br\/entrevista\/impactos-da-tarifa-americana-de-50-na-economia-brasileira-riscos-imediatos-reacoes-estrategicas-e-oportunidades-para-o-varejo\"><em>SuperVarejo<\/em><\/a> projetam uma queda de at\u00e9 30% nas importa\u00e7\u00f5es de produtos norte-americanos, o que poderia provocar um efeito domin\u00f3 na cadeia de consumo interno.<\/p>\n<p>Nesse ambiente de incerteza, lojistas enfrentam um dilema: ao mesmo tempo, em que precisam manter estrat\u00e9gias de atra\u00e7\u00e3o e fideliza\u00e7\u00e3o de clientes, s\u00e3o obrigados a apertar o cerco na concess\u00e3o de cr\u00e9dito para reduzir riscos de inadimpl\u00eancia.<\/p>\n<p>Vale ressaltar que entre as recomenda\u00e7\u00f5es est\u00e3o a ado\u00e7\u00e3o de an\u00e1lises mais rigorosas de cr\u00e9dito, a intensifica\u00e7\u00e3o de negocia\u00e7\u00f5es diretas com devedores e o investimento em relacionamento com clientes como forma de evitar perdas maiores no setor.<\/p>\n<p>Foto: Reprodu\u00e7\u00e3o\/Freepik<\/p>\n","protected":false},"excerpt":{"rendered":"<p>A inadimpl\u00eancia voltou a subir no Brasil e acendeu um alerta para o setor varejista. Segundo o \u00cdndice de Inadimpl\u00eancia do Meu Credi\u00e1rio, 9,45% dos consumidores estavam com contas em atraso em julho de 2025, resultado superior ao registrado no mesmo per\u00edodo do ano anterior. A combina\u00e7\u00e3o de juros elevados, perda de renda e incertezas [&hellip;]<\/p>\n","protected":false},"author":8,"featured_media":930539,"comment_status":"closed","ping_status":"closed","sticky":false,"template":"","format":"standard","meta":[],"categories":[3],"tags":[],"acf":[],"yoast_head":"<!-- This site is optimized with the Yoast SEO plugin v20.8 - https:\/\/yoast.com\/wordpress\/plugins\/seo\/ -->\n<title>INADIMPL\u00caNCIA ATINGE 9,45% EM JULHO E CRESCE DIANTE DE CEN\u00c1RIO ECON\u00d4MICO - Bahia Economica<\/title>\n<meta name=\"description\" content=\"O maior portal de Economia da Bahia ECONOMIA \/ POL\u00cdTICA Bahia Economica\" \/>\n<meta name=\"robots\" content=\"index, follow, max-snippet:-1, max-image-preview:large, max-video-preview:-1\" \/>\n<link rel=\"canonical\" href=\"https:\/\/bahiaeconomica.com.br\/wp\/2025\/01\/30\/inadimplencia-atinge-945-em-julho-e-cresce-diante-de-cenario-economico\/\" \/>\n<meta property=\"og:locale\" content=\"pt_BR\" \/>\n<meta property=\"og:type\" content=\"article\" \/>\n<meta property=\"og:title\" content=\"INADIMPL\u00caNCIA ATINGE 9,45% EM JULHO E CRESCE DIANTE DE CEN\u00c1RIO ECON\u00d4MICO - Bahia Economica\" \/>\n<meta property=\"og:description\" content=\"O maior portal de Economia da Bahia ECONOMIA \/ POL\u00cdTICA Bahia Economica\" \/>\n<meta property=\"og:url\" content=\"https:\/\/bahiaeconomica.com.br\/wp\/2025\/01\/30\/inadimplencia-atinge-945-em-julho-e-cresce-diante-de-cenario-economico\/\" \/>\n<meta property=\"og:site_name\" content=\"Bahia Economica\" \/>\n<meta property=\"article:publisher\" content=\"https:\/\/www.facebook.com\/bahiaeconomica\" \/>\n<meta property=\"article:published_time\" content=\"2025-01-30T10:56:26+00:00\" \/>\n<meta property=\"article:modified_time\" content=\"2025-08-30T10:57:23+00:00\" \/>\n<meta property=\"og:image\" content=\"https:\/\/bahiaeconomica.com.br\/wp\/wp-content\/uploads\/2025\/08\/WhatsApp-Image-2025-08-29-at-14.33.40.jpeg\" \/>\n\t<meta property=\"og:image:width\" content=\"1280\" \/>\n\t<meta property=\"og:image:height\" content=\"853\" \/>\n\t<meta property=\"og:image:type\" content=\"image\/jpeg\" \/>\n<meta name=\"author\" content=\"JP\" \/>\n<meta name=\"twitter:card\" content=\"summary_large_image\" \/>\n<meta name=\"twitter:label1\" content=\"Escrito por\" \/>\n\t<meta name=\"twitter:data1\" content=\"JP\" \/>\n\t<meta name=\"twitter:label2\" content=\"Est. tempo de leitura\" \/>\n\t<meta name=\"twitter:data2\" content=\"3 minutos\" \/>\n<script type=\"application\/ld+json\" class=\"yoast-schema-graph\">{\"@context\":\"https:\/\/schema.org\",\"@graph\":[{\"@type\":\"Article\",\"@id\":\"https:\/\/bahiaeconomica.com.br\/wp\/2025\/01\/30\/inadimplencia-atinge-945-em-julho-e-cresce-diante-de-cenario-economico\/#article\",\"isPartOf\":{\"@id\":\"https:\/\/bahiaeconomica.com.br\/wp\/2025\/01\/30\/inadimplencia-atinge-945-em-julho-e-cresce-diante-de-cenario-economico\/\"},\"author\":{\"name\":\"JP\",\"@id\":\"https:\/\/bahiaeconomica.com.br\/wp\/#\/schema\/person\/c86d3a3f8960425a0f9d0e5245991f4e\"},\"headline\":\"INADIMPL\u00caNCIA ATINGE 9,45% EM JULHO E CRESCE DIANTE DE CEN\u00c1RIO ECON\u00d4MICO\",\"datePublished\":\"2025-01-30T10:56:26+00:00\",\"dateModified\":\"2025-08-30T10:57:23+00:00\",\"mainEntityOfPage\":{\"@id\":\"https:\/\/bahiaeconomica.com.br\/wp\/2025\/01\/30\/inadimplencia-atinge-945-em-julho-e-cresce-diante-de-cenario-economico\/\"},\"wordCount\":520,\"publisher\":{\"@id\":\"https:\/\/bahiaeconomica.com.br\/wp\/#organization\"},\"articleSection\":[\"ECONOMIA \/ POL\u00cdTICA\"],\"inLanguage\":\"pt-BR\"},{\"@type\":\"WebPage\",\"@id\":\"https:\/\/bahiaeconomica.com.br\/wp\/2025\/01\/30\/inadimplencia-atinge-945-em-julho-e-cresce-diante-de-cenario-economico\/\",\"url\":\"https:\/\/bahiaeconomica.com.br\/wp\/2025\/01\/30\/inadimplencia-atinge-945-em-julho-e-cresce-diante-de-cenario-economico\/\",\"name\":\"INADIMPL\u00caNCIA ATINGE 9,45% EM JULHO E CRESCE DIANTE DE CEN\u00c1RIO ECON\u00d4MICO - Bahia Economica\",\"isPartOf\":{\"@id\":\"https:\/\/bahiaeconomica.com.br\/wp\/#website\"},\"datePublished\":\"2025-01-30T10:56:26+00:00\",\"dateModified\":\"2025-08-30T10:57:23+00:00\",\"description\":\"O maior portal de Economia da Bahia ECONOMIA \/ POL\u00cdTICA Bahia Economica\",\"breadcrumb\":{\"@id\":\"https:\/\/bahiaeconomica.com.br\/wp\/2025\/01\/30\/inadimplencia-atinge-945-em-julho-e-cresce-diante-de-cenario-economico\/#breadcrumb\"},\"inLanguage\":\"pt-BR\",\"potentialAction\":[{\"@type\":\"ReadAction\",\"target\":[\"https:\/\/bahiaeconomica.com.br\/wp\/2025\/01\/30\/inadimplencia-atinge-945-em-julho-e-cresce-diante-de-cenario-economico\/\"]}]},{\"@type\":\"BreadcrumbList\",\"@id\":\"https:\/\/bahiaeconomica.com.br\/wp\/2025\/01\/30\/inadimplencia-atinge-945-em-julho-e-cresce-diante-de-cenario-economico\/#breadcrumb\",\"itemListElement\":[{\"@type\":\"ListItem\",\"position\":1,\"name\":\"In\u00edcio\",\"item\":\"https:\/\/bahiaeconomica.com.br\/wp\/\"},{\"@type\":\"ListItem\",\"position\":2,\"name\":\"INADIMPL\u00caNCIA ATINGE 9,45% EM JULHO E CRESCE DIANTE DE CEN\u00c1RIO ECON\u00d4MICO\"}]},{\"@type\":\"WebSite\",\"@id\":\"https:\/\/bahiaeconomica.com.br\/wp\/#website\",\"url\":\"https:\/\/bahiaeconomica.com.br\/wp\/\",\"name\":\"Bahia Economica\",\"description\":\"O maior portal de Economia da Bahia\",\"publisher\":{\"@id\":\"https:\/\/bahiaeconomica.com.br\/wp\/#organization\"},\"potentialAction\":[{\"@type\":\"SearchAction\",\"target\":{\"@type\":\"EntryPoint\",\"urlTemplate\":\"https:\/\/bahiaeconomica.com.br\/wp\/?s={search_term_string}\"},\"query-input\":\"required name=search_term_string\"}],\"inLanguage\":\"pt-BR\"},{\"@type\":\"Organization\",\"@id\":\"https:\/\/bahiaeconomica.com.br\/wp\/#organization\",\"name\":\"Bahia Econ\u00f4mica\",\"url\":\"https:\/\/bahiaeconomica.com.br\/wp\/\",\"logo\":{\"@type\":\"ImageObject\",\"inLanguage\":\"pt-BR\",\"@id\":\"https:\/\/bahiaeconomica.com.br\/wp\/#\/schema\/logo\/image\/\",\"url\":\"https:\/\/bahiaeconomica.com.br\/wp\/wp-content\/uploads\/2020\/12\/cropped-BE.png\",\"contentUrl\":\"https:\/\/bahiaeconomica.com.br\/wp\/wp-content\/uploads\/2020\/12\/cropped-BE.png\",\"width\":512,\"height\":512,\"caption\":\"Bahia Econ\u00f4mica\"},\"image\":{\"@id\":\"https:\/\/bahiaeconomica.com.br\/wp\/#\/schema\/logo\/image\/\"},\"sameAs\":[\"https:\/\/www.facebook.com\/bahiaeconomica\"]},{\"@type\":\"Person\",\"@id\":\"https:\/\/bahiaeconomica.com.br\/wp\/#\/schema\/person\/c86d3a3f8960425a0f9d0e5245991f4e\",\"name\":\"JP\",\"sameAs\":[\"https:\/\/bahiaeconomica.com.br\/wp\/beta\/\"],\"url\":\"https:\/\/bahiaeconomica.com.br\/wp\/author\/jp\/\"}]}<\/script>\n<!-- \/ Yoast SEO plugin. -->","yoast_head_json":{"title":"INADIMPL\u00caNCIA ATINGE 9,45% EM JULHO E CRESCE DIANTE DE CEN\u00c1RIO ECON\u00d4MICO - Bahia Economica","description":"O maior portal de Economia da Bahia ECONOMIA \/ POL\u00cdTICA Bahia Economica","robots":{"index":"index","follow":"follow","max-snippet":"max-snippet:-1","max-image-preview":"max-image-preview:large","max-video-preview":"max-video-preview:-1"},"canonical":"https:\/\/bahiaeconomica.com.br\/wp\/2025\/01\/30\/inadimplencia-atinge-945-em-julho-e-cresce-diante-de-cenario-economico\/","og_locale":"pt_BR","og_type":"article","og_title":"INADIMPL\u00caNCIA ATINGE 9,45% EM JULHO E CRESCE DIANTE DE CEN\u00c1RIO ECON\u00d4MICO - Bahia Economica","og_description":"O maior portal de Economia da Bahia ECONOMIA \/ POL\u00cdTICA Bahia Economica","og_url":"https:\/\/bahiaeconomica.com.br\/wp\/2025\/01\/30\/inadimplencia-atinge-945-em-julho-e-cresce-diante-de-cenario-economico\/","og_site_name":"Bahia Economica","article_publisher":"https:\/\/www.facebook.com\/bahiaeconomica","article_published_time":"2025-01-30T10:56:26+00:00","article_modified_time":"2025-08-30T10:57:23+00:00","og_image":[{"width":1280,"height":853,"url":"https:\/\/bahiaeconomica.com.br\/wp\/wp-content\/uploads\/2025\/08\/WhatsApp-Image-2025-08-29-at-14.33.40.jpeg","type":"image\/jpeg"}],"author":"JP","twitter_card":"summary_large_image","twitter_misc":{"Escrito por":"JP","Est. tempo de leitura":"3 minutos"},"schema":{"@context":"https:\/\/schema.org","@graph":[{"@type":"Article","@id":"https:\/\/bahiaeconomica.com.br\/wp\/2025\/01\/30\/inadimplencia-atinge-945-em-julho-e-cresce-diante-de-cenario-economico\/#article","isPartOf":{"@id":"https:\/\/bahiaeconomica.com.br\/wp\/2025\/01\/30\/inadimplencia-atinge-945-em-julho-e-cresce-diante-de-cenario-economico\/"},"author":{"name":"JP","@id":"https:\/\/bahiaeconomica.com.br\/wp\/#\/schema\/person\/c86d3a3f8960425a0f9d0e5245991f4e"},"headline":"INADIMPL\u00caNCIA ATINGE 9,45% EM JULHO E CRESCE DIANTE DE CEN\u00c1RIO ECON\u00d4MICO","datePublished":"2025-01-30T10:56:26+00:00","dateModified":"2025-08-30T10:57:23+00:00","mainEntityOfPage":{"@id":"https:\/\/bahiaeconomica.com.br\/wp\/2025\/01\/30\/inadimplencia-atinge-945-em-julho-e-cresce-diante-de-cenario-economico\/"},"wordCount":520,"publisher":{"@id":"https:\/\/bahiaeconomica.com.br\/wp\/#organization"},"articleSection":["ECONOMIA \/ POL\u00cdTICA"],"inLanguage":"pt-BR"},{"@type":"WebPage","@id":"https:\/\/bahiaeconomica.com.br\/wp\/2025\/01\/30\/inadimplencia-atinge-945-em-julho-e-cresce-diante-de-cenario-economico\/","url":"https:\/\/bahiaeconomica.com.br\/wp\/2025\/01\/30\/inadimplencia-atinge-945-em-julho-e-cresce-diante-de-cenario-economico\/","name":"INADIMPL\u00caNCIA ATINGE 9,45% EM JULHO E CRESCE DIANTE DE CEN\u00c1RIO ECON\u00d4MICO - Bahia Economica","isPartOf":{"@id":"https:\/\/bahiaeconomica.com.br\/wp\/#website"},"datePublished":"2025-01-30T10:56:26+00:00","dateModified":"2025-08-30T10:57:23+00:00","description":"O maior portal de Economia da Bahia ECONOMIA \/ POL\u00cdTICA Bahia Economica","breadcrumb":{"@id":"https:\/\/bahiaeconomica.com.br\/wp\/2025\/01\/30\/inadimplencia-atinge-945-em-julho-e-cresce-diante-de-cenario-economico\/#breadcrumb"},"inLanguage":"pt-BR","potentialAction":[{"@type":"ReadAction","target":["https:\/\/bahiaeconomica.com.br\/wp\/2025\/01\/30\/inadimplencia-atinge-945-em-julho-e-cresce-diante-de-cenario-economico\/"]}]},{"@type":"BreadcrumbList","@id":"https:\/\/bahiaeconomica.com.br\/wp\/2025\/01\/30\/inadimplencia-atinge-945-em-julho-e-cresce-diante-de-cenario-economico\/#breadcrumb","itemListElement":[{"@type":"ListItem","position":1,"name":"In\u00edcio","item":"https:\/\/bahiaeconomica.com.br\/wp\/"},{"@type":"ListItem","position":2,"name":"INADIMPL\u00caNCIA ATINGE 9,45% EM JULHO E CRESCE DIANTE DE CEN\u00c1RIO ECON\u00d4MICO"}]},{"@type":"WebSite","@id":"https:\/\/bahiaeconomica.com.br\/wp\/#website","url":"https:\/\/bahiaeconomica.com.br\/wp\/","name":"Bahia Economica","description":"O maior portal de Economia da Bahia","publisher":{"@id":"https:\/\/bahiaeconomica.com.br\/wp\/#organization"},"potentialAction":[{"@type":"SearchAction","target":{"@type":"EntryPoint","urlTemplate":"https:\/\/bahiaeconomica.com.br\/wp\/?s={search_term_string}"},"query-input":"required name=search_term_string"}],"inLanguage":"pt-BR"},{"@type":"Organization","@id":"https:\/\/bahiaeconomica.com.br\/wp\/#organization","name":"Bahia Econ\u00f4mica","url":"https:\/\/bahiaeconomica.com.br\/wp\/","logo":{"@type":"ImageObject","inLanguage":"pt-BR","@id":"https:\/\/bahiaeconomica.com.br\/wp\/#\/schema\/logo\/image\/","url":"https:\/\/bahiaeconomica.com.br\/wp\/wp-content\/uploads\/2020\/12\/cropped-BE.png","contentUrl":"https:\/\/bahiaeconomica.com.br\/wp\/wp-content\/uploads\/2020\/12\/cropped-BE.png","width":512,"height":512,"caption":"Bahia Econ\u00f4mica"},"image":{"@id":"https:\/\/bahiaeconomica.com.br\/wp\/#\/schema\/logo\/image\/"},"sameAs":["https:\/\/www.facebook.com\/bahiaeconomica"]},{"@type":"Person","@id":"https:\/\/bahiaeconomica.com.br\/wp\/#\/schema\/person\/c86d3a3f8960425a0f9d0e5245991f4e","name":"JP","sameAs":["https:\/\/bahiaeconomica.com.br\/wp\/beta\/"],"url":"https:\/\/bahiaeconomica.com.br\/wp\/author\/jp\/"}]}},"views":9,"_links":{"self":[{"href":"https:\/\/bahiaeconomica.com.br\/wp\/wp-json\/wp\/v2\/posts\/930538"}],"collection":[{"href":"https:\/\/bahiaeconomica.com.br\/wp\/wp-json\/wp\/v2\/posts"}],"about":[{"href":"https:\/\/bahiaeconomica.com.br\/wp\/wp-json\/wp\/v2\/types\/post"}],"author":[{"embeddable":true,"href":"https:\/\/bahiaeconomica.com.br\/wp\/wp-json\/wp\/v2\/users\/8"}],"replies":[{"embeddable":true,"href":"https:\/\/bahiaeconomica.com.br\/wp\/wp-json\/wp\/v2\/comments?post=930538"}],"version-history":[{"count":1,"href":"https:\/\/bahiaeconomica.com.br\/wp\/wp-json\/wp\/v2\/posts\/930538\/revisions"}],"predecessor-version":[{"id":930540,"href":"https:\/\/bahiaeconomica.com.br\/wp\/wp-json\/wp\/v2\/posts\/930538\/revisions\/930540"}],"wp:featuredmedia":[{"embeddable":true,"href":"https:\/\/bahiaeconomica.com.br\/wp\/wp-json\/wp\/v2\/media\/930539"}],"wp:attachment":[{"href":"https:\/\/bahiaeconomica.com.br\/wp\/wp-json\/wp\/v2\/media?parent=930538"}],"wp:term":[{"taxonomy":"category","embeddable":true,"href":"https:\/\/bahiaeconomica.com.br\/wp\/wp-json\/wp\/v2\/categories?post=930538"},{"taxonomy":"post_tag","embeddable":true,"href":"https:\/\/bahiaeconomica.com.br\/wp\/wp-json\/wp\/v2\/tags?post=930538"}],"curies":[{"name":"wp","href":"https:\/\/api.w.org\/{rel}","templated":true}]}}