{"id":930073,"date":"2025-08-28T19:10:03","date_gmt":"2025-08-28T22:10:03","guid":{"rendered":"https:\/\/bahiaeconomica.com.br\/wp\/?p=930073"},"modified":"2025-08-28T18:43:04","modified_gmt":"2025-08-28T21:43:04","slug":"obras-do-vlt-estrada-do-derba-tera-interdicoes-noturnas-para-lancamento-de-vigas","status":"publish","type":"post","link":"https:\/\/bahiaeconomica.com.br\/wp\/2025\/08\/28\/obras-do-vlt-estrada-do-derba-tera-interdicoes-noturnas-para-lancamento-de-vigas\/","title":{"rendered":"OBRAS DO VLT: ESTRADA DO DERBA TER\u00c1 INTERDI\u00c7\u00d5ES NOTURNAS PARA LAN\u00c7AMENTO DE VIGAS"},"content":{"rendered":"<p>A partir desta quinta-feira (28), at\u00e9 s\u00e1bado (30), a Estrada do Derba, nas imedia\u00e7\u00f5es do viaduto de liga\u00e7\u00e3o \u00c1guas Claras\/BR-324, ter\u00e1 interdi\u00e7\u00f5es no per\u00edodo noturno, devido \u00e0s obras do Trecho 2 do VLT de Salvador e RMS. O bloqueio ocorrer\u00e1 das 22h \u00e0s 4h, entre quinta-feira (28) e s\u00e1bado (30), para o transporte e lan\u00e7amento de vigas pr\u00e9-moldadas pelo Cons\u00f3rcio VLT Salvador, respons\u00e1vel pelo Trecho 2 do modal, que liga Paripe a \u00c1guas Claras.<\/p>\n<p>As atividades foram programadas para o per\u00edodo noturno, quando o fluxo de ve\u00edculos \u00e9 menor, a fim de reduzir impactos no tr\u00e2nsito. Durante a interdi\u00e7\u00e3o, a pista ser\u00e1 controlada pela opera\u00e7\u00e3o \u201cPARE e SIGA\u201d, com sinaliza\u00e7\u00e3o tempor\u00e1ria e acompanhamento de equipe especializada, garantindo a seguran\u00e7a de motoristas e trabalhadores.<\/p>\n<p>O Cons\u00f3rcio VLT Salvador refor\u00e7a a import\u00e2ncia da colabora\u00e7\u00e3o dos condutores durante as interdi\u00e7\u00f5es, destacando que essas interven\u00e7\u00f5es s\u00e3o fundamentais para a continuidade das obras do VLT, que v\u00e3o melhorar a mobilidade e a qualidade do transporte em Salvador. Pedimos aten\u00e7\u00e3o redobrada \u00e0 sinaliza\u00e7\u00e3o e \u00e0s orienta\u00e7\u00f5es da equipe no local, garantindo a seguran\u00e7a de todos e contribuindo para a conclus\u00e3o dessa etapa essencial do projeto.<\/p>\n<article class=\"media media--type-image align-center\">\n<div class=\"field field--name-field-descricao-midia\">Foto: Divulga\u00e7\u00e3o \/ Cons\u00f3rcio VLT Salvador<\/div>\n<\/article>\n<div class=\"clearfix text-formatted field field--name-body field--type-text-with-summary field--label-hidden field__item\"><\/div>\n","protected":false},"excerpt":{"rendered":"<p>A partir desta quinta-feira (28), at\u00e9 s\u00e1bado (30), a Estrada do Derba, nas imedia\u00e7\u00f5es do viaduto de liga\u00e7\u00e3o \u00c1guas Claras\/BR-324, ter\u00e1 interdi\u00e7\u00f5es no per\u00edodo noturno, devido \u00e0s obras do Trecho 2 do VLT de Salvador e RMS. O bloqueio ocorrer\u00e1 das 22h \u00e0s 4h, entre quinta-feira (28) e s\u00e1bado (30), para o transporte e lan\u00e7amento [&hellip;]<\/p>\n","protected":false},"author":24,"featured_media":930085,"comment_status":"closed","ping_status":"closed","sticky":false,"template":"","format":"standard","meta":[],"categories":[5],"tags":[18537,846,2315],"acf":[],"yoast_head":"<!-- This site is optimized with the Yoast SEO plugin v20.8 - https:\/\/yoast.com\/wordpress\/plugins\/seo\/ -->\n<title>OBRAS DO VLT: ESTRADA DO DERBA TER\u00c1 INTERDI\u00c7\u00d5ES NOTURNAS PARA LAN\u00c7AMENTO DE VIGAS - Bahia Economica A partir desta quinta-feira (28), at\u00e9 s\u00e1bado (30), a Estrada do Derba, nas imedia\u00e7\u00f5es do viaduto de liga\u00e7\u00e3o \u00c1guas Claras\/BR-324, ter\u00e1 interdi\u00e7\u00f5es no per\u00edodo noturno, devido \u00e0s obras do Trecho 2 do VLT de Salvador e RMS.<\/title>\n<meta name=\"description\" content=\"O maior portal de Economia da Bahia MUNIC\u00cdPIOS Bahia Economica A partir desta quinta-feira (28), at\u00e9 s\u00e1bado (30), a Estrada do Derba, nas imedia\u00e7\u00f5es do viaduto de liga\u00e7\u00e3o \u00c1guas Claras\/BR-324, ter\u00e1 interdi\u00e7\u00f5es no per\u00edodo noturno, devido \u00e0s obras do Trecho 2 do VLT de Salvador e RMS.\" \/>\n<meta name=\"robots\" content=\"index, follow, max-snippet:-1, max-image-preview:large, max-video-preview:-1\" \/>\n<link rel=\"canonical\" href=\"https:\/\/bahiaeconomica.com.br\/wp\/2025\/08\/28\/obras-do-vlt-estrada-do-derba-tera-interdicoes-noturnas-para-lancamento-de-vigas\/\" \/>\n<meta property=\"og:locale\" content=\"pt_BR\" \/>\n<meta property=\"og:type\" content=\"article\" \/>\n<meta property=\"og:title\" content=\"OBRAS DO VLT: ESTRADA DO DERBA TER\u00c1 INTERDI\u00c7\u00d5ES NOTURNAS PARA LAN\u00c7AMENTO DE VIGAS - Bahia Economica A partir desta quinta-feira (28), at\u00e9 s\u00e1bado (30), a Estrada do Derba, nas imedia\u00e7\u00f5es do viaduto de liga\u00e7\u00e3o \u00c1guas Claras\/BR-324, ter\u00e1 interdi\u00e7\u00f5es no per\u00edodo noturno, devido \u00e0s obras do Trecho 2 do VLT de Salvador e RMS.\" \/>\n<meta property=\"og:description\" content=\"O maior portal de Economia da Bahia MUNIC\u00cdPIOS Bahia Economica A partir desta quinta-feira (28), at\u00e9 s\u00e1bado (30), a Estrada do Derba, nas imedia\u00e7\u00f5es do viaduto de liga\u00e7\u00e3o \u00c1guas Claras\/BR-324, ter\u00e1 interdi\u00e7\u00f5es no per\u00edodo noturno, devido \u00e0s obras do Trecho 2 do VLT de Salvador e RMS.\" \/>\n<meta property=\"og:url\" content=\"https:\/\/bahiaeconomica.com.br\/wp\/2025\/08\/28\/obras-do-vlt-estrada-do-derba-tera-interdicoes-noturnas-para-lancamento-de-vigas\/\" \/>\n<meta property=\"og:site_name\" content=\"Bahia Economica\" \/>\n<meta property=\"article:publisher\" content=\"https:\/\/www.facebook.com\/bahiaeconomica\" \/>\n<meta property=\"article:published_time\" content=\"2025-08-28T22:10:03+00:00\" \/>\n<meta property=\"article:modified_time\" content=\"2025-08-28T21:43:04+00:00\" \/>\n<meta property=\"og:image\" content=\"https:\/\/bahiaeconomica.com.br\/wp\/wp-content\/uploads\/2025\/08\/WhatsApp-Image-2025-08-26-at-13.35.27.jpeg\" \/>\n\t<meta property=\"og:image:width\" content=\"1600\" \/>\n\t<meta property=\"og:image:height\" content=\"1066\" \/>\n\t<meta property=\"og:image:type\" content=\"image\/jpeg\" \/>\n<meta name=\"author\" content=\"VICTOR OLIVEIRA\" \/>\n<meta name=\"twitter:card\" content=\"summary_large_image\" \/>\n<meta name=\"twitter:label1\" content=\"Escrito por\" \/>\n\t<meta name=\"twitter:data1\" content=\"VICTOR OLIVEIRA\" \/>\n\t<meta name=\"twitter:label2\" content=\"Est. tempo de leitura\" \/>\n\t<meta name=\"twitter:data2\" content=\"2 minutos\" \/>\n<script type=\"application\/ld+json\" class=\"yoast-schema-graph\">{\"@context\":\"https:\/\/schema.org\",\"@graph\":[{\"@type\":\"Article\",\"@id\":\"https:\/\/bahiaeconomica.com.br\/wp\/2025\/08\/28\/obras-do-vlt-estrada-do-derba-tera-interdicoes-noturnas-para-lancamento-de-vigas\/#article\",\"isPartOf\":{\"@id\":\"https:\/\/bahiaeconomica.com.br\/wp\/2025\/08\/28\/obras-do-vlt-estrada-do-derba-tera-interdicoes-noturnas-para-lancamento-de-vigas\/\"},\"author\":{\"name\":\"VICTOR OLIVEIRA\",\"@id\":\"https:\/\/bahiaeconomica.com.br\/wp\/#\/schema\/person\/a17956d0e1112b626f403fb06b8129a9\"},\"headline\":\"OBRAS DO VLT: ESTRADA DO DERBA TER\u00c1 INTERDI\u00c7\u00d5ES NOTURNAS PARA LAN\u00c7AMENTO DE VIGAS\",\"datePublished\":\"2025-08-28T22:10:03+00:00\",\"dateModified\":\"2025-08-28T21:43:04+00:00\",\"mainEntityOfPage\":{\"@id\":\"https:\/\/bahiaeconomica.com.br\/wp\/2025\/08\/28\/obras-do-vlt-estrada-do-derba-tera-interdicoes-noturnas-para-lancamento-de-vigas\/\"},\"wordCount\":235,\"publisher\":{\"@id\":\"https:\/\/bahiaeconomica.com.br\/wp\/#organization\"},\"keywords\":[\"ESTRADA DO DERBA\",\"obras\",\"vlt\"],\"articleSection\":[\"MUNIC\u00cdPIOS\"],\"inLanguage\":\"pt-BR\"},{\"@type\":\"WebPage\",\"@id\":\"https:\/\/bahiaeconomica.com.br\/wp\/2025\/08\/28\/obras-do-vlt-estrada-do-derba-tera-interdicoes-noturnas-para-lancamento-de-vigas\/\",\"url\":\"https:\/\/bahiaeconomica.com.br\/wp\/2025\/08\/28\/obras-do-vlt-estrada-do-derba-tera-interdicoes-noturnas-para-lancamento-de-vigas\/\",\"name\":\"OBRAS DO VLT: ESTRADA DO DERBA TER\u00c1 INTERDI\u00c7\u00d5ES NOTURNAS PARA LAN\u00c7AMENTO DE VIGAS - Bahia Economica A partir desta quinta-feira (28), at\u00e9 s\u00e1bado (30), a Estrada do Derba, nas imedia\u00e7\u00f5es do viaduto de liga\u00e7\u00e3o \u00c1guas Claras\/BR-324, ter\u00e1 interdi\u00e7\u00f5es no per\u00edodo noturno, devido \u00e0s obras do Trecho 2 do VLT de Salvador e RMS.\",\"isPartOf\":{\"@id\":\"https:\/\/bahiaeconomica.com.br\/wp\/#website\"},\"datePublished\":\"2025-08-28T22:10:03+00:00\",\"dateModified\":\"2025-08-28T21:43:04+00:00\",\"description\":\"O maior portal de Economia da Bahia MUNIC\u00cdPIOS Bahia Economica A partir desta quinta-feira (28), at\u00e9 s\u00e1bado (30), a Estrada do Derba, nas imedia\u00e7\u00f5es do viaduto de liga\u00e7\u00e3o \u00c1guas Claras\/BR-324, ter\u00e1 interdi\u00e7\u00f5es no per\u00edodo noturno, devido \u00e0s obras do Trecho 2 do VLT de Salvador e RMS.\",\"breadcrumb\":{\"@id\":\"https:\/\/bahiaeconomica.com.br\/wp\/2025\/08\/28\/obras-do-vlt-estrada-do-derba-tera-interdicoes-noturnas-para-lancamento-de-vigas\/#breadcrumb\"},\"inLanguage\":\"pt-BR\",\"potentialAction\":[{\"@type\":\"ReadAction\",\"target\":[\"https:\/\/bahiaeconomica.com.br\/wp\/2025\/08\/28\/obras-do-vlt-estrada-do-derba-tera-interdicoes-noturnas-para-lancamento-de-vigas\/\"]}]},{\"@type\":\"BreadcrumbList\",\"@id\":\"https:\/\/bahiaeconomica.com.br\/wp\/2025\/08\/28\/obras-do-vlt-estrada-do-derba-tera-interdicoes-noturnas-para-lancamento-de-vigas\/#breadcrumb\",\"itemListElement\":[{\"@type\":\"ListItem\",\"position\":1,\"name\":\"In\u00edcio\",\"item\":\"https:\/\/bahiaeconomica.com.br\/wp\/\"},{\"@type\":\"ListItem\",\"position\":2,\"name\":\"OBRAS DO VLT: ESTRADA DO DERBA TER\u00c1 INTERDI\u00c7\u00d5ES NOTURNAS PARA LAN\u00c7AMENTO DE VIGAS\"}]},{\"@type\":\"WebSite\",\"@id\":\"https:\/\/bahiaeconomica.com.br\/wp\/#website\",\"url\":\"https:\/\/bahiaeconomica.com.br\/wp\/\",\"name\":\"Bahia Economica\",\"description\":\"O maior portal de Economia da Bahia\",\"publisher\":{\"@id\":\"https:\/\/bahiaeconomica.com.br\/wp\/#organization\"},\"potentialAction\":[{\"@type\":\"SearchAction\",\"target\":{\"@type\":\"EntryPoint\",\"urlTemplate\":\"https:\/\/bahiaeconomica.com.br\/wp\/?s={search_term_string}\"},\"query-input\":\"required name=search_term_string\"}],\"inLanguage\":\"pt-BR\"},{\"@type\":\"Organization\",\"@id\":\"https:\/\/bahiaeconomica.com.br\/wp\/#organization\",\"name\":\"Bahia Econ\u00f4mica\",\"url\":\"https:\/\/bahiaeconomica.com.br\/wp\/\",\"logo\":{\"@type\":\"ImageObject\",\"inLanguage\":\"pt-BR\",\"@id\":\"https:\/\/bahiaeconomica.com.br\/wp\/#\/schema\/logo\/image\/\",\"url\":\"https:\/\/bahiaeconomica.com.br\/wp\/wp-content\/uploads\/2020\/12\/cropped-BE.png\",\"contentUrl\":\"https:\/\/bahiaeconomica.com.br\/wp\/wp-content\/uploads\/2020\/12\/cropped-BE.png\",\"width\":512,\"height\":512,\"caption\":\"Bahia Econ\u00f4mica\"},\"image\":{\"@id\":\"https:\/\/bahiaeconomica.com.br\/wp\/#\/schema\/logo\/image\/\"},\"sameAs\":[\"https:\/\/www.facebook.com\/bahiaeconomica\"]},{\"@type\":\"Person\",\"@id\":\"https:\/\/bahiaeconomica.com.br\/wp\/#\/schema\/person\/a17956d0e1112b626f403fb06b8129a9\",\"name\":\"VICTOR OLIVEIRA\",\"sameAs\":[\"http:\/\/www.bahiaeconomica.com.br\"],\"url\":\"https:\/\/bahiaeconomica.com.br\/wp\/author\/victor-oliveira\/\"}]}<\/script>\n<!-- \/ Yoast SEO plugin. -->","yoast_head_json":{"title":"OBRAS DO VLT: ESTRADA DO DERBA TER\u00c1 INTERDI\u00c7\u00d5ES NOTURNAS PARA LAN\u00c7AMENTO DE VIGAS - Bahia Economica A partir desta quinta-feira (28), at\u00e9 s\u00e1bado (30), a Estrada do Derba, nas imedia\u00e7\u00f5es do viaduto de liga\u00e7\u00e3o \u00c1guas Claras\/BR-324, ter\u00e1 interdi\u00e7\u00f5es no per\u00edodo noturno, devido \u00e0s obras do Trecho 2 do VLT de Salvador e RMS.","description":"O maior portal de Economia da Bahia MUNIC\u00cdPIOS Bahia Economica A partir desta quinta-feira (28), at\u00e9 s\u00e1bado (30), a Estrada do Derba, nas imedia\u00e7\u00f5es do viaduto de liga\u00e7\u00e3o \u00c1guas Claras\/BR-324, ter\u00e1 interdi\u00e7\u00f5es no per\u00edodo noturno, devido \u00e0s obras do Trecho 2 do VLT de Salvador e RMS.","robots":{"index":"index","follow":"follow","max-snippet":"max-snippet:-1","max-image-preview":"max-image-preview:large","max-video-preview":"max-video-preview:-1"},"canonical":"https:\/\/bahiaeconomica.com.br\/wp\/2025\/08\/28\/obras-do-vlt-estrada-do-derba-tera-interdicoes-noturnas-para-lancamento-de-vigas\/","og_locale":"pt_BR","og_type":"article","og_title":"OBRAS DO VLT: ESTRADA DO DERBA TER\u00c1 INTERDI\u00c7\u00d5ES NOTURNAS PARA LAN\u00c7AMENTO DE VIGAS - Bahia Economica A partir desta quinta-feira (28), at\u00e9 s\u00e1bado (30), a Estrada do Derba, nas imedia\u00e7\u00f5es do viaduto de liga\u00e7\u00e3o \u00c1guas Claras\/BR-324, ter\u00e1 interdi\u00e7\u00f5es no per\u00edodo noturno, devido \u00e0s obras do Trecho 2 do VLT de Salvador e RMS.","og_description":"O maior portal de Economia da Bahia MUNIC\u00cdPIOS Bahia Economica A partir desta quinta-feira (28), at\u00e9 s\u00e1bado (30), a Estrada do Derba, nas imedia\u00e7\u00f5es do viaduto de liga\u00e7\u00e3o \u00c1guas Claras\/BR-324, ter\u00e1 interdi\u00e7\u00f5es no per\u00edodo noturno, devido \u00e0s obras do Trecho 2 do VLT de Salvador e RMS.","og_url":"https:\/\/bahiaeconomica.com.br\/wp\/2025\/08\/28\/obras-do-vlt-estrada-do-derba-tera-interdicoes-noturnas-para-lancamento-de-vigas\/","og_site_name":"Bahia Economica","article_publisher":"https:\/\/www.facebook.com\/bahiaeconomica","article_published_time":"2025-08-28T22:10:03+00:00","article_modified_time":"2025-08-28T21:43:04+00:00","og_image":[{"width":1600,"height":1066,"url":"https:\/\/bahiaeconomica.com.br\/wp\/wp-content\/uploads\/2025\/08\/WhatsApp-Image-2025-08-26-at-13.35.27.jpeg","type":"image\/jpeg"}],"author":"VICTOR OLIVEIRA","twitter_card":"summary_large_image","twitter_misc":{"Escrito por":"VICTOR OLIVEIRA","Est. tempo de leitura":"2 minutos"},"schema":{"@context":"https:\/\/schema.org","@graph":[{"@type":"Article","@id":"https:\/\/bahiaeconomica.com.br\/wp\/2025\/08\/28\/obras-do-vlt-estrada-do-derba-tera-interdicoes-noturnas-para-lancamento-de-vigas\/#article","isPartOf":{"@id":"https:\/\/bahiaeconomica.com.br\/wp\/2025\/08\/28\/obras-do-vlt-estrada-do-derba-tera-interdicoes-noturnas-para-lancamento-de-vigas\/"},"author":{"name":"VICTOR OLIVEIRA","@id":"https:\/\/bahiaeconomica.com.br\/wp\/#\/schema\/person\/a17956d0e1112b626f403fb06b8129a9"},"headline":"OBRAS DO VLT: ESTRADA DO DERBA TER\u00c1 INTERDI\u00c7\u00d5ES NOTURNAS PARA LAN\u00c7AMENTO DE VIGAS","datePublished":"2025-08-28T22:10:03+00:00","dateModified":"2025-08-28T21:43:04+00:00","mainEntityOfPage":{"@id":"https:\/\/bahiaeconomica.com.br\/wp\/2025\/08\/28\/obras-do-vlt-estrada-do-derba-tera-interdicoes-noturnas-para-lancamento-de-vigas\/"},"wordCount":235,"publisher":{"@id":"https:\/\/bahiaeconomica.com.br\/wp\/#organization"},"keywords":["ESTRADA DO DERBA","obras","vlt"],"articleSection":["MUNIC\u00cdPIOS"],"inLanguage":"pt-BR"},{"@type":"WebPage","@id":"https:\/\/bahiaeconomica.com.br\/wp\/2025\/08\/28\/obras-do-vlt-estrada-do-derba-tera-interdicoes-noturnas-para-lancamento-de-vigas\/","url":"https:\/\/bahiaeconomica.com.br\/wp\/2025\/08\/28\/obras-do-vlt-estrada-do-derba-tera-interdicoes-noturnas-para-lancamento-de-vigas\/","name":"OBRAS DO VLT: ESTRADA DO DERBA TER\u00c1 INTERDI\u00c7\u00d5ES NOTURNAS PARA LAN\u00c7AMENTO DE VIGAS - Bahia Economica A partir desta quinta-feira (28), at\u00e9 s\u00e1bado (30), a Estrada do Derba, nas imedia\u00e7\u00f5es do viaduto de liga\u00e7\u00e3o \u00c1guas Claras\/BR-324, ter\u00e1 interdi\u00e7\u00f5es no per\u00edodo noturno, devido \u00e0s obras do Trecho 2 do VLT de Salvador e RMS.","isPartOf":{"@id":"https:\/\/bahiaeconomica.com.br\/wp\/#website"},"datePublished":"2025-08-28T22:10:03+00:00","dateModified":"2025-08-28T21:43:04+00:00","description":"O maior portal de Economia da Bahia MUNIC\u00cdPIOS Bahia Economica A partir desta quinta-feira (28), at\u00e9 s\u00e1bado (30), a Estrada do Derba, nas imedia\u00e7\u00f5es do viaduto de liga\u00e7\u00e3o \u00c1guas Claras\/BR-324, ter\u00e1 interdi\u00e7\u00f5es no per\u00edodo noturno, devido \u00e0s obras do Trecho 2 do VLT de Salvador e RMS.","breadcrumb":{"@id":"https:\/\/bahiaeconomica.com.br\/wp\/2025\/08\/28\/obras-do-vlt-estrada-do-derba-tera-interdicoes-noturnas-para-lancamento-de-vigas\/#breadcrumb"},"inLanguage":"pt-BR","potentialAction":[{"@type":"ReadAction","target":["https:\/\/bahiaeconomica.com.br\/wp\/2025\/08\/28\/obras-do-vlt-estrada-do-derba-tera-interdicoes-noturnas-para-lancamento-de-vigas\/"]}]},{"@type":"BreadcrumbList","@id":"https:\/\/bahiaeconomica.com.br\/wp\/2025\/08\/28\/obras-do-vlt-estrada-do-derba-tera-interdicoes-noturnas-para-lancamento-de-vigas\/#breadcrumb","itemListElement":[{"@type":"ListItem","position":1,"name":"In\u00edcio","item":"https:\/\/bahiaeconomica.com.br\/wp\/"},{"@type":"ListItem","position":2,"name":"OBRAS DO VLT: ESTRADA DO DERBA TER\u00c1 INTERDI\u00c7\u00d5ES NOTURNAS PARA LAN\u00c7AMENTO DE VIGAS"}]},{"@type":"WebSite","@id":"https:\/\/bahiaeconomica.com.br\/wp\/#website","url":"https:\/\/bahiaeconomica.com.br\/wp\/","name":"Bahia Economica","description":"O maior portal de Economia da Bahia","publisher":{"@id":"https:\/\/bahiaeconomica.com.br\/wp\/#organization"},"potentialAction":[{"@type":"SearchAction","target":{"@type":"EntryPoint","urlTemplate":"https:\/\/bahiaeconomica.com.br\/wp\/?s={search_term_string}"},"query-input":"required name=search_term_string"}],"inLanguage":"pt-BR"},{"@type":"Organization","@id":"https:\/\/bahiaeconomica.com.br\/wp\/#organization","name":"Bahia Econ\u00f4mica","url":"https:\/\/bahiaeconomica.com.br\/wp\/","logo":{"@type":"ImageObject","inLanguage":"pt-BR","@id":"https:\/\/bahiaeconomica.com.br\/wp\/#\/schema\/logo\/image\/","url":"https:\/\/bahiaeconomica.com.br\/wp\/wp-content\/uploads\/2020\/12\/cropped-BE.png","contentUrl":"https:\/\/bahiaeconomica.com.br\/wp\/wp-content\/uploads\/2020\/12\/cropped-BE.png","width":512,"height":512,"caption":"Bahia Econ\u00f4mica"},"image":{"@id":"https:\/\/bahiaeconomica.com.br\/wp\/#\/schema\/logo\/image\/"},"sameAs":["https:\/\/www.facebook.com\/bahiaeconomica"]},{"@type":"Person","@id":"https:\/\/bahiaeconomica.com.br\/wp\/#\/schema\/person\/a17956d0e1112b626f403fb06b8129a9","name":"VICTOR OLIVEIRA","sameAs":["http:\/\/www.bahiaeconomica.com.br"],"url":"https:\/\/bahiaeconomica.com.br\/wp\/author\/victor-oliveira\/"}]}},"views":94,"_links":{"self":[{"href":"https:\/\/bahiaeconomica.com.br\/wp\/wp-json\/wp\/v2\/posts\/930073"}],"collection":[{"href":"https:\/\/bahiaeconomica.com.br\/wp\/wp-json\/wp\/v2\/posts"}],"about":[{"href":"https:\/\/bahiaeconomica.com.br\/wp\/wp-json\/wp\/v2\/types\/post"}],"author":[{"embeddable":true,"href":"https:\/\/bahiaeconomica.com.br\/wp\/wp-json\/wp\/v2\/users\/24"}],"replies":[{"embeddable":true,"href":"https:\/\/bahiaeconomica.com.br\/wp\/wp-json\/wp\/v2\/comments?post=930073"}],"version-history":[{"count":1,"href":"https:\/\/bahiaeconomica.com.br\/wp\/wp-json\/wp\/v2\/posts\/930073\/revisions"}],"predecessor-version":[{"id":930086,"href":"https:\/\/bahiaeconomica.com.br\/wp\/wp-json\/wp\/v2\/posts\/930073\/revisions\/930086"}],"wp:featuredmedia":[{"embeddable":true,"href":"https:\/\/bahiaeconomica.com.br\/wp\/wp-json\/wp\/v2\/media\/930085"}],"wp:attachment":[{"href":"https:\/\/bahiaeconomica.com.br\/wp\/wp-json\/wp\/v2\/media?parent=930073"}],"wp:term":[{"taxonomy":"category","embeddable":true,"href":"https:\/\/bahiaeconomica.com.br\/wp\/wp-json\/wp\/v2\/categories?post=930073"},{"taxonomy":"post_tag","embeddable":true,"href":"https:\/\/bahiaeconomica.com.br\/wp\/wp-json\/wp\/v2\/tags?post=930073"}],"curies":[{"name":"wp","href":"https:\/\/api.w.org\/{rel}","templated":true}]}}