{"id":930072,"date":"2025-08-28T18:29:20","date_gmt":"2025-08-28T21:29:20","guid":{"rendered":"https:\/\/bahiaeconomica.com.br\/wp\/?p=930072"},"modified":"2025-08-29T06:56:30","modified_gmt":"2025-08-29T09:56:30","slug":"apos-reduzir-sua-populacao-em-260-mil-pessoas-em-10-anos-salvador-perde-5-mil-pessoas-entre-2024-e-2025-cidades-medias-crescem-veja-o-ranking","status":"publish","type":"post","link":"https:\/\/bahiaeconomica.com.br\/wp\/2025\/08\/28\/apos-reduzir-sua-populacao-em-260-mil-pessoas-em-10-anos-salvador-perde-5-mil-pessoas-entre-2024-e-2025-cidades-medias-crescem-veja-o-ranking\/","title":{"rendered":"AP\u00d3S REDUZIR SUA POPULA\u00c7\u00c3O EM \u00a0260 MIL PESSOAS EM 10 ANOS,\u00a0 SALVADOR PERDE 5 MIL PESSOAS \u00a0ENTRE 2024 E 2025. CIDADES M\u00c9DIAS CRESCEM. VEJA O RANKING"},"content":{"rendered":"<p>Ap\u00f3s reduzir sua popula\u00e7\u00e3o em quase 260 mil pessoas entre 2010 e 2022, Salvador continua perdendo popula\u00e7\u00e3o anualmente. Entre 2024 e 2025\u00a0quase 5 mil pessoas deixaram de morar em Salvador<\/p>\n<p>O \u00edndice da capital baiana foi o pior entre todas as capitais do Brasil. A capital registrou a maior perda, mas outros munic\u00edpios como Itabuna e Camacan\u00a0tiveram fortes \u00a0quedas populacionais.<\/p>\n<p>No entanto, Salvador segue como a cidade mais populosa da Bahia, com uma estimativa de 2.564.204 habitantes.\u00a0Apesar da redu\u00e7\u00e3o, Salvador continua como o 5\u00ba munic\u00edpio mais populoso do Brasil.<\/p>\n<p>Em termos absolutos, as cidades m\u00e9dias da Bahia foram as que mais cresceram: Feira de Santana, \u00a0Vit\u00f3ria da Conquista e Cama\u00e7ari ampliaram sua popula\u00e7\u00e3o em 2,85 mil, 2,58 mil e 2,24 mil, respectivamente.\u00a0 Feira registra \u00a0660.806 mil habitantes,\u00a0\u00a0Vit\u00f3ria da Conquista tem \u00a0396.613 moradores e Cama\u00e7ari 361 mil habitantes.<\/p>\n<p>Em termos de varia\u00e7\u00e3o percentual ( proporcional) o munic\u00edpio de Lu\u00eds Eduardo Magalh\u00e3es foi o que mais cresceu, (1,5% em um ano), seguido de Nordestina e Porto Seguro. Veja o ranking.<\/p>\n<p>MUNIC\u00cdPIOS QUE MAIS CRESCERAM A POPULA\u00c7\u00c3O\u00a0 NA BAHIA 2024\/2025<\/p>\n<p>&nbsp;<\/p>\n<p><img decoding=\"async\" class=\"wp-image-930074 aligncenter\" src=\"https:\/\/bahiaeconomica.com.br\/wp\/wp-content\/uploads\/2025\/08\/municipios-bahia-mais-crescem-300x226.jpg\" alt=\"\" width=\"556\" height=\"419\" srcset=\"https:\/\/bahiaeconomica.com.br\/wp\/wp-content\/uploads\/2025\/08\/municipios-bahia-mais-crescem-300x226.jpg 300w, https:\/\/bahiaeconomica.com.br\/wp\/wp-content\/uploads\/2025\/08\/municipios-bahia-mais-crescem.jpg 651w\" sizes=\"(max-width: 556px) 100vw, 556px\" \/><\/p>\n","protected":false},"excerpt":{"rendered":"<p>Ap\u00f3s reduzir sua popula\u00e7\u00e3o em quase 260 mil pessoas entre 2010 e 2022, Salvador continua perdendo popula\u00e7\u00e3o anualmente. Entre 2024 e 2025\u00a0quase 5 mil pessoas deixaram de morar em Salvador O \u00edndice da capital baiana foi o pior entre todas as capitais do Brasil. A capital registrou a maior perda, mas outros munic\u00edpios como Itabuna [&hellip;]<\/p>\n","protected":false},"author":1,"featured_media":930076,"comment_status":"closed","ping_status":"closed","sticky":false,"template":"","format":"standard","meta":[],"categories":[7,14],"tags":[],"acf":[],"yoast_head":"<!-- This site is optimized with the Yoast SEO plugin v20.8 - https:\/\/yoast.com\/wordpress\/plugins\/seo\/ -->\n<title>AP\u00d3S REDUZIR SUA POPULA\u00c7\u00c3O EM \u00a0260 MIL PESSOAS EM 10 ANOS,\u00a0 SALVADOR PERDE 5 MIL PESSOAS \u00a0ENTRE 2024 E 2025. CIDADES M\u00c9DIAS CRESCEM. VEJA O RANKING - Bahia Economica<\/title>\n<meta name=\"description\" content=\"O maior portal de Economia da Bahia BAHIA INVEST, DESTAQUE DO DIA Bahia Economica\" \/>\n<meta name=\"robots\" content=\"index, follow, max-snippet:-1, max-image-preview:large, max-video-preview:-1\" \/>\n<link rel=\"canonical\" href=\"https:\/\/bahiaeconomica.com.br\/wp\/2025\/08\/28\/apos-reduzir-sua-populacao-em-260-mil-pessoas-em-10-anos-salvador-perde-5-mil-pessoas-entre-2024-e-2025-cidades-medias-crescem-veja-o-ranking\/\" \/>\n<meta property=\"og:locale\" content=\"pt_BR\" \/>\n<meta property=\"og:type\" content=\"article\" \/>\n<meta property=\"og:title\" content=\"AP\u00d3S REDUZIR SUA POPULA\u00c7\u00c3O EM \u00a0260 MIL PESSOAS EM 10 ANOS,\u00a0 SALVADOR PERDE 5 MIL PESSOAS \u00a0ENTRE 2024 E 2025. CIDADES M\u00c9DIAS CRESCEM. VEJA O RANKING - Bahia Economica\" \/>\n<meta property=\"og:description\" content=\"O maior portal de Economia da Bahia BAHIA INVEST, DESTAQUE DO DIA Bahia Economica\" \/>\n<meta property=\"og:url\" content=\"https:\/\/bahiaeconomica.com.br\/wp\/2025\/08\/28\/apos-reduzir-sua-populacao-em-260-mil-pessoas-em-10-anos-salvador-perde-5-mil-pessoas-entre-2024-e-2025-cidades-medias-crescem-veja-o-ranking\/\" \/>\n<meta property=\"og:site_name\" content=\"Bahia Economica\" \/>\n<meta property=\"article:publisher\" content=\"https:\/\/www.facebook.com\/bahiaeconomica\" \/>\n<meta property=\"article:published_time\" content=\"2025-08-28T21:29:20+00:00\" \/>\n<meta property=\"article:modified_time\" content=\"2025-08-29T09:56:30+00:00\" \/>\n<meta property=\"og:image\" content=\"https:\/\/bahiaeconomica.com.br\/wp\/wp-content\/uploads\/2025\/08\/SALVADOR-BAHIA.jpeg\" \/>\n\t<meta property=\"og:image:width\" content=\"970\" \/>\n\t<meta property=\"og:image:height\" content=\"600\" \/>\n\t<meta property=\"og:image:type\" content=\"image\/jpeg\" \/>\n<meta name=\"author\" content=\"admin\" \/>\n<meta name=\"twitter:card\" content=\"summary_large_image\" \/>\n<meta name=\"twitter:label1\" content=\"Escrito por\" \/>\n\t<meta name=\"twitter:data1\" content=\"admin\" \/>\n\t<meta name=\"twitter:label2\" content=\"Est. tempo de leitura\" \/>\n\t<meta name=\"twitter:data2\" content=\"2 minutos\" \/>\n<script type=\"application\/ld+json\" class=\"yoast-schema-graph\">{\"@context\":\"https:\/\/schema.org\",\"@graph\":[{\"@type\":\"Article\",\"@id\":\"https:\/\/bahiaeconomica.com.br\/wp\/2025\/08\/28\/apos-reduzir-sua-populacao-em-260-mil-pessoas-em-10-anos-salvador-perde-5-mil-pessoas-entre-2024-e-2025-cidades-medias-crescem-veja-o-ranking\/#article\",\"isPartOf\":{\"@id\":\"https:\/\/bahiaeconomica.com.br\/wp\/2025\/08\/28\/apos-reduzir-sua-populacao-em-260-mil-pessoas-em-10-anos-salvador-perde-5-mil-pessoas-entre-2024-e-2025-cidades-medias-crescem-veja-o-ranking\/\"},\"author\":{\"name\":\"admin\",\"@id\":\"https:\/\/bahiaeconomica.com.br\/wp\/#\/schema\/person\/cb1ab5ba96ad3d9390805381c76284ec\"},\"headline\":\"AP\u00d3S REDUZIR SUA POPULA\u00c7\u00c3O EM \u00a0260 MIL PESSOAS EM 10 ANOS,\u00a0 SALVADOR PERDE 5 MIL PESSOAS \u00a0ENTRE 2024 E 2025. CIDADES M\u00c9DIAS CRESCEM. VEJA O RANKING\",\"datePublished\":\"2025-08-28T21:29:20+00:00\",\"dateModified\":\"2025-08-29T09:56:30+00:00\",\"mainEntityOfPage\":{\"@id\":\"https:\/\/bahiaeconomica.com.br\/wp\/2025\/08\/28\/apos-reduzir-sua-populacao-em-260-mil-pessoas-em-10-anos-salvador-perde-5-mil-pessoas-entre-2024-e-2025-cidades-medias-crescem-veja-o-ranking\/\"},\"wordCount\":207,\"publisher\":{\"@id\":\"https:\/\/bahiaeconomica.com.br\/wp\/#organization\"},\"articleSection\":[\"BAHIA INVEST\",\"DESTAQUE DO DIA\"],\"inLanguage\":\"pt-BR\"},{\"@type\":\"WebPage\",\"@id\":\"https:\/\/bahiaeconomica.com.br\/wp\/2025\/08\/28\/apos-reduzir-sua-populacao-em-260-mil-pessoas-em-10-anos-salvador-perde-5-mil-pessoas-entre-2024-e-2025-cidades-medias-crescem-veja-o-ranking\/\",\"url\":\"https:\/\/bahiaeconomica.com.br\/wp\/2025\/08\/28\/apos-reduzir-sua-populacao-em-260-mil-pessoas-em-10-anos-salvador-perde-5-mil-pessoas-entre-2024-e-2025-cidades-medias-crescem-veja-o-ranking\/\",\"name\":\"AP\u00d3S REDUZIR SUA POPULA\u00c7\u00c3O EM \u00a0260 MIL PESSOAS EM 10 ANOS,\u00a0 SALVADOR PERDE 5 MIL PESSOAS \u00a0ENTRE 2024 E 2025. CIDADES M\u00c9DIAS CRESCEM. VEJA O RANKING - Bahia Economica\",\"isPartOf\":{\"@id\":\"https:\/\/bahiaeconomica.com.br\/wp\/#website\"},\"datePublished\":\"2025-08-28T21:29:20+00:00\",\"dateModified\":\"2025-08-29T09:56:30+00:00\",\"description\":\"O maior portal de Economia da Bahia BAHIA INVEST, DESTAQUE DO DIA Bahia Economica\",\"breadcrumb\":{\"@id\":\"https:\/\/bahiaeconomica.com.br\/wp\/2025\/08\/28\/apos-reduzir-sua-populacao-em-260-mil-pessoas-em-10-anos-salvador-perde-5-mil-pessoas-entre-2024-e-2025-cidades-medias-crescem-veja-o-ranking\/#breadcrumb\"},\"inLanguage\":\"pt-BR\",\"potentialAction\":[{\"@type\":\"ReadAction\",\"target\":[\"https:\/\/bahiaeconomica.com.br\/wp\/2025\/08\/28\/apos-reduzir-sua-populacao-em-260-mil-pessoas-em-10-anos-salvador-perde-5-mil-pessoas-entre-2024-e-2025-cidades-medias-crescem-veja-o-ranking\/\"]}]},{\"@type\":\"BreadcrumbList\",\"@id\":\"https:\/\/bahiaeconomica.com.br\/wp\/2025\/08\/28\/apos-reduzir-sua-populacao-em-260-mil-pessoas-em-10-anos-salvador-perde-5-mil-pessoas-entre-2024-e-2025-cidades-medias-crescem-veja-o-ranking\/#breadcrumb\",\"itemListElement\":[{\"@type\":\"ListItem\",\"position\":1,\"name\":\"In\u00edcio\",\"item\":\"https:\/\/bahiaeconomica.com.br\/wp\/\"},{\"@type\":\"ListItem\",\"position\":2,\"name\":\"AP\u00d3S REDUZIR SUA POPULA\u00c7\u00c3O EM \u00a0260 MIL PESSOAS EM 10 ANOS,\u00a0 SALVADOR PERDE 5 MIL PESSOAS \u00a0ENTRE 2024 E 2025. CIDADES M\u00c9DIAS CRESCEM. VEJA O RANKING\"}]},{\"@type\":\"WebSite\",\"@id\":\"https:\/\/bahiaeconomica.com.br\/wp\/#website\",\"url\":\"https:\/\/bahiaeconomica.com.br\/wp\/\",\"name\":\"Bahia Economica\",\"description\":\"O maior portal de Economia da Bahia\",\"publisher\":{\"@id\":\"https:\/\/bahiaeconomica.com.br\/wp\/#organization\"},\"potentialAction\":[{\"@type\":\"SearchAction\",\"target\":{\"@type\":\"EntryPoint\",\"urlTemplate\":\"https:\/\/bahiaeconomica.com.br\/wp\/?s={search_term_string}\"},\"query-input\":\"required name=search_term_string\"}],\"inLanguage\":\"pt-BR\"},{\"@type\":\"Organization\",\"@id\":\"https:\/\/bahiaeconomica.com.br\/wp\/#organization\",\"name\":\"Bahia Econ\u00f4mica\",\"url\":\"https:\/\/bahiaeconomica.com.br\/wp\/\",\"logo\":{\"@type\":\"ImageObject\",\"inLanguage\":\"pt-BR\",\"@id\":\"https:\/\/bahiaeconomica.com.br\/wp\/#\/schema\/logo\/image\/\",\"url\":\"https:\/\/bahiaeconomica.com.br\/wp\/wp-content\/uploads\/2020\/12\/cropped-BE.png\",\"contentUrl\":\"https:\/\/bahiaeconomica.com.br\/wp\/wp-content\/uploads\/2020\/12\/cropped-BE.png\",\"width\":512,\"height\":512,\"caption\":\"Bahia Econ\u00f4mica\"},\"image\":{\"@id\":\"https:\/\/bahiaeconomica.com.br\/wp\/#\/schema\/logo\/image\/\"},\"sameAs\":[\"https:\/\/www.facebook.com\/bahiaeconomica\"]},{\"@type\":\"Person\",\"@id\":\"https:\/\/bahiaeconomica.com.br\/wp\/#\/schema\/person\/cb1ab5ba96ad3d9390805381c76284ec\",\"name\":\"admin\",\"url\":\"https:\/\/bahiaeconomica.com.br\/wp\/author\/admin\/\"}]}<\/script>\n<!-- \/ Yoast SEO plugin. -->","yoast_head_json":{"title":"AP\u00d3S REDUZIR SUA POPULA\u00c7\u00c3O EM \u00a0260 MIL PESSOAS EM 10 ANOS,\u00a0 SALVADOR PERDE 5 MIL PESSOAS \u00a0ENTRE 2024 E 2025. CIDADES M\u00c9DIAS CRESCEM. VEJA O RANKING - Bahia Economica","description":"O maior portal de Economia da Bahia BAHIA INVEST, DESTAQUE DO DIA Bahia Economica","robots":{"index":"index","follow":"follow","max-snippet":"max-snippet:-1","max-image-preview":"max-image-preview:large","max-video-preview":"max-video-preview:-1"},"canonical":"https:\/\/bahiaeconomica.com.br\/wp\/2025\/08\/28\/apos-reduzir-sua-populacao-em-260-mil-pessoas-em-10-anos-salvador-perde-5-mil-pessoas-entre-2024-e-2025-cidades-medias-crescem-veja-o-ranking\/","og_locale":"pt_BR","og_type":"article","og_title":"AP\u00d3S REDUZIR SUA POPULA\u00c7\u00c3O EM \u00a0260 MIL PESSOAS EM 10 ANOS,\u00a0 SALVADOR PERDE 5 MIL PESSOAS \u00a0ENTRE 2024 E 2025. CIDADES M\u00c9DIAS CRESCEM. VEJA O RANKING - Bahia Economica","og_description":"O maior portal de Economia da Bahia BAHIA INVEST, DESTAQUE DO DIA Bahia Economica","og_url":"https:\/\/bahiaeconomica.com.br\/wp\/2025\/08\/28\/apos-reduzir-sua-populacao-em-260-mil-pessoas-em-10-anos-salvador-perde-5-mil-pessoas-entre-2024-e-2025-cidades-medias-crescem-veja-o-ranking\/","og_site_name":"Bahia Economica","article_publisher":"https:\/\/www.facebook.com\/bahiaeconomica","article_published_time":"2025-08-28T21:29:20+00:00","article_modified_time":"2025-08-29T09:56:30+00:00","og_image":[{"width":970,"height":600,"url":"https:\/\/bahiaeconomica.com.br\/wp\/wp-content\/uploads\/2025\/08\/SALVADOR-BAHIA.jpeg","type":"image\/jpeg"}],"author":"admin","twitter_card":"summary_large_image","twitter_misc":{"Escrito por":"admin","Est. tempo de leitura":"2 minutos"},"schema":{"@context":"https:\/\/schema.org","@graph":[{"@type":"Article","@id":"https:\/\/bahiaeconomica.com.br\/wp\/2025\/08\/28\/apos-reduzir-sua-populacao-em-260-mil-pessoas-em-10-anos-salvador-perde-5-mil-pessoas-entre-2024-e-2025-cidades-medias-crescem-veja-o-ranking\/#article","isPartOf":{"@id":"https:\/\/bahiaeconomica.com.br\/wp\/2025\/08\/28\/apos-reduzir-sua-populacao-em-260-mil-pessoas-em-10-anos-salvador-perde-5-mil-pessoas-entre-2024-e-2025-cidades-medias-crescem-veja-o-ranking\/"},"author":{"name":"admin","@id":"https:\/\/bahiaeconomica.com.br\/wp\/#\/schema\/person\/cb1ab5ba96ad3d9390805381c76284ec"},"headline":"AP\u00d3S REDUZIR SUA POPULA\u00c7\u00c3O EM \u00a0260 MIL PESSOAS EM 10 ANOS,\u00a0 SALVADOR PERDE 5 MIL PESSOAS \u00a0ENTRE 2024 E 2025. CIDADES M\u00c9DIAS CRESCEM. VEJA O RANKING","datePublished":"2025-08-28T21:29:20+00:00","dateModified":"2025-08-29T09:56:30+00:00","mainEntityOfPage":{"@id":"https:\/\/bahiaeconomica.com.br\/wp\/2025\/08\/28\/apos-reduzir-sua-populacao-em-260-mil-pessoas-em-10-anos-salvador-perde-5-mil-pessoas-entre-2024-e-2025-cidades-medias-crescem-veja-o-ranking\/"},"wordCount":207,"publisher":{"@id":"https:\/\/bahiaeconomica.com.br\/wp\/#organization"},"articleSection":["BAHIA INVEST","DESTAQUE DO DIA"],"inLanguage":"pt-BR"},{"@type":"WebPage","@id":"https:\/\/bahiaeconomica.com.br\/wp\/2025\/08\/28\/apos-reduzir-sua-populacao-em-260-mil-pessoas-em-10-anos-salvador-perde-5-mil-pessoas-entre-2024-e-2025-cidades-medias-crescem-veja-o-ranking\/","url":"https:\/\/bahiaeconomica.com.br\/wp\/2025\/08\/28\/apos-reduzir-sua-populacao-em-260-mil-pessoas-em-10-anos-salvador-perde-5-mil-pessoas-entre-2024-e-2025-cidades-medias-crescem-veja-o-ranking\/","name":"AP\u00d3S REDUZIR SUA POPULA\u00c7\u00c3O EM \u00a0260 MIL PESSOAS EM 10 ANOS,\u00a0 SALVADOR PERDE 5 MIL PESSOAS \u00a0ENTRE 2024 E 2025. CIDADES M\u00c9DIAS CRESCEM. VEJA O RANKING - Bahia Economica","isPartOf":{"@id":"https:\/\/bahiaeconomica.com.br\/wp\/#website"},"datePublished":"2025-08-28T21:29:20+00:00","dateModified":"2025-08-29T09:56:30+00:00","description":"O maior portal de Economia da Bahia BAHIA INVEST, DESTAQUE DO DIA Bahia Economica","breadcrumb":{"@id":"https:\/\/bahiaeconomica.com.br\/wp\/2025\/08\/28\/apos-reduzir-sua-populacao-em-260-mil-pessoas-em-10-anos-salvador-perde-5-mil-pessoas-entre-2024-e-2025-cidades-medias-crescem-veja-o-ranking\/#breadcrumb"},"inLanguage":"pt-BR","potentialAction":[{"@type":"ReadAction","target":["https:\/\/bahiaeconomica.com.br\/wp\/2025\/08\/28\/apos-reduzir-sua-populacao-em-260-mil-pessoas-em-10-anos-salvador-perde-5-mil-pessoas-entre-2024-e-2025-cidades-medias-crescem-veja-o-ranking\/"]}]},{"@type":"BreadcrumbList","@id":"https:\/\/bahiaeconomica.com.br\/wp\/2025\/08\/28\/apos-reduzir-sua-populacao-em-260-mil-pessoas-em-10-anos-salvador-perde-5-mil-pessoas-entre-2024-e-2025-cidades-medias-crescem-veja-o-ranking\/#breadcrumb","itemListElement":[{"@type":"ListItem","position":1,"name":"In\u00edcio","item":"https:\/\/bahiaeconomica.com.br\/wp\/"},{"@type":"ListItem","position":2,"name":"AP\u00d3S REDUZIR SUA POPULA\u00c7\u00c3O EM \u00a0260 MIL PESSOAS EM 10 ANOS,\u00a0 SALVADOR PERDE 5 MIL PESSOAS \u00a0ENTRE 2024 E 2025. CIDADES M\u00c9DIAS CRESCEM. VEJA O RANKING"}]},{"@type":"WebSite","@id":"https:\/\/bahiaeconomica.com.br\/wp\/#website","url":"https:\/\/bahiaeconomica.com.br\/wp\/","name":"Bahia Economica","description":"O maior portal de Economia da Bahia","publisher":{"@id":"https:\/\/bahiaeconomica.com.br\/wp\/#organization"},"potentialAction":[{"@type":"SearchAction","target":{"@type":"EntryPoint","urlTemplate":"https:\/\/bahiaeconomica.com.br\/wp\/?s={search_term_string}"},"query-input":"required name=search_term_string"}],"inLanguage":"pt-BR"},{"@type":"Organization","@id":"https:\/\/bahiaeconomica.com.br\/wp\/#organization","name":"Bahia Econ\u00f4mica","url":"https:\/\/bahiaeconomica.com.br\/wp\/","logo":{"@type":"ImageObject","inLanguage":"pt-BR","@id":"https:\/\/bahiaeconomica.com.br\/wp\/#\/schema\/logo\/image\/","url":"https:\/\/bahiaeconomica.com.br\/wp\/wp-content\/uploads\/2020\/12\/cropped-BE.png","contentUrl":"https:\/\/bahiaeconomica.com.br\/wp\/wp-content\/uploads\/2020\/12\/cropped-BE.png","width":512,"height":512,"caption":"Bahia Econ\u00f4mica"},"image":{"@id":"https:\/\/bahiaeconomica.com.br\/wp\/#\/schema\/logo\/image\/"},"sameAs":["https:\/\/www.facebook.com\/bahiaeconomica"]},{"@type":"Person","@id":"https:\/\/bahiaeconomica.com.br\/wp\/#\/schema\/person\/cb1ab5ba96ad3d9390805381c76284ec","name":"admin","url":"https:\/\/bahiaeconomica.com.br\/wp\/author\/admin\/"}]}},"views":3810,"_links":{"self":[{"href":"https:\/\/bahiaeconomica.com.br\/wp\/wp-json\/wp\/v2\/posts\/930072"}],"collection":[{"href":"https:\/\/bahiaeconomica.com.br\/wp\/wp-json\/wp\/v2\/posts"}],"about":[{"href":"https:\/\/bahiaeconomica.com.br\/wp\/wp-json\/wp\/v2\/types\/post"}],"author":[{"embeddable":true,"href":"https:\/\/bahiaeconomica.com.br\/wp\/wp-json\/wp\/v2\/users\/1"}],"replies":[{"embeddable":true,"href":"https:\/\/bahiaeconomica.com.br\/wp\/wp-json\/wp\/v2\/comments?post=930072"}],"version-history":[{"count":1,"href":"https:\/\/bahiaeconomica.com.br\/wp\/wp-json\/wp\/v2\/posts\/930072\/revisions"}],"predecessor-version":[{"id":930078,"href":"https:\/\/bahiaeconomica.com.br\/wp\/wp-json\/wp\/v2\/posts\/930072\/revisions\/930078"}],"wp:featuredmedia":[{"embeddable":true,"href":"https:\/\/bahiaeconomica.com.br\/wp\/wp-json\/wp\/v2\/media\/930076"}],"wp:attachment":[{"href":"https:\/\/bahiaeconomica.com.br\/wp\/wp-json\/wp\/v2\/media?parent=930072"}],"wp:term":[{"taxonomy":"category","embeddable":true,"href":"https:\/\/bahiaeconomica.com.br\/wp\/wp-json\/wp\/v2\/categories?post=930072"},{"taxonomy":"post_tag","embeddable":true,"href":"https:\/\/bahiaeconomica.com.br\/wp\/wp-json\/wp\/v2\/tags?post=930072"}],"curies":[{"name":"wp","href":"https:\/\/api.w.org\/{rel}","templated":true}]}}