{"id":929817,"date":"2025-08-28T10:36:27","date_gmt":"2025-08-28T13:36:27","guid":{"rendered":"https:\/\/bahiaeconomica.com.br\/wp\/?p=929817"},"modified":"2025-08-28T10:39:17","modified_gmt":"2025-08-28T13:39:17","slug":"conder-apresenta-inovacao-tecnologica-em-obras-publicas-para-mais-de-300-gestores-municipais","status":"publish","type":"post","link":"https:\/\/bahiaeconomica.com.br\/wp\/2025\/08\/28\/conder-apresenta-inovacao-tecnologica-em-obras-publicas-para-mais-de-300-gestores-municipais\/","title":{"rendered":"CONDER APRESENTA INOVA\u00c7\u00c3O TECNOL\u00d3GICA EM OBRAS P\u00daBLICAS PARA MAIS DE 300 GESTORES MUNICIPAIS\u00a0"},"content":{"rendered":"<p>Em um encontro online que reuniu mais de 300 gestores p\u00fablicos municipais, a Conder apresentou o novo modelo digital de gest\u00e3o para as obras p\u00fablicas conveniadas com os munic\u00edpios baianos. O Ambiente Comum de Dados (CDE) ser\u00e1 a principal ferramenta de comunica\u00e7\u00e3o e controle de documentos entre a Conder, as prefeituras e as empresas contratadas para execu\u00e7\u00e3o das obras. A reuni\u00e3o foi realizada na manh\u00e3 dessa quarta-feira (27), e integra uma s\u00e9rie de a\u00e7\u00f5es que objetivam a implanta\u00e7\u00e3o da Metodologia BIM (Building Information Modeling) na Conder, um modelo inovador de gest\u00e3o que vem sendo adotado em todo o pa\u00eds para garantir maior efici\u00eancia, transpar\u00eancia e qualidade na execu\u00e7\u00e3o das obras p\u00fablicas.<\/p>\n<p>\u201cAt\u00e9 agora, a rotina de gest\u00e3o de conv\u00eanios e obras municipais acontece, em grande parte, por meio de troca de e-mails. Esse fluxo fragmentado muitas vezes gera dificuldades de controle, atrasos e at\u00e9 o risco de utiliza\u00e7\u00e3o de vers\u00f5es desatualizadas dos projetos\u201d, explicou Larissa Pinho, coordenadora de Conv\u00eanios da Conder.<\/p>\n<p>Segundo Larissa, com a implanta\u00e7\u00e3o do ambiente comum de dados, esse cen\u00e1rio passa a ser bem diferente. \u201cEm vez de uma comunica\u00e7\u00e3o fragmentada, todos os documentos, projetos, or\u00e7amentos, relat\u00f3rios e an\u00e1lises ficar\u00e3o reunidos em uma mesma plataforma digital, em nuvem. E tanto as prefeituras quanto a Conder poder\u00e3o acompanhar cada etapa em tempo real\u201d, afirmou.<\/p>\n<p>Na pr\u00e1tica, isso significa dizer que ser\u00e1 poss\u00edvel saber exatamente quando um documento foi inclu\u00eddo, por quem e em qual vers\u00e3o se encontra. Sempre que houver uma atualiza\u00e7\u00e3o, a plataforma registrar\u00e1 automaticamente as altera\u00e7\u00f5es realizadas, evitando o risco de que diferentes equipes trabalhem com informa\u00e7\u00f5es ultrapassadas. Se, por exemplo, for necess\u00e1rio mudar a posi\u00e7\u00e3o de uma rampa de acessibilidade, a atualiza\u00e7\u00e3o ser\u00e1 registrada na plataforma e ficar\u00e1 claro que apenas aquele ponto foi alterado, sem risco de modifica\u00e7\u00f5es ocultas em outras partes do projeto.<\/p>\n<p>Outro ponto destacado durante a reuni\u00e3o foi o car\u00e1ter colaborativo do sistema. T\u00e9cnicos da Conder, engenheiros municipais e empresas respons\u00e1veis pelas obras ter\u00e3o acesso \u00e0 mesma base de dados, em nuvem, com n\u00edveis de permiss\u00e3o definidos para cada perfil. Isso garantir\u00e1 transpar\u00eancia, organiza\u00e7\u00e3o e mais agilidade no andamento das an\u00e1lises e da execu\u00e7\u00e3o dos projetos. Para a popula\u00e7\u00e3o, o resultado esperado \u00e9 claro: obras p\u00fablicas mais bem planejadas, executadas com maior qualidade e entregues com maior efici\u00eancia.<\/p>\n<p>Neste primeiro momento, os projetos n\u00e3o precisar\u00e3o ser entregues no formato BIM. Arquivos em PDF ou AutoCAD tamb\u00e9m poder\u00e3o ser carregados, o que permite uma adapta\u00e7\u00e3o gradual dos munic\u00edpios \u00e0 nova metodologia.<\/p>\n<p>\u201cA Conder j\u00e1 capacitou mais de 300 colaboradores em parceria com o SENAI Cimatec e adquiriu licen\u00e7as e equipamentos espec\u00edficos para trabalhar com o BIM e com o Ambiente Comum de Dados (CDE). Al\u00e9m disso, o governador Jer\u00f4nimo publicou um decreto estadual estabelecendo a dissemina\u00e7\u00e3o dessa metodologia nas obras p\u00fablicas, em alinhamento \u00e0 estrat\u00e9gia BIM BR, pol\u00edtica nacional para implementa\u00e7\u00e3o do BIM. Sendo assim, essa transforma\u00e7\u00e3o digital \u00e9 um caminho sem volta. Por isso, estamos trabalhando para avan\u00e7armos juntos, governo do estado e munic\u00edpios, para que a Bahia esteja na vanguarda da moderniza\u00e7\u00e3o da gest\u00e3o p\u00fablica de obras\u201d, refor\u00e7ou Fernanda Brand\u00e3o, coordenadora de Implementa\u00e7\u00e3o do BIM na Bahia.<\/p>\n","protected":false},"excerpt":{"rendered":"<p>Em um encontro online que reuniu mais de 300 gestores p\u00fablicos municipais, a Conder apresentou o novo modelo digital de gest\u00e3o para as obras p\u00fablicas conveniadas com os munic\u00edpios baianos. O Ambiente Comum de Dados (CDE) ser\u00e1 a principal ferramenta de comunica\u00e7\u00e3o e controle de documentos entre a Conder, as prefeituras e as empresas contratadas [&hellip;]<\/p>\n","protected":false},"author":8,"featured_media":929818,"comment_status":"closed","ping_status":"closed","sticky":false,"template":"","format":"standard","meta":[],"categories":[5],"tags":[835,40916,3142,1157,1809],"acf":[],"yoast_head":"<!-- This site is optimized with the Yoast SEO plugin v20.8 - https:\/\/yoast.com\/wordpress\/plugins\/seo\/ -->\n<title>CONDER APRESENTA INOVA\u00c7\u00c3O TECNOL\u00d3GICA EM OBRAS P\u00daBLICAS PARA MAIS DE 300 GESTORES MUNICIPAIS\u00a0 - Bahia Economica<\/title>\n<meta name=\"description\" content=\"O maior portal de Economia da Bahia MUNIC\u00cdPIOS Bahia Economica A Conder j\u00e1 capacitou mais de 300 colaboradores em parceria com o SENAI\" \/>\n<meta name=\"robots\" content=\"index, follow, max-snippet:-1, max-image-preview:large, max-video-preview:-1\" \/>\n<link rel=\"canonical\" href=\"https:\/\/bahiaeconomica.com.br\/wp\/2025\/08\/28\/conder-apresenta-inovacao-tecnologica-em-obras-publicas-para-mais-de-300-gestores-municipais\/\" \/>\n<meta property=\"og:locale\" content=\"pt_BR\" \/>\n<meta property=\"og:type\" content=\"article\" \/>\n<meta property=\"og:title\" content=\"CONDER APRESENTA INOVA\u00c7\u00c3O TECNOL\u00d3GICA EM OBRAS P\u00daBLICAS PARA MAIS DE 300 GESTORES MUNICIPAIS\u00a0 - Bahia Economica\" \/>\n<meta property=\"og:description\" content=\"O maior portal de Economia da Bahia MUNIC\u00cdPIOS Bahia Economica A Conder j\u00e1 capacitou mais de 300 colaboradores em parceria com o SENAI\" \/>\n<meta property=\"og:url\" content=\"https:\/\/bahiaeconomica.com.br\/wp\/2025\/08\/28\/conder-apresenta-inovacao-tecnologica-em-obras-publicas-para-mais-de-300-gestores-municipais\/\" \/>\n<meta property=\"og:site_name\" content=\"Bahia Economica\" \/>\n<meta property=\"article:publisher\" content=\"https:\/\/www.facebook.com\/bahiaeconomica\" \/>\n<meta property=\"article:published_time\" content=\"2025-08-28T13:36:27+00:00\" \/>\n<meta property=\"article:modified_time\" content=\"2025-08-28T13:39:17+00:00\" \/>\n<meta property=\"og:image\" content=\"https:\/\/bahiaeconomica.com.br\/wp\/wp-content\/uploads\/2025\/08\/WhatsApp-Image-2025-08-28-at-10.14.58-scaled.jpeg\" \/>\n\t<meta property=\"og:image:width\" content=\"2560\" \/>\n\t<meta property=\"og:image:height\" content=\"1707\" \/>\n\t<meta property=\"og:image:type\" content=\"image\/jpeg\" \/>\n<meta name=\"author\" content=\"JP\" \/>\n<meta name=\"twitter:card\" content=\"summary_large_image\" \/>\n<meta name=\"twitter:label1\" content=\"Escrito por\" \/>\n\t<meta name=\"twitter:data1\" content=\"JP\" \/>\n\t<meta name=\"twitter:label2\" content=\"Est. tempo de leitura\" \/>\n\t<meta name=\"twitter:data2\" content=\"3 minutos\" \/>\n<script type=\"application\/ld+json\" class=\"yoast-schema-graph\">{\"@context\":\"https:\/\/schema.org\",\"@graph\":[{\"@type\":\"Article\",\"@id\":\"https:\/\/bahiaeconomica.com.br\/wp\/2025\/08\/28\/conder-apresenta-inovacao-tecnologica-em-obras-publicas-para-mais-de-300-gestores-municipais\/#article\",\"isPartOf\":{\"@id\":\"https:\/\/bahiaeconomica.com.br\/wp\/2025\/08\/28\/conder-apresenta-inovacao-tecnologica-em-obras-publicas-para-mais-de-300-gestores-municipais\/\"},\"author\":{\"name\":\"JP\",\"@id\":\"https:\/\/bahiaeconomica.com.br\/wp\/#\/schema\/person\/c86d3a3f8960425a0f9d0e5245991f4e\"},\"headline\":\"CONDER APRESENTA INOVA\u00c7\u00c3O TECNOL\u00d3GICA EM OBRAS P\u00daBLICAS PARA MAIS DE 300 GESTORES MUNICIPAIS\u00a0\",\"datePublished\":\"2025-08-28T13:36:27+00:00\",\"dateModified\":\"2025-08-28T13:39:17+00:00\",\"mainEntityOfPage\":{\"@id\":\"https:\/\/bahiaeconomica.com.br\/wp\/2025\/08\/28\/conder-apresenta-inovacao-tecnologica-em-obras-publicas-para-mais-de-300-gestores-municipais\/\"},\"wordCount\":602,\"publisher\":{\"@id\":\"https:\/\/bahiaeconomica.com.br\/wp\/#organization\"},\"keywords\":[\"alta\",\"COMENTA\",\"desenbahia\",\"juros\",\"taxa\"],\"articleSection\":[\"MUNIC\u00cdPIOS\"],\"inLanguage\":\"pt-BR\"},{\"@type\":\"WebPage\",\"@id\":\"https:\/\/bahiaeconomica.com.br\/wp\/2025\/08\/28\/conder-apresenta-inovacao-tecnologica-em-obras-publicas-para-mais-de-300-gestores-municipais\/\",\"url\":\"https:\/\/bahiaeconomica.com.br\/wp\/2025\/08\/28\/conder-apresenta-inovacao-tecnologica-em-obras-publicas-para-mais-de-300-gestores-municipais\/\",\"name\":\"CONDER APRESENTA INOVA\u00c7\u00c3O TECNOL\u00d3GICA EM OBRAS P\u00daBLICAS PARA MAIS DE 300 GESTORES MUNICIPAIS\u00a0 - Bahia Economica\",\"isPartOf\":{\"@id\":\"https:\/\/bahiaeconomica.com.br\/wp\/#website\"},\"datePublished\":\"2025-08-28T13:36:27+00:00\",\"dateModified\":\"2025-08-28T13:39:17+00:00\",\"description\":\"O maior portal de Economia da Bahia MUNIC\u00cdPIOS Bahia Economica A Conder j\u00e1 capacitou mais de 300 colaboradores em parceria com o SENAI\",\"breadcrumb\":{\"@id\":\"https:\/\/bahiaeconomica.com.br\/wp\/2025\/08\/28\/conder-apresenta-inovacao-tecnologica-em-obras-publicas-para-mais-de-300-gestores-municipais\/#breadcrumb\"},\"inLanguage\":\"pt-BR\",\"potentialAction\":[{\"@type\":\"ReadAction\",\"target\":[\"https:\/\/bahiaeconomica.com.br\/wp\/2025\/08\/28\/conder-apresenta-inovacao-tecnologica-em-obras-publicas-para-mais-de-300-gestores-municipais\/\"]}]},{\"@type\":\"BreadcrumbList\",\"@id\":\"https:\/\/bahiaeconomica.com.br\/wp\/2025\/08\/28\/conder-apresenta-inovacao-tecnologica-em-obras-publicas-para-mais-de-300-gestores-municipais\/#breadcrumb\",\"itemListElement\":[{\"@type\":\"ListItem\",\"position\":1,\"name\":\"In\u00edcio\",\"item\":\"https:\/\/bahiaeconomica.com.br\/wp\/\"},{\"@type\":\"ListItem\",\"position\":2,\"name\":\"CONDER APRESENTA INOVA\u00c7\u00c3O TECNOL\u00d3GICA EM OBRAS P\u00daBLICAS PARA MAIS DE 300 GESTORES MUNICIPAIS\u00a0\"}]},{\"@type\":\"WebSite\",\"@id\":\"https:\/\/bahiaeconomica.com.br\/wp\/#website\",\"url\":\"https:\/\/bahiaeconomica.com.br\/wp\/\",\"name\":\"Bahia Economica\",\"description\":\"O maior portal de Economia da Bahia\",\"publisher\":{\"@id\":\"https:\/\/bahiaeconomica.com.br\/wp\/#organization\"},\"potentialAction\":[{\"@type\":\"SearchAction\",\"target\":{\"@type\":\"EntryPoint\",\"urlTemplate\":\"https:\/\/bahiaeconomica.com.br\/wp\/?s={search_term_string}\"},\"query-input\":\"required name=search_term_string\"}],\"inLanguage\":\"pt-BR\"},{\"@type\":\"Organization\",\"@id\":\"https:\/\/bahiaeconomica.com.br\/wp\/#organization\",\"name\":\"Bahia Econ\u00f4mica\",\"url\":\"https:\/\/bahiaeconomica.com.br\/wp\/\",\"logo\":{\"@type\":\"ImageObject\",\"inLanguage\":\"pt-BR\",\"@id\":\"https:\/\/bahiaeconomica.com.br\/wp\/#\/schema\/logo\/image\/\",\"url\":\"https:\/\/bahiaeconomica.com.br\/wp\/wp-content\/uploads\/2020\/12\/cropped-BE.png\",\"contentUrl\":\"https:\/\/bahiaeconomica.com.br\/wp\/wp-content\/uploads\/2020\/12\/cropped-BE.png\",\"width\":512,\"height\":512,\"caption\":\"Bahia Econ\u00f4mica\"},\"image\":{\"@id\":\"https:\/\/bahiaeconomica.com.br\/wp\/#\/schema\/logo\/image\/\"},\"sameAs\":[\"https:\/\/www.facebook.com\/bahiaeconomica\"]},{\"@type\":\"Person\",\"@id\":\"https:\/\/bahiaeconomica.com.br\/wp\/#\/schema\/person\/c86d3a3f8960425a0f9d0e5245991f4e\",\"name\":\"JP\",\"sameAs\":[\"https:\/\/bahiaeconomica.com.br\/wp\/beta\/\"],\"url\":\"https:\/\/bahiaeconomica.com.br\/wp\/author\/jp\/\"}]}<\/script>\n<!-- \/ Yoast SEO plugin. -->","yoast_head_json":{"title":"CONDER APRESENTA INOVA\u00c7\u00c3O TECNOL\u00d3GICA EM OBRAS P\u00daBLICAS PARA MAIS DE 300 GESTORES MUNICIPAIS\u00a0 - Bahia Economica","description":"O maior portal de Economia da Bahia MUNIC\u00cdPIOS Bahia Economica A Conder j\u00e1 capacitou mais de 300 colaboradores em parceria com o SENAI","robots":{"index":"index","follow":"follow","max-snippet":"max-snippet:-1","max-image-preview":"max-image-preview:large","max-video-preview":"max-video-preview:-1"},"canonical":"https:\/\/bahiaeconomica.com.br\/wp\/2025\/08\/28\/conder-apresenta-inovacao-tecnologica-em-obras-publicas-para-mais-de-300-gestores-municipais\/","og_locale":"pt_BR","og_type":"article","og_title":"CONDER APRESENTA INOVA\u00c7\u00c3O TECNOL\u00d3GICA EM OBRAS P\u00daBLICAS PARA MAIS DE 300 GESTORES MUNICIPAIS\u00a0 - Bahia Economica","og_description":"O maior portal de Economia da Bahia MUNIC\u00cdPIOS Bahia Economica A Conder j\u00e1 capacitou mais de 300 colaboradores em parceria com o SENAI","og_url":"https:\/\/bahiaeconomica.com.br\/wp\/2025\/08\/28\/conder-apresenta-inovacao-tecnologica-em-obras-publicas-para-mais-de-300-gestores-municipais\/","og_site_name":"Bahia Economica","article_publisher":"https:\/\/www.facebook.com\/bahiaeconomica","article_published_time":"2025-08-28T13:36:27+00:00","article_modified_time":"2025-08-28T13:39:17+00:00","og_image":[{"width":2560,"height":1707,"url":"https:\/\/bahiaeconomica.com.br\/wp\/wp-content\/uploads\/2025\/08\/WhatsApp-Image-2025-08-28-at-10.14.58-scaled.jpeg","type":"image\/jpeg"}],"author":"JP","twitter_card":"summary_large_image","twitter_misc":{"Escrito por":"JP","Est. tempo de leitura":"3 minutos"},"schema":{"@context":"https:\/\/schema.org","@graph":[{"@type":"Article","@id":"https:\/\/bahiaeconomica.com.br\/wp\/2025\/08\/28\/conder-apresenta-inovacao-tecnologica-em-obras-publicas-para-mais-de-300-gestores-municipais\/#article","isPartOf":{"@id":"https:\/\/bahiaeconomica.com.br\/wp\/2025\/08\/28\/conder-apresenta-inovacao-tecnologica-em-obras-publicas-para-mais-de-300-gestores-municipais\/"},"author":{"name":"JP","@id":"https:\/\/bahiaeconomica.com.br\/wp\/#\/schema\/person\/c86d3a3f8960425a0f9d0e5245991f4e"},"headline":"CONDER APRESENTA INOVA\u00c7\u00c3O TECNOL\u00d3GICA EM OBRAS P\u00daBLICAS PARA MAIS DE 300 GESTORES MUNICIPAIS\u00a0","datePublished":"2025-08-28T13:36:27+00:00","dateModified":"2025-08-28T13:39:17+00:00","mainEntityOfPage":{"@id":"https:\/\/bahiaeconomica.com.br\/wp\/2025\/08\/28\/conder-apresenta-inovacao-tecnologica-em-obras-publicas-para-mais-de-300-gestores-municipais\/"},"wordCount":602,"publisher":{"@id":"https:\/\/bahiaeconomica.com.br\/wp\/#organization"},"keywords":["alta","COMENTA","desenbahia","juros","taxa"],"articleSection":["MUNIC\u00cdPIOS"],"inLanguage":"pt-BR"},{"@type":"WebPage","@id":"https:\/\/bahiaeconomica.com.br\/wp\/2025\/08\/28\/conder-apresenta-inovacao-tecnologica-em-obras-publicas-para-mais-de-300-gestores-municipais\/","url":"https:\/\/bahiaeconomica.com.br\/wp\/2025\/08\/28\/conder-apresenta-inovacao-tecnologica-em-obras-publicas-para-mais-de-300-gestores-municipais\/","name":"CONDER APRESENTA INOVA\u00c7\u00c3O TECNOL\u00d3GICA EM OBRAS P\u00daBLICAS PARA MAIS DE 300 GESTORES MUNICIPAIS\u00a0 - Bahia Economica","isPartOf":{"@id":"https:\/\/bahiaeconomica.com.br\/wp\/#website"},"datePublished":"2025-08-28T13:36:27+00:00","dateModified":"2025-08-28T13:39:17+00:00","description":"O maior portal de Economia da Bahia MUNIC\u00cdPIOS Bahia Economica A Conder j\u00e1 capacitou mais de 300 colaboradores em parceria com o SENAI","breadcrumb":{"@id":"https:\/\/bahiaeconomica.com.br\/wp\/2025\/08\/28\/conder-apresenta-inovacao-tecnologica-em-obras-publicas-para-mais-de-300-gestores-municipais\/#breadcrumb"},"inLanguage":"pt-BR","potentialAction":[{"@type":"ReadAction","target":["https:\/\/bahiaeconomica.com.br\/wp\/2025\/08\/28\/conder-apresenta-inovacao-tecnologica-em-obras-publicas-para-mais-de-300-gestores-municipais\/"]}]},{"@type":"BreadcrumbList","@id":"https:\/\/bahiaeconomica.com.br\/wp\/2025\/08\/28\/conder-apresenta-inovacao-tecnologica-em-obras-publicas-para-mais-de-300-gestores-municipais\/#breadcrumb","itemListElement":[{"@type":"ListItem","position":1,"name":"In\u00edcio","item":"https:\/\/bahiaeconomica.com.br\/wp\/"},{"@type":"ListItem","position":2,"name":"CONDER APRESENTA INOVA\u00c7\u00c3O TECNOL\u00d3GICA EM OBRAS P\u00daBLICAS PARA MAIS DE 300 GESTORES MUNICIPAIS\u00a0"}]},{"@type":"WebSite","@id":"https:\/\/bahiaeconomica.com.br\/wp\/#website","url":"https:\/\/bahiaeconomica.com.br\/wp\/","name":"Bahia Economica","description":"O maior portal de Economia da Bahia","publisher":{"@id":"https:\/\/bahiaeconomica.com.br\/wp\/#organization"},"potentialAction":[{"@type":"SearchAction","target":{"@type":"EntryPoint","urlTemplate":"https:\/\/bahiaeconomica.com.br\/wp\/?s={search_term_string}"},"query-input":"required name=search_term_string"}],"inLanguage":"pt-BR"},{"@type":"Organization","@id":"https:\/\/bahiaeconomica.com.br\/wp\/#organization","name":"Bahia Econ\u00f4mica","url":"https:\/\/bahiaeconomica.com.br\/wp\/","logo":{"@type":"ImageObject","inLanguage":"pt-BR","@id":"https:\/\/bahiaeconomica.com.br\/wp\/#\/schema\/logo\/image\/","url":"https:\/\/bahiaeconomica.com.br\/wp\/wp-content\/uploads\/2020\/12\/cropped-BE.png","contentUrl":"https:\/\/bahiaeconomica.com.br\/wp\/wp-content\/uploads\/2020\/12\/cropped-BE.png","width":512,"height":512,"caption":"Bahia Econ\u00f4mica"},"image":{"@id":"https:\/\/bahiaeconomica.com.br\/wp\/#\/schema\/logo\/image\/"},"sameAs":["https:\/\/www.facebook.com\/bahiaeconomica"]},{"@type":"Person","@id":"https:\/\/bahiaeconomica.com.br\/wp\/#\/schema\/person\/c86d3a3f8960425a0f9d0e5245991f4e","name":"JP","sameAs":["https:\/\/bahiaeconomica.com.br\/wp\/beta\/"],"url":"https:\/\/bahiaeconomica.com.br\/wp\/author\/jp\/"}]}},"views":14,"_links":{"self":[{"href":"https:\/\/bahiaeconomica.com.br\/wp\/wp-json\/wp\/v2\/posts\/929817"}],"collection":[{"href":"https:\/\/bahiaeconomica.com.br\/wp\/wp-json\/wp\/v2\/posts"}],"about":[{"href":"https:\/\/bahiaeconomica.com.br\/wp\/wp-json\/wp\/v2\/types\/post"}],"author":[{"embeddable":true,"href":"https:\/\/bahiaeconomica.com.br\/wp\/wp-json\/wp\/v2\/users\/8"}],"replies":[{"embeddable":true,"href":"https:\/\/bahiaeconomica.com.br\/wp\/wp-json\/wp\/v2\/comments?post=929817"}],"version-history":[{"count":1,"href":"https:\/\/bahiaeconomica.com.br\/wp\/wp-json\/wp\/v2\/posts\/929817\/revisions"}],"predecessor-version":[{"id":929819,"href":"https:\/\/bahiaeconomica.com.br\/wp\/wp-json\/wp\/v2\/posts\/929817\/revisions\/929819"}],"wp:featuredmedia":[{"embeddable":true,"href":"https:\/\/bahiaeconomica.com.br\/wp\/wp-json\/wp\/v2\/media\/929818"}],"wp:attachment":[{"href":"https:\/\/bahiaeconomica.com.br\/wp\/wp-json\/wp\/v2\/media?parent=929817"}],"wp:term":[{"taxonomy":"category","embeddable":true,"href":"https:\/\/bahiaeconomica.com.br\/wp\/wp-json\/wp\/v2\/categories?post=929817"},{"taxonomy":"post_tag","embeddable":true,"href":"https:\/\/bahiaeconomica.com.br\/wp\/wp-json\/wp\/v2\/tags?post=929817"}],"curies":[{"name":"wp","href":"https:\/\/api.w.org\/{rel}","templated":true}]}}