{"id":929785,"date":"2025-08-28T10:59:44","date_gmt":"2025-08-28T13:59:44","guid":{"rendered":"https:\/\/bahiaeconomica.com.br\/wp\/?p=929785"},"modified":"2025-08-28T10:52:18","modified_gmt":"2025-08-28T13:52:18","slug":"inflacao-do-aluguel-igp-m-passa-a-subir-036-em-agosto-e-fica-acima-do-esperado","status":"publish","type":"post","link":"https:\/\/bahiaeconomica.com.br\/wp\/2025\/08\/28\/inflacao-do-aluguel-igp-m-passa-a-subir-036-em-agosto-e-fica-acima-do-esperado\/","title":{"rendered":"INFLA\u00c7\u00c3O DO ALUGUEL: IGP-M PASSA A SUBIR 0,36% EM AGOSTO E FICA ACIMA DO ESPERADO"},"content":{"rendered":"<p>O \u00cdndice Geral de Pre\u00e7os-Mercado (IGP-M) passou a subir 0,36% em agosto, depois de ter registrado queda de 0,77% no m\u00eas anterior, em resultado que ficou acima do esperado, mostraram dados divulgados pela Funda\u00e7\u00e3o Getulio Vargas (FGV) nesta quinta-feira. A expectativa em pesquisa da Reuters era de avan\u00e7o de 0,21%, e com o resultado do m\u00eas o \u00edndice passou a acumular em 12 meses alta de 3,03%.<\/p>\n<p>O \u00cdndice de Pre\u00e7os ao Produtor Amplo (IPA), que responde por 60% do \u00edndice geral e apura a varia\u00e7\u00e3o dos pre\u00e7os no atacado, deixou para tr\u00e1s o recuo de 1,29% em julho e passou a subir 0,43% em agosto. \u201cA alta do IPA marca a reacelera\u00e7\u00e3o dos pre\u00e7os dos produtos agropecu\u00e1rios, que desde maio vinham registrando quedas intensas, influenciados, principalmente, pelo efeito da sazonalidade mais forte do per\u00edodo e pela maior oferta de safras importantes\u201d, explicou Matheus Dias, economista do FGV IBRE.<\/p>\n<p>No IPA, destacaram-se as altas de 6,76% do min\u00e9rio de ferro (-1,86% antes), 3,73% da soja em gr\u00e3o (+0,45% antes), 15,03% da banana (+5,93% antes) e 1,44 do caf\u00e9 em gr\u00e3o (-22,52% antes). J\u00e1 o \u00cdndice de Pre\u00e7os ao Consumidor (IPC), que tem peso de 30% no \u00edndice geral, teve varia\u00e7\u00e3o negativa de 0,07% em agosto, de uma alta de 0,27% em julho.<\/p>\n<p>Entre as oito classes de despesa que comp\u00f5em o \u00edndice, tr\u00eas apresentaram recuos nas suas taxas de varia\u00e7\u00e3o: Habita\u00e7\u00e3o (0,75% para -0,19%), Educa\u00e7\u00e3o, Leitura e Recrea\u00e7\u00e3o (0,85% para -0,78%) e Alimenta\u00e7\u00e3o (0,03% para -0,42%). O \u00cdndice Nacional de Custo da Constru\u00e7\u00e3o (INCC) passou a subir no per\u00edodo 0,70%, de uma alta de 0,91% em julho. O IGP-M calcula os pre\u00e7os ao produtor, consumidor e na constru\u00e7\u00e3o civil entre os dias 21 do m\u00eas anterior e 20 do m\u00eas de refer\u00eancia.<\/p>\n<p>(Pixabay)<\/p>\n<p>&nbsp;<\/p>\n","protected":false},"excerpt":{"rendered":"<p>O \u00cdndice Geral de Pre\u00e7os-Mercado (IGP-M) passou a subir 0,36% em agosto, depois de ter registrado queda de 0,77% no m\u00eas anterior, em resultado que ficou acima do esperado, mostraram dados divulgados pela Funda\u00e7\u00e3o Getulio Vargas (FGV) nesta quinta-feira. A expectativa em pesquisa da Reuters era de avan\u00e7o de 0,21%, e com o resultado do [&hellip;]<\/p>\n","protected":false},"author":8,"featured_media":929787,"comment_status":"closed","ping_status":"closed","sticky":false,"template":"","format":"standard","meta":[],"categories":[14,3],"tags":[213,1245,36473,6326,801,5763],"acf":[],"yoast_head":"<!-- This site is optimized with the Yoast SEO plugin v20.8 - https:\/\/yoast.com\/wordpress\/plugins\/seo\/ -->\n<title>INFLA\u00c7\u00c3O DO ALUGUEL: IGP-M PASSA A SUBIR 0,36% EM AGOSTO E FICA ACIMA DO ESPERADO - Bahia Economica<\/title>\n<meta name=\"description\" content=\"O maior portal de Economia da Bahia DESTAQUE DO DIA, ECONOMIA \/ POL\u00cdTICA Bahia Economica O \u00cdndice Geral de Pre\u00e7os-Mercado (IGP-M) passou a subir 0\" \/>\n<meta name=\"robots\" content=\"index, follow, max-snippet:-1, max-image-preview:large, max-video-preview:-1\" \/>\n<link rel=\"canonical\" href=\"https:\/\/bahiaeconomica.com.br\/wp\/2025\/08\/28\/inflacao-do-aluguel-igp-m-passa-a-subir-036-em-agosto-e-fica-acima-do-esperado\/\" \/>\n<meta property=\"og:locale\" content=\"pt_BR\" \/>\n<meta property=\"og:type\" content=\"article\" \/>\n<meta property=\"og:title\" content=\"INFLA\u00c7\u00c3O DO ALUGUEL: IGP-M PASSA A SUBIR 0,36% EM AGOSTO E FICA ACIMA DO ESPERADO - Bahia Economica\" \/>\n<meta property=\"og:description\" content=\"O maior portal de Economia da Bahia DESTAQUE DO DIA, ECONOMIA \/ POL\u00cdTICA Bahia Economica O \u00cdndice Geral de Pre\u00e7os-Mercado (IGP-M) passou a subir 0\" \/>\n<meta property=\"og:url\" content=\"https:\/\/bahiaeconomica.com.br\/wp\/2025\/08\/28\/inflacao-do-aluguel-igp-m-passa-a-subir-036-em-agosto-e-fica-acima-do-esperado\/\" \/>\n<meta property=\"og:site_name\" content=\"Bahia Economica\" \/>\n<meta property=\"article:publisher\" content=\"https:\/\/www.facebook.com\/bahiaeconomica\" \/>\n<meta property=\"article:published_time\" content=\"2025-08-28T13:59:44+00:00\" \/>\n<meta property=\"article:modified_time\" content=\"2025-08-28T13:52:18+00:00\" \/>\n<meta property=\"og:image\" content=\"https:\/\/bahiaeconomica.com.br\/wp\/wp-content\/uploads\/2025\/08\/Valor-do-imovel-para-inventario-e1719947114413.webp\" \/>\n\t<meta property=\"og:image:width\" content=\"1050\" \/>\n\t<meta property=\"og:image:height\" content=\"700\" \/>\n\t<meta property=\"og:image:type\" content=\"image\/webp\" \/>\n<meta name=\"author\" content=\"JP\" \/>\n<meta name=\"twitter:card\" content=\"summary_large_image\" \/>\n<meta name=\"twitter:label1\" content=\"Escrito por\" \/>\n\t<meta name=\"twitter:data1\" content=\"JP\" \/>\n\t<meta name=\"twitter:label2\" content=\"Est. tempo de leitura\" \/>\n\t<meta name=\"twitter:data2\" content=\"2 minutos\" \/>\n<script type=\"application\/ld+json\" class=\"yoast-schema-graph\">{\"@context\":\"https:\/\/schema.org\",\"@graph\":[{\"@type\":\"Article\",\"@id\":\"https:\/\/bahiaeconomica.com.br\/wp\/2025\/08\/28\/inflacao-do-aluguel-igp-m-passa-a-subir-036-em-agosto-e-fica-acima-do-esperado\/#article\",\"isPartOf\":{\"@id\":\"https:\/\/bahiaeconomica.com.br\/wp\/2025\/08\/28\/inflacao-do-aluguel-igp-m-passa-a-subir-036-em-agosto-e-fica-acima-do-esperado\/\"},\"author\":{\"name\":\"JP\",\"@id\":\"https:\/\/bahiaeconomica.com.br\/wp\/#\/schema\/person\/c86d3a3f8960425a0f9d0e5245991f4e\"},\"headline\":\"INFLA\u00c7\u00c3O DO ALUGUEL: IGP-M PASSA A SUBIR 0,36% EM AGOSTO E FICA ACIMA DO ESPERADO\",\"datePublished\":\"2025-08-28T13:59:44+00:00\",\"dateModified\":\"2025-08-28T13:52:18+00:00\",\"mainEntityOfPage\":{\"@id\":\"https:\/\/bahiaeconomica.com.br\/wp\/2025\/08\/28\/inflacao-do-aluguel-igp-m-passa-a-subir-036-em-agosto-e-fica-acima-do-esperado\/\"},\"wordCount\":317,\"publisher\":{\"@id\":\"https:\/\/bahiaeconomica.com.br\/wp\/#organization\"},\"keywords\":[\"Economia\",\"FGV\",\"Hard\",\"IGP-M\",\"infla\u00e7\u00e3o\",\"news\"],\"articleSection\":[\"DESTAQUE DO DIA\",\"ECONOMIA \/ POL\u00cdTICA\"],\"inLanguage\":\"pt-BR\"},{\"@type\":\"WebPage\",\"@id\":\"https:\/\/bahiaeconomica.com.br\/wp\/2025\/08\/28\/inflacao-do-aluguel-igp-m-passa-a-subir-036-em-agosto-e-fica-acima-do-esperado\/\",\"url\":\"https:\/\/bahiaeconomica.com.br\/wp\/2025\/08\/28\/inflacao-do-aluguel-igp-m-passa-a-subir-036-em-agosto-e-fica-acima-do-esperado\/\",\"name\":\"INFLA\u00c7\u00c3O DO ALUGUEL: IGP-M PASSA A SUBIR 0,36% EM AGOSTO E FICA ACIMA DO ESPERADO - Bahia Economica\",\"isPartOf\":{\"@id\":\"https:\/\/bahiaeconomica.com.br\/wp\/#website\"},\"datePublished\":\"2025-08-28T13:59:44+00:00\",\"dateModified\":\"2025-08-28T13:52:18+00:00\",\"description\":\"O maior portal de Economia da Bahia DESTAQUE DO DIA, ECONOMIA \/ POL\u00cdTICA Bahia Economica O \u00cdndice Geral de Pre\u00e7os-Mercado (IGP-M) passou a subir 0\",\"breadcrumb\":{\"@id\":\"https:\/\/bahiaeconomica.com.br\/wp\/2025\/08\/28\/inflacao-do-aluguel-igp-m-passa-a-subir-036-em-agosto-e-fica-acima-do-esperado\/#breadcrumb\"},\"inLanguage\":\"pt-BR\",\"potentialAction\":[{\"@type\":\"ReadAction\",\"target\":[\"https:\/\/bahiaeconomica.com.br\/wp\/2025\/08\/28\/inflacao-do-aluguel-igp-m-passa-a-subir-036-em-agosto-e-fica-acima-do-esperado\/\"]}]},{\"@type\":\"BreadcrumbList\",\"@id\":\"https:\/\/bahiaeconomica.com.br\/wp\/2025\/08\/28\/inflacao-do-aluguel-igp-m-passa-a-subir-036-em-agosto-e-fica-acima-do-esperado\/#breadcrumb\",\"itemListElement\":[{\"@type\":\"ListItem\",\"position\":1,\"name\":\"In\u00edcio\",\"item\":\"https:\/\/bahiaeconomica.com.br\/wp\/\"},{\"@type\":\"ListItem\",\"position\":2,\"name\":\"INFLA\u00c7\u00c3O DO ALUGUEL: IGP-M PASSA A SUBIR 0,36% EM AGOSTO E FICA ACIMA DO ESPERADO\"}]},{\"@type\":\"WebSite\",\"@id\":\"https:\/\/bahiaeconomica.com.br\/wp\/#website\",\"url\":\"https:\/\/bahiaeconomica.com.br\/wp\/\",\"name\":\"Bahia Economica\",\"description\":\"O maior portal de Economia da Bahia\",\"publisher\":{\"@id\":\"https:\/\/bahiaeconomica.com.br\/wp\/#organization\"},\"potentialAction\":[{\"@type\":\"SearchAction\",\"target\":{\"@type\":\"EntryPoint\",\"urlTemplate\":\"https:\/\/bahiaeconomica.com.br\/wp\/?s={search_term_string}\"},\"query-input\":\"required name=search_term_string\"}],\"inLanguage\":\"pt-BR\"},{\"@type\":\"Organization\",\"@id\":\"https:\/\/bahiaeconomica.com.br\/wp\/#organization\",\"name\":\"Bahia Econ\u00f4mica\",\"url\":\"https:\/\/bahiaeconomica.com.br\/wp\/\",\"logo\":{\"@type\":\"ImageObject\",\"inLanguage\":\"pt-BR\",\"@id\":\"https:\/\/bahiaeconomica.com.br\/wp\/#\/schema\/logo\/image\/\",\"url\":\"https:\/\/bahiaeconomica.com.br\/wp\/wp-content\/uploads\/2020\/12\/cropped-BE.png\",\"contentUrl\":\"https:\/\/bahiaeconomica.com.br\/wp\/wp-content\/uploads\/2020\/12\/cropped-BE.png\",\"width\":512,\"height\":512,\"caption\":\"Bahia Econ\u00f4mica\"},\"image\":{\"@id\":\"https:\/\/bahiaeconomica.com.br\/wp\/#\/schema\/logo\/image\/\"},\"sameAs\":[\"https:\/\/www.facebook.com\/bahiaeconomica\"]},{\"@type\":\"Person\",\"@id\":\"https:\/\/bahiaeconomica.com.br\/wp\/#\/schema\/person\/c86d3a3f8960425a0f9d0e5245991f4e\",\"name\":\"JP\",\"sameAs\":[\"https:\/\/bahiaeconomica.com.br\/wp\/beta\/\"],\"url\":\"https:\/\/bahiaeconomica.com.br\/wp\/author\/jp\/\"}]}<\/script>\n<!-- \/ Yoast SEO plugin. -->","yoast_head_json":{"title":"INFLA\u00c7\u00c3O DO ALUGUEL: IGP-M PASSA A SUBIR 0,36% EM AGOSTO E FICA ACIMA DO ESPERADO - Bahia Economica","description":"O maior portal de Economia da Bahia DESTAQUE DO DIA, ECONOMIA \/ POL\u00cdTICA Bahia Economica O \u00cdndice Geral de Pre\u00e7os-Mercado (IGP-M) passou a subir 0","robots":{"index":"index","follow":"follow","max-snippet":"max-snippet:-1","max-image-preview":"max-image-preview:large","max-video-preview":"max-video-preview:-1"},"canonical":"https:\/\/bahiaeconomica.com.br\/wp\/2025\/08\/28\/inflacao-do-aluguel-igp-m-passa-a-subir-036-em-agosto-e-fica-acima-do-esperado\/","og_locale":"pt_BR","og_type":"article","og_title":"INFLA\u00c7\u00c3O DO ALUGUEL: IGP-M PASSA A SUBIR 0,36% EM AGOSTO E FICA ACIMA DO ESPERADO - Bahia Economica","og_description":"O maior portal de Economia da Bahia DESTAQUE DO DIA, ECONOMIA \/ POL\u00cdTICA Bahia Economica O \u00cdndice Geral de Pre\u00e7os-Mercado (IGP-M) passou a subir 0","og_url":"https:\/\/bahiaeconomica.com.br\/wp\/2025\/08\/28\/inflacao-do-aluguel-igp-m-passa-a-subir-036-em-agosto-e-fica-acima-do-esperado\/","og_site_name":"Bahia Economica","article_publisher":"https:\/\/www.facebook.com\/bahiaeconomica","article_published_time":"2025-08-28T13:59:44+00:00","article_modified_time":"2025-08-28T13:52:18+00:00","og_image":[{"width":1050,"height":700,"url":"https:\/\/bahiaeconomica.com.br\/wp\/wp-content\/uploads\/2025\/08\/Valor-do-imovel-para-inventario-e1719947114413.webp","type":"image\/webp"}],"author":"JP","twitter_card":"summary_large_image","twitter_misc":{"Escrito por":"JP","Est. tempo de leitura":"2 minutos"},"schema":{"@context":"https:\/\/schema.org","@graph":[{"@type":"Article","@id":"https:\/\/bahiaeconomica.com.br\/wp\/2025\/08\/28\/inflacao-do-aluguel-igp-m-passa-a-subir-036-em-agosto-e-fica-acima-do-esperado\/#article","isPartOf":{"@id":"https:\/\/bahiaeconomica.com.br\/wp\/2025\/08\/28\/inflacao-do-aluguel-igp-m-passa-a-subir-036-em-agosto-e-fica-acima-do-esperado\/"},"author":{"name":"JP","@id":"https:\/\/bahiaeconomica.com.br\/wp\/#\/schema\/person\/c86d3a3f8960425a0f9d0e5245991f4e"},"headline":"INFLA\u00c7\u00c3O DO ALUGUEL: IGP-M PASSA A SUBIR 0,36% EM AGOSTO E FICA ACIMA DO ESPERADO","datePublished":"2025-08-28T13:59:44+00:00","dateModified":"2025-08-28T13:52:18+00:00","mainEntityOfPage":{"@id":"https:\/\/bahiaeconomica.com.br\/wp\/2025\/08\/28\/inflacao-do-aluguel-igp-m-passa-a-subir-036-em-agosto-e-fica-acima-do-esperado\/"},"wordCount":317,"publisher":{"@id":"https:\/\/bahiaeconomica.com.br\/wp\/#organization"},"keywords":["Economia","FGV","Hard","IGP-M","infla\u00e7\u00e3o","news"],"articleSection":["DESTAQUE DO DIA","ECONOMIA \/ POL\u00cdTICA"],"inLanguage":"pt-BR"},{"@type":"WebPage","@id":"https:\/\/bahiaeconomica.com.br\/wp\/2025\/08\/28\/inflacao-do-aluguel-igp-m-passa-a-subir-036-em-agosto-e-fica-acima-do-esperado\/","url":"https:\/\/bahiaeconomica.com.br\/wp\/2025\/08\/28\/inflacao-do-aluguel-igp-m-passa-a-subir-036-em-agosto-e-fica-acima-do-esperado\/","name":"INFLA\u00c7\u00c3O DO ALUGUEL: IGP-M PASSA A SUBIR 0,36% EM AGOSTO E FICA ACIMA DO ESPERADO - Bahia Economica","isPartOf":{"@id":"https:\/\/bahiaeconomica.com.br\/wp\/#website"},"datePublished":"2025-08-28T13:59:44+00:00","dateModified":"2025-08-28T13:52:18+00:00","description":"O maior portal de Economia da Bahia DESTAQUE DO DIA, ECONOMIA \/ POL\u00cdTICA Bahia Economica O \u00cdndice Geral de Pre\u00e7os-Mercado (IGP-M) passou a subir 0","breadcrumb":{"@id":"https:\/\/bahiaeconomica.com.br\/wp\/2025\/08\/28\/inflacao-do-aluguel-igp-m-passa-a-subir-036-em-agosto-e-fica-acima-do-esperado\/#breadcrumb"},"inLanguage":"pt-BR","potentialAction":[{"@type":"ReadAction","target":["https:\/\/bahiaeconomica.com.br\/wp\/2025\/08\/28\/inflacao-do-aluguel-igp-m-passa-a-subir-036-em-agosto-e-fica-acima-do-esperado\/"]}]},{"@type":"BreadcrumbList","@id":"https:\/\/bahiaeconomica.com.br\/wp\/2025\/08\/28\/inflacao-do-aluguel-igp-m-passa-a-subir-036-em-agosto-e-fica-acima-do-esperado\/#breadcrumb","itemListElement":[{"@type":"ListItem","position":1,"name":"In\u00edcio","item":"https:\/\/bahiaeconomica.com.br\/wp\/"},{"@type":"ListItem","position":2,"name":"INFLA\u00c7\u00c3O DO ALUGUEL: IGP-M PASSA A SUBIR 0,36% EM AGOSTO E FICA ACIMA DO ESPERADO"}]},{"@type":"WebSite","@id":"https:\/\/bahiaeconomica.com.br\/wp\/#website","url":"https:\/\/bahiaeconomica.com.br\/wp\/","name":"Bahia Economica","description":"O maior portal de Economia da Bahia","publisher":{"@id":"https:\/\/bahiaeconomica.com.br\/wp\/#organization"},"potentialAction":[{"@type":"SearchAction","target":{"@type":"EntryPoint","urlTemplate":"https:\/\/bahiaeconomica.com.br\/wp\/?s={search_term_string}"},"query-input":"required name=search_term_string"}],"inLanguage":"pt-BR"},{"@type":"Organization","@id":"https:\/\/bahiaeconomica.com.br\/wp\/#organization","name":"Bahia Econ\u00f4mica","url":"https:\/\/bahiaeconomica.com.br\/wp\/","logo":{"@type":"ImageObject","inLanguage":"pt-BR","@id":"https:\/\/bahiaeconomica.com.br\/wp\/#\/schema\/logo\/image\/","url":"https:\/\/bahiaeconomica.com.br\/wp\/wp-content\/uploads\/2020\/12\/cropped-BE.png","contentUrl":"https:\/\/bahiaeconomica.com.br\/wp\/wp-content\/uploads\/2020\/12\/cropped-BE.png","width":512,"height":512,"caption":"Bahia Econ\u00f4mica"},"image":{"@id":"https:\/\/bahiaeconomica.com.br\/wp\/#\/schema\/logo\/image\/"},"sameAs":["https:\/\/www.facebook.com\/bahiaeconomica"]},{"@type":"Person","@id":"https:\/\/bahiaeconomica.com.br\/wp\/#\/schema\/person\/c86d3a3f8960425a0f9d0e5245991f4e","name":"JP","sameAs":["https:\/\/bahiaeconomica.com.br\/wp\/beta\/"],"url":"https:\/\/bahiaeconomica.com.br\/wp\/author\/jp\/"}]}},"views":5,"_links":{"self":[{"href":"https:\/\/bahiaeconomica.com.br\/wp\/wp-json\/wp\/v2\/posts\/929785"}],"collection":[{"href":"https:\/\/bahiaeconomica.com.br\/wp\/wp-json\/wp\/v2\/posts"}],"about":[{"href":"https:\/\/bahiaeconomica.com.br\/wp\/wp-json\/wp\/v2\/types\/post"}],"author":[{"embeddable":true,"href":"https:\/\/bahiaeconomica.com.br\/wp\/wp-json\/wp\/v2\/users\/8"}],"replies":[{"embeddable":true,"href":"https:\/\/bahiaeconomica.com.br\/wp\/wp-json\/wp\/v2\/comments?post=929785"}],"version-history":[{"count":1,"href":"https:\/\/bahiaeconomica.com.br\/wp\/wp-json\/wp\/v2\/posts\/929785\/revisions"}],"predecessor-version":[{"id":929789,"href":"https:\/\/bahiaeconomica.com.br\/wp\/wp-json\/wp\/v2\/posts\/929785\/revisions\/929789"}],"wp:featuredmedia":[{"embeddable":true,"href":"https:\/\/bahiaeconomica.com.br\/wp\/wp-json\/wp\/v2\/media\/929787"}],"wp:attachment":[{"href":"https:\/\/bahiaeconomica.com.br\/wp\/wp-json\/wp\/v2\/media?parent=929785"}],"wp:term":[{"taxonomy":"category","embeddable":true,"href":"https:\/\/bahiaeconomica.com.br\/wp\/wp-json\/wp\/v2\/categories?post=929785"},{"taxonomy":"post_tag","embeddable":true,"href":"https:\/\/bahiaeconomica.com.br\/wp\/wp-json\/wp\/v2\/tags?post=929785"}],"curies":[{"name":"wp","href":"https:\/\/api.w.org\/{rel}","templated":true}]}}