{"id":929710,"date":"2025-08-27T15:00:18","date_gmt":"2025-08-27T18:00:18","guid":{"rendered":"https:\/\/bahiaeconomica.com.br\/wp\/?p=929710"},"modified":"2025-08-27T21:55:27","modified_gmt":"2025-08-28T00:55:27","slug":"estudantes-de-camacari-participam-de-seletiva-para-olimpiada-brasileira-de-robotica-2","status":"publish","type":"post","link":"https:\/\/bahiaeconomica.com.br\/wp\/2025\/08\/27\/estudantes-de-camacari-participam-de-seletiva-para-olimpiada-brasileira-de-robotica-2\/","title":{"rendered":"ESTUDANTES DE CAMA\u00c7ARI PARTICIPAM DE SELETIVA PARA OLIMP\u00cdADA BRASILEIRA DE ROB\u00d3TICA"},"content":{"rendered":"<p>Oito estudantes de Cama\u00e7ari v\u00e3o representar o munic\u00edpio na etapa estadual da Olimp\u00edada Brasileira de Rob\u00f3tica (OBR), que ser\u00e1 realizada nos dias 29 e 30 de agosto, na Escola SESI Reitor Miguel Calmon, no bairro do Retiro, em Salvador. Os grupos fazem parte da Oficina de Rob\u00f3tica Educativa e Sustent\u00e1vel, realizada pela Associa\u00e7\u00e3o Paulo Tonucci (APITO) e patrocinada pelo 3\u00ba Edital Braskem &#8211; Projetos que Transformam.<\/p>\n<p>Cada time \u00e9 formado por quatro alunos e um ex-aluno &#8211; que atua como t\u00e9cnico &#8211; do projeto, cujo objetivo \u00e9 engajar 50 jovens de 12 a 18 anos, residentes de Cama\u00e7ari e matriculados na rede p\u00fablica de ensino, no aprendizado da Matem\u00e1tica e desenvolvimento do racioc\u00ednio l\u00f3gico, utilizando a t\u00e9cnica da rob\u00f3tica. As equipes foram batizadas de Cybertron e Ecobots.<\/p>\n<p>Hyago Santos Barreiros, de 14 anos, um dos alunos que v\u00e3o participar da OBR, relata que a Oficina de Rob\u00f3tica tem o ajudado muito. \u201cQuando eu entrei no projeto, eu n\u00e3o sabia nada de rob\u00f3tica. Mas, com a ajuda da professora \u00c2ngela, aprendi muito, e agora estamos botando o conhecimento em pr\u00e1tica para participar da Olimp\u00edada. Estou muito feliz em participar do projeto\u201d, ressalta o adolescente.<\/p>\n<p>Graziela Vasconcelos, analista de Rela\u00e7\u00f5es Institucionais da Braskem na Bahia, celebra o car\u00e1ter inovador da Oficina de Rob\u00f3tica e o papel transformador da educa\u00e7\u00e3o para um futuro melhor. \u201cVer esses jovens aplicando seus conhecimentos em desafios de rob\u00f3tica, com dedica\u00e7\u00e3o e criatividade, refor\u00e7a nossa convic\u00e7\u00e3o de que investir em inova\u00e7\u00e3o e no desenvolvimento das pr\u00f3ximas gera\u00e7\u00f5es \u00e9 fundamental para o avan\u00e7o do pa\u00eds. A participa\u00e7\u00e3o dos meninos na OBR \u00e9 uma demonstra\u00e7\u00e3o clara de que, quando unimos esfor\u00e7os em prol da educa\u00e7\u00e3o, todos ganham. E estamos torcendo pelas duas equipes do projeto, rumo \u00e0 etapa nacional e quem sabe at\u00e9 \u00e0 etapa mundial\u201d, destaca.<\/p>\n<p>A competi\u00e7\u00e3o &#8211; As duas equipes da Oficina de Rob\u00f3tica Educativa e Sustent\u00e1vel ir\u00e3o realizar as provas classificat\u00f3rias no s\u00e1bado (30\/08). Elas est\u00e3o inscritas na modalidade Rob\u00f3tica de Resgate, N\u00edvel 2, que \u00e9 voltado para estudantes de 8\u00ba e 9\u00ba anos do Ensino Fundamental e todos os anos do Ensino M\u00e9dio ou T\u00e9cnico Integrado. Na OBR, acontecem tamb\u00e9m competi\u00e7\u00f5es nas modalidades Rob\u00f3tica Art\u00edstica e Rob\u00f3tica Virtual.<\/p>\n<p>Durante a prova, os rob\u00f4s constru\u00eddos pelas equipes da APITO devem ser capazes de cumprir uma s\u00e9rie de requisitos em um cen\u00e1rio que simula o resgate de v\u00edtimas em um ambiente de desastre. Lara Andrade \u00e9 ex-aluna do projeto e agora atua como educanda na Associa\u00e7\u00e3o. Ela ser\u00e1 t\u00e9cnica de uma das equipes inscritas na OBR.<\/p>\n<p>\u201cAcredito que ser\u00e1 uma experi\u00eancia \u00fanica para os participantes. Na prepara\u00e7\u00e3o para a OBR, os alunos aprendem que o trabalho em equipe \u00e9 essencial para o processo e que a linguagem de programa\u00e7\u00e3o os estimula a pensarem de forma estruturada, uma vez que, ao desenvolverem o rob\u00f4, precisam designar a\u00e7\u00f5es a serem cumpridas pelo computador por meio de c\u00f3digos espec\u00edficos\u201d, explica Lara.<\/p>\n<p>As equipes com maior desempenho em cada modalidade no seu n\u00edvel avan\u00e7am \u00e0 etapa nacional, podendo concorrer a uma vaga no mundial de rob\u00f3tica RoboCup 2026, na Coreia do Sul. Al\u00e9m disso, a premia\u00e7\u00e3o inclui medalhas, certificados e bolsas de Inicia\u00e7\u00e3o Cient\u00edfica Junior do Conselho Nacional de Desenvolvimento Cient\u00edfico e Tecnol\u00f3gico (CNPq).<\/p>\n<p>Para professora da turma de Rob\u00f3tica da APITO, \u00c2ngela Batista, a participa\u00e7\u00e3o na competi\u00e7\u00e3o representa um grande salto para a educa\u00e7\u00e3o local e para o futuro dos estudantes da entidade. \u201cDesde janeiro, tenho acompanhado de perto a evolu\u00e7\u00e3o pessoal e educacional de cada um dos nossos \u2026<\/p>\n<p>Foto: APITO\/Divulga\u00e7\u00e3o<\/p>\n","protected":false},"excerpt":{"rendered":"<p>Oito estudantes de Cama\u00e7ari v\u00e3o representar o munic\u00edpio na etapa estadual da Olimp\u00edada Brasileira de Rob\u00f3tica (OBR), que ser\u00e1 realizada nos dias 29 e 30 de agosto, na Escola SESI Reitor Miguel Calmon, no bairro do Retiro, em Salvador. Os grupos fazem parte da Oficina de Rob\u00f3tica Educativa e Sustent\u00e1vel, realizada pela Associa\u00e7\u00e3o Paulo Tonucci [&hellip;]<\/p>\n","protected":false},"author":8,"featured_media":929711,"comment_status":"closed","ping_status":"closed","sticky":false,"template":"","format":"standard","meta":[],"categories":[5],"tags":[1794,965,1990],"acf":[],"yoast_head":"<!-- This site is optimized with the Yoast SEO plugin v20.8 - https:\/\/yoast.com\/wordpress\/plugins\/seo\/ -->\n<title>ESTUDANTES DE CAMA\u00c7ARI PARTICIPAM DE SELETIVA PARA OLIMP\u00cdADA BRASILEIRA DE ROB\u00d3TICA - Bahia Economica<\/title>\n<meta name=\"description\" content=\"O maior portal de Economia da Bahia MUNIC\u00cdPIOS Bahia Economica Oito estudantes de Cama\u00e7ari v\u00e3o representar o munic\u00edpio na etapa estadual da Olimp\u00edada\" \/>\n<meta name=\"robots\" content=\"index, follow, max-snippet:-1, max-image-preview:large, max-video-preview:-1\" \/>\n<link rel=\"canonical\" href=\"https:\/\/bahiaeconomica.com.br\/wp\/2025\/08\/27\/estudantes-de-camacari-participam-de-seletiva-para-olimpiada-brasileira-de-robotica-2\/\" \/>\n<meta property=\"og:locale\" content=\"pt_BR\" \/>\n<meta property=\"og:type\" content=\"article\" \/>\n<meta property=\"og:title\" content=\"ESTUDANTES DE CAMA\u00c7ARI PARTICIPAM DE SELETIVA PARA OLIMP\u00cdADA BRASILEIRA DE ROB\u00d3TICA - Bahia Economica\" \/>\n<meta property=\"og:description\" content=\"O maior portal de Economia da Bahia MUNIC\u00cdPIOS Bahia Economica Oito estudantes de Cama\u00e7ari v\u00e3o representar o munic\u00edpio na etapa estadual da Olimp\u00edada\" \/>\n<meta property=\"og:url\" content=\"https:\/\/bahiaeconomica.com.br\/wp\/2025\/08\/27\/estudantes-de-camacari-participam-de-seletiva-para-olimpiada-brasileira-de-robotica-2\/\" \/>\n<meta property=\"og:site_name\" content=\"Bahia Economica\" \/>\n<meta property=\"article:publisher\" content=\"https:\/\/www.facebook.com\/bahiaeconomica\" \/>\n<meta property=\"article:published_time\" content=\"2025-08-27T18:00:18+00:00\" \/>\n<meta property=\"article:modified_time\" content=\"2025-08-28T00:55:27+00:00\" \/>\n<meta property=\"og:image\" content=\"https:\/\/bahiaeconomica.com.br\/wp\/wp-content\/uploads\/2025\/08\/WhatsApp-Image-2025-08-27-at-14.11.36.jpeg\" \/>\n\t<meta property=\"og:image:width\" content=\"1372\" \/>\n\t<meta property=\"og:image:height\" content=\"712\" \/>\n\t<meta property=\"og:image:type\" content=\"image\/jpeg\" \/>\n<meta name=\"author\" content=\"JP\" \/>\n<meta name=\"twitter:card\" content=\"summary_large_image\" \/>\n<meta name=\"twitter:label1\" content=\"Escrito por\" \/>\n\t<meta name=\"twitter:data1\" content=\"JP\" \/>\n\t<meta name=\"twitter:label2\" content=\"Est. tempo de leitura\" \/>\n\t<meta name=\"twitter:data2\" content=\"4 minutos\" \/>\n<script type=\"application\/ld+json\" class=\"yoast-schema-graph\">{\"@context\":\"https:\/\/schema.org\",\"@graph\":[{\"@type\":\"Article\",\"@id\":\"https:\/\/bahiaeconomica.com.br\/wp\/2025\/08\/27\/estudantes-de-camacari-participam-de-seletiva-para-olimpiada-brasileira-de-robotica-2\/#article\",\"isPartOf\":{\"@id\":\"https:\/\/bahiaeconomica.com.br\/wp\/2025\/08\/27\/estudantes-de-camacari-participam-de-seletiva-para-olimpiada-brasileira-de-robotica-2\/\"},\"author\":{\"name\":\"JP\",\"@id\":\"https:\/\/bahiaeconomica.com.br\/wp\/#\/schema\/person\/c86d3a3f8960425a0f9d0e5245991f4e\"},\"headline\":\"ESTUDANTES DE CAMA\u00c7ARI PARTICIPAM DE SELETIVA PARA OLIMP\u00cdADA BRASILEIRA DE ROB\u00d3TICA\",\"datePublished\":\"2025-08-27T18:00:18+00:00\",\"dateModified\":\"2025-08-28T00:55:27+00:00\",\"mainEntityOfPage\":{\"@id\":\"https:\/\/bahiaeconomica.com.br\/wp\/2025\/08\/27\/estudantes-de-camacari-participam-de-seletiva-para-olimpiada-brasileira-de-robotica-2\/\"},\"wordCount\":657,\"publisher\":{\"@id\":\"https:\/\/bahiaeconomica.com.br\/wp\/#organization\"},\"keywords\":[\"braskem\",\"projetos\",\"sociais\"],\"articleSection\":[\"MUNIC\u00cdPIOS\"],\"inLanguage\":\"pt-BR\"},{\"@type\":\"WebPage\",\"@id\":\"https:\/\/bahiaeconomica.com.br\/wp\/2025\/08\/27\/estudantes-de-camacari-participam-de-seletiva-para-olimpiada-brasileira-de-robotica-2\/\",\"url\":\"https:\/\/bahiaeconomica.com.br\/wp\/2025\/08\/27\/estudantes-de-camacari-participam-de-seletiva-para-olimpiada-brasileira-de-robotica-2\/\",\"name\":\"ESTUDANTES DE CAMA\u00c7ARI PARTICIPAM DE SELETIVA PARA OLIMP\u00cdADA BRASILEIRA DE ROB\u00d3TICA - Bahia Economica\",\"isPartOf\":{\"@id\":\"https:\/\/bahiaeconomica.com.br\/wp\/#website\"},\"datePublished\":\"2025-08-27T18:00:18+00:00\",\"dateModified\":\"2025-08-28T00:55:27+00:00\",\"description\":\"O maior portal de Economia da Bahia MUNIC\u00cdPIOS Bahia Economica Oito estudantes de Cama\u00e7ari v\u00e3o representar o munic\u00edpio na etapa estadual da Olimp\u00edada\",\"breadcrumb\":{\"@id\":\"https:\/\/bahiaeconomica.com.br\/wp\/2025\/08\/27\/estudantes-de-camacari-participam-de-seletiva-para-olimpiada-brasileira-de-robotica-2\/#breadcrumb\"},\"inLanguage\":\"pt-BR\",\"potentialAction\":[{\"@type\":\"ReadAction\",\"target\":[\"https:\/\/bahiaeconomica.com.br\/wp\/2025\/08\/27\/estudantes-de-camacari-participam-de-seletiva-para-olimpiada-brasileira-de-robotica-2\/\"]}]},{\"@type\":\"BreadcrumbList\",\"@id\":\"https:\/\/bahiaeconomica.com.br\/wp\/2025\/08\/27\/estudantes-de-camacari-participam-de-seletiva-para-olimpiada-brasileira-de-robotica-2\/#breadcrumb\",\"itemListElement\":[{\"@type\":\"ListItem\",\"position\":1,\"name\":\"In\u00edcio\",\"item\":\"https:\/\/bahiaeconomica.com.br\/wp\/\"},{\"@type\":\"ListItem\",\"position\":2,\"name\":\"ESTUDANTES DE CAMA\u00c7ARI PARTICIPAM DE SELETIVA PARA OLIMP\u00cdADA BRASILEIRA DE ROB\u00d3TICA\"}]},{\"@type\":\"WebSite\",\"@id\":\"https:\/\/bahiaeconomica.com.br\/wp\/#website\",\"url\":\"https:\/\/bahiaeconomica.com.br\/wp\/\",\"name\":\"Bahia Economica\",\"description\":\"O maior portal de Economia da Bahia\",\"publisher\":{\"@id\":\"https:\/\/bahiaeconomica.com.br\/wp\/#organization\"},\"potentialAction\":[{\"@type\":\"SearchAction\",\"target\":{\"@type\":\"EntryPoint\",\"urlTemplate\":\"https:\/\/bahiaeconomica.com.br\/wp\/?s={search_term_string}\"},\"query-input\":\"required name=search_term_string\"}],\"inLanguage\":\"pt-BR\"},{\"@type\":\"Organization\",\"@id\":\"https:\/\/bahiaeconomica.com.br\/wp\/#organization\",\"name\":\"Bahia Econ\u00f4mica\",\"url\":\"https:\/\/bahiaeconomica.com.br\/wp\/\",\"logo\":{\"@type\":\"ImageObject\",\"inLanguage\":\"pt-BR\",\"@id\":\"https:\/\/bahiaeconomica.com.br\/wp\/#\/schema\/logo\/image\/\",\"url\":\"https:\/\/bahiaeconomica.com.br\/wp\/wp-content\/uploads\/2020\/12\/cropped-BE.png\",\"contentUrl\":\"https:\/\/bahiaeconomica.com.br\/wp\/wp-content\/uploads\/2020\/12\/cropped-BE.png\",\"width\":512,\"height\":512,\"caption\":\"Bahia Econ\u00f4mica\"},\"image\":{\"@id\":\"https:\/\/bahiaeconomica.com.br\/wp\/#\/schema\/logo\/image\/\"},\"sameAs\":[\"https:\/\/www.facebook.com\/bahiaeconomica\"]},{\"@type\":\"Person\",\"@id\":\"https:\/\/bahiaeconomica.com.br\/wp\/#\/schema\/person\/c86d3a3f8960425a0f9d0e5245991f4e\",\"name\":\"JP\",\"sameAs\":[\"https:\/\/bahiaeconomica.com.br\/wp\/beta\/\"],\"url\":\"https:\/\/bahiaeconomica.com.br\/wp\/author\/jp\/\"}]}<\/script>\n<!-- \/ Yoast SEO plugin. -->","yoast_head_json":{"title":"ESTUDANTES DE CAMA\u00c7ARI PARTICIPAM DE SELETIVA PARA OLIMP\u00cdADA BRASILEIRA DE ROB\u00d3TICA - Bahia Economica","description":"O maior portal de Economia da Bahia MUNIC\u00cdPIOS Bahia Economica Oito estudantes de Cama\u00e7ari v\u00e3o representar o munic\u00edpio na etapa estadual da Olimp\u00edada","robots":{"index":"index","follow":"follow","max-snippet":"max-snippet:-1","max-image-preview":"max-image-preview:large","max-video-preview":"max-video-preview:-1"},"canonical":"https:\/\/bahiaeconomica.com.br\/wp\/2025\/08\/27\/estudantes-de-camacari-participam-de-seletiva-para-olimpiada-brasileira-de-robotica-2\/","og_locale":"pt_BR","og_type":"article","og_title":"ESTUDANTES DE CAMA\u00c7ARI PARTICIPAM DE SELETIVA PARA OLIMP\u00cdADA BRASILEIRA DE ROB\u00d3TICA - Bahia Economica","og_description":"O maior portal de Economia da Bahia MUNIC\u00cdPIOS Bahia Economica Oito estudantes de Cama\u00e7ari v\u00e3o representar o munic\u00edpio na etapa estadual da Olimp\u00edada","og_url":"https:\/\/bahiaeconomica.com.br\/wp\/2025\/08\/27\/estudantes-de-camacari-participam-de-seletiva-para-olimpiada-brasileira-de-robotica-2\/","og_site_name":"Bahia Economica","article_publisher":"https:\/\/www.facebook.com\/bahiaeconomica","article_published_time":"2025-08-27T18:00:18+00:00","article_modified_time":"2025-08-28T00:55:27+00:00","og_image":[{"width":1372,"height":712,"url":"https:\/\/bahiaeconomica.com.br\/wp\/wp-content\/uploads\/2025\/08\/WhatsApp-Image-2025-08-27-at-14.11.36.jpeg","type":"image\/jpeg"}],"author":"JP","twitter_card":"summary_large_image","twitter_misc":{"Escrito por":"JP","Est. tempo de leitura":"4 minutos"},"schema":{"@context":"https:\/\/schema.org","@graph":[{"@type":"Article","@id":"https:\/\/bahiaeconomica.com.br\/wp\/2025\/08\/27\/estudantes-de-camacari-participam-de-seletiva-para-olimpiada-brasileira-de-robotica-2\/#article","isPartOf":{"@id":"https:\/\/bahiaeconomica.com.br\/wp\/2025\/08\/27\/estudantes-de-camacari-participam-de-seletiva-para-olimpiada-brasileira-de-robotica-2\/"},"author":{"name":"JP","@id":"https:\/\/bahiaeconomica.com.br\/wp\/#\/schema\/person\/c86d3a3f8960425a0f9d0e5245991f4e"},"headline":"ESTUDANTES DE CAMA\u00c7ARI PARTICIPAM DE SELETIVA PARA OLIMP\u00cdADA BRASILEIRA DE ROB\u00d3TICA","datePublished":"2025-08-27T18:00:18+00:00","dateModified":"2025-08-28T00:55:27+00:00","mainEntityOfPage":{"@id":"https:\/\/bahiaeconomica.com.br\/wp\/2025\/08\/27\/estudantes-de-camacari-participam-de-seletiva-para-olimpiada-brasileira-de-robotica-2\/"},"wordCount":657,"publisher":{"@id":"https:\/\/bahiaeconomica.com.br\/wp\/#organization"},"keywords":["braskem","projetos","sociais"],"articleSection":["MUNIC\u00cdPIOS"],"inLanguage":"pt-BR"},{"@type":"WebPage","@id":"https:\/\/bahiaeconomica.com.br\/wp\/2025\/08\/27\/estudantes-de-camacari-participam-de-seletiva-para-olimpiada-brasileira-de-robotica-2\/","url":"https:\/\/bahiaeconomica.com.br\/wp\/2025\/08\/27\/estudantes-de-camacari-participam-de-seletiva-para-olimpiada-brasileira-de-robotica-2\/","name":"ESTUDANTES DE CAMA\u00c7ARI PARTICIPAM DE SELETIVA PARA OLIMP\u00cdADA BRASILEIRA DE ROB\u00d3TICA - Bahia Economica","isPartOf":{"@id":"https:\/\/bahiaeconomica.com.br\/wp\/#website"},"datePublished":"2025-08-27T18:00:18+00:00","dateModified":"2025-08-28T00:55:27+00:00","description":"O maior portal de Economia da Bahia MUNIC\u00cdPIOS Bahia Economica Oito estudantes de Cama\u00e7ari v\u00e3o representar o munic\u00edpio na etapa estadual da Olimp\u00edada","breadcrumb":{"@id":"https:\/\/bahiaeconomica.com.br\/wp\/2025\/08\/27\/estudantes-de-camacari-participam-de-seletiva-para-olimpiada-brasileira-de-robotica-2\/#breadcrumb"},"inLanguage":"pt-BR","potentialAction":[{"@type":"ReadAction","target":["https:\/\/bahiaeconomica.com.br\/wp\/2025\/08\/27\/estudantes-de-camacari-participam-de-seletiva-para-olimpiada-brasileira-de-robotica-2\/"]}]},{"@type":"BreadcrumbList","@id":"https:\/\/bahiaeconomica.com.br\/wp\/2025\/08\/27\/estudantes-de-camacari-participam-de-seletiva-para-olimpiada-brasileira-de-robotica-2\/#breadcrumb","itemListElement":[{"@type":"ListItem","position":1,"name":"In\u00edcio","item":"https:\/\/bahiaeconomica.com.br\/wp\/"},{"@type":"ListItem","position":2,"name":"ESTUDANTES DE CAMA\u00c7ARI PARTICIPAM DE SELETIVA PARA OLIMP\u00cdADA BRASILEIRA DE ROB\u00d3TICA"}]},{"@type":"WebSite","@id":"https:\/\/bahiaeconomica.com.br\/wp\/#website","url":"https:\/\/bahiaeconomica.com.br\/wp\/","name":"Bahia Economica","description":"O maior portal de Economia da Bahia","publisher":{"@id":"https:\/\/bahiaeconomica.com.br\/wp\/#organization"},"potentialAction":[{"@type":"SearchAction","target":{"@type":"EntryPoint","urlTemplate":"https:\/\/bahiaeconomica.com.br\/wp\/?s={search_term_string}"},"query-input":"required name=search_term_string"}],"inLanguage":"pt-BR"},{"@type":"Organization","@id":"https:\/\/bahiaeconomica.com.br\/wp\/#organization","name":"Bahia Econ\u00f4mica","url":"https:\/\/bahiaeconomica.com.br\/wp\/","logo":{"@type":"ImageObject","inLanguage":"pt-BR","@id":"https:\/\/bahiaeconomica.com.br\/wp\/#\/schema\/logo\/image\/","url":"https:\/\/bahiaeconomica.com.br\/wp\/wp-content\/uploads\/2020\/12\/cropped-BE.png","contentUrl":"https:\/\/bahiaeconomica.com.br\/wp\/wp-content\/uploads\/2020\/12\/cropped-BE.png","width":512,"height":512,"caption":"Bahia Econ\u00f4mica"},"image":{"@id":"https:\/\/bahiaeconomica.com.br\/wp\/#\/schema\/logo\/image\/"},"sameAs":["https:\/\/www.facebook.com\/bahiaeconomica"]},{"@type":"Person","@id":"https:\/\/bahiaeconomica.com.br\/wp\/#\/schema\/person\/c86d3a3f8960425a0f9d0e5245991f4e","name":"JP","sameAs":["https:\/\/bahiaeconomica.com.br\/wp\/beta\/"],"url":"https:\/\/bahiaeconomica.com.br\/wp\/author\/jp\/"}]}},"views":12,"_links":{"self":[{"href":"https:\/\/bahiaeconomica.com.br\/wp\/wp-json\/wp\/v2\/posts\/929710"}],"collection":[{"href":"https:\/\/bahiaeconomica.com.br\/wp\/wp-json\/wp\/v2\/posts"}],"about":[{"href":"https:\/\/bahiaeconomica.com.br\/wp\/wp-json\/wp\/v2\/types\/post"}],"author":[{"embeddable":true,"href":"https:\/\/bahiaeconomica.com.br\/wp\/wp-json\/wp\/v2\/users\/8"}],"replies":[{"embeddable":true,"href":"https:\/\/bahiaeconomica.com.br\/wp\/wp-json\/wp\/v2\/comments?post=929710"}],"version-history":[{"count":1,"href":"https:\/\/bahiaeconomica.com.br\/wp\/wp-json\/wp\/v2\/posts\/929710\/revisions"}],"predecessor-version":[{"id":929712,"href":"https:\/\/bahiaeconomica.com.br\/wp\/wp-json\/wp\/v2\/posts\/929710\/revisions\/929712"}],"wp:featuredmedia":[{"embeddable":true,"href":"https:\/\/bahiaeconomica.com.br\/wp\/wp-json\/wp\/v2\/media\/929711"}],"wp:attachment":[{"href":"https:\/\/bahiaeconomica.com.br\/wp\/wp-json\/wp\/v2\/media?parent=929710"}],"wp:term":[{"taxonomy":"category","embeddable":true,"href":"https:\/\/bahiaeconomica.com.br\/wp\/wp-json\/wp\/v2\/categories?post=929710"},{"taxonomy":"post_tag","embeddable":true,"href":"https:\/\/bahiaeconomica.com.br\/wp\/wp-json\/wp\/v2\/tags?post=929710"}],"curies":[{"name":"wp","href":"https:\/\/api.w.org\/{rel}","templated":true}]}}