{"id":929562,"date":"2025-08-27T16:37:24","date_gmt":"2025-08-27T19:37:24","guid":{"rendered":"https:\/\/bahiaeconomica.com.br\/wp\/?p=929562"},"modified":"2025-08-27T16:37:24","modified_gmt":"2025-08-27T19:37:24","slug":"circuito-de-saberes-da-diversidade-promove-reflexoes-em-celebracao-ao-dia-nacional-da-visibilidade-lesbica","status":"publish","type":"post","link":"https:\/\/bahiaeconomica.com.br\/wp\/2025\/08\/27\/circuito-de-saberes-da-diversidade-promove-reflexoes-em-celebracao-ao-dia-nacional-da-visibilidade-lesbica\/","title":{"rendered":"CIRCUITO DE SABERES DA DIVERSIDADE PROMOVE REFLEX\u00d5ES EM CELEBRA\u00c7\u00c3O AO DIA NACIONAL DA VISIBILIDADE L\u00c9SBICA"},"content":{"rendered":"<p>Para encerrar o m\u00eas de agosto, Salvador recebe uma programa\u00e7\u00e3o especial do Circuito de Saberes da Diversidade \u2013 Reflex\u00f5es e Pr\u00e1ticas sobre Direitos, Cuidados e Oportunidades. O evento \u00e9 uma iniciativa da Prefeitura, atrav\u00e9s da Secretaria Municipal da Repara\u00e7\u00e3o (Semur), em parceria com o Programa Educativo da Casa das Hist\u00f3rias.<\/p>\n<p>O ciclo ser\u00e1 realizado nos dias 29 e 30 de agosto, no Centro Municipal de Refer\u00eancia LGBT+ Vida Bruno e no Arquivo P\u00fablico de Salvador, trazendo di\u00e1logos, trocas e viv\u00eancias em celebra\u00e7\u00e3o ao Dia Nacional da Visibilidade L\u00e9sbica (29). A proposta \u00e9 destacar a for\u00e7a, as hist\u00f3rias e a subjetividade das mulheres que amam mulheres, fortalecendo a luta por direitos e reconhecimento dentro da comunidade LGBTQIAPN+.<\/p>\n<p>Segundo V\u00e2nia Melo, subcoordenadora de gest\u00e3o do Centro Municipal de Refer\u00eancia Vida Bruno, o Circuito de Saberes foi pensado como primeira atividade de um cronograma que ser\u00e1 promovido todos os meses, sempre com foco no protagonismo LGBTQIAPN+, al\u00e9m das demandas di\u00e1rias de atendimentos do pr\u00f3prio equipamento.<\/p>\n<p>&#8220;O circuito foi pensado exclusivamente para mulheres l\u00e9sbicas, para as suas lutas e o seu protagonismo. Juntamente com a equipe da Semur, seguimos na luta para que o Centro de Refer\u00eancia seja um espa\u00e7o de acolhimento e valoriza\u00e7\u00e3o da diversidade e de ocupa\u00e7\u00e3o\/cria\u00e7\u00e3o de espa\u00e7os importantes para discuss\u00e3o de pol\u00edticas p\u00fablicas e todas as pautas poss\u00edveis que abracem a comunidade LGBTQIAPN+&#8221;, disse V\u00e2nia Melo.<\/p>\n<p>Mais do que uma programa\u00e7\u00e3o cultural, o circuito reafirma a import\u00e2ncia da visibilidade l\u00e9sbica e da ocupa\u00e7\u00e3o dos espa\u00e7os de poder e decis\u00e3o pelas mulheres da comunidade. \u00c9 um convite para resistir com afeto, celebrar conquistas e fortalecer o debate sobre pol\u00edticas p\u00fablicas inclusivas em Salvador.<\/p>\n<p>Na sexta-feira (29), acontece uma roda de conversa sobre sa\u00fade, educa\u00e7\u00e3o e mundo do trabalho, com a participa\u00e7\u00e3o de Ded\u00e9 Fatuma, B\u00e1rbara Alves e Mizian Duarte. J\u00e1 no s\u00e1bado (30), a programa\u00e7\u00e3o inclui a exibi\u00e7\u00e3o do filme &#8220;V\u00e2nia e Val\u00e9ria&#8221;, dirigido por Isabella da Cunha e Isabela Alves, al\u00e9m do trailer de &#8220;O que voc\u00ea \u00e9 sai por todos os lados&#8221;, dirigido por Larissa Lacerda. Na sequ\u00eancia, ser\u00e1 realizado o Caf\u00e9 L\u00e9sbico, um espa\u00e7o de di\u00e1logo sobre afeto na perspectiva 50+, com media\u00e7\u00e3o de Janda Mawusi e participa\u00e7\u00e3o de Larissa Lacerda.<\/p>\n<p>&#8220;Minha expectativa para esse Caf\u00e9 L\u00e9sbico \u00e9 trocar, ouvir e mediar as informa\u00e7\u00f5es que as outras pessoas tamb\u00e9m trazem de suas viv\u00eancias, suas dores, do que esperar dessa sociedade para a nossa comunidade, do que \u00e9 ser l\u00e9sbica negra nessa cidade. Como \u00e9 lidar com a fam\u00edlia no primeiro momento, quando a pessoa consegue se enxergar e se ver dentro desse lugar que n\u00e3o agrada a sociedade, mas que reafirma a sua identidade enquanto l\u00e9sbica, preta, bissexual&#8221;, Janda Mawusi.<\/p>\n<p>Foto: Reprodu\u00e7\u00e3o<\/p>\n","protected":false},"excerpt":{"rendered":"<p>Para encerrar o m\u00eas de agosto, Salvador recebe uma programa\u00e7\u00e3o especial do Circuito de Saberes da Diversidade \u2013 Reflex\u00f5es e Pr\u00e1ticas sobre Direitos, Cuidados e Oportunidades. O evento \u00e9 uma iniciativa da Prefeitura, atrav\u00e9s da Secretaria Municipal da Repara\u00e7\u00e3o (Semur), em parceria com o Programa Educativo da Casa das Hist\u00f3rias. O ciclo ser\u00e1 realizado nos [&hellip;]<\/p>\n","protected":false},"author":24,"featured_media":669265,"comment_status":"closed","ping_status":"closed","sticky":false,"template":"","format":"standard","meta":[],"categories":[5],"tags":[40902,40903,4006,19366],"acf":[],"yoast_head":"<!-- This site is optimized with the Yoast SEO plugin v20.8 - https:\/\/yoast.com\/wordpress\/plugins\/seo\/ -->\n<title>CIRCUITO DE SABERES DA DIVERSIDADE PROMOVE REFLEX\u00d5ES EM CELEBRA\u00c7\u00c3O AO DIA NACIONAL DA VISIBILIDADE L\u00c9SBICA - Bahia Economica Para encerrar o m\u00eas de agosto, Salvador recebe uma programa\u00e7\u00e3o especial do Circuito de Saberes da Diversidade \u2013 Reflex\u00f5es e Pr\u00e1ticas sobre Direitos, Cuidados e Oportunidades.<\/title>\n<meta name=\"description\" content=\"O maior portal de Economia da Bahia MUNIC\u00cdPIOS Bahia Economica Para encerrar o m\u00eas de agosto, Salvador recebe uma programa\u00e7\u00e3o especial do Circuito de Saberes da Diversidade \u2013 Reflex\u00f5es e Pr\u00e1ticas sobre Direitos, Cuidados e Oportunidades.\" \/>\n<meta name=\"robots\" content=\"index, follow, max-snippet:-1, max-image-preview:large, max-video-preview:-1\" \/>\n<link rel=\"canonical\" href=\"https:\/\/bahiaeconomica.com.br\/wp\/2025\/08\/27\/circuito-de-saberes-da-diversidade-promove-reflexoes-em-celebracao-ao-dia-nacional-da-visibilidade-lesbica\/\" \/>\n<meta property=\"og:locale\" content=\"pt_BR\" \/>\n<meta property=\"og:type\" content=\"article\" \/>\n<meta property=\"og:title\" content=\"CIRCUITO DE SABERES DA DIVERSIDADE PROMOVE REFLEX\u00d5ES EM CELEBRA\u00c7\u00c3O AO DIA NACIONAL DA VISIBILIDADE L\u00c9SBICA - Bahia Economica Para encerrar o m\u00eas de agosto, Salvador recebe uma programa\u00e7\u00e3o especial do Circuito de Saberes da Diversidade \u2013 Reflex\u00f5es e Pr\u00e1ticas sobre Direitos, Cuidados e Oportunidades.\" \/>\n<meta property=\"og:description\" content=\"O maior portal de Economia da Bahia MUNIC\u00cdPIOS Bahia Economica Para encerrar o m\u00eas de agosto, Salvador recebe uma programa\u00e7\u00e3o especial do Circuito de Saberes da Diversidade \u2013 Reflex\u00f5es e Pr\u00e1ticas sobre Direitos, Cuidados e Oportunidades.\" \/>\n<meta property=\"og:url\" content=\"https:\/\/bahiaeconomica.com.br\/wp\/2025\/08\/27\/circuito-de-saberes-da-diversidade-promove-reflexoes-em-celebracao-ao-dia-nacional-da-visibilidade-lesbica\/\" \/>\n<meta property=\"og:site_name\" content=\"Bahia Economica\" \/>\n<meta property=\"article:publisher\" content=\"https:\/\/www.facebook.com\/bahiaeconomica\" \/>\n<meta property=\"article:published_time\" content=\"2025-08-27T19:37:24+00:00\" \/>\n<meta property=\"og:image\" content=\"https:\/\/bahiaeconomica.com.br\/wp\/wp-content\/uploads\/2022\/05\/lgbt.jpg\" \/>\n\t<meta property=\"og:image:width\" content=\"360\" \/>\n\t<meta property=\"og:image:height\" content=\"220\" \/>\n\t<meta property=\"og:image:type\" content=\"image\/jpeg\" \/>\n<meta name=\"author\" content=\"VICTOR OLIVEIRA\" \/>\n<meta name=\"twitter:card\" content=\"summary_large_image\" \/>\n<meta name=\"twitter:label1\" content=\"Escrito por\" \/>\n\t<meta name=\"twitter:data1\" content=\"VICTOR OLIVEIRA\" \/>\n\t<meta name=\"twitter:label2\" content=\"Est. tempo de leitura\" \/>\n\t<meta name=\"twitter:data2\" content=\"3 minutos\" \/>\n<script type=\"application\/ld+json\" class=\"yoast-schema-graph\">{\"@context\":\"https:\/\/schema.org\",\"@graph\":[{\"@type\":\"Article\",\"@id\":\"https:\/\/bahiaeconomica.com.br\/wp\/2025\/08\/27\/circuito-de-saberes-da-diversidade-promove-reflexoes-em-celebracao-ao-dia-nacional-da-visibilidade-lesbica\/#article\",\"isPartOf\":{\"@id\":\"https:\/\/bahiaeconomica.com.br\/wp\/2025\/08\/27\/circuito-de-saberes-da-diversidade-promove-reflexoes-em-celebracao-ao-dia-nacional-da-visibilidade-lesbica\/\"},\"author\":{\"name\":\"VICTOR OLIVEIRA\",\"@id\":\"https:\/\/bahiaeconomica.com.br\/wp\/#\/schema\/person\/a17956d0e1112b626f403fb06b8129a9\"},\"headline\":\"CIRCUITO DE SABERES DA DIVERSIDADE PROMOVE REFLEX\u00d5ES EM CELEBRA\u00c7\u00c3O AO DIA NACIONAL DA VISIBILIDADE L\u00c9SBICA\",\"datePublished\":\"2025-08-27T19:37:24+00:00\",\"dateModified\":\"2025-08-27T19:37:24+00:00\",\"mainEntityOfPage\":{\"@id\":\"https:\/\/bahiaeconomica.com.br\/wp\/2025\/08\/27\/circuito-de-saberes-da-diversidade-promove-reflexoes-em-celebracao-ao-dia-nacional-da-visibilidade-lesbica\/\"},\"wordCount\":515,\"publisher\":{\"@id\":\"https:\/\/bahiaeconomica.com.br\/wp\/#organization\"},\"keywords\":[\"Circuito de Saberes da Diversidade\",\"Cuidados e Oportunidades\",\"direitos\",\"LGBTQIAPN+\"],\"articleSection\":[\"MUNIC\u00cdPIOS\"],\"inLanguage\":\"pt-BR\"},{\"@type\":\"WebPage\",\"@id\":\"https:\/\/bahiaeconomica.com.br\/wp\/2025\/08\/27\/circuito-de-saberes-da-diversidade-promove-reflexoes-em-celebracao-ao-dia-nacional-da-visibilidade-lesbica\/\",\"url\":\"https:\/\/bahiaeconomica.com.br\/wp\/2025\/08\/27\/circuito-de-saberes-da-diversidade-promove-reflexoes-em-celebracao-ao-dia-nacional-da-visibilidade-lesbica\/\",\"name\":\"CIRCUITO DE SABERES DA DIVERSIDADE PROMOVE REFLEX\u00d5ES EM CELEBRA\u00c7\u00c3O AO DIA NACIONAL DA VISIBILIDADE L\u00c9SBICA - Bahia Economica Para encerrar o m\u00eas de agosto, Salvador recebe uma programa\u00e7\u00e3o especial do Circuito de Saberes da Diversidade \u2013 Reflex\u00f5es e Pr\u00e1ticas sobre Direitos, Cuidados e Oportunidades.\",\"isPartOf\":{\"@id\":\"https:\/\/bahiaeconomica.com.br\/wp\/#website\"},\"datePublished\":\"2025-08-27T19:37:24+00:00\",\"dateModified\":\"2025-08-27T19:37:24+00:00\",\"description\":\"O maior portal de Economia da Bahia MUNIC\u00cdPIOS Bahia Economica Para encerrar o m\u00eas de agosto, Salvador recebe uma programa\u00e7\u00e3o especial do Circuito de Saberes da Diversidade \u2013 Reflex\u00f5es e Pr\u00e1ticas sobre Direitos, Cuidados e Oportunidades.\",\"breadcrumb\":{\"@id\":\"https:\/\/bahiaeconomica.com.br\/wp\/2025\/08\/27\/circuito-de-saberes-da-diversidade-promove-reflexoes-em-celebracao-ao-dia-nacional-da-visibilidade-lesbica\/#breadcrumb\"},\"inLanguage\":\"pt-BR\",\"potentialAction\":[{\"@type\":\"ReadAction\",\"target\":[\"https:\/\/bahiaeconomica.com.br\/wp\/2025\/08\/27\/circuito-de-saberes-da-diversidade-promove-reflexoes-em-celebracao-ao-dia-nacional-da-visibilidade-lesbica\/\"]}]},{\"@type\":\"BreadcrumbList\",\"@id\":\"https:\/\/bahiaeconomica.com.br\/wp\/2025\/08\/27\/circuito-de-saberes-da-diversidade-promove-reflexoes-em-celebracao-ao-dia-nacional-da-visibilidade-lesbica\/#breadcrumb\",\"itemListElement\":[{\"@type\":\"ListItem\",\"position\":1,\"name\":\"In\u00edcio\",\"item\":\"https:\/\/bahiaeconomica.com.br\/wp\/\"},{\"@type\":\"ListItem\",\"position\":2,\"name\":\"CIRCUITO DE SABERES DA DIVERSIDADE PROMOVE REFLEX\u00d5ES EM CELEBRA\u00c7\u00c3O AO DIA NACIONAL DA VISIBILIDADE L\u00c9SBICA\"}]},{\"@type\":\"WebSite\",\"@id\":\"https:\/\/bahiaeconomica.com.br\/wp\/#website\",\"url\":\"https:\/\/bahiaeconomica.com.br\/wp\/\",\"name\":\"Bahia Economica\",\"description\":\"O maior portal de Economia da Bahia\",\"publisher\":{\"@id\":\"https:\/\/bahiaeconomica.com.br\/wp\/#organization\"},\"potentialAction\":[{\"@type\":\"SearchAction\",\"target\":{\"@type\":\"EntryPoint\",\"urlTemplate\":\"https:\/\/bahiaeconomica.com.br\/wp\/?s={search_term_string}\"},\"query-input\":\"required name=search_term_string\"}],\"inLanguage\":\"pt-BR\"},{\"@type\":\"Organization\",\"@id\":\"https:\/\/bahiaeconomica.com.br\/wp\/#organization\",\"name\":\"Bahia Econ\u00f4mica\",\"url\":\"https:\/\/bahiaeconomica.com.br\/wp\/\",\"logo\":{\"@type\":\"ImageObject\",\"inLanguage\":\"pt-BR\",\"@id\":\"https:\/\/bahiaeconomica.com.br\/wp\/#\/schema\/logo\/image\/\",\"url\":\"https:\/\/bahiaeconomica.com.br\/wp\/wp-content\/uploads\/2020\/12\/cropped-BE.png\",\"contentUrl\":\"https:\/\/bahiaeconomica.com.br\/wp\/wp-content\/uploads\/2020\/12\/cropped-BE.png\",\"width\":512,\"height\":512,\"caption\":\"Bahia Econ\u00f4mica\"},\"image\":{\"@id\":\"https:\/\/bahiaeconomica.com.br\/wp\/#\/schema\/logo\/image\/\"},\"sameAs\":[\"https:\/\/www.facebook.com\/bahiaeconomica\"]},{\"@type\":\"Person\",\"@id\":\"https:\/\/bahiaeconomica.com.br\/wp\/#\/schema\/person\/a17956d0e1112b626f403fb06b8129a9\",\"name\":\"VICTOR OLIVEIRA\",\"sameAs\":[\"http:\/\/www.bahiaeconomica.com.br\"],\"url\":\"https:\/\/bahiaeconomica.com.br\/wp\/author\/victor-oliveira\/\"}]}<\/script>\n<!-- \/ Yoast SEO plugin. -->","yoast_head_json":{"title":"CIRCUITO DE SABERES DA DIVERSIDADE PROMOVE REFLEX\u00d5ES EM CELEBRA\u00c7\u00c3O AO DIA NACIONAL DA VISIBILIDADE L\u00c9SBICA - Bahia Economica Para encerrar o m\u00eas de agosto, Salvador recebe uma programa\u00e7\u00e3o especial do Circuito de Saberes da Diversidade \u2013 Reflex\u00f5es e Pr\u00e1ticas sobre Direitos, Cuidados e Oportunidades.","description":"O maior portal de Economia da Bahia MUNIC\u00cdPIOS Bahia Economica Para encerrar o m\u00eas de agosto, Salvador recebe uma programa\u00e7\u00e3o especial do Circuito de Saberes da Diversidade \u2013 Reflex\u00f5es e Pr\u00e1ticas sobre Direitos, Cuidados e Oportunidades.","robots":{"index":"index","follow":"follow","max-snippet":"max-snippet:-1","max-image-preview":"max-image-preview:large","max-video-preview":"max-video-preview:-1"},"canonical":"https:\/\/bahiaeconomica.com.br\/wp\/2025\/08\/27\/circuito-de-saberes-da-diversidade-promove-reflexoes-em-celebracao-ao-dia-nacional-da-visibilidade-lesbica\/","og_locale":"pt_BR","og_type":"article","og_title":"CIRCUITO DE SABERES DA DIVERSIDADE PROMOVE REFLEX\u00d5ES EM CELEBRA\u00c7\u00c3O AO DIA NACIONAL DA VISIBILIDADE L\u00c9SBICA - Bahia Economica Para encerrar o m\u00eas de agosto, Salvador recebe uma programa\u00e7\u00e3o especial do Circuito de Saberes da Diversidade \u2013 Reflex\u00f5es e Pr\u00e1ticas sobre Direitos, Cuidados e Oportunidades.","og_description":"O maior portal de Economia da Bahia MUNIC\u00cdPIOS Bahia Economica Para encerrar o m\u00eas de agosto, Salvador recebe uma programa\u00e7\u00e3o especial do Circuito de Saberes da Diversidade \u2013 Reflex\u00f5es e Pr\u00e1ticas sobre Direitos, Cuidados e Oportunidades.","og_url":"https:\/\/bahiaeconomica.com.br\/wp\/2025\/08\/27\/circuito-de-saberes-da-diversidade-promove-reflexoes-em-celebracao-ao-dia-nacional-da-visibilidade-lesbica\/","og_site_name":"Bahia Economica","article_publisher":"https:\/\/www.facebook.com\/bahiaeconomica","article_published_time":"2025-08-27T19:37:24+00:00","og_image":[{"width":360,"height":220,"url":"https:\/\/bahiaeconomica.com.br\/wp\/wp-content\/uploads\/2022\/05\/lgbt.jpg","type":"image\/jpeg"}],"author":"VICTOR OLIVEIRA","twitter_card":"summary_large_image","twitter_misc":{"Escrito por":"VICTOR OLIVEIRA","Est. tempo de leitura":"3 minutos"},"schema":{"@context":"https:\/\/schema.org","@graph":[{"@type":"Article","@id":"https:\/\/bahiaeconomica.com.br\/wp\/2025\/08\/27\/circuito-de-saberes-da-diversidade-promove-reflexoes-em-celebracao-ao-dia-nacional-da-visibilidade-lesbica\/#article","isPartOf":{"@id":"https:\/\/bahiaeconomica.com.br\/wp\/2025\/08\/27\/circuito-de-saberes-da-diversidade-promove-reflexoes-em-celebracao-ao-dia-nacional-da-visibilidade-lesbica\/"},"author":{"name":"VICTOR OLIVEIRA","@id":"https:\/\/bahiaeconomica.com.br\/wp\/#\/schema\/person\/a17956d0e1112b626f403fb06b8129a9"},"headline":"CIRCUITO DE SABERES DA DIVERSIDADE PROMOVE REFLEX\u00d5ES EM CELEBRA\u00c7\u00c3O AO DIA NACIONAL DA VISIBILIDADE L\u00c9SBICA","datePublished":"2025-08-27T19:37:24+00:00","dateModified":"2025-08-27T19:37:24+00:00","mainEntityOfPage":{"@id":"https:\/\/bahiaeconomica.com.br\/wp\/2025\/08\/27\/circuito-de-saberes-da-diversidade-promove-reflexoes-em-celebracao-ao-dia-nacional-da-visibilidade-lesbica\/"},"wordCount":515,"publisher":{"@id":"https:\/\/bahiaeconomica.com.br\/wp\/#organization"},"keywords":["Circuito de Saberes da Diversidade","Cuidados e Oportunidades","direitos","LGBTQIAPN+"],"articleSection":["MUNIC\u00cdPIOS"],"inLanguage":"pt-BR"},{"@type":"WebPage","@id":"https:\/\/bahiaeconomica.com.br\/wp\/2025\/08\/27\/circuito-de-saberes-da-diversidade-promove-reflexoes-em-celebracao-ao-dia-nacional-da-visibilidade-lesbica\/","url":"https:\/\/bahiaeconomica.com.br\/wp\/2025\/08\/27\/circuito-de-saberes-da-diversidade-promove-reflexoes-em-celebracao-ao-dia-nacional-da-visibilidade-lesbica\/","name":"CIRCUITO DE SABERES DA DIVERSIDADE PROMOVE REFLEX\u00d5ES EM CELEBRA\u00c7\u00c3O AO DIA NACIONAL DA VISIBILIDADE L\u00c9SBICA - Bahia Economica Para encerrar o m\u00eas de agosto, Salvador recebe uma programa\u00e7\u00e3o especial do Circuito de Saberes da Diversidade \u2013 Reflex\u00f5es e Pr\u00e1ticas sobre Direitos, Cuidados e Oportunidades.","isPartOf":{"@id":"https:\/\/bahiaeconomica.com.br\/wp\/#website"},"datePublished":"2025-08-27T19:37:24+00:00","dateModified":"2025-08-27T19:37:24+00:00","description":"O maior portal de Economia da Bahia MUNIC\u00cdPIOS Bahia Economica Para encerrar o m\u00eas de agosto, Salvador recebe uma programa\u00e7\u00e3o especial do Circuito de Saberes da Diversidade \u2013 Reflex\u00f5es e Pr\u00e1ticas sobre Direitos, Cuidados e Oportunidades.","breadcrumb":{"@id":"https:\/\/bahiaeconomica.com.br\/wp\/2025\/08\/27\/circuito-de-saberes-da-diversidade-promove-reflexoes-em-celebracao-ao-dia-nacional-da-visibilidade-lesbica\/#breadcrumb"},"inLanguage":"pt-BR","potentialAction":[{"@type":"ReadAction","target":["https:\/\/bahiaeconomica.com.br\/wp\/2025\/08\/27\/circuito-de-saberes-da-diversidade-promove-reflexoes-em-celebracao-ao-dia-nacional-da-visibilidade-lesbica\/"]}]},{"@type":"BreadcrumbList","@id":"https:\/\/bahiaeconomica.com.br\/wp\/2025\/08\/27\/circuito-de-saberes-da-diversidade-promove-reflexoes-em-celebracao-ao-dia-nacional-da-visibilidade-lesbica\/#breadcrumb","itemListElement":[{"@type":"ListItem","position":1,"name":"In\u00edcio","item":"https:\/\/bahiaeconomica.com.br\/wp\/"},{"@type":"ListItem","position":2,"name":"CIRCUITO DE SABERES DA DIVERSIDADE PROMOVE REFLEX\u00d5ES EM CELEBRA\u00c7\u00c3O AO DIA NACIONAL DA VISIBILIDADE L\u00c9SBICA"}]},{"@type":"WebSite","@id":"https:\/\/bahiaeconomica.com.br\/wp\/#website","url":"https:\/\/bahiaeconomica.com.br\/wp\/","name":"Bahia Economica","description":"O maior portal de Economia da Bahia","publisher":{"@id":"https:\/\/bahiaeconomica.com.br\/wp\/#organization"},"potentialAction":[{"@type":"SearchAction","target":{"@type":"EntryPoint","urlTemplate":"https:\/\/bahiaeconomica.com.br\/wp\/?s={search_term_string}"},"query-input":"required name=search_term_string"}],"inLanguage":"pt-BR"},{"@type":"Organization","@id":"https:\/\/bahiaeconomica.com.br\/wp\/#organization","name":"Bahia Econ\u00f4mica","url":"https:\/\/bahiaeconomica.com.br\/wp\/","logo":{"@type":"ImageObject","inLanguage":"pt-BR","@id":"https:\/\/bahiaeconomica.com.br\/wp\/#\/schema\/logo\/image\/","url":"https:\/\/bahiaeconomica.com.br\/wp\/wp-content\/uploads\/2020\/12\/cropped-BE.png","contentUrl":"https:\/\/bahiaeconomica.com.br\/wp\/wp-content\/uploads\/2020\/12\/cropped-BE.png","width":512,"height":512,"caption":"Bahia Econ\u00f4mica"},"image":{"@id":"https:\/\/bahiaeconomica.com.br\/wp\/#\/schema\/logo\/image\/"},"sameAs":["https:\/\/www.facebook.com\/bahiaeconomica"]},{"@type":"Person","@id":"https:\/\/bahiaeconomica.com.br\/wp\/#\/schema\/person\/a17956d0e1112b626f403fb06b8129a9","name":"VICTOR OLIVEIRA","sameAs":["http:\/\/www.bahiaeconomica.com.br"],"url":"https:\/\/bahiaeconomica.com.br\/wp\/author\/victor-oliveira\/"}]}},"views":7,"_links":{"self":[{"href":"https:\/\/bahiaeconomica.com.br\/wp\/wp-json\/wp\/v2\/posts\/929562"}],"collection":[{"href":"https:\/\/bahiaeconomica.com.br\/wp\/wp-json\/wp\/v2\/posts"}],"about":[{"href":"https:\/\/bahiaeconomica.com.br\/wp\/wp-json\/wp\/v2\/types\/post"}],"author":[{"embeddable":true,"href":"https:\/\/bahiaeconomica.com.br\/wp\/wp-json\/wp\/v2\/users\/24"}],"replies":[{"embeddable":true,"href":"https:\/\/bahiaeconomica.com.br\/wp\/wp-json\/wp\/v2\/comments?post=929562"}],"version-history":[{"count":1,"href":"https:\/\/bahiaeconomica.com.br\/wp\/wp-json\/wp\/v2\/posts\/929562\/revisions"}],"predecessor-version":[{"id":929574,"href":"https:\/\/bahiaeconomica.com.br\/wp\/wp-json\/wp\/v2\/posts\/929562\/revisions\/929574"}],"wp:featuredmedia":[{"embeddable":true,"href":"https:\/\/bahiaeconomica.com.br\/wp\/wp-json\/wp\/v2\/media\/669265"}],"wp:attachment":[{"href":"https:\/\/bahiaeconomica.com.br\/wp\/wp-json\/wp\/v2\/media?parent=929562"}],"wp:term":[{"taxonomy":"category","embeddable":true,"href":"https:\/\/bahiaeconomica.com.br\/wp\/wp-json\/wp\/v2\/categories?post=929562"},{"taxonomy":"post_tag","embeddable":true,"href":"https:\/\/bahiaeconomica.com.br\/wp\/wp-json\/wp\/v2\/tags?post=929562"}],"curies":[{"name":"wp","href":"https:\/\/api.w.org\/{rel}","templated":true}]}}