{"id":929321,"date":"2025-08-27T09:00:08","date_gmt":"2025-08-27T12:00:08","guid":{"rendered":"https:\/\/bahiaeconomica.com.br\/wp\/?p=929321"},"modified":"2025-08-27T06:57:29","modified_gmt":"2025-08-27T09:57:29","slug":"multinacional-japonesa-abre-fabrica-milionaria-no-brasil","status":"publish","type":"post","link":"https:\/\/bahiaeconomica.com.br\/wp\/2025\/08\/27\/multinacional-japonesa-abre-fabrica-milionaria-no-brasil\/","title":{"rendered":"MULTINACIONAL JAPONESA ABRE F\u00c1BRICA MILION\u00c1RIA NO BRASIL"},"content":{"rendered":"<p>A empresa multinacional japonesa Yanmar, respons\u00e1vel pela fabrica\u00e7\u00e3o de m\u00e1quinas e solu\u00e7\u00f5es compactas, vai construir uma nova f\u00e1brica em Indaiatuba, no interior de S\u00e3o Paulo, com investimento de R$ 280 milh\u00f5es. A nova unidade ser\u00e1 constru\u00edda em etapas at\u00e9 2030, no Distrito Industrial da cidade. O objetivo da nova f\u00e1brica \u00e9 aumentar a capacidade de produ\u00e7\u00e3o, unificar opera\u00e7\u00f5es e melhorar os processos. A gigante japonesa atua nos setores:<\/p>\n<ul>\n<li>agr\u00edcola;<\/li>\n<li>constru\u00e7\u00e3o civil;<\/li>\n<li>motores industriais;<\/li>\n<li>mar\u00edtimos;<\/li>\n<li>sistemas de energia<\/li>\n<\/ul>\n<p>Especifica\u00e7\u00f5es<\/p>\n<p>A planta da nova f\u00e1brica ter\u00e1 140.000 metros quadrados, cerca do triplo da \u00e1rea atual, e as obras dever\u00e3o come\u00e7ar nos pr\u00f3ximos meses, embora ainda sem data exata definida. J\u00e1 a primeira fase do projeto, que ter\u00e1 aproximadamente 36.000 metros quadrados, ter\u00e1 opera\u00e7\u00e3o prevista para 2027. Al\u00e9m disso, a nova f\u00e1brica ter\u00e1 uma linha de montagem automatizada com controle autom\u00e1tico de torques, sistemas de inspe\u00e7\u00e3o e melhorias log\u00edsticas. Parte do investimento tamb\u00e9m ser\u00e1 destinado \u00e0 compra de novos equipamentos e a constru\u00e7\u00e3o de docas.<\/p>\n<p>Emprego<\/p>\n<p>Segundo a empresa, a nova unidade deve gerar cerca de 100 empregos diretos e indiretos at\u00e9 2029. Ap\u00f3s a conclus\u00e3o da nova estrutura, a Yanmar aumentar\u00e1 sua produ\u00e7\u00e3o de tratores de 5 mil para 7 mil unidades por ano.<\/p>\n<p>A\u00e7\u00f5es sustent\u00e1veis<\/p>\n<p>O projeto incluir\u00e1 a\u00e7\u00f5es sustent\u00e1veis, alinhadas ao plano de neg\u00f3cios global da companhia, como:<\/p>\n<ul>\n<li>aproveitamento de luz natural;<\/li>\n<li>automa\u00e7\u00e3o da ilumina\u00e7\u00e3o<\/li>\n<li>uso de energia fotovoltaica.<\/li>\n<li>A empresa quer reduzir emiss\u00f5es e promover efici\u00eancia energ\u00e9tica.<\/li>\n<\/ul>\n<p>&nbsp;<\/p>\n<p>Foto: Divulga\u00e7\u00e3o\/Yanmar<\/p>\n<p>&nbsp;<\/p>\n<p>&nbsp;<\/p>\n","protected":false},"excerpt":{"rendered":"<p>A empresa multinacional japonesa Yanmar, respons\u00e1vel pela fabrica\u00e7\u00e3o de m\u00e1quinas e solu\u00e7\u00f5es compactas, vai construir uma nova f\u00e1brica em Indaiatuba, no interior de S\u00e3o Paulo, com investimento de R$ 280 milh\u00f5es. A nova unidade ser\u00e1 constru\u00edda em etapas at\u00e9 2030, no Distrito Industrial da cidade. O objetivo da nova f\u00e1brica \u00e9 aumentar a capacidade de [&hellip;]<\/p>\n","protected":false},"author":8,"featured_media":929322,"comment_status":"closed","ping_status":"closed","sticky":false,"template":"","format":"standard","meta":[],"categories":[14,3],"tags":[1012,2592,40881,490,740,8047,842,841,5738,6167,40882],"acf":[],"yoast_head":"<!-- This site is optimized with the Yoast SEO plugin v20.8 - https:\/\/yoast.com\/wordpress\/plugins\/seo\/ -->\n<title>MULTINACIONAL JAPONESA ABRE F\u00c1BRICA MILION\u00c1RIA NO BRASIL - Bahia Economica<\/title>\n<meta name=\"description\" content=\"O maior portal de Economia da Bahia DESTAQUE DO DIA, ECONOMIA \/ POL\u00cdTICA Bahia Economica O projeto incluir\u00e1 a\u00e7\u00f5es sustent\u00e1veis, alinhadas ao plano de\" \/>\n<meta name=\"robots\" content=\"index, follow, max-snippet:-1, max-image-preview:large, max-video-preview:-1\" \/>\n<link rel=\"canonical\" href=\"https:\/\/bahiaeconomica.com.br\/wp\/2025\/08\/27\/multinacional-japonesa-abre-fabrica-milionaria-no-brasil\/\" \/>\n<meta property=\"og:locale\" content=\"pt_BR\" \/>\n<meta property=\"og:type\" content=\"article\" \/>\n<meta property=\"og:title\" content=\"MULTINACIONAL JAPONESA ABRE F\u00c1BRICA MILION\u00c1RIA NO BRASIL - Bahia Economica\" \/>\n<meta property=\"og:description\" content=\"O maior portal de Economia da Bahia DESTAQUE DO DIA, ECONOMIA \/ POL\u00cdTICA Bahia Economica O projeto incluir\u00e1 a\u00e7\u00f5es sustent\u00e1veis, alinhadas ao plano de\" \/>\n<meta property=\"og:url\" content=\"https:\/\/bahiaeconomica.com.br\/wp\/2025\/08\/27\/multinacional-japonesa-abre-fabrica-milionaria-no-brasil\/\" \/>\n<meta property=\"og:site_name\" content=\"Bahia Economica\" \/>\n<meta property=\"article:publisher\" content=\"https:\/\/www.facebook.com\/bahiaeconomica\" \/>\n<meta property=\"article:published_time\" content=\"2025-08-27T12:00:08+00:00\" \/>\n<meta property=\"article:modified_time\" content=\"2025-08-27T09:57:29+00:00\" \/>\n<meta property=\"og:image\" content=\"https:\/\/bahiaeconomica.com.br\/wp\/wp-content\/uploads\/2025\/08\/Multinacional-japonesa-abre-fabrica-milionaria-no-0134857900202508262304-ScaleDownProportional.webp\" \/>\n\t<meta property=\"og:image:width\" content=\"825\" \/>\n\t<meta property=\"og:image:height\" content=\"500\" \/>\n\t<meta property=\"og:image:type\" content=\"image\/webp\" \/>\n<meta name=\"author\" content=\"JP\" \/>\n<meta name=\"twitter:card\" content=\"summary_large_image\" \/>\n<meta name=\"twitter:label1\" content=\"Escrito por\" \/>\n\t<meta name=\"twitter:data1\" content=\"JP\" \/>\n\t<meta name=\"twitter:label2\" content=\"Est. tempo de leitura\" \/>\n\t<meta name=\"twitter:data2\" content=\"2 minutos\" \/>\n<script type=\"application\/ld+json\" class=\"yoast-schema-graph\">{\"@context\":\"https:\/\/schema.org\",\"@graph\":[{\"@type\":\"Article\",\"@id\":\"https:\/\/bahiaeconomica.com.br\/wp\/2025\/08\/27\/multinacional-japonesa-abre-fabrica-milionaria-no-brasil\/#article\",\"isPartOf\":{\"@id\":\"https:\/\/bahiaeconomica.com.br\/wp\/2025\/08\/27\/multinacional-japonesa-abre-fabrica-milionaria-no-brasil\/\"},\"author\":{\"name\":\"JP\",\"@id\":\"https:\/\/bahiaeconomica.com.br\/wp\/#\/schema\/person\/c86d3a3f8960425a0f9d0e5245991f4e\"},\"headline\":\"MULTINACIONAL JAPONESA ABRE F\u00c1BRICA MILION\u00c1RIA NO BRASIL\",\"datePublished\":\"2025-08-27T12:00:08+00:00\",\"dateModified\":\"2025-08-27T09:57:29+00:00\",\"mainEntityOfPage\":{\"@id\":\"https:\/\/bahiaeconomica.com.br\/wp\/2025\/08\/27\/multinacional-japonesa-abre-fabrica-milionaria-no-brasil\/\"},\"wordCount\":283,\"publisher\":{\"@id\":\"https:\/\/bahiaeconomica.com.br\/wp\/#organization\"},\"keywords\":[\"empregos\",\"fabrica\",\"Indaiatuba\",\"ind\u00fastria\",\"investimento\",\"multinacional\",\"paulo\",\"s\u00e3o\",\"sustentabilidade\",\"tratores\",\"Yanmar\"],\"articleSection\":[\"DESTAQUE DO DIA\",\"ECONOMIA \/ POL\u00cdTICA\"],\"inLanguage\":\"pt-BR\"},{\"@type\":\"WebPage\",\"@id\":\"https:\/\/bahiaeconomica.com.br\/wp\/2025\/08\/27\/multinacional-japonesa-abre-fabrica-milionaria-no-brasil\/\",\"url\":\"https:\/\/bahiaeconomica.com.br\/wp\/2025\/08\/27\/multinacional-japonesa-abre-fabrica-milionaria-no-brasil\/\",\"name\":\"MULTINACIONAL JAPONESA ABRE F\u00c1BRICA MILION\u00c1RIA NO BRASIL - Bahia Economica\",\"isPartOf\":{\"@id\":\"https:\/\/bahiaeconomica.com.br\/wp\/#website\"},\"datePublished\":\"2025-08-27T12:00:08+00:00\",\"dateModified\":\"2025-08-27T09:57:29+00:00\",\"description\":\"O maior portal de Economia da Bahia DESTAQUE DO DIA, ECONOMIA \/ POL\u00cdTICA Bahia Economica O projeto incluir\u00e1 a\u00e7\u00f5es sustent\u00e1veis, alinhadas ao plano de\",\"breadcrumb\":{\"@id\":\"https:\/\/bahiaeconomica.com.br\/wp\/2025\/08\/27\/multinacional-japonesa-abre-fabrica-milionaria-no-brasil\/#breadcrumb\"},\"inLanguage\":\"pt-BR\",\"potentialAction\":[{\"@type\":\"ReadAction\",\"target\":[\"https:\/\/bahiaeconomica.com.br\/wp\/2025\/08\/27\/multinacional-japonesa-abre-fabrica-milionaria-no-brasil\/\"]}]},{\"@type\":\"BreadcrumbList\",\"@id\":\"https:\/\/bahiaeconomica.com.br\/wp\/2025\/08\/27\/multinacional-japonesa-abre-fabrica-milionaria-no-brasil\/#breadcrumb\",\"itemListElement\":[{\"@type\":\"ListItem\",\"position\":1,\"name\":\"In\u00edcio\",\"item\":\"https:\/\/bahiaeconomica.com.br\/wp\/\"},{\"@type\":\"ListItem\",\"position\":2,\"name\":\"MULTINACIONAL JAPONESA ABRE F\u00c1BRICA MILION\u00c1RIA NO BRASIL\"}]},{\"@type\":\"WebSite\",\"@id\":\"https:\/\/bahiaeconomica.com.br\/wp\/#website\",\"url\":\"https:\/\/bahiaeconomica.com.br\/wp\/\",\"name\":\"Bahia Economica\",\"description\":\"O maior portal de Economia da Bahia\",\"publisher\":{\"@id\":\"https:\/\/bahiaeconomica.com.br\/wp\/#organization\"},\"potentialAction\":[{\"@type\":\"SearchAction\",\"target\":{\"@type\":\"EntryPoint\",\"urlTemplate\":\"https:\/\/bahiaeconomica.com.br\/wp\/?s={search_term_string}\"},\"query-input\":\"required name=search_term_string\"}],\"inLanguage\":\"pt-BR\"},{\"@type\":\"Organization\",\"@id\":\"https:\/\/bahiaeconomica.com.br\/wp\/#organization\",\"name\":\"Bahia Econ\u00f4mica\",\"url\":\"https:\/\/bahiaeconomica.com.br\/wp\/\",\"logo\":{\"@type\":\"ImageObject\",\"inLanguage\":\"pt-BR\",\"@id\":\"https:\/\/bahiaeconomica.com.br\/wp\/#\/schema\/logo\/image\/\",\"url\":\"https:\/\/bahiaeconomica.com.br\/wp\/wp-content\/uploads\/2020\/12\/cropped-BE.png\",\"contentUrl\":\"https:\/\/bahiaeconomica.com.br\/wp\/wp-content\/uploads\/2020\/12\/cropped-BE.png\",\"width\":512,\"height\":512,\"caption\":\"Bahia Econ\u00f4mica\"},\"image\":{\"@id\":\"https:\/\/bahiaeconomica.com.br\/wp\/#\/schema\/logo\/image\/\"},\"sameAs\":[\"https:\/\/www.facebook.com\/bahiaeconomica\"]},{\"@type\":\"Person\",\"@id\":\"https:\/\/bahiaeconomica.com.br\/wp\/#\/schema\/person\/c86d3a3f8960425a0f9d0e5245991f4e\",\"name\":\"JP\",\"sameAs\":[\"https:\/\/bahiaeconomica.com.br\/wp\/beta\/\"],\"url\":\"https:\/\/bahiaeconomica.com.br\/wp\/author\/jp\/\"}]}<\/script>\n<!-- \/ Yoast SEO plugin. -->","yoast_head_json":{"title":"MULTINACIONAL JAPONESA ABRE F\u00c1BRICA MILION\u00c1RIA NO BRASIL - Bahia Economica","description":"O maior portal de Economia da Bahia DESTAQUE DO DIA, ECONOMIA \/ POL\u00cdTICA Bahia Economica O projeto incluir\u00e1 a\u00e7\u00f5es sustent\u00e1veis, alinhadas ao plano de","robots":{"index":"index","follow":"follow","max-snippet":"max-snippet:-1","max-image-preview":"max-image-preview:large","max-video-preview":"max-video-preview:-1"},"canonical":"https:\/\/bahiaeconomica.com.br\/wp\/2025\/08\/27\/multinacional-japonesa-abre-fabrica-milionaria-no-brasil\/","og_locale":"pt_BR","og_type":"article","og_title":"MULTINACIONAL JAPONESA ABRE F\u00c1BRICA MILION\u00c1RIA NO BRASIL - Bahia Economica","og_description":"O maior portal de Economia da Bahia DESTAQUE DO DIA, ECONOMIA \/ POL\u00cdTICA Bahia Economica O projeto incluir\u00e1 a\u00e7\u00f5es sustent\u00e1veis, alinhadas ao plano de","og_url":"https:\/\/bahiaeconomica.com.br\/wp\/2025\/08\/27\/multinacional-japonesa-abre-fabrica-milionaria-no-brasil\/","og_site_name":"Bahia Economica","article_publisher":"https:\/\/www.facebook.com\/bahiaeconomica","article_published_time":"2025-08-27T12:00:08+00:00","article_modified_time":"2025-08-27T09:57:29+00:00","og_image":[{"width":825,"height":500,"url":"https:\/\/bahiaeconomica.com.br\/wp\/wp-content\/uploads\/2025\/08\/Multinacional-japonesa-abre-fabrica-milionaria-no-0134857900202508262304-ScaleDownProportional.webp","type":"image\/webp"}],"author":"JP","twitter_card":"summary_large_image","twitter_misc":{"Escrito por":"JP","Est. tempo de leitura":"2 minutos"},"schema":{"@context":"https:\/\/schema.org","@graph":[{"@type":"Article","@id":"https:\/\/bahiaeconomica.com.br\/wp\/2025\/08\/27\/multinacional-japonesa-abre-fabrica-milionaria-no-brasil\/#article","isPartOf":{"@id":"https:\/\/bahiaeconomica.com.br\/wp\/2025\/08\/27\/multinacional-japonesa-abre-fabrica-milionaria-no-brasil\/"},"author":{"name":"JP","@id":"https:\/\/bahiaeconomica.com.br\/wp\/#\/schema\/person\/c86d3a3f8960425a0f9d0e5245991f4e"},"headline":"MULTINACIONAL JAPONESA ABRE F\u00c1BRICA MILION\u00c1RIA NO BRASIL","datePublished":"2025-08-27T12:00:08+00:00","dateModified":"2025-08-27T09:57:29+00:00","mainEntityOfPage":{"@id":"https:\/\/bahiaeconomica.com.br\/wp\/2025\/08\/27\/multinacional-japonesa-abre-fabrica-milionaria-no-brasil\/"},"wordCount":283,"publisher":{"@id":"https:\/\/bahiaeconomica.com.br\/wp\/#organization"},"keywords":["empregos","fabrica","Indaiatuba","ind\u00fastria","investimento","multinacional","paulo","s\u00e3o","sustentabilidade","tratores","Yanmar"],"articleSection":["DESTAQUE DO DIA","ECONOMIA \/ POL\u00cdTICA"],"inLanguage":"pt-BR"},{"@type":"WebPage","@id":"https:\/\/bahiaeconomica.com.br\/wp\/2025\/08\/27\/multinacional-japonesa-abre-fabrica-milionaria-no-brasil\/","url":"https:\/\/bahiaeconomica.com.br\/wp\/2025\/08\/27\/multinacional-japonesa-abre-fabrica-milionaria-no-brasil\/","name":"MULTINACIONAL JAPONESA ABRE F\u00c1BRICA MILION\u00c1RIA NO BRASIL - Bahia Economica","isPartOf":{"@id":"https:\/\/bahiaeconomica.com.br\/wp\/#website"},"datePublished":"2025-08-27T12:00:08+00:00","dateModified":"2025-08-27T09:57:29+00:00","description":"O maior portal de Economia da Bahia DESTAQUE DO DIA, ECONOMIA \/ POL\u00cdTICA Bahia Economica O projeto incluir\u00e1 a\u00e7\u00f5es sustent\u00e1veis, alinhadas ao plano de","breadcrumb":{"@id":"https:\/\/bahiaeconomica.com.br\/wp\/2025\/08\/27\/multinacional-japonesa-abre-fabrica-milionaria-no-brasil\/#breadcrumb"},"inLanguage":"pt-BR","potentialAction":[{"@type":"ReadAction","target":["https:\/\/bahiaeconomica.com.br\/wp\/2025\/08\/27\/multinacional-japonesa-abre-fabrica-milionaria-no-brasil\/"]}]},{"@type":"BreadcrumbList","@id":"https:\/\/bahiaeconomica.com.br\/wp\/2025\/08\/27\/multinacional-japonesa-abre-fabrica-milionaria-no-brasil\/#breadcrumb","itemListElement":[{"@type":"ListItem","position":1,"name":"In\u00edcio","item":"https:\/\/bahiaeconomica.com.br\/wp\/"},{"@type":"ListItem","position":2,"name":"MULTINACIONAL JAPONESA ABRE F\u00c1BRICA MILION\u00c1RIA NO BRASIL"}]},{"@type":"WebSite","@id":"https:\/\/bahiaeconomica.com.br\/wp\/#website","url":"https:\/\/bahiaeconomica.com.br\/wp\/","name":"Bahia Economica","description":"O maior portal de Economia da Bahia","publisher":{"@id":"https:\/\/bahiaeconomica.com.br\/wp\/#organization"},"potentialAction":[{"@type":"SearchAction","target":{"@type":"EntryPoint","urlTemplate":"https:\/\/bahiaeconomica.com.br\/wp\/?s={search_term_string}"},"query-input":"required name=search_term_string"}],"inLanguage":"pt-BR"},{"@type":"Organization","@id":"https:\/\/bahiaeconomica.com.br\/wp\/#organization","name":"Bahia Econ\u00f4mica","url":"https:\/\/bahiaeconomica.com.br\/wp\/","logo":{"@type":"ImageObject","inLanguage":"pt-BR","@id":"https:\/\/bahiaeconomica.com.br\/wp\/#\/schema\/logo\/image\/","url":"https:\/\/bahiaeconomica.com.br\/wp\/wp-content\/uploads\/2020\/12\/cropped-BE.png","contentUrl":"https:\/\/bahiaeconomica.com.br\/wp\/wp-content\/uploads\/2020\/12\/cropped-BE.png","width":512,"height":512,"caption":"Bahia Econ\u00f4mica"},"image":{"@id":"https:\/\/bahiaeconomica.com.br\/wp\/#\/schema\/logo\/image\/"},"sameAs":["https:\/\/www.facebook.com\/bahiaeconomica"]},{"@type":"Person","@id":"https:\/\/bahiaeconomica.com.br\/wp\/#\/schema\/person\/c86d3a3f8960425a0f9d0e5245991f4e","name":"JP","sameAs":["https:\/\/bahiaeconomica.com.br\/wp\/beta\/"],"url":"https:\/\/bahiaeconomica.com.br\/wp\/author\/jp\/"}]}},"views":253,"_links":{"self":[{"href":"https:\/\/bahiaeconomica.com.br\/wp\/wp-json\/wp\/v2\/posts\/929321"}],"collection":[{"href":"https:\/\/bahiaeconomica.com.br\/wp\/wp-json\/wp\/v2\/posts"}],"about":[{"href":"https:\/\/bahiaeconomica.com.br\/wp\/wp-json\/wp\/v2\/types\/post"}],"author":[{"embeddable":true,"href":"https:\/\/bahiaeconomica.com.br\/wp\/wp-json\/wp\/v2\/users\/8"}],"replies":[{"embeddable":true,"href":"https:\/\/bahiaeconomica.com.br\/wp\/wp-json\/wp\/v2\/comments?post=929321"}],"version-history":[{"count":1,"href":"https:\/\/bahiaeconomica.com.br\/wp\/wp-json\/wp\/v2\/posts\/929321\/revisions"}],"predecessor-version":[{"id":929323,"href":"https:\/\/bahiaeconomica.com.br\/wp\/wp-json\/wp\/v2\/posts\/929321\/revisions\/929323"}],"wp:featuredmedia":[{"embeddable":true,"href":"https:\/\/bahiaeconomica.com.br\/wp\/wp-json\/wp\/v2\/media\/929322"}],"wp:attachment":[{"href":"https:\/\/bahiaeconomica.com.br\/wp\/wp-json\/wp\/v2\/media?parent=929321"}],"wp:term":[{"taxonomy":"category","embeddable":true,"href":"https:\/\/bahiaeconomica.com.br\/wp\/wp-json\/wp\/v2\/categories?post=929321"},{"taxonomy":"post_tag","embeddable":true,"href":"https:\/\/bahiaeconomica.com.br\/wp\/wp-json\/wp\/v2\/tags?post=929321"}],"curies":[{"name":"wp","href":"https:\/\/api.w.org\/{rel}","templated":true}]}}