{"id":929308,"date":"2025-08-27T07:19:42","date_gmt":"2025-08-27T10:19:42","guid":{"rendered":"https:\/\/bahiaeconomica.com.br\/wp\/?p=929308"},"modified":"2025-08-27T07:03:44","modified_gmt":"2025-08-27T10:03:44","slug":"dolar-fecha-em-alta-cotado-a-r-543-nesta-terca-feira","status":"publish","type":"post","link":"https:\/\/bahiaeconomica.com.br\/wp\/2025\/08\/27\/dolar-fecha-em-alta-cotado-a-r-543-nesta-terca-feira\/","title":{"rendered":"D\u00d3LAR FECHA EM ALTA, COTADO A R$ 5,43 NESTA TER\u00c7A-FEIRA"},"content":{"rendered":"<p>O d\u00f3lar apresentou uma leve alta de 0,37%, cotado a R$ 5,43 nesta ter\u00e7a-feira (26). A moeda chegou a abrir o dia em baixa e tocou a m\u00ednima de R$ 5,40. No entanto, o cen\u00e1rio internacional desfavor\u00e1vel para moedas emergentes ajudou ao ganho da divisa ao longo do dia. O real perdeu for\u00e7a no final da manh\u00e3 devido a queda das commodities, associada \u00e0s novas amea\u00e7as tarif\u00e1rias do presidente dos Estados Unidos, Donald Trump, contra a China e a \u00cdndia. J\u00e1 durante a tarde, a moeda chegou a alcan\u00e7ar R$ 5,44. As perdas em agosto voltaram a ficar abaixo de 3%. No ano, o d\u00f3lar recua 12,07%. J\u00e1 o Ibovespa fechou com pouca oscila\u00e7\u00e3o, no campo negativo, com perdas de 0,18%, aos 137.771, 39 pontos.<\/p>\n<p>Foto: Reprodu\u00e7\u00e3o\/Pixabay<\/p>\n","protected":false},"excerpt":{"rendered":"<p>O d\u00f3lar apresentou uma leve alta de 0,37%, cotado a R$ 5,43 nesta ter\u00e7a-feira (26). A moeda chegou a abrir o dia em baixa e tocou a m\u00ednima de R$ 5,40. No entanto, o cen\u00e1rio internacional desfavor\u00e1vel para moedas emergentes ajudou ao ganho da divisa ao longo do dia. O real perdeu for\u00e7a no final [&hellip;]<\/p>\n","protected":false},"author":8,"featured_media":929309,"comment_status":"closed","ping_status":"closed","sticky":false,"template":"","format":"standard","meta":[],"categories":[3],"tags":[52,136],"acf":[],"yoast_head":"<!-- This site is optimized with the Yoast SEO plugin v20.8 - https:\/\/yoast.com\/wordpress\/plugins\/seo\/ -->\n<title>D\u00d3LAR FECHA EM ALTA, COTADO A R$ 5,43 NESTA TER\u00c7A-FEIRA - Bahia Economica<\/title>\n<meta name=\"description\" content=\"O maior portal de Economia da Bahia ECONOMIA \/ POL\u00cdTICA Bahia Economica O d\u00f3lar apresentou uma leve alta de 0,37%, cotado a R$ 5,43 nesta\" \/>\n<meta name=\"robots\" content=\"index, follow, max-snippet:-1, max-image-preview:large, max-video-preview:-1\" \/>\n<link rel=\"canonical\" href=\"https:\/\/bahiaeconomica.com.br\/wp\/2025\/08\/27\/dolar-fecha-em-alta-cotado-a-r-543-nesta-terca-feira\/\" \/>\n<meta property=\"og:locale\" content=\"pt_BR\" \/>\n<meta property=\"og:type\" content=\"article\" \/>\n<meta property=\"og:title\" content=\"D\u00d3LAR FECHA EM ALTA, COTADO A R$ 5,43 NESTA TER\u00c7A-FEIRA - Bahia Economica\" \/>\n<meta property=\"og:description\" content=\"O maior portal de Economia da Bahia ECONOMIA \/ POL\u00cdTICA Bahia Economica O d\u00f3lar apresentou uma leve alta de 0,37%, cotado a R$ 5,43 nesta\" \/>\n<meta property=\"og:url\" content=\"https:\/\/bahiaeconomica.com.br\/wp\/2025\/08\/27\/dolar-fecha-em-alta-cotado-a-r-543-nesta-terca-feira\/\" \/>\n<meta property=\"og:site_name\" content=\"Bahia Economica\" \/>\n<meta property=\"article:publisher\" content=\"https:\/\/www.facebook.com\/bahiaeconomica\" \/>\n<meta property=\"article:published_time\" content=\"2025-08-27T10:19:42+00:00\" \/>\n<meta property=\"article:modified_time\" content=\"2025-08-27T10:03:44+00:00\" \/>\n<meta property=\"og:image\" content=\"https:\/\/bahiaeconomica.com.br\/wp\/wp-content\/uploads\/2025\/08\/dolar_1.jpg\" \/>\n\t<meta property=\"og:image:width\" content=\"600\" \/>\n\t<meta property=\"og:image:height\" content=\"419\" \/>\n\t<meta property=\"og:image:type\" content=\"image\/jpeg\" \/>\n<meta name=\"author\" content=\"JP\" \/>\n<meta name=\"twitter:card\" content=\"summary_large_image\" \/>\n<meta name=\"twitter:label1\" content=\"Escrito por\" \/>\n\t<meta name=\"twitter:data1\" content=\"JP\" \/>\n\t<meta name=\"twitter:label2\" content=\"Est. tempo de leitura\" \/>\n\t<meta name=\"twitter:data2\" content=\"1 minuto\" \/>\n<script type=\"application\/ld+json\" class=\"yoast-schema-graph\">{\"@context\":\"https:\/\/schema.org\",\"@graph\":[{\"@type\":\"Article\",\"@id\":\"https:\/\/bahiaeconomica.com.br\/wp\/2025\/08\/27\/dolar-fecha-em-alta-cotado-a-r-543-nesta-terca-feira\/#article\",\"isPartOf\":{\"@id\":\"https:\/\/bahiaeconomica.com.br\/wp\/2025\/08\/27\/dolar-fecha-em-alta-cotado-a-r-543-nesta-terca-feira\/\"},\"author\":{\"name\":\"JP\",\"@id\":\"https:\/\/bahiaeconomica.com.br\/wp\/#\/schema\/person\/c86d3a3f8960425a0f9d0e5245991f4e\"},\"headline\":\"D\u00d3LAR FECHA EM ALTA, COTADO A R$ 5,43 NESTA TER\u00c7A-FEIRA\",\"datePublished\":\"2025-08-27T10:19:42+00:00\",\"dateModified\":\"2025-08-27T10:03:44+00:00\",\"mainEntityOfPage\":{\"@id\":\"https:\/\/bahiaeconomica.com.br\/wp\/2025\/08\/27\/dolar-fecha-em-alta-cotado-a-r-543-nesta-terca-feira\/\"},\"wordCount\":141,\"publisher\":{\"@id\":\"https:\/\/bahiaeconomica.com.br\/wp\/#organization\"},\"keywords\":[\"Brasil\",\"D\u00f3lar\"],\"articleSection\":[\"ECONOMIA \/ POL\u00cdTICA\"],\"inLanguage\":\"pt-BR\"},{\"@type\":\"WebPage\",\"@id\":\"https:\/\/bahiaeconomica.com.br\/wp\/2025\/08\/27\/dolar-fecha-em-alta-cotado-a-r-543-nesta-terca-feira\/\",\"url\":\"https:\/\/bahiaeconomica.com.br\/wp\/2025\/08\/27\/dolar-fecha-em-alta-cotado-a-r-543-nesta-terca-feira\/\",\"name\":\"D\u00d3LAR FECHA EM ALTA, COTADO A R$ 5,43 NESTA TER\u00c7A-FEIRA - Bahia Economica\",\"isPartOf\":{\"@id\":\"https:\/\/bahiaeconomica.com.br\/wp\/#website\"},\"datePublished\":\"2025-08-27T10:19:42+00:00\",\"dateModified\":\"2025-08-27T10:03:44+00:00\",\"description\":\"O maior portal de Economia da Bahia ECONOMIA \/ POL\u00cdTICA Bahia Economica O d\u00f3lar apresentou uma leve alta de 0,37%, cotado a R$ 5,43 nesta\",\"breadcrumb\":{\"@id\":\"https:\/\/bahiaeconomica.com.br\/wp\/2025\/08\/27\/dolar-fecha-em-alta-cotado-a-r-543-nesta-terca-feira\/#breadcrumb\"},\"inLanguage\":\"pt-BR\",\"potentialAction\":[{\"@type\":\"ReadAction\",\"target\":[\"https:\/\/bahiaeconomica.com.br\/wp\/2025\/08\/27\/dolar-fecha-em-alta-cotado-a-r-543-nesta-terca-feira\/\"]}]},{\"@type\":\"BreadcrumbList\",\"@id\":\"https:\/\/bahiaeconomica.com.br\/wp\/2025\/08\/27\/dolar-fecha-em-alta-cotado-a-r-543-nesta-terca-feira\/#breadcrumb\",\"itemListElement\":[{\"@type\":\"ListItem\",\"position\":1,\"name\":\"In\u00edcio\",\"item\":\"https:\/\/bahiaeconomica.com.br\/wp\/\"},{\"@type\":\"ListItem\",\"position\":2,\"name\":\"D\u00d3LAR FECHA EM ALTA, COTADO A R$ 5,43 NESTA TER\u00c7A-FEIRA\"}]},{\"@type\":\"WebSite\",\"@id\":\"https:\/\/bahiaeconomica.com.br\/wp\/#website\",\"url\":\"https:\/\/bahiaeconomica.com.br\/wp\/\",\"name\":\"Bahia Economica\",\"description\":\"O maior portal de Economia da Bahia\",\"publisher\":{\"@id\":\"https:\/\/bahiaeconomica.com.br\/wp\/#organization\"},\"potentialAction\":[{\"@type\":\"SearchAction\",\"target\":{\"@type\":\"EntryPoint\",\"urlTemplate\":\"https:\/\/bahiaeconomica.com.br\/wp\/?s={search_term_string}\"},\"query-input\":\"required name=search_term_string\"}],\"inLanguage\":\"pt-BR\"},{\"@type\":\"Organization\",\"@id\":\"https:\/\/bahiaeconomica.com.br\/wp\/#organization\",\"name\":\"Bahia Econ\u00f4mica\",\"url\":\"https:\/\/bahiaeconomica.com.br\/wp\/\",\"logo\":{\"@type\":\"ImageObject\",\"inLanguage\":\"pt-BR\",\"@id\":\"https:\/\/bahiaeconomica.com.br\/wp\/#\/schema\/logo\/image\/\",\"url\":\"https:\/\/bahiaeconomica.com.br\/wp\/wp-content\/uploads\/2020\/12\/cropped-BE.png\",\"contentUrl\":\"https:\/\/bahiaeconomica.com.br\/wp\/wp-content\/uploads\/2020\/12\/cropped-BE.png\",\"width\":512,\"height\":512,\"caption\":\"Bahia Econ\u00f4mica\"},\"image\":{\"@id\":\"https:\/\/bahiaeconomica.com.br\/wp\/#\/schema\/logo\/image\/\"},\"sameAs\":[\"https:\/\/www.facebook.com\/bahiaeconomica\"]},{\"@type\":\"Person\",\"@id\":\"https:\/\/bahiaeconomica.com.br\/wp\/#\/schema\/person\/c86d3a3f8960425a0f9d0e5245991f4e\",\"name\":\"JP\",\"sameAs\":[\"https:\/\/bahiaeconomica.com.br\/wp\/beta\/\"],\"url\":\"https:\/\/bahiaeconomica.com.br\/wp\/author\/jp\/\"}]}<\/script>\n<!-- \/ Yoast SEO plugin. -->","yoast_head_json":{"title":"D\u00d3LAR FECHA EM ALTA, COTADO A R$ 5,43 NESTA TER\u00c7A-FEIRA - Bahia Economica","description":"O maior portal de Economia da Bahia ECONOMIA \/ POL\u00cdTICA Bahia Economica O d\u00f3lar apresentou uma leve alta de 0,37%, cotado a R$ 5,43 nesta","robots":{"index":"index","follow":"follow","max-snippet":"max-snippet:-1","max-image-preview":"max-image-preview:large","max-video-preview":"max-video-preview:-1"},"canonical":"https:\/\/bahiaeconomica.com.br\/wp\/2025\/08\/27\/dolar-fecha-em-alta-cotado-a-r-543-nesta-terca-feira\/","og_locale":"pt_BR","og_type":"article","og_title":"D\u00d3LAR FECHA EM ALTA, COTADO A R$ 5,43 NESTA TER\u00c7A-FEIRA - Bahia Economica","og_description":"O maior portal de Economia da Bahia ECONOMIA \/ POL\u00cdTICA Bahia Economica O d\u00f3lar apresentou uma leve alta de 0,37%, cotado a R$ 5,43 nesta","og_url":"https:\/\/bahiaeconomica.com.br\/wp\/2025\/08\/27\/dolar-fecha-em-alta-cotado-a-r-543-nesta-terca-feira\/","og_site_name":"Bahia Economica","article_publisher":"https:\/\/www.facebook.com\/bahiaeconomica","article_published_time":"2025-08-27T10:19:42+00:00","article_modified_time":"2025-08-27T10:03:44+00:00","og_image":[{"width":600,"height":419,"url":"https:\/\/bahiaeconomica.com.br\/wp\/wp-content\/uploads\/2025\/08\/dolar_1.jpg","type":"image\/jpeg"}],"author":"JP","twitter_card":"summary_large_image","twitter_misc":{"Escrito por":"JP","Est. tempo de leitura":"1 minuto"},"schema":{"@context":"https:\/\/schema.org","@graph":[{"@type":"Article","@id":"https:\/\/bahiaeconomica.com.br\/wp\/2025\/08\/27\/dolar-fecha-em-alta-cotado-a-r-543-nesta-terca-feira\/#article","isPartOf":{"@id":"https:\/\/bahiaeconomica.com.br\/wp\/2025\/08\/27\/dolar-fecha-em-alta-cotado-a-r-543-nesta-terca-feira\/"},"author":{"name":"JP","@id":"https:\/\/bahiaeconomica.com.br\/wp\/#\/schema\/person\/c86d3a3f8960425a0f9d0e5245991f4e"},"headline":"D\u00d3LAR FECHA EM ALTA, COTADO A R$ 5,43 NESTA TER\u00c7A-FEIRA","datePublished":"2025-08-27T10:19:42+00:00","dateModified":"2025-08-27T10:03:44+00:00","mainEntityOfPage":{"@id":"https:\/\/bahiaeconomica.com.br\/wp\/2025\/08\/27\/dolar-fecha-em-alta-cotado-a-r-543-nesta-terca-feira\/"},"wordCount":141,"publisher":{"@id":"https:\/\/bahiaeconomica.com.br\/wp\/#organization"},"keywords":["Brasil","D\u00f3lar"],"articleSection":["ECONOMIA \/ POL\u00cdTICA"],"inLanguage":"pt-BR"},{"@type":"WebPage","@id":"https:\/\/bahiaeconomica.com.br\/wp\/2025\/08\/27\/dolar-fecha-em-alta-cotado-a-r-543-nesta-terca-feira\/","url":"https:\/\/bahiaeconomica.com.br\/wp\/2025\/08\/27\/dolar-fecha-em-alta-cotado-a-r-543-nesta-terca-feira\/","name":"D\u00d3LAR FECHA EM ALTA, COTADO A R$ 5,43 NESTA TER\u00c7A-FEIRA - Bahia Economica","isPartOf":{"@id":"https:\/\/bahiaeconomica.com.br\/wp\/#website"},"datePublished":"2025-08-27T10:19:42+00:00","dateModified":"2025-08-27T10:03:44+00:00","description":"O maior portal de Economia da Bahia ECONOMIA \/ POL\u00cdTICA Bahia Economica O d\u00f3lar apresentou uma leve alta de 0,37%, cotado a R$ 5,43 nesta","breadcrumb":{"@id":"https:\/\/bahiaeconomica.com.br\/wp\/2025\/08\/27\/dolar-fecha-em-alta-cotado-a-r-543-nesta-terca-feira\/#breadcrumb"},"inLanguage":"pt-BR","potentialAction":[{"@type":"ReadAction","target":["https:\/\/bahiaeconomica.com.br\/wp\/2025\/08\/27\/dolar-fecha-em-alta-cotado-a-r-543-nesta-terca-feira\/"]}]},{"@type":"BreadcrumbList","@id":"https:\/\/bahiaeconomica.com.br\/wp\/2025\/08\/27\/dolar-fecha-em-alta-cotado-a-r-543-nesta-terca-feira\/#breadcrumb","itemListElement":[{"@type":"ListItem","position":1,"name":"In\u00edcio","item":"https:\/\/bahiaeconomica.com.br\/wp\/"},{"@type":"ListItem","position":2,"name":"D\u00d3LAR FECHA EM ALTA, COTADO A R$ 5,43 NESTA TER\u00c7A-FEIRA"}]},{"@type":"WebSite","@id":"https:\/\/bahiaeconomica.com.br\/wp\/#website","url":"https:\/\/bahiaeconomica.com.br\/wp\/","name":"Bahia Economica","description":"O maior portal de Economia da Bahia","publisher":{"@id":"https:\/\/bahiaeconomica.com.br\/wp\/#organization"},"potentialAction":[{"@type":"SearchAction","target":{"@type":"EntryPoint","urlTemplate":"https:\/\/bahiaeconomica.com.br\/wp\/?s={search_term_string}"},"query-input":"required name=search_term_string"}],"inLanguage":"pt-BR"},{"@type":"Organization","@id":"https:\/\/bahiaeconomica.com.br\/wp\/#organization","name":"Bahia Econ\u00f4mica","url":"https:\/\/bahiaeconomica.com.br\/wp\/","logo":{"@type":"ImageObject","inLanguage":"pt-BR","@id":"https:\/\/bahiaeconomica.com.br\/wp\/#\/schema\/logo\/image\/","url":"https:\/\/bahiaeconomica.com.br\/wp\/wp-content\/uploads\/2020\/12\/cropped-BE.png","contentUrl":"https:\/\/bahiaeconomica.com.br\/wp\/wp-content\/uploads\/2020\/12\/cropped-BE.png","width":512,"height":512,"caption":"Bahia Econ\u00f4mica"},"image":{"@id":"https:\/\/bahiaeconomica.com.br\/wp\/#\/schema\/logo\/image\/"},"sameAs":["https:\/\/www.facebook.com\/bahiaeconomica"]},{"@type":"Person","@id":"https:\/\/bahiaeconomica.com.br\/wp\/#\/schema\/person\/c86d3a3f8960425a0f9d0e5245991f4e","name":"JP","sameAs":["https:\/\/bahiaeconomica.com.br\/wp\/beta\/"],"url":"https:\/\/bahiaeconomica.com.br\/wp\/author\/jp\/"}]}},"views":5,"_links":{"self":[{"href":"https:\/\/bahiaeconomica.com.br\/wp\/wp-json\/wp\/v2\/posts\/929308"}],"collection":[{"href":"https:\/\/bahiaeconomica.com.br\/wp\/wp-json\/wp\/v2\/posts"}],"about":[{"href":"https:\/\/bahiaeconomica.com.br\/wp\/wp-json\/wp\/v2\/types\/post"}],"author":[{"embeddable":true,"href":"https:\/\/bahiaeconomica.com.br\/wp\/wp-json\/wp\/v2\/users\/8"}],"replies":[{"embeddable":true,"href":"https:\/\/bahiaeconomica.com.br\/wp\/wp-json\/wp\/v2\/comments?post=929308"}],"version-history":[{"count":1,"href":"https:\/\/bahiaeconomica.com.br\/wp\/wp-json\/wp\/v2\/posts\/929308\/revisions"}],"predecessor-version":[{"id":929310,"href":"https:\/\/bahiaeconomica.com.br\/wp\/wp-json\/wp\/v2\/posts\/929308\/revisions\/929310"}],"wp:featuredmedia":[{"embeddable":true,"href":"https:\/\/bahiaeconomica.com.br\/wp\/wp-json\/wp\/v2\/media\/929309"}],"wp:attachment":[{"href":"https:\/\/bahiaeconomica.com.br\/wp\/wp-json\/wp\/v2\/media?parent=929308"}],"wp:term":[{"taxonomy":"category","embeddable":true,"href":"https:\/\/bahiaeconomica.com.br\/wp\/wp-json\/wp\/v2\/categories?post=929308"},{"taxonomy":"post_tag","embeddable":true,"href":"https:\/\/bahiaeconomica.com.br\/wp\/wp-json\/wp\/v2\/tags?post=929308"}],"curies":[{"name":"wp","href":"https:\/\/api.w.org\/{rel}","templated":true}]}}