{"id":929050,"date":"2025-08-26T12:59:02","date_gmt":"2025-08-26T15:59:02","guid":{"rendered":"https:\/\/bahiaeconomica.com.br\/wp\/?p=929050"},"modified":"2025-08-26T12:46:44","modified_gmt":"2025-08-26T15:46:44","slug":"bahia-reduz-em-88-os-casos-de-dengue-mas-especialista-alerta-que-cuidados-devem-ser-mantidos","status":"publish","type":"post","link":"https:\/\/bahiaeconomica.com.br\/wp\/2025\/08\/26\/bahia-reduz-em-88-os-casos-de-dengue-mas-especialista-alerta-que-cuidados-devem-ser-mantidos\/","title":{"rendered":"BAHIA REDUZ EM 88% OS CASOS DE DENGUE, MAS ESPECIALISTA ALERTA QUE CUIDADOS DEVEM SER MANTIDOS"},"content":{"rendered":"<p>Chuva e calor s\u00e3o fatores potencialmente desencadeadores para a prolifera\u00e7\u00e3o do Aedes aegypti, mosquito respons\u00e1vel pela transmiss\u00e3o de doen\u00e7as como dengue, zika e chikungunya. Por isso, a proximidade das esta\u00e7\u00f5es mais quentes (primavera, que ter\u00e1 in\u00edcio no pr\u00f3ximo dia 22 de setembro, \u00e0s 15h19, e o ver\u00e3o, a partir de dezembro) acendem um alerta importante para os cuidados para prevenir os criadouros do mosquito, mesmo diante do cen\u00e1rio atual de diminui\u00e7\u00e3o dos casos dessas doen\u00e7as.<\/p>\n<p>De acordo com os dados da Secretaria de Sa\u00fade do Estado da Bahia (Sesab), no per\u00edodo de 29 de dezembro de 2024 at\u00e9 o \u00faltimo dia 2 de agosto, foram registrados 26.907 casos prov\u00e1veis de dengue e sete mortes. No mesmo per\u00edodo do ano passado, foram 224.750 notifica\u00e7\u00f5es, o que representa uma redu\u00e7\u00e3o de 88%. O \u00f3rg\u00e3o estadual tamb\u00e9m registrou diminui\u00e7\u00e3o de casos de chikungunya e zika, no mesmo per\u00edodo, com 87,5% e 75,29%, respectivamente.<\/p>\n<p>O infectologista e consultor do Sabin Diagn\u00f3stico e Sa\u00fade, Claudilson Bastos, destaca que a popula\u00e7\u00e3o deve intensificar os cuidados para evitar um aumento de casos de dengue, zika e chikungunya nos meses mais quentes. \u201cO Aedes aegypti se desenvolve melhor em per\u00edodos quentes e chuvosos, presentes na primavera e, principalmente, no ver\u00e3o, criando condi\u00e7\u00f5es perfeitas para a forma\u00e7\u00e3o das larvas. Por isso, \u00e9 fundamental redobrar os cuidados b\u00e1sicos, no \u00e2mbito dom\u00e9stico, antes mesmo das chuvas, evitando ac\u00famulo de \u00e1gua em recipientes, como pneus, garrafas, tampinhas, latas e vasos de plantas. \u00c9 preciso tamb\u00e9m vedar as caixas d\u2019\u00e1guas e fazer a manuten\u00e7\u00e3o das piscinas\u201d, informa.<\/p>\n<p>A popula\u00e7\u00e3o tamb\u00e9m pode contar com um exame inovador elaborado pelo Sabin, que permite identificar, com precis\u00e3o e com uma \u00fanica amostra de sangue, seis v\u00edrus transmitidos pelo Aedes aegypti: dengue, zika, chikungunya, oropouche, febre amarela ou de mayaro. Para isso, \u00e9 usado t\u00e9cnica de biologia molecular, por meio do PCR em tempo real qualitativo, que mostra exatamente o v\u00edrus presente no paciente e fornece informa\u00e7\u00f5es cruciais para o tratamento direcionado. O exame est\u00e1 dispon\u00edvel nas unidades do Sabin em Salvador, Cama\u00e7ari, Lauro de Freitas, Santo Ant\u00f4nio de Jesus, Barreiras e Lu\u00eds Eduardo Magalh\u00e3es.<\/p>\n<p>Sintomas da dengue, zika e chikungunya<\/p>\n<p>O infectologista explica que as pessoas devem ficar atentas aos principais sintomas da dengue, que inclui febre alta, dores de cabe\u00e7a intensas, musculares e nas articula\u00e7\u00f5es, dor atr\u00e1s dos olhos, n\u00e1useas, v\u00f4mitos e manchas vermelhas na pele. Em casos mais graves da doen\u00e7a, podem surgir sangramentos, dor abdominal intensa e dificuldade respirat\u00f3ria.<\/p>\n<p>A zika, por sua vez, apresenta febre baixa, manchas vermelhas na pele, coceira, olhos vermelhos e dores musculares e articulares. J\u00e1 a chikungunya tem como sintomas febre alta, dores musculares e nas articula\u00e7\u00f5es, dor de cabe\u00e7a, fadiga e manchas vermelhas na pele. \u201cAlguns sintomas se assemelham. Diante disso, \u00e9 importante procurar atendimento m\u00e9dico para o diagn\u00f3stico preciso e o devido tratamento\u201d, afirma o infectologista, acrescentando que h\u00e1 uma vacina\u00e7\u00e3o contra a dengue dispon\u00edvel para a popula\u00e7\u00e3o, que \u00e9 segura e protege contra os quatro tipos do v\u00edrus circulantes no Brasil: DEN-1, DEN-2, DEN-3 e DEN-4.<\/p>\n<p>&nbsp;<\/p>\n<p>Foto: Marcelo Camargo\/ Ag\u00eancia Brasil<\/p>\n","protected":false},"excerpt":{"rendered":"<p>Chuva e calor s\u00e3o fatores potencialmente desencadeadores para a prolifera\u00e7\u00e3o do Aedes aegypti, mosquito respons\u00e1vel pela transmiss\u00e3o de doen\u00e7as como dengue, zika e chikungunya. Por isso, a proximidade das esta\u00e7\u00f5es mais quentes (primavera, que ter\u00e1 in\u00edcio no pr\u00f3ximo dia 22 de setembro, \u00e0s 15h19, e o ver\u00e3o, a partir de dezembro) acendem um alerta importante [&hellip;]<\/p>\n","protected":false},"author":8,"featured_media":929051,"comment_status":"closed","ping_status":"closed","sticky":false,"template":"","format":"standard","meta":[],"categories":[14,21],"tags":[52,2279],"acf":[],"yoast_head":"<!-- This site is optimized with the Yoast SEO plugin v20.8 - https:\/\/yoast.com\/wordpress\/plugins\/seo\/ -->\n<title>BAHIA REDUZ EM 88% OS CASOS DE DENGUE, MAS ESPECIALISTA ALERTA QUE CUIDADOS DEVEM SER MANTIDOS - Bahia Economica<\/title>\n<meta name=\"description\" content=\"O maior portal de Economia da Bahia DESTAQUE DO DIA, Sa\u00fade \/ Educa\u00e7\u00e3o Bahia Economica O infectologista e consultor do Sabin Diagn\u00f3stico e\" \/>\n<meta name=\"robots\" content=\"index, follow, max-snippet:-1, max-image-preview:large, max-video-preview:-1\" \/>\n<link rel=\"canonical\" href=\"https:\/\/bahiaeconomica.com.br\/wp\/2025\/08\/26\/bahia-reduz-em-88-os-casos-de-dengue-mas-especialista-alerta-que-cuidados-devem-ser-mantidos\/\" \/>\n<meta property=\"og:locale\" content=\"pt_BR\" \/>\n<meta property=\"og:type\" content=\"article\" \/>\n<meta property=\"og:title\" content=\"BAHIA REDUZ EM 88% OS CASOS DE DENGUE, MAS ESPECIALISTA ALERTA QUE CUIDADOS DEVEM SER MANTIDOS - Bahia Economica\" \/>\n<meta property=\"og:description\" content=\"O maior portal de Economia da Bahia DESTAQUE DO DIA, Sa\u00fade \/ Educa\u00e7\u00e3o Bahia Economica O infectologista e consultor do Sabin Diagn\u00f3stico e\" \/>\n<meta property=\"og:url\" content=\"https:\/\/bahiaeconomica.com.br\/wp\/2025\/08\/26\/bahia-reduz-em-88-os-casos-de-dengue-mas-especialista-alerta-que-cuidados-devem-ser-mantidos\/\" \/>\n<meta property=\"og:site_name\" content=\"Bahia Economica\" \/>\n<meta property=\"article:publisher\" content=\"https:\/\/www.facebook.com\/bahiaeconomica\" \/>\n<meta property=\"article:published_time\" content=\"2025-08-26T15:59:02+00:00\" \/>\n<meta property=\"article:modified_time\" content=\"2025-08-26T15:46:44+00:00\" \/>\n<meta property=\"og:image\" content=\"https:\/\/bahiaeconomica.com.br\/wp\/wp-content\/uploads\/2025\/08\/WhatsApp-Image-2025-08-26-at-10.53.28.jpeg\" \/>\n\t<meta property=\"og:image:width\" content=\"1024\" \/>\n\t<meta property=\"og:image:height\" content=\"768\" \/>\n\t<meta property=\"og:image:type\" content=\"image\/jpeg\" \/>\n<meta name=\"author\" content=\"JP\" \/>\n<meta name=\"twitter:card\" content=\"summary_large_image\" \/>\n<meta name=\"twitter:label1\" content=\"Escrito por\" \/>\n\t<meta name=\"twitter:data1\" content=\"JP\" \/>\n\t<meta name=\"twitter:label2\" content=\"Est. tempo de leitura\" \/>\n\t<meta name=\"twitter:data2\" content=\"3 minutos\" \/>\n<script type=\"application\/ld+json\" class=\"yoast-schema-graph\">{\"@context\":\"https:\/\/schema.org\",\"@graph\":[{\"@type\":\"Article\",\"@id\":\"https:\/\/bahiaeconomica.com.br\/wp\/2025\/08\/26\/bahia-reduz-em-88-os-casos-de-dengue-mas-especialista-alerta-que-cuidados-devem-ser-mantidos\/#article\",\"isPartOf\":{\"@id\":\"https:\/\/bahiaeconomica.com.br\/wp\/2025\/08\/26\/bahia-reduz-em-88-os-casos-de-dengue-mas-especialista-alerta-que-cuidados-devem-ser-mantidos\/\"},\"author\":{\"name\":\"JP\",\"@id\":\"https:\/\/bahiaeconomica.com.br\/wp\/#\/schema\/person\/c86d3a3f8960425a0f9d0e5245991f4e\"},\"headline\":\"BAHIA REDUZ EM 88% OS CASOS DE DENGUE, MAS ESPECIALISTA ALERTA QUE CUIDADOS DEVEM SER MANTIDOS\",\"datePublished\":\"2025-08-26T15:59:02+00:00\",\"dateModified\":\"2025-08-26T15:46:44+00:00\",\"mainEntityOfPage\":{\"@id\":\"https:\/\/bahiaeconomica.com.br\/wp\/2025\/08\/26\/bahia-reduz-em-88-os-casos-de-dengue-mas-especialista-alerta-que-cuidados-devem-ser-mantidos\/\"},\"wordCount\":571,\"publisher\":{\"@id\":\"https:\/\/bahiaeconomica.com.br\/wp\/#organization\"},\"keywords\":[\"Brasil\",\"dengue\"],\"articleSection\":[\"DESTAQUE DO DIA\",\"Sa\u00fade \/ Educa\u00e7\u00e3o\"],\"inLanguage\":\"pt-BR\"},{\"@type\":\"WebPage\",\"@id\":\"https:\/\/bahiaeconomica.com.br\/wp\/2025\/08\/26\/bahia-reduz-em-88-os-casos-de-dengue-mas-especialista-alerta-que-cuidados-devem-ser-mantidos\/\",\"url\":\"https:\/\/bahiaeconomica.com.br\/wp\/2025\/08\/26\/bahia-reduz-em-88-os-casos-de-dengue-mas-especialista-alerta-que-cuidados-devem-ser-mantidos\/\",\"name\":\"BAHIA REDUZ EM 88% OS CASOS DE DENGUE, MAS ESPECIALISTA ALERTA QUE CUIDADOS DEVEM SER MANTIDOS - Bahia Economica\",\"isPartOf\":{\"@id\":\"https:\/\/bahiaeconomica.com.br\/wp\/#website\"},\"datePublished\":\"2025-08-26T15:59:02+00:00\",\"dateModified\":\"2025-08-26T15:46:44+00:00\",\"description\":\"O maior portal de Economia da Bahia DESTAQUE DO DIA, Sa\u00fade \/ Educa\u00e7\u00e3o Bahia Economica O infectologista e consultor do Sabin Diagn\u00f3stico e\",\"breadcrumb\":{\"@id\":\"https:\/\/bahiaeconomica.com.br\/wp\/2025\/08\/26\/bahia-reduz-em-88-os-casos-de-dengue-mas-especialista-alerta-que-cuidados-devem-ser-mantidos\/#breadcrumb\"},\"inLanguage\":\"pt-BR\",\"potentialAction\":[{\"@type\":\"ReadAction\",\"target\":[\"https:\/\/bahiaeconomica.com.br\/wp\/2025\/08\/26\/bahia-reduz-em-88-os-casos-de-dengue-mas-especialista-alerta-que-cuidados-devem-ser-mantidos\/\"]}]},{\"@type\":\"BreadcrumbList\",\"@id\":\"https:\/\/bahiaeconomica.com.br\/wp\/2025\/08\/26\/bahia-reduz-em-88-os-casos-de-dengue-mas-especialista-alerta-que-cuidados-devem-ser-mantidos\/#breadcrumb\",\"itemListElement\":[{\"@type\":\"ListItem\",\"position\":1,\"name\":\"In\u00edcio\",\"item\":\"https:\/\/bahiaeconomica.com.br\/wp\/\"},{\"@type\":\"ListItem\",\"position\":2,\"name\":\"BAHIA REDUZ EM 88% OS CASOS DE DENGUE, MAS ESPECIALISTA ALERTA QUE CUIDADOS DEVEM SER MANTIDOS\"}]},{\"@type\":\"WebSite\",\"@id\":\"https:\/\/bahiaeconomica.com.br\/wp\/#website\",\"url\":\"https:\/\/bahiaeconomica.com.br\/wp\/\",\"name\":\"Bahia Economica\",\"description\":\"O maior portal de Economia da Bahia\",\"publisher\":{\"@id\":\"https:\/\/bahiaeconomica.com.br\/wp\/#organization\"},\"potentialAction\":[{\"@type\":\"SearchAction\",\"target\":{\"@type\":\"EntryPoint\",\"urlTemplate\":\"https:\/\/bahiaeconomica.com.br\/wp\/?s={search_term_string}\"},\"query-input\":\"required name=search_term_string\"}],\"inLanguage\":\"pt-BR\"},{\"@type\":\"Organization\",\"@id\":\"https:\/\/bahiaeconomica.com.br\/wp\/#organization\",\"name\":\"Bahia Econ\u00f4mica\",\"url\":\"https:\/\/bahiaeconomica.com.br\/wp\/\",\"logo\":{\"@type\":\"ImageObject\",\"inLanguage\":\"pt-BR\",\"@id\":\"https:\/\/bahiaeconomica.com.br\/wp\/#\/schema\/logo\/image\/\",\"url\":\"https:\/\/bahiaeconomica.com.br\/wp\/wp-content\/uploads\/2020\/12\/cropped-BE.png\",\"contentUrl\":\"https:\/\/bahiaeconomica.com.br\/wp\/wp-content\/uploads\/2020\/12\/cropped-BE.png\",\"width\":512,\"height\":512,\"caption\":\"Bahia Econ\u00f4mica\"},\"image\":{\"@id\":\"https:\/\/bahiaeconomica.com.br\/wp\/#\/schema\/logo\/image\/\"},\"sameAs\":[\"https:\/\/www.facebook.com\/bahiaeconomica\"]},{\"@type\":\"Person\",\"@id\":\"https:\/\/bahiaeconomica.com.br\/wp\/#\/schema\/person\/c86d3a3f8960425a0f9d0e5245991f4e\",\"name\":\"JP\",\"sameAs\":[\"https:\/\/bahiaeconomica.com.br\/wp\/beta\/\"],\"url\":\"https:\/\/bahiaeconomica.com.br\/wp\/author\/jp\/\"}]}<\/script>\n<!-- \/ Yoast SEO plugin. -->","yoast_head_json":{"title":"BAHIA REDUZ EM 88% OS CASOS DE DENGUE, MAS ESPECIALISTA ALERTA QUE CUIDADOS DEVEM SER MANTIDOS - Bahia Economica","description":"O maior portal de Economia da Bahia DESTAQUE DO DIA, Sa\u00fade \/ Educa\u00e7\u00e3o Bahia Economica O infectologista e consultor do Sabin Diagn\u00f3stico e","robots":{"index":"index","follow":"follow","max-snippet":"max-snippet:-1","max-image-preview":"max-image-preview:large","max-video-preview":"max-video-preview:-1"},"canonical":"https:\/\/bahiaeconomica.com.br\/wp\/2025\/08\/26\/bahia-reduz-em-88-os-casos-de-dengue-mas-especialista-alerta-que-cuidados-devem-ser-mantidos\/","og_locale":"pt_BR","og_type":"article","og_title":"BAHIA REDUZ EM 88% OS CASOS DE DENGUE, MAS ESPECIALISTA ALERTA QUE CUIDADOS DEVEM SER MANTIDOS - Bahia Economica","og_description":"O maior portal de Economia da Bahia DESTAQUE DO DIA, Sa\u00fade \/ Educa\u00e7\u00e3o Bahia Economica O infectologista e consultor do Sabin Diagn\u00f3stico e","og_url":"https:\/\/bahiaeconomica.com.br\/wp\/2025\/08\/26\/bahia-reduz-em-88-os-casos-de-dengue-mas-especialista-alerta-que-cuidados-devem-ser-mantidos\/","og_site_name":"Bahia Economica","article_publisher":"https:\/\/www.facebook.com\/bahiaeconomica","article_published_time":"2025-08-26T15:59:02+00:00","article_modified_time":"2025-08-26T15:46:44+00:00","og_image":[{"width":1024,"height":768,"url":"https:\/\/bahiaeconomica.com.br\/wp\/wp-content\/uploads\/2025\/08\/WhatsApp-Image-2025-08-26-at-10.53.28.jpeg","type":"image\/jpeg"}],"author":"JP","twitter_card":"summary_large_image","twitter_misc":{"Escrito por":"JP","Est. tempo de leitura":"3 minutos"},"schema":{"@context":"https:\/\/schema.org","@graph":[{"@type":"Article","@id":"https:\/\/bahiaeconomica.com.br\/wp\/2025\/08\/26\/bahia-reduz-em-88-os-casos-de-dengue-mas-especialista-alerta-que-cuidados-devem-ser-mantidos\/#article","isPartOf":{"@id":"https:\/\/bahiaeconomica.com.br\/wp\/2025\/08\/26\/bahia-reduz-em-88-os-casos-de-dengue-mas-especialista-alerta-que-cuidados-devem-ser-mantidos\/"},"author":{"name":"JP","@id":"https:\/\/bahiaeconomica.com.br\/wp\/#\/schema\/person\/c86d3a3f8960425a0f9d0e5245991f4e"},"headline":"BAHIA REDUZ EM 88% OS CASOS DE DENGUE, MAS ESPECIALISTA ALERTA QUE CUIDADOS DEVEM SER MANTIDOS","datePublished":"2025-08-26T15:59:02+00:00","dateModified":"2025-08-26T15:46:44+00:00","mainEntityOfPage":{"@id":"https:\/\/bahiaeconomica.com.br\/wp\/2025\/08\/26\/bahia-reduz-em-88-os-casos-de-dengue-mas-especialista-alerta-que-cuidados-devem-ser-mantidos\/"},"wordCount":571,"publisher":{"@id":"https:\/\/bahiaeconomica.com.br\/wp\/#organization"},"keywords":["Brasil","dengue"],"articleSection":["DESTAQUE DO DIA","Sa\u00fade \/ Educa\u00e7\u00e3o"],"inLanguage":"pt-BR"},{"@type":"WebPage","@id":"https:\/\/bahiaeconomica.com.br\/wp\/2025\/08\/26\/bahia-reduz-em-88-os-casos-de-dengue-mas-especialista-alerta-que-cuidados-devem-ser-mantidos\/","url":"https:\/\/bahiaeconomica.com.br\/wp\/2025\/08\/26\/bahia-reduz-em-88-os-casos-de-dengue-mas-especialista-alerta-que-cuidados-devem-ser-mantidos\/","name":"BAHIA REDUZ EM 88% OS CASOS DE DENGUE, MAS ESPECIALISTA ALERTA QUE CUIDADOS DEVEM SER MANTIDOS - Bahia Economica","isPartOf":{"@id":"https:\/\/bahiaeconomica.com.br\/wp\/#website"},"datePublished":"2025-08-26T15:59:02+00:00","dateModified":"2025-08-26T15:46:44+00:00","description":"O maior portal de Economia da Bahia DESTAQUE DO DIA, Sa\u00fade \/ Educa\u00e7\u00e3o Bahia Economica O infectologista e consultor do Sabin Diagn\u00f3stico e","breadcrumb":{"@id":"https:\/\/bahiaeconomica.com.br\/wp\/2025\/08\/26\/bahia-reduz-em-88-os-casos-de-dengue-mas-especialista-alerta-que-cuidados-devem-ser-mantidos\/#breadcrumb"},"inLanguage":"pt-BR","potentialAction":[{"@type":"ReadAction","target":["https:\/\/bahiaeconomica.com.br\/wp\/2025\/08\/26\/bahia-reduz-em-88-os-casos-de-dengue-mas-especialista-alerta-que-cuidados-devem-ser-mantidos\/"]}]},{"@type":"BreadcrumbList","@id":"https:\/\/bahiaeconomica.com.br\/wp\/2025\/08\/26\/bahia-reduz-em-88-os-casos-de-dengue-mas-especialista-alerta-que-cuidados-devem-ser-mantidos\/#breadcrumb","itemListElement":[{"@type":"ListItem","position":1,"name":"In\u00edcio","item":"https:\/\/bahiaeconomica.com.br\/wp\/"},{"@type":"ListItem","position":2,"name":"BAHIA REDUZ EM 88% OS CASOS DE DENGUE, MAS ESPECIALISTA ALERTA QUE CUIDADOS DEVEM SER MANTIDOS"}]},{"@type":"WebSite","@id":"https:\/\/bahiaeconomica.com.br\/wp\/#website","url":"https:\/\/bahiaeconomica.com.br\/wp\/","name":"Bahia Economica","description":"O maior portal de Economia da Bahia","publisher":{"@id":"https:\/\/bahiaeconomica.com.br\/wp\/#organization"},"potentialAction":[{"@type":"SearchAction","target":{"@type":"EntryPoint","urlTemplate":"https:\/\/bahiaeconomica.com.br\/wp\/?s={search_term_string}"},"query-input":"required name=search_term_string"}],"inLanguage":"pt-BR"},{"@type":"Organization","@id":"https:\/\/bahiaeconomica.com.br\/wp\/#organization","name":"Bahia Econ\u00f4mica","url":"https:\/\/bahiaeconomica.com.br\/wp\/","logo":{"@type":"ImageObject","inLanguage":"pt-BR","@id":"https:\/\/bahiaeconomica.com.br\/wp\/#\/schema\/logo\/image\/","url":"https:\/\/bahiaeconomica.com.br\/wp\/wp-content\/uploads\/2020\/12\/cropped-BE.png","contentUrl":"https:\/\/bahiaeconomica.com.br\/wp\/wp-content\/uploads\/2020\/12\/cropped-BE.png","width":512,"height":512,"caption":"Bahia Econ\u00f4mica"},"image":{"@id":"https:\/\/bahiaeconomica.com.br\/wp\/#\/schema\/logo\/image\/"},"sameAs":["https:\/\/www.facebook.com\/bahiaeconomica"]},{"@type":"Person","@id":"https:\/\/bahiaeconomica.com.br\/wp\/#\/schema\/person\/c86d3a3f8960425a0f9d0e5245991f4e","name":"JP","sameAs":["https:\/\/bahiaeconomica.com.br\/wp\/beta\/"],"url":"https:\/\/bahiaeconomica.com.br\/wp\/author\/jp\/"}]}},"views":34,"_links":{"self":[{"href":"https:\/\/bahiaeconomica.com.br\/wp\/wp-json\/wp\/v2\/posts\/929050"}],"collection":[{"href":"https:\/\/bahiaeconomica.com.br\/wp\/wp-json\/wp\/v2\/posts"}],"about":[{"href":"https:\/\/bahiaeconomica.com.br\/wp\/wp-json\/wp\/v2\/types\/post"}],"author":[{"embeddable":true,"href":"https:\/\/bahiaeconomica.com.br\/wp\/wp-json\/wp\/v2\/users\/8"}],"replies":[{"embeddable":true,"href":"https:\/\/bahiaeconomica.com.br\/wp\/wp-json\/wp\/v2\/comments?post=929050"}],"version-history":[{"count":2,"href":"https:\/\/bahiaeconomica.com.br\/wp\/wp-json\/wp\/v2\/posts\/929050\/revisions"}],"predecessor-version":[{"id":929053,"href":"https:\/\/bahiaeconomica.com.br\/wp\/wp-json\/wp\/v2\/posts\/929050\/revisions\/929053"}],"wp:featuredmedia":[{"embeddable":true,"href":"https:\/\/bahiaeconomica.com.br\/wp\/wp-json\/wp\/v2\/media\/929051"}],"wp:attachment":[{"href":"https:\/\/bahiaeconomica.com.br\/wp\/wp-json\/wp\/v2\/media?parent=929050"}],"wp:term":[{"taxonomy":"category","embeddable":true,"href":"https:\/\/bahiaeconomica.com.br\/wp\/wp-json\/wp\/v2\/categories?post=929050"},{"taxonomy":"post_tag","embeddable":true,"href":"https:\/\/bahiaeconomica.com.br\/wp\/wp-json\/wp\/v2\/tags?post=929050"}],"curies":[{"name":"wp","href":"https:\/\/api.w.org\/{rel}","templated":true}]}}