{"id":928977,"date":"2025-08-26T09:19:08","date_gmt":"2025-08-26T12:19:08","guid":{"rendered":"https:\/\/bahiaeconomica.com.br\/wp\/?p=928977"},"modified":"2025-08-26T09:19:08","modified_gmt":"2025-08-26T12:19:08","slug":"vereador-critica-incoerencia-da-oposicao-em-relacao-a-emprestimos","status":"publish","type":"post","link":"https:\/\/bahiaeconomica.com.br\/wp\/2025\/08\/26\/vereador-critica-incoerencia-da-oposicao-em-relacao-a-emprestimos\/","title":{"rendered":"VEREADOR CRITICA INCOER\u00caNCIA DA OPOSI\u00c7\u00c3O EM RELA\u00c7\u00c3O A EMPR\u00c9STIMOS"},"content":{"rendered":"<p>Vice-l\u00edder do governo na C\u00e2mara Municipal, o vereador T\u00e9o Senna (PSDB) utilizou a tribuna da Casa, nesta segunda-feira (25), para criticar o que classificou como \u201cincoer\u00eancia\u201d da oposi\u00e7\u00e3o em rela\u00e7\u00e3o aos pedidos de empr\u00e9stimos enviados pelo prefeito Bruno Reis (Uni\u00e3o) ao Legislativo.<\/p>\n<p>Segundo o edil, enquanto a Prefeitura de Salvador solicita R$ 1,28 bilh\u00e3o em opera\u00e7\u00f5es de cr\u00e9dito com finalidade definida e transparente, a oposi\u00e7\u00e3o apressa-se em classificar os projetos como \u201ccheque em branco\u201d e insinuar falta de planejamento da gest\u00e3o municipal. \u201c\u00c9 preciso restabelecer a verdade dos fatos. Esses recursos t\u00eam destino certo, que \u00e9 o equil\u00edbrio das contas, investimentos e continuidade das obras e programas que v\u00eam melhorando a vida dos soteropolitanos\u201d, afirmou .<\/p>\n<p>Senna lembrou que, em contraste, o governador Jer\u00f4nimo Rodrigues j\u00e1 acumula mais de R$ 23 bilh\u00f5es em empr\u00e9stimos em apenas dois anos e meio de mandato, incluindo um financiamento recente de R$ 4,5 bilh\u00f5es contra\u00eddo no Jap\u00e3o. \u201cEnquanto a Prefeitura pede recursos equivalentes \u00e0 constru\u00e7\u00e3o de um hospital de grande porte ou \u00e0 requalifica\u00e7\u00e3o de dezenas de escolas, o governo estadual j\u00e1 tomou dinheiro suficiente para levantar duas pontes Salvador-Itaparica. Onde est\u00e3o essas obras grandiosas financiadas por tanto dinheiro?\u201d, questionou .<\/p>\n<p>Para Senna, o sil\u00eancio da oposi\u00e7\u00e3o diante do elevado endividamento estadual demonstra conveni\u00eancia pol\u00edtica. \u201cN\u00e3o \u00e9 aceit\u00e1vel usar dois pesos e duas medidas. Criticam duramente a Prefeitura por R$ 1,28 bilh\u00e3o e aplaudem em sil\u00eancio o Governo do Estado por endividar a Bahia em R$ 23 bilh\u00f5es. Isso n\u00e3o \u00e9 fiscaliza\u00e7\u00e3o, \u00e9 conveni\u00eancia. Nosso dever nesta Casa \u00e9 defender Salvador, n\u00e3o o jogo partid\u00e1rio\u201d, concluiu.<\/p>\n<p>Foto: Reginaldo Ip\u00ea (Ascom\/CMS)<\/p>\n","protected":false},"excerpt":{"rendered":"<p>Vice-l\u00edder do governo na C\u00e2mara Municipal, o vereador T\u00e9o Senna (PSDB) utilizou a tribuna da Casa, nesta segunda-feira (25), para criticar o que classificou como \u201cincoer\u00eancia\u201d da oposi\u00e7\u00e3o em rela\u00e7\u00e3o aos pedidos de empr\u00e9stimos enviados pelo prefeito Bruno Reis (Uni\u00e3o) ao Legislativo. Segundo o edil, enquanto a Prefeitura de Salvador solicita R$ 1,28 bilh\u00e3o em [&hellip;]<\/p>\n","protected":false},"author":8,"featured_media":928978,"comment_status":"closed","ping_status":"closed","sticky":false,"template":"","format":"standard","meta":[],"categories":[5,14601],"tags":[52,11965,406],"acf":[],"yoast_head":"<!-- This site is optimized with the Yoast SEO plugin v20.8 - https:\/\/yoast.com\/wordpress\/plugins\/seo\/ -->\n<title>VEREADOR CRITICA INCOER\u00caNCIA DA OPOSI\u00c7\u00c3O EM RELA\u00c7\u00c3O A EMPR\u00c9STIMOS - Bahia Economica<\/title>\n<meta name=\"description\" content=\"O maior portal de Economia da Bahia MUNIC\u00cdPIOS, Pol\u00edtica Bahia Economica Vice-l\u00edder do governo na C\u00e2mara Municipal, o vereador T\u00e9o Senna (PSDB)\" \/>\n<meta name=\"robots\" content=\"index, follow, max-snippet:-1, max-image-preview:large, max-video-preview:-1\" \/>\n<link rel=\"canonical\" href=\"https:\/\/bahiaeconomica.com.br\/wp\/2025\/08\/26\/vereador-critica-incoerencia-da-oposicao-em-relacao-a-emprestimos\/\" \/>\n<meta property=\"og:locale\" content=\"pt_BR\" \/>\n<meta property=\"og:type\" content=\"article\" \/>\n<meta property=\"og:title\" content=\"VEREADOR CRITICA INCOER\u00caNCIA DA OPOSI\u00c7\u00c3O EM RELA\u00c7\u00c3O A EMPR\u00c9STIMOS - Bahia Economica\" \/>\n<meta property=\"og:description\" content=\"O maior portal de Economia da Bahia MUNIC\u00cdPIOS, Pol\u00edtica Bahia Economica Vice-l\u00edder do governo na C\u00e2mara Municipal, o vereador T\u00e9o Senna (PSDB)\" \/>\n<meta property=\"og:url\" content=\"https:\/\/bahiaeconomica.com.br\/wp\/2025\/08\/26\/vereador-critica-incoerencia-da-oposicao-em-relacao-a-emprestimos\/\" \/>\n<meta property=\"og:site_name\" content=\"Bahia Economica\" \/>\n<meta property=\"article:publisher\" content=\"https:\/\/www.facebook.com\/bahiaeconomica\" \/>\n<meta property=\"article:published_time\" content=\"2025-08-26T12:19:08+00:00\" \/>\n<meta property=\"og:image\" content=\"https:\/\/bahiaeconomica.com.br\/wp\/wp-content\/uploads\/2025\/08\/WhatsApp-Image-2025-08-25-at-19.34.07.jpeg\" \/>\n\t<meta property=\"og:image:width\" content=\"1600\" \/>\n\t<meta property=\"og:image:height\" content=\"1065\" \/>\n\t<meta property=\"og:image:type\" content=\"image\/jpeg\" \/>\n<meta name=\"author\" content=\"JP\" \/>\n<meta name=\"twitter:card\" content=\"summary_large_image\" \/>\n<meta name=\"twitter:label1\" content=\"Escrito por\" \/>\n\t<meta name=\"twitter:data1\" content=\"JP\" \/>\n\t<meta name=\"twitter:label2\" content=\"Est. tempo de leitura\" \/>\n\t<meta name=\"twitter:data2\" content=\"2 minutos\" \/>\n<script type=\"application\/ld+json\" class=\"yoast-schema-graph\">{\"@context\":\"https:\/\/schema.org\",\"@graph\":[{\"@type\":\"Article\",\"@id\":\"https:\/\/bahiaeconomica.com.br\/wp\/2025\/08\/26\/vereador-critica-incoerencia-da-oposicao-em-relacao-a-emprestimos\/#article\",\"isPartOf\":{\"@id\":\"https:\/\/bahiaeconomica.com.br\/wp\/2025\/08\/26\/vereador-critica-incoerencia-da-oposicao-em-relacao-a-emprestimos\/\"},\"author\":{\"name\":\"JP\",\"@id\":\"https:\/\/bahiaeconomica.com.br\/wp\/#\/schema\/person\/c86d3a3f8960425a0f9d0e5245991f4e\"},\"headline\":\"VEREADOR CRITICA INCOER\u00caNCIA DA OPOSI\u00c7\u00c3O EM RELA\u00c7\u00c3O A EMPR\u00c9STIMOS\",\"datePublished\":\"2025-08-26T12:19:08+00:00\",\"dateModified\":\"2025-08-26T12:19:08+00:00\",\"mainEntityOfPage\":{\"@id\":\"https:\/\/bahiaeconomica.com.br\/wp\/2025\/08\/26\/vereador-critica-incoerencia-da-oposicao-em-relacao-a-emprestimos\/\"},\"wordCount\":303,\"publisher\":{\"@id\":\"https:\/\/bahiaeconomica.com.br\/wp\/#organization\"},\"keywords\":[\"Brasil\",\"econmia\",\"vereador\"],\"articleSection\":[\"MUNIC\u00cdPIOS\",\"Pol\u00edtica\"],\"inLanguage\":\"pt-BR\"},{\"@type\":\"WebPage\",\"@id\":\"https:\/\/bahiaeconomica.com.br\/wp\/2025\/08\/26\/vereador-critica-incoerencia-da-oposicao-em-relacao-a-emprestimos\/\",\"url\":\"https:\/\/bahiaeconomica.com.br\/wp\/2025\/08\/26\/vereador-critica-incoerencia-da-oposicao-em-relacao-a-emprestimos\/\",\"name\":\"VEREADOR CRITICA INCOER\u00caNCIA DA OPOSI\u00c7\u00c3O EM RELA\u00c7\u00c3O A EMPR\u00c9STIMOS - Bahia Economica\",\"isPartOf\":{\"@id\":\"https:\/\/bahiaeconomica.com.br\/wp\/#website\"},\"datePublished\":\"2025-08-26T12:19:08+00:00\",\"dateModified\":\"2025-08-26T12:19:08+00:00\",\"description\":\"O maior portal de Economia da Bahia MUNIC\u00cdPIOS, Pol\u00edtica Bahia Economica Vice-l\u00edder do governo na C\u00e2mara Municipal, o vereador T\u00e9o Senna (PSDB)\",\"breadcrumb\":{\"@id\":\"https:\/\/bahiaeconomica.com.br\/wp\/2025\/08\/26\/vereador-critica-incoerencia-da-oposicao-em-relacao-a-emprestimos\/#breadcrumb\"},\"inLanguage\":\"pt-BR\",\"potentialAction\":[{\"@type\":\"ReadAction\",\"target\":[\"https:\/\/bahiaeconomica.com.br\/wp\/2025\/08\/26\/vereador-critica-incoerencia-da-oposicao-em-relacao-a-emprestimos\/\"]}]},{\"@type\":\"BreadcrumbList\",\"@id\":\"https:\/\/bahiaeconomica.com.br\/wp\/2025\/08\/26\/vereador-critica-incoerencia-da-oposicao-em-relacao-a-emprestimos\/#breadcrumb\",\"itemListElement\":[{\"@type\":\"ListItem\",\"position\":1,\"name\":\"In\u00edcio\",\"item\":\"https:\/\/bahiaeconomica.com.br\/wp\/\"},{\"@type\":\"ListItem\",\"position\":2,\"name\":\"VEREADOR CRITICA INCOER\u00caNCIA DA OPOSI\u00c7\u00c3O EM RELA\u00c7\u00c3O A EMPR\u00c9STIMOS\"}]},{\"@type\":\"WebSite\",\"@id\":\"https:\/\/bahiaeconomica.com.br\/wp\/#website\",\"url\":\"https:\/\/bahiaeconomica.com.br\/wp\/\",\"name\":\"Bahia Economica\",\"description\":\"O maior portal de Economia da Bahia\",\"publisher\":{\"@id\":\"https:\/\/bahiaeconomica.com.br\/wp\/#organization\"},\"potentialAction\":[{\"@type\":\"SearchAction\",\"target\":{\"@type\":\"EntryPoint\",\"urlTemplate\":\"https:\/\/bahiaeconomica.com.br\/wp\/?s={search_term_string}\"},\"query-input\":\"required name=search_term_string\"}],\"inLanguage\":\"pt-BR\"},{\"@type\":\"Organization\",\"@id\":\"https:\/\/bahiaeconomica.com.br\/wp\/#organization\",\"name\":\"Bahia Econ\u00f4mica\",\"url\":\"https:\/\/bahiaeconomica.com.br\/wp\/\",\"logo\":{\"@type\":\"ImageObject\",\"inLanguage\":\"pt-BR\",\"@id\":\"https:\/\/bahiaeconomica.com.br\/wp\/#\/schema\/logo\/image\/\",\"url\":\"https:\/\/bahiaeconomica.com.br\/wp\/wp-content\/uploads\/2020\/12\/cropped-BE.png\",\"contentUrl\":\"https:\/\/bahiaeconomica.com.br\/wp\/wp-content\/uploads\/2020\/12\/cropped-BE.png\",\"width\":512,\"height\":512,\"caption\":\"Bahia Econ\u00f4mica\"},\"image\":{\"@id\":\"https:\/\/bahiaeconomica.com.br\/wp\/#\/schema\/logo\/image\/\"},\"sameAs\":[\"https:\/\/www.facebook.com\/bahiaeconomica\"]},{\"@type\":\"Person\",\"@id\":\"https:\/\/bahiaeconomica.com.br\/wp\/#\/schema\/person\/c86d3a3f8960425a0f9d0e5245991f4e\",\"name\":\"JP\",\"sameAs\":[\"https:\/\/bahiaeconomica.com.br\/wp\/beta\/\"],\"url\":\"https:\/\/bahiaeconomica.com.br\/wp\/author\/jp\/\"}]}<\/script>\n<!-- \/ Yoast SEO plugin. -->","yoast_head_json":{"title":"VEREADOR CRITICA INCOER\u00caNCIA DA OPOSI\u00c7\u00c3O EM RELA\u00c7\u00c3O A EMPR\u00c9STIMOS - Bahia Economica","description":"O maior portal de Economia da Bahia MUNIC\u00cdPIOS, Pol\u00edtica Bahia Economica Vice-l\u00edder do governo na C\u00e2mara Municipal, o vereador T\u00e9o Senna (PSDB)","robots":{"index":"index","follow":"follow","max-snippet":"max-snippet:-1","max-image-preview":"max-image-preview:large","max-video-preview":"max-video-preview:-1"},"canonical":"https:\/\/bahiaeconomica.com.br\/wp\/2025\/08\/26\/vereador-critica-incoerencia-da-oposicao-em-relacao-a-emprestimos\/","og_locale":"pt_BR","og_type":"article","og_title":"VEREADOR CRITICA INCOER\u00caNCIA DA OPOSI\u00c7\u00c3O EM RELA\u00c7\u00c3O A EMPR\u00c9STIMOS - Bahia Economica","og_description":"O maior portal de Economia da Bahia MUNIC\u00cdPIOS, Pol\u00edtica Bahia Economica Vice-l\u00edder do governo na C\u00e2mara Municipal, o vereador T\u00e9o Senna (PSDB)","og_url":"https:\/\/bahiaeconomica.com.br\/wp\/2025\/08\/26\/vereador-critica-incoerencia-da-oposicao-em-relacao-a-emprestimos\/","og_site_name":"Bahia Economica","article_publisher":"https:\/\/www.facebook.com\/bahiaeconomica","article_published_time":"2025-08-26T12:19:08+00:00","og_image":[{"width":1600,"height":1065,"url":"https:\/\/bahiaeconomica.com.br\/wp\/wp-content\/uploads\/2025\/08\/WhatsApp-Image-2025-08-25-at-19.34.07.jpeg","type":"image\/jpeg"}],"author":"JP","twitter_card":"summary_large_image","twitter_misc":{"Escrito por":"JP","Est. tempo de leitura":"2 minutos"},"schema":{"@context":"https:\/\/schema.org","@graph":[{"@type":"Article","@id":"https:\/\/bahiaeconomica.com.br\/wp\/2025\/08\/26\/vereador-critica-incoerencia-da-oposicao-em-relacao-a-emprestimos\/#article","isPartOf":{"@id":"https:\/\/bahiaeconomica.com.br\/wp\/2025\/08\/26\/vereador-critica-incoerencia-da-oposicao-em-relacao-a-emprestimos\/"},"author":{"name":"JP","@id":"https:\/\/bahiaeconomica.com.br\/wp\/#\/schema\/person\/c86d3a3f8960425a0f9d0e5245991f4e"},"headline":"VEREADOR CRITICA INCOER\u00caNCIA DA OPOSI\u00c7\u00c3O EM RELA\u00c7\u00c3O A EMPR\u00c9STIMOS","datePublished":"2025-08-26T12:19:08+00:00","dateModified":"2025-08-26T12:19:08+00:00","mainEntityOfPage":{"@id":"https:\/\/bahiaeconomica.com.br\/wp\/2025\/08\/26\/vereador-critica-incoerencia-da-oposicao-em-relacao-a-emprestimos\/"},"wordCount":303,"publisher":{"@id":"https:\/\/bahiaeconomica.com.br\/wp\/#organization"},"keywords":["Brasil","econmia","vereador"],"articleSection":["MUNIC\u00cdPIOS","Pol\u00edtica"],"inLanguage":"pt-BR"},{"@type":"WebPage","@id":"https:\/\/bahiaeconomica.com.br\/wp\/2025\/08\/26\/vereador-critica-incoerencia-da-oposicao-em-relacao-a-emprestimos\/","url":"https:\/\/bahiaeconomica.com.br\/wp\/2025\/08\/26\/vereador-critica-incoerencia-da-oposicao-em-relacao-a-emprestimos\/","name":"VEREADOR CRITICA INCOER\u00caNCIA DA OPOSI\u00c7\u00c3O EM RELA\u00c7\u00c3O A EMPR\u00c9STIMOS - Bahia Economica","isPartOf":{"@id":"https:\/\/bahiaeconomica.com.br\/wp\/#website"},"datePublished":"2025-08-26T12:19:08+00:00","dateModified":"2025-08-26T12:19:08+00:00","description":"O maior portal de Economia da Bahia MUNIC\u00cdPIOS, Pol\u00edtica Bahia Economica Vice-l\u00edder do governo na C\u00e2mara Municipal, o vereador T\u00e9o Senna (PSDB)","breadcrumb":{"@id":"https:\/\/bahiaeconomica.com.br\/wp\/2025\/08\/26\/vereador-critica-incoerencia-da-oposicao-em-relacao-a-emprestimos\/#breadcrumb"},"inLanguage":"pt-BR","potentialAction":[{"@type":"ReadAction","target":["https:\/\/bahiaeconomica.com.br\/wp\/2025\/08\/26\/vereador-critica-incoerencia-da-oposicao-em-relacao-a-emprestimos\/"]}]},{"@type":"BreadcrumbList","@id":"https:\/\/bahiaeconomica.com.br\/wp\/2025\/08\/26\/vereador-critica-incoerencia-da-oposicao-em-relacao-a-emprestimos\/#breadcrumb","itemListElement":[{"@type":"ListItem","position":1,"name":"In\u00edcio","item":"https:\/\/bahiaeconomica.com.br\/wp\/"},{"@type":"ListItem","position":2,"name":"VEREADOR CRITICA INCOER\u00caNCIA DA OPOSI\u00c7\u00c3O EM RELA\u00c7\u00c3O A EMPR\u00c9STIMOS"}]},{"@type":"WebSite","@id":"https:\/\/bahiaeconomica.com.br\/wp\/#website","url":"https:\/\/bahiaeconomica.com.br\/wp\/","name":"Bahia Economica","description":"O maior portal de Economia da Bahia","publisher":{"@id":"https:\/\/bahiaeconomica.com.br\/wp\/#organization"},"potentialAction":[{"@type":"SearchAction","target":{"@type":"EntryPoint","urlTemplate":"https:\/\/bahiaeconomica.com.br\/wp\/?s={search_term_string}"},"query-input":"required name=search_term_string"}],"inLanguage":"pt-BR"},{"@type":"Organization","@id":"https:\/\/bahiaeconomica.com.br\/wp\/#organization","name":"Bahia Econ\u00f4mica","url":"https:\/\/bahiaeconomica.com.br\/wp\/","logo":{"@type":"ImageObject","inLanguage":"pt-BR","@id":"https:\/\/bahiaeconomica.com.br\/wp\/#\/schema\/logo\/image\/","url":"https:\/\/bahiaeconomica.com.br\/wp\/wp-content\/uploads\/2020\/12\/cropped-BE.png","contentUrl":"https:\/\/bahiaeconomica.com.br\/wp\/wp-content\/uploads\/2020\/12\/cropped-BE.png","width":512,"height":512,"caption":"Bahia Econ\u00f4mica"},"image":{"@id":"https:\/\/bahiaeconomica.com.br\/wp\/#\/schema\/logo\/image\/"},"sameAs":["https:\/\/www.facebook.com\/bahiaeconomica"]},{"@type":"Person","@id":"https:\/\/bahiaeconomica.com.br\/wp\/#\/schema\/person\/c86d3a3f8960425a0f9d0e5245991f4e","name":"JP","sameAs":["https:\/\/bahiaeconomica.com.br\/wp\/beta\/"],"url":"https:\/\/bahiaeconomica.com.br\/wp\/author\/jp\/"}]}},"views":3,"_links":{"self":[{"href":"https:\/\/bahiaeconomica.com.br\/wp\/wp-json\/wp\/v2\/posts\/928977"}],"collection":[{"href":"https:\/\/bahiaeconomica.com.br\/wp\/wp-json\/wp\/v2\/posts"}],"about":[{"href":"https:\/\/bahiaeconomica.com.br\/wp\/wp-json\/wp\/v2\/types\/post"}],"author":[{"embeddable":true,"href":"https:\/\/bahiaeconomica.com.br\/wp\/wp-json\/wp\/v2\/users\/8"}],"replies":[{"embeddable":true,"href":"https:\/\/bahiaeconomica.com.br\/wp\/wp-json\/wp\/v2\/comments?post=928977"}],"version-history":[{"count":1,"href":"https:\/\/bahiaeconomica.com.br\/wp\/wp-json\/wp\/v2\/posts\/928977\/revisions"}],"predecessor-version":[{"id":928979,"href":"https:\/\/bahiaeconomica.com.br\/wp\/wp-json\/wp\/v2\/posts\/928977\/revisions\/928979"}],"wp:featuredmedia":[{"embeddable":true,"href":"https:\/\/bahiaeconomica.com.br\/wp\/wp-json\/wp\/v2\/media\/928978"}],"wp:attachment":[{"href":"https:\/\/bahiaeconomica.com.br\/wp\/wp-json\/wp\/v2\/media?parent=928977"}],"wp:term":[{"taxonomy":"category","embeddable":true,"href":"https:\/\/bahiaeconomica.com.br\/wp\/wp-json\/wp\/v2\/categories?post=928977"},{"taxonomy":"post_tag","embeddable":true,"href":"https:\/\/bahiaeconomica.com.br\/wp\/wp-json\/wp\/v2\/tags?post=928977"}],"curies":[{"name":"wp","href":"https:\/\/api.w.org\/{rel}","templated":true}]}}