{"id":928859,"date":"2025-08-25T18:17:06","date_gmt":"2025-08-25T21:17:06","guid":{"rendered":"https:\/\/bahiaeconomica.com.br\/wp\/?p=928859"},"modified":"2025-08-25T18:17:06","modified_gmt":"2025-08-25T21:17:06","slug":"alckmin-nova-linha-de-credito-para-industria-4-0-tera-r-10-bi-do-bndes-e-r-2-bi-do-finep","status":"publish","type":"post","link":"https:\/\/bahiaeconomica.com.br\/wp\/2025\/08\/25\/alckmin-nova-linha-de-credito-para-industria-4-0-tera-r-10-bi-do-bndes-e-r-2-bi-do-finep\/","title":{"rendered":"ALCKMIN: NOVA LINHA DE CR\u00c9DITO PARA IND\u00daSTRIA 4.0 TER\u00c1 R$ 10 BI DO BNDES E R$ 2 BI DO FINEP"},"content":{"rendered":"<section class=\"section-materia\">\n<section class=\"conteudo\">\n<article>O vice-presidente da Rep\u00fablica e ministro do Desenvolvimento, Ind\u00fastria e Com\u00e9rcio, Geraldo Alckmin, explicou, em cerim\u00f4nia fechada no Pal\u00e1cio do Planalto, nesta segunda-feira, 25, que a nova linha de cr\u00e9dito para a Ind\u00fastria 4.0 ser\u00e1 financiada com R$ 10 bilh\u00f5es do Banco Nacional de Desenvolvimento Econ\u00f4mico e Social (BNDES) e R$ 2 bilh\u00f5es do Fundo de Financiamento de Estudos de Projetos e Programas (Finep).<\/p>\n<p>Segundo o vice-presidente, o cr\u00e9dito beneficiar\u00e1 bens de capital, m\u00e1quinas e equipamentos. Na reuni\u00e3o, que contou com a presen\u00e7a do presidente da Rep\u00fablica, Luiz In\u00e1cio Lula da Silva (PT), Alckmin disse que a linha busca fazer com que a ind\u00fastria brasileira ganhe competitividade.<\/p>\n<p>\u201cIsso \u00e9 para bens de capital, ent\u00e3o m\u00e1quinas e equipamentos que v\u00e3o fazer com que a ind\u00fastria ganhe competitividade, reduza custos e modernize o parque industrial brasileiro\u201d, afirmou Alckmin.<\/p>\n<p>Alckmin declarou ainda que os juros do cr\u00e9dito ser\u00e3o de 7,5% a 8% somado ao spread, que \u00e9 diferen\u00e7a entre a porcentagem da taxa de juros cobrada em empr\u00e9stimos e a de juros paga em investimentos.<\/p>\n<p>Fonte: Estad\u00e3o Conte\u00fado<\/p>\n<p>Foto: Cadu Gomes\/VPR<\/p>\n<\/article>\n<nav class=\"post-tags\"><\/nav>\n<\/section>\n<\/section>\n<div class=\"ad-bar-footer\">\n<section data-gjs-draggable=\".main\" data-hb-provider=\"Taboola\" data-hb-type=\"ads\" data-hb-position=\"footer\">\n<div id=\"taboola-below-article-thumbnails---widget\" class=\"trc_related_container tbl-feed-container render-late-effect tbl-feed-frame-DIVIDER\" data-feed-container-num=\"1\" data-feed-main-container-id=\"taboola-below-article-thumbnails---widget\" data-parent-placement-name=\"Below Article Thumbnails - Widget\" data-pub-lang=\"pt\">\n<div class=\"tbl-feed-header tbl-logo-right-position tbl-header-with-text\">\n<div class=\"tbl-feed-header-text\"><\/div>\n<\/div>\n<\/div>\n<\/section>\n<\/div>\n","protected":false},"excerpt":{"rendered":"<p>O vice-presidente da Rep\u00fablica e ministro do Desenvolvimento, Ind\u00fastria e Com\u00e9rcio, Geraldo Alckmin, explicou, em cerim\u00f4nia fechada no Pal\u00e1cio do Planalto, nesta segunda-feira, 25, que a nova linha de cr\u00e9dito para a Ind\u00fastria 4.0 ser\u00e1 financiada com R$ 10 bilh\u00f5es do Banco Nacional de Desenvolvimento Econ\u00f4mico e Social (BNDES) e R$ 2 bilh\u00f5es do Fundo [&hellip;]<\/p>\n","protected":false},"author":24,"featured_media":928864,"comment_status":"closed","ping_status":"closed","sticky":false,"template":"","format":"standard","meta":[],"categories":[3],"tags":[490,15751],"acf":[],"yoast_head":"<!-- This site is optimized with the Yoast SEO plugin v20.8 - https:\/\/yoast.com\/wordpress\/plugins\/seo\/ -->\n<title>ALCKMIN: NOVA LINHA DE CR\u00c9DITO PARA IND\u00daSTRIA 4.0 TER\u00c1 R$ 10 BI DO BNDES E R$ 2 BI DO FINEP - Bahia Economica O vice-presidente da Rep\u00fablica e ministro do Desenvolvimento, Ind\u00fastria e Com\u00e9rcio, Geraldo Alckmin, explicou, em cerim\u00f4nia fechada no Pal\u00e1cio do Planalto, nesta segunda-feira, 25<\/title>\n<meta name=\"description\" content=\"O maior portal de Economia da Bahia ECONOMIA \/ POL\u00cdTICA Bahia Economica O vice-presidente da Rep\u00fablica e ministro do Desenvolvimento, Ind\u00fastria e Com\u00e9rcio, Geraldo Alckmin, explicou, em cerim\u00f4nia fechada no Pal\u00e1cio do Planalto, nesta segunda-feira, 25\" \/>\n<meta name=\"robots\" content=\"index, follow, max-snippet:-1, max-image-preview:large, max-video-preview:-1\" \/>\n<link rel=\"canonical\" href=\"https:\/\/bahiaeconomica.com.br\/wp\/2025\/08\/25\/alckmin-nova-linha-de-credito-para-industria-4-0-tera-r-10-bi-do-bndes-e-r-2-bi-do-finep\/\" \/>\n<meta property=\"og:locale\" content=\"pt_BR\" \/>\n<meta property=\"og:type\" content=\"article\" \/>\n<meta property=\"og:title\" content=\"ALCKMIN: NOVA LINHA DE CR\u00c9DITO PARA IND\u00daSTRIA 4.0 TER\u00c1 R$ 10 BI DO BNDES E R$ 2 BI DO FINEP - Bahia Economica O vice-presidente da Rep\u00fablica e ministro do Desenvolvimento, Ind\u00fastria e Com\u00e9rcio, Geraldo Alckmin, explicou, em cerim\u00f4nia fechada no Pal\u00e1cio do Planalto, nesta segunda-feira, 25\" \/>\n<meta property=\"og:description\" content=\"O maior portal de Economia da Bahia ECONOMIA \/ POL\u00cdTICA Bahia Economica O vice-presidente da Rep\u00fablica e ministro do Desenvolvimento, Ind\u00fastria e Com\u00e9rcio, Geraldo Alckmin, explicou, em cerim\u00f4nia fechada no Pal\u00e1cio do Planalto, nesta segunda-feira, 25\" \/>\n<meta property=\"og:url\" content=\"https:\/\/bahiaeconomica.com.br\/wp\/2025\/08\/25\/alckmin-nova-linha-de-credito-para-industria-4-0-tera-r-10-bi-do-bndes-e-r-2-bi-do-finep\/\" \/>\n<meta property=\"og:site_name\" content=\"Bahia Economica\" \/>\n<meta property=\"article:publisher\" content=\"https:\/\/www.facebook.com\/bahiaeconomica\" \/>\n<meta property=\"article:published_time\" content=\"2025-08-25T21:17:06+00:00\" \/>\n<meta property=\"og:image\" content=\"https:\/\/bahiaeconomica.com.br\/wp\/wp-content\/uploads\/2025\/08\/20250825-alckmin.webp\" \/>\n\t<meta property=\"og:image:width\" content=\"799\" \/>\n\t<meta property=\"og:image:height\" content=\"533\" \/>\n\t<meta property=\"og:image:type\" content=\"image\/webp\" \/>\n<meta name=\"author\" content=\"VICTOR OLIVEIRA\" \/>\n<meta name=\"twitter:card\" content=\"summary_large_image\" \/>\n<meta name=\"twitter:label1\" content=\"Escrito por\" \/>\n\t<meta name=\"twitter:data1\" content=\"VICTOR OLIVEIRA\" \/>\n\t<meta name=\"twitter:label2\" content=\"Est. tempo de leitura\" \/>\n\t<meta name=\"twitter:data2\" content=\"1 minuto\" \/>\n<script type=\"application\/ld+json\" class=\"yoast-schema-graph\">{\"@context\":\"https:\/\/schema.org\",\"@graph\":[{\"@type\":\"Article\",\"@id\":\"https:\/\/bahiaeconomica.com.br\/wp\/2025\/08\/25\/alckmin-nova-linha-de-credito-para-industria-4-0-tera-r-10-bi-do-bndes-e-r-2-bi-do-finep\/#article\",\"isPartOf\":{\"@id\":\"https:\/\/bahiaeconomica.com.br\/wp\/2025\/08\/25\/alckmin-nova-linha-de-credito-para-industria-4-0-tera-r-10-bi-do-bndes-e-r-2-bi-do-finep\/\"},\"author\":{\"name\":\"VICTOR OLIVEIRA\",\"@id\":\"https:\/\/bahiaeconomica.com.br\/wp\/#\/schema\/person\/a17956d0e1112b626f403fb06b8129a9\"},\"headline\":\"ALCKMIN: NOVA LINHA DE CR\u00c9DITO PARA IND\u00daSTRIA 4.0 TER\u00c1 R$ 10 BI DO BNDES E R$ 2 BI DO FINEP\",\"datePublished\":\"2025-08-25T21:17:06+00:00\",\"dateModified\":\"2025-08-25T21:17:06+00:00\",\"mainEntityOfPage\":{\"@id\":\"https:\/\/bahiaeconomica.com.br\/wp\/2025\/08\/25\/alckmin-nova-linha-de-credito-para-industria-4-0-tera-r-10-bi-do-bndes-e-r-2-bi-do-finep\/\"},\"wordCount\":217,\"publisher\":{\"@id\":\"https:\/\/bahiaeconomica.com.br\/wp\/#organization\"},\"keywords\":[\"ind\u00fastria\",\"LINHA DE CR\u00c9DITO\"],\"articleSection\":[\"ECONOMIA \/ POL\u00cdTICA\"],\"inLanguage\":\"pt-BR\"},{\"@type\":\"WebPage\",\"@id\":\"https:\/\/bahiaeconomica.com.br\/wp\/2025\/08\/25\/alckmin-nova-linha-de-credito-para-industria-4-0-tera-r-10-bi-do-bndes-e-r-2-bi-do-finep\/\",\"url\":\"https:\/\/bahiaeconomica.com.br\/wp\/2025\/08\/25\/alckmin-nova-linha-de-credito-para-industria-4-0-tera-r-10-bi-do-bndes-e-r-2-bi-do-finep\/\",\"name\":\"ALCKMIN: NOVA LINHA DE CR\u00c9DITO PARA IND\u00daSTRIA 4.0 TER\u00c1 R$ 10 BI DO BNDES E R$ 2 BI DO FINEP - Bahia Economica O vice-presidente da Rep\u00fablica e ministro do Desenvolvimento, Ind\u00fastria e Com\u00e9rcio, Geraldo Alckmin, explicou, em cerim\u00f4nia fechada no Pal\u00e1cio do Planalto, nesta segunda-feira, 25\",\"isPartOf\":{\"@id\":\"https:\/\/bahiaeconomica.com.br\/wp\/#website\"},\"datePublished\":\"2025-08-25T21:17:06+00:00\",\"dateModified\":\"2025-08-25T21:17:06+00:00\",\"description\":\"O maior portal de Economia da Bahia ECONOMIA \/ POL\u00cdTICA Bahia Economica O vice-presidente da Rep\u00fablica e ministro do Desenvolvimento, Ind\u00fastria e Com\u00e9rcio, Geraldo Alckmin, explicou, em cerim\u00f4nia fechada no Pal\u00e1cio do Planalto, nesta segunda-feira, 25\",\"breadcrumb\":{\"@id\":\"https:\/\/bahiaeconomica.com.br\/wp\/2025\/08\/25\/alckmin-nova-linha-de-credito-para-industria-4-0-tera-r-10-bi-do-bndes-e-r-2-bi-do-finep\/#breadcrumb\"},\"inLanguage\":\"pt-BR\",\"potentialAction\":[{\"@type\":\"ReadAction\",\"target\":[\"https:\/\/bahiaeconomica.com.br\/wp\/2025\/08\/25\/alckmin-nova-linha-de-credito-para-industria-4-0-tera-r-10-bi-do-bndes-e-r-2-bi-do-finep\/\"]}]},{\"@type\":\"BreadcrumbList\",\"@id\":\"https:\/\/bahiaeconomica.com.br\/wp\/2025\/08\/25\/alckmin-nova-linha-de-credito-para-industria-4-0-tera-r-10-bi-do-bndes-e-r-2-bi-do-finep\/#breadcrumb\",\"itemListElement\":[{\"@type\":\"ListItem\",\"position\":1,\"name\":\"In\u00edcio\",\"item\":\"https:\/\/bahiaeconomica.com.br\/wp\/\"},{\"@type\":\"ListItem\",\"position\":2,\"name\":\"ALCKMIN: NOVA LINHA DE CR\u00c9DITO PARA IND\u00daSTRIA 4.0 TER\u00c1 R$ 10 BI DO BNDES E R$ 2 BI DO FINEP\"}]},{\"@type\":\"WebSite\",\"@id\":\"https:\/\/bahiaeconomica.com.br\/wp\/#website\",\"url\":\"https:\/\/bahiaeconomica.com.br\/wp\/\",\"name\":\"Bahia Economica\",\"description\":\"O maior portal de Economia da Bahia\",\"publisher\":{\"@id\":\"https:\/\/bahiaeconomica.com.br\/wp\/#organization\"},\"potentialAction\":[{\"@type\":\"SearchAction\",\"target\":{\"@type\":\"EntryPoint\",\"urlTemplate\":\"https:\/\/bahiaeconomica.com.br\/wp\/?s={search_term_string}\"},\"query-input\":\"required name=search_term_string\"}],\"inLanguage\":\"pt-BR\"},{\"@type\":\"Organization\",\"@id\":\"https:\/\/bahiaeconomica.com.br\/wp\/#organization\",\"name\":\"Bahia Econ\u00f4mica\",\"url\":\"https:\/\/bahiaeconomica.com.br\/wp\/\",\"logo\":{\"@type\":\"ImageObject\",\"inLanguage\":\"pt-BR\",\"@id\":\"https:\/\/bahiaeconomica.com.br\/wp\/#\/schema\/logo\/image\/\",\"url\":\"https:\/\/bahiaeconomica.com.br\/wp\/wp-content\/uploads\/2020\/12\/cropped-BE.png\",\"contentUrl\":\"https:\/\/bahiaeconomica.com.br\/wp\/wp-content\/uploads\/2020\/12\/cropped-BE.png\",\"width\":512,\"height\":512,\"caption\":\"Bahia Econ\u00f4mica\"},\"image\":{\"@id\":\"https:\/\/bahiaeconomica.com.br\/wp\/#\/schema\/logo\/image\/\"},\"sameAs\":[\"https:\/\/www.facebook.com\/bahiaeconomica\"]},{\"@type\":\"Person\",\"@id\":\"https:\/\/bahiaeconomica.com.br\/wp\/#\/schema\/person\/a17956d0e1112b626f403fb06b8129a9\",\"name\":\"VICTOR OLIVEIRA\",\"sameAs\":[\"http:\/\/www.bahiaeconomica.com.br\"],\"url\":\"https:\/\/bahiaeconomica.com.br\/wp\/author\/victor-oliveira\/\"}]}<\/script>\n<!-- \/ Yoast SEO plugin. -->","yoast_head_json":{"title":"ALCKMIN: NOVA LINHA DE CR\u00c9DITO PARA IND\u00daSTRIA 4.0 TER\u00c1 R$ 10 BI DO BNDES E R$ 2 BI DO FINEP - Bahia Economica O vice-presidente da Rep\u00fablica e ministro do Desenvolvimento, Ind\u00fastria e Com\u00e9rcio, Geraldo Alckmin, explicou, em cerim\u00f4nia fechada no Pal\u00e1cio do Planalto, nesta segunda-feira, 25","description":"O maior portal de Economia da Bahia ECONOMIA \/ POL\u00cdTICA Bahia Economica O vice-presidente da Rep\u00fablica e ministro do Desenvolvimento, Ind\u00fastria e Com\u00e9rcio, Geraldo Alckmin, explicou, em cerim\u00f4nia fechada no Pal\u00e1cio do Planalto, nesta segunda-feira, 25","robots":{"index":"index","follow":"follow","max-snippet":"max-snippet:-1","max-image-preview":"max-image-preview:large","max-video-preview":"max-video-preview:-1"},"canonical":"https:\/\/bahiaeconomica.com.br\/wp\/2025\/08\/25\/alckmin-nova-linha-de-credito-para-industria-4-0-tera-r-10-bi-do-bndes-e-r-2-bi-do-finep\/","og_locale":"pt_BR","og_type":"article","og_title":"ALCKMIN: NOVA LINHA DE CR\u00c9DITO PARA IND\u00daSTRIA 4.0 TER\u00c1 R$ 10 BI DO BNDES E R$ 2 BI DO FINEP - Bahia Economica O vice-presidente da Rep\u00fablica e ministro do Desenvolvimento, Ind\u00fastria e Com\u00e9rcio, Geraldo Alckmin, explicou, em cerim\u00f4nia fechada no Pal\u00e1cio do Planalto, nesta segunda-feira, 25","og_description":"O maior portal de Economia da Bahia ECONOMIA \/ POL\u00cdTICA Bahia Economica O vice-presidente da Rep\u00fablica e ministro do Desenvolvimento, Ind\u00fastria e Com\u00e9rcio, Geraldo Alckmin, explicou, em cerim\u00f4nia fechada no Pal\u00e1cio do Planalto, nesta segunda-feira, 25","og_url":"https:\/\/bahiaeconomica.com.br\/wp\/2025\/08\/25\/alckmin-nova-linha-de-credito-para-industria-4-0-tera-r-10-bi-do-bndes-e-r-2-bi-do-finep\/","og_site_name":"Bahia Economica","article_publisher":"https:\/\/www.facebook.com\/bahiaeconomica","article_published_time":"2025-08-25T21:17:06+00:00","og_image":[{"width":799,"height":533,"url":"https:\/\/bahiaeconomica.com.br\/wp\/wp-content\/uploads\/2025\/08\/20250825-alckmin.webp","type":"image\/webp"}],"author":"VICTOR OLIVEIRA","twitter_card":"summary_large_image","twitter_misc":{"Escrito por":"VICTOR OLIVEIRA","Est. tempo de leitura":"1 minuto"},"schema":{"@context":"https:\/\/schema.org","@graph":[{"@type":"Article","@id":"https:\/\/bahiaeconomica.com.br\/wp\/2025\/08\/25\/alckmin-nova-linha-de-credito-para-industria-4-0-tera-r-10-bi-do-bndes-e-r-2-bi-do-finep\/#article","isPartOf":{"@id":"https:\/\/bahiaeconomica.com.br\/wp\/2025\/08\/25\/alckmin-nova-linha-de-credito-para-industria-4-0-tera-r-10-bi-do-bndes-e-r-2-bi-do-finep\/"},"author":{"name":"VICTOR OLIVEIRA","@id":"https:\/\/bahiaeconomica.com.br\/wp\/#\/schema\/person\/a17956d0e1112b626f403fb06b8129a9"},"headline":"ALCKMIN: NOVA LINHA DE CR\u00c9DITO PARA IND\u00daSTRIA 4.0 TER\u00c1 R$ 10 BI DO BNDES E R$ 2 BI DO FINEP","datePublished":"2025-08-25T21:17:06+00:00","dateModified":"2025-08-25T21:17:06+00:00","mainEntityOfPage":{"@id":"https:\/\/bahiaeconomica.com.br\/wp\/2025\/08\/25\/alckmin-nova-linha-de-credito-para-industria-4-0-tera-r-10-bi-do-bndes-e-r-2-bi-do-finep\/"},"wordCount":217,"publisher":{"@id":"https:\/\/bahiaeconomica.com.br\/wp\/#organization"},"keywords":["ind\u00fastria","LINHA DE CR\u00c9DITO"],"articleSection":["ECONOMIA \/ POL\u00cdTICA"],"inLanguage":"pt-BR"},{"@type":"WebPage","@id":"https:\/\/bahiaeconomica.com.br\/wp\/2025\/08\/25\/alckmin-nova-linha-de-credito-para-industria-4-0-tera-r-10-bi-do-bndes-e-r-2-bi-do-finep\/","url":"https:\/\/bahiaeconomica.com.br\/wp\/2025\/08\/25\/alckmin-nova-linha-de-credito-para-industria-4-0-tera-r-10-bi-do-bndes-e-r-2-bi-do-finep\/","name":"ALCKMIN: NOVA LINHA DE CR\u00c9DITO PARA IND\u00daSTRIA 4.0 TER\u00c1 R$ 10 BI DO BNDES E R$ 2 BI DO FINEP - Bahia Economica O vice-presidente da Rep\u00fablica e ministro do Desenvolvimento, Ind\u00fastria e Com\u00e9rcio, Geraldo Alckmin, explicou, em cerim\u00f4nia fechada no Pal\u00e1cio do Planalto, nesta segunda-feira, 25","isPartOf":{"@id":"https:\/\/bahiaeconomica.com.br\/wp\/#website"},"datePublished":"2025-08-25T21:17:06+00:00","dateModified":"2025-08-25T21:17:06+00:00","description":"O maior portal de Economia da Bahia ECONOMIA \/ POL\u00cdTICA Bahia Economica O vice-presidente da Rep\u00fablica e ministro do Desenvolvimento, Ind\u00fastria e Com\u00e9rcio, Geraldo Alckmin, explicou, em cerim\u00f4nia fechada no Pal\u00e1cio do Planalto, nesta segunda-feira, 25","breadcrumb":{"@id":"https:\/\/bahiaeconomica.com.br\/wp\/2025\/08\/25\/alckmin-nova-linha-de-credito-para-industria-4-0-tera-r-10-bi-do-bndes-e-r-2-bi-do-finep\/#breadcrumb"},"inLanguage":"pt-BR","potentialAction":[{"@type":"ReadAction","target":["https:\/\/bahiaeconomica.com.br\/wp\/2025\/08\/25\/alckmin-nova-linha-de-credito-para-industria-4-0-tera-r-10-bi-do-bndes-e-r-2-bi-do-finep\/"]}]},{"@type":"BreadcrumbList","@id":"https:\/\/bahiaeconomica.com.br\/wp\/2025\/08\/25\/alckmin-nova-linha-de-credito-para-industria-4-0-tera-r-10-bi-do-bndes-e-r-2-bi-do-finep\/#breadcrumb","itemListElement":[{"@type":"ListItem","position":1,"name":"In\u00edcio","item":"https:\/\/bahiaeconomica.com.br\/wp\/"},{"@type":"ListItem","position":2,"name":"ALCKMIN: NOVA LINHA DE CR\u00c9DITO PARA IND\u00daSTRIA 4.0 TER\u00c1 R$ 10 BI DO BNDES E R$ 2 BI DO FINEP"}]},{"@type":"WebSite","@id":"https:\/\/bahiaeconomica.com.br\/wp\/#website","url":"https:\/\/bahiaeconomica.com.br\/wp\/","name":"Bahia Economica","description":"O maior portal de Economia da Bahia","publisher":{"@id":"https:\/\/bahiaeconomica.com.br\/wp\/#organization"},"potentialAction":[{"@type":"SearchAction","target":{"@type":"EntryPoint","urlTemplate":"https:\/\/bahiaeconomica.com.br\/wp\/?s={search_term_string}"},"query-input":"required name=search_term_string"}],"inLanguage":"pt-BR"},{"@type":"Organization","@id":"https:\/\/bahiaeconomica.com.br\/wp\/#organization","name":"Bahia Econ\u00f4mica","url":"https:\/\/bahiaeconomica.com.br\/wp\/","logo":{"@type":"ImageObject","inLanguage":"pt-BR","@id":"https:\/\/bahiaeconomica.com.br\/wp\/#\/schema\/logo\/image\/","url":"https:\/\/bahiaeconomica.com.br\/wp\/wp-content\/uploads\/2020\/12\/cropped-BE.png","contentUrl":"https:\/\/bahiaeconomica.com.br\/wp\/wp-content\/uploads\/2020\/12\/cropped-BE.png","width":512,"height":512,"caption":"Bahia Econ\u00f4mica"},"image":{"@id":"https:\/\/bahiaeconomica.com.br\/wp\/#\/schema\/logo\/image\/"},"sameAs":["https:\/\/www.facebook.com\/bahiaeconomica"]},{"@type":"Person","@id":"https:\/\/bahiaeconomica.com.br\/wp\/#\/schema\/person\/a17956d0e1112b626f403fb06b8129a9","name":"VICTOR OLIVEIRA","sameAs":["http:\/\/www.bahiaeconomica.com.br"],"url":"https:\/\/bahiaeconomica.com.br\/wp\/author\/victor-oliveira\/"}]}},"views":15,"_links":{"self":[{"href":"https:\/\/bahiaeconomica.com.br\/wp\/wp-json\/wp\/v2\/posts\/928859"}],"collection":[{"href":"https:\/\/bahiaeconomica.com.br\/wp\/wp-json\/wp\/v2\/posts"}],"about":[{"href":"https:\/\/bahiaeconomica.com.br\/wp\/wp-json\/wp\/v2\/types\/post"}],"author":[{"embeddable":true,"href":"https:\/\/bahiaeconomica.com.br\/wp\/wp-json\/wp\/v2\/users\/24"}],"replies":[{"embeddable":true,"href":"https:\/\/bahiaeconomica.com.br\/wp\/wp-json\/wp\/v2\/comments?post=928859"}],"version-history":[{"count":1,"href":"https:\/\/bahiaeconomica.com.br\/wp\/wp-json\/wp\/v2\/posts\/928859\/revisions"}],"predecessor-version":[{"id":928865,"href":"https:\/\/bahiaeconomica.com.br\/wp\/wp-json\/wp\/v2\/posts\/928859\/revisions\/928865"}],"wp:featuredmedia":[{"embeddable":true,"href":"https:\/\/bahiaeconomica.com.br\/wp\/wp-json\/wp\/v2\/media\/928864"}],"wp:attachment":[{"href":"https:\/\/bahiaeconomica.com.br\/wp\/wp-json\/wp\/v2\/media?parent=928859"}],"wp:term":[{"taxonomy":"category","embeddable":true,"href":"https:\/\/bahiaeconomica.com.br\/wp\/wp-json\/wp\/v2\/categories?post=928859"},{"taxonomy":"post_tag","embeddable":true,"href":"https:\/\/bahiaeconomica.com.br\/wp\/wp-json\/wp\/v2\/tags?post=928859"}],"curies":[{"name":"wp","href":"https:\/\/api.w.org\/{rel}","templated":true}]}}