{"id":928351,"date":"2025-08-22T16:45:54","date_gmt":"2025-08-22T19:45:54","guid":{"rendered":"https:\/\/bahiaeconomica.com.br\/wp\/?p=928351"},"modified":"2025-08-22T16:45:54","modified_gmt":"2025-08-22T19:45:54","slug":"simm-oferece-172-vagas-para-esta-segunda-feira-25","status":"publish","type":"post","link":"https:\/\/bahiaeconomica.com.br\/wp\/2025\/08\/22\/simm-oferece-172-vagas-para-esta-segunda-feira-25\/","title":{"rendered":"SIMM OFERECE 172 VAGAS PARA ESTA SEGUNDA-FEIRA (25)"},"content":{"rendered":"<p>O Servi\u00e7o Municipal de Intermedia\u00e7\u00e3o de M\u00e3o de Obra (Simm) oferece 172 vagas de emprego e est\u00e1gio em Salvador para esta segunda-feira (25). Os candidatos dever\u00e3o acessar o site <a href=\"http:\/\/salvadordigital.salvador.ba.gov.br\/\" target=\"_blank\" rel=\"noopener noreferrer\">http:\/\/salvadordigital.salvador.ba.gov.br<\/a> para agendar o atendimento, a partir das 17h. Em caso de defici\u00eancia visual, os candidatos devem entrar em contato pelo n\u00famero (71) 3202-2005 para fazer o agendamento.<\/p>\n<p>O atendimento est\u00e1 sendo realizado de forma h\u00edbrida, ou seja, de forma presencial e remota, via WhatsApp \u2013 a escolha \u00e9 no momento do agendamento. No caso das vagas que exigem experi\u00eancia, o tempo de servi\u00e7o deve ser comprovado em carteira de trabalho<\/p>\n<p><strong>VAGAS:<\/strong><\/p>\n<p>Comprador (vaga exclusiva para o Programa Simm Mulher)<\/p>\n<p>Requisitos: Ensino superior completo em Administra\u00e7\u00e3o, Economia, Ci\u00eancias Cont\u00e1beis ou \u00e1reas afins, seis meses de experi\u00eancia, habilidade com negocia\u00e7\u00e3o, an\u00e1lise de mercado, gest\u00e3o de contratos, conhecimento financeiro e Excel avan\u00e7ado<\/p>\n<p>Sal\u00e1rio: R$4.000,00 + benef\u00edcios<\/p>\n<p>1 vaga<\/p>\n<p>Fiscal de preven\u00e7\u00e3o e perdas<\/p>\n<p>Requisitos: Ensino m\u00e9dio completo, seis meses de experi\u00eancia, curso de Vigilante atualizado<\/p>\n<p>Sal\u00e1rio: R$1.716,00 + benef\u00edcios<\/p>\n<p>10 vagas<\/p>\n<p>Auxiliar de limpeza<\/p>\n<p>Requisitos: Ensino m\u00e9dio completo, seis meses de experi\u00eancia<\/p>\n<p>Sal\u00e1rio: R$1.536,00 + benef\u00edcios<\/p>\n<p>7 vagas<\/p>\n<p>Auxiliar t\u00e9cnico de manuten\u00e7\u00e3o predial<\/p>\n<p>Requisitos: Ensino m\u00e9dio completo, seis meses de experi\u00eancia<\/p>\n<p>Sal\u00e1rio: R$1.655,50 + benef\u00edcios<\/p>\n<p>2 vagas<\/p>\n<p>Repositor de loja<\/p>\n<p>Requisitos: Ensino m\u00e9dio completo, seis meses de experi\u00eancia, ter disponibilidade para trabalhar na regi\u00e3o de Cajazeiras<\/p>\n<p>Zona: Cajazeiras<\/p>\n<p>Sal\u00e1rio: A combinar + benef\u00edcios<\/p>\n<p>2 vagas<\/p>\n<p>Auxiliar de almoxarifado<\/p>\n<p>Requisitos: Ensino m\u00e9dio completo, seis meses de experi\u00eancia<\/p>\n<p>Sal\u00e1rio: R$1.530,00 + benef\u00edcios<\/p>\n<p>1 vaga<\/p>\n<p>Auxiliar de limpeza pesada<\/p>\n<p>Requisitos: Ensino fundamental completo, seis meses de experi\u00eancia<\/p>\n<p>Sal\u00e1rio: R$1.700,00 + benef\u00edcios<\/p>\n<p>1 vaga<\/p>\n<p>Ajudante de cozinha<\/p>\n<p>Requisitos: Ensino m\u00e9dio completo, seis meses de experi\u00eancia, ter disponibilidade para trabalhar na regi\u00e3o de Cajazeiras<\/p>\n<p>Zona: Cajazeiras<\/p>\n<p>Sal\u00e1rio: A combinar + benef\u00edcios<\/p>\n<p>1 vaga<\/p>\n<p>Empacotador (vaga exclusiva para o Programa Primeiro Emprego)<\/p>\n<p>Requisitos: Ensino m\u00e9dio completo, sem experi\u00eancia, ter disponibilidade para carregar peso e trabalhar na regi\u00e3o de Cajazeiras<\/p>\n<p>Zona: Cajazeiras<\/p>\n<p>Sal\u00e1rio: A combinar + benef\u00edcios<\/p>\n<p>2 vagas<\/p>\n<p>Motorista de caminh\u00e3o<\/p>\n<p>Requisitos: Ensino m\u00e9dio completo, seis meses de experi\u00eancia, imprescind\u00edvel possuir CNH D<\/p>\n<p>Sal\u00e1rio: R$2.346,71 + benef\u00edcios<\/p>\n<p>1 vaga<\/p>\n<p>Enfermeiro<\/p>\n<p>Requisitos: Ensino superior completo, seis meses de experi\u00eancia, COREN ativo, experi\u00eancia em UTI ou emerg\u00eancia, possuir p\u00f3s-gradua\u00e7\u00e3o na \u00e1rea ou em emerg\u00eancia<\/p>\n<p>Sal\u00e1rio: R$5.002,53 + benef\u00edcios<\/p>\n<p>2 vagas<\/p>\n<p>Jardineiro<\/p>\n<p>Requisitos: Ensino m\u00e9dio completo, seis meses de experi\u00eancia<\/p>\n<p>Sal\u00e1rio: R$1.623,83 + benef\u00edcios<\/p>\n<p>1 vaga<\/p>\n<p>Consultor de vendas<\/p>\n<p>Requisitos: Ensino m\u00e9dio completo, seis meses de experi\u00eancia<\/p>\n<p>Sal\u00e1rio: A combinar + benef\u00edcios<\/p>\n<p>2 vagas<\/p>\n<p>Assistente de consult\u00f3rio m\u00e9dico (vaga exclusiva para o Programa Simm Mulher)<\/p>\n<p>Requisitos: Ensino m\u00e9dio completo, seis meses de experi\u00eancia, experi\u00eancia no suporte de exames como mapa, holter, eletrocardiograma; disponibilidade de hor\u00e1rio (manh\u00e3\/tarde\/noite); conhecimento em Sistema SMART ser\u00e1 diferencial<\/p>\n<p>Sal\u00e1rio: R$1.655,00 + benef\u00edcios<\/p>\n<p>2 vagas<\/p>\n<p>Operador de telemarketing ativo e receptivo<\/p>\n<p>Requisitos: Ensino m\u00e9dio completo, sem experi\u00eancia, boa dic\u00e7\u00e3o e inform\u00e1tica intermedi\u00e1ria<\/p>\n<p>Sal\u00e1rio: A combinar + benef\u00edcios<\/p>\n<p>50 vagas<\/p>\n<p>Auxiliar de log\u00edstica (vaga de jovem aprendiz)<\/p>\n<p>Requisitos: Ensino m\u00e9dio completo, sem experi\u00eancia, disponibilidade para carregar peso, faixa et\u00e1ria de 18 a 22 anos conforme a Lei do Aprendizado<\/p>\n<p>Sal\u00e1rio: Bolsa a combinar + transporte<\/p>\n<p>2 vagas<\/p>\n<p>Auxiliar de frente de caixa<\/p>\n<p>Requisitos: Ensino m\u00e9dio completo, seis meses de experi\u00eancia<\/p>\n<p>Sal\u00e1rio: A combinar + benef\u00edcios<\/p>\n<p>1 vaga<\/p>\n<p>Conferente de log\u00edstica (vaga de est\u00e1gio e do Programa Simm Mulher)<\/p>\n<p>Requisitos: Ensino superior incompleto em Administra\u00e7\u00e3o ou Log\u00edstica (cursando a partir do 1\u00ba semestre \u00e0 noite), sem experi\u00eancia, conhecimento em pacote Office<\/p>\n<p>Sal\u00e1rio: Bolsa a combinar + benef\u00edcios<\/p>\n<p>1 vaga<\/p>\n<p>Supervisor de limpeza<\/p>\n<p>Requisitos: Ensino m\u00e9dio completo, seis meses de experi\u00eancia<\/p>\n<p>Zona: \u00c1guas Claras, Piraj\u00e1, Val\u00e9ria, Cajazeiras ou f\u00e1cil acesso \u00e0 Esta\u00e7\u00e3o de Metr\u00f4 de \u00c1guas Claras<\/p>\n<p>Sal\u00e1rio: A combinar + benef\u00edcios<\/p>\n<p>1 vaga<\/p>\n<p>Operador de m\u00e1quina ro\u00e7adeira<\/p>\n<p>Requisitos: Ensino fundamental completo, seis meses de experi\u00eancia<\/p>\n<p>Sal\u00e1rio: R$1.592,00 + benef\u00edcios<\/p>\n<p>2 vagas<\/p>\n<p>T\u00e9cnico de refrigera\u00e7\u00e3o linha branca<\/p>\n<p>Requisitos: Ensino m\u00e9dio completo, seis meses de experi\u00eancia, CNH A ou B, possuir carro ou moto, experi\u00eancia com linha branca<\/p>\n<p>Sal\u00e1rio: Comiss\u00e3o + benef\u00edcios<\/p>\n<p>3 vagas<\/p>\n<p>Auxiliar de refrigera\u00e7\u00e3o de ar condicionado<\/p>\n<p>Requisitos: Ensino m\u00e9dio completo, seis meses de experi\u00eancia<\/p>\n<p>Sal\u00e1rio: R$1.685,96 + benef\u00edcios<\/p>\n<p>1 vaga<\/p>\n<p>Atendente de telemarketing (vaga exclusiva para o Programa Jovem Aprendiz)<\/p>\n<p>Requisitos: Ensino m\u00e9dio completo, sem experi\u00eancia, boa digita\u00e7\u00e3o, conhecimento intermedi\u00e1rio em inform\u00e1tica, residir em Salvador ou Lauro de Freitas, faixa et\u00e1ria de 18 a 21 anos conforme a Lei do Aprendizado<\/p>\n<p>Sal\u00e1rio: R$784,44 + transporte<\/p>\n<p>20 vagas<\/p>\n<p>Gar\u00e7om<\/p>\n<p>Requisitos: Ensino m\u00e9dio completo, seis meses de experi\u00eancia, disponibilidade de hor\u00e1rio<\/p>\n<p>Zona: Pernambu\u00e9s, Nordeste de Amaralina, Rio Vermelho, Vale das Pedrinhas, Boca do Rio, Patamares, Bairro da Paz, Pitua\u00e7u e Mussurunga<\/p>\n<p>Sal\u00e1rio: A combinar + benef\u00edcios<\/p>\n<p>3 vagas<\/p>\n<p>Jardineiro<\/p>\n<p>Requisitos: Ensino fundamental completo, seis meses de experi\u00eancia<\/p>\n<p>Sal\u00e1rio: R$1.592,00 + benef\u00edcios<\/p>\n<p>2 vagas<\/p>\n<p>Operador de telemarketing ativo e receptivo<\/p>\n<p>Requisitos: Ensino m\u00e9dio completo, sem experi\u00eancia, boa dic\u00e7\u00e3o, persuas\u00e3o e habilidade em vendas, conhecimento em inform\u00e1tica e digita\u00e7\u00e3o, possuir computador ou notebook para treinamento online, disponibilidade de hor\u00e1rio, f\u00e1cil acesso ao bairro do Cabula<\/p>\n<p>Zona: Cabula<\/p>\n<p>Sal\u00e1rio: A combinar + benef\u00edcios<\/p>\n<p>30 vagas<\/p>\n<p>Operador de telemarketing ativo e receptivo (vaga exclusiva para pessoas com defici\u00eancia)<\/p>\n<p>Requisitos: Ensino m\u00e9dio completo, sem experi\u00eancia, disponibilidade de hor\u00e1rio<\/p>\n<p>Sal\u00e1rio: R$1.518,00 + benef\u00edcios<\/p>\n<p>2 vagas<\/p>\n<p>Recepcionista de hospital (vaga exclusiva para pessoas com defici\u00eancia)<\/p>\n<p>Requisitos: Ensino m\u00e9dio completo, sem experi\u00eancia, disponibilidade de hor\u00e1rio<\/p>\n<p>Sal\u00e1rio: R$1.518,00 + benef\u00edcios<\/p>\n<p>3 vagas<\/p>\n<p>Auxiliar administrativo (vaga exclusiva para pessoas com defici\u00eancia)<\/p>\n<p>Requisitos: Ensino m\u00e9dio completo, sem experi\u00eancia, disponibilidade de hor\u00e1rio<\/p>\n<p>Sal\u00e1rio: R$1.518,00 + benef\u00edcios<\/p>\n<p>1 vaga<\/p>\n<p>Auxiliar financeiro (vaga exclusiva para pessoas com defici\u00eancia)<\/p>\n<p>Requisitos: Ensino m\u00e9dio completo, seis meses de experi\u00eancia<\/p>\n<p>Sal\u00e1rio: R$1.965,10 + benef\u00edcios<\/p>\n<p>1 vaga<\/p>\n<p>Ajudante de cozinha (vaga exclusiva para pessoas com defici\u00eancia)<\/p>\n<p>Requisitos: Ensino m\u00e9dio completo, seis meses de experi\u00eancia<\/p>\n<p>Sal\u00e1rio: A combinar + benef\u00edcios<\/p>\n<p>2 vagas<\/p>\n<p>Auxiliar de manuten\u00e7\u00e3o (vaga exclusiva para pessoas com defici\u00eancia)<\/p>\n<p>Requisitos: Ensino m\u00e9dio completo, seis meses de experi\u00eancia<\/p>\n<p>Sal\u00e1rio: A combinar + benef\u00edcios<\/p>\n<p>1 vaga<\/p>\n<p>Animador de eventos (vaga exclusiva para pessoas com defici\u00eancia)<\/p>\n<p>Requisitos: Ensino m\u00e9dio completo, seis meses de experi\u00eancia<\/p>\n<p>Sal\u00e1rio: A combinar + benef\u00edcios<\/p>\n<p>1 vaga<\/p>\n<p>Auxiliar de limpeza pesada (vaga exclusiva para pessoas com defici\u00eancia)<\/p>\n<p>Requisitos: Ensino fundamental completo, seis meses de experi\u00eancia<\/p>\n<p>Sal\u00e1rio: A combinar + benef\u00edcios<\/p>\n<p>1 vaga<\/p>\n<p>Steward (vaga exclusiva para pessoas com defici\u00eancia)<\/p>\n<p>Requisitos: Ensino fundamental completo, seis meses de experi\u00eancia<\/p>\n<p>Sal\u00e1rio: A combinar + benef\u00edcios<\/p>\n<p>4 vagas<\/p>\n<p>Gar\u00e7om (vaga exclusiva para pessoas com defici\u00eancia)<\/p>\n<p>Requisitos: Ensino m\u00e9dio completo, seis meses de experi\u00eancia<\/p>\n<p>Sal\u00e1rio: A combinar + benef\u00edcios<\/p>\n<p>5 vagas<\/p>\n","protected":false},"excerpt":{"rendered":"<p>O Servi\u00e7o Municipal de Intermedia\u00e7\u00e3o de M\u00e3o de Obra (Simm) oferece 172 vagas de emprego e est\u00e1gio em Salvador para esta segunda-feira (25). Os candidatos dever\u00e3o acessar o site http:\/\/salvadordigital.salvador.ba.gov.br para agendar o atendimento, a partir das 17h. Em caso de defici\u00eancia visual, os candidatos devem entrar em contato pelo n\u00famero (71) 3202-2005 para fazer [&hellip;]<\/p>\n","protected":false},"author":24,"featured_media":921274,"comment_status":"closed","ping_status":"closed","sticky":false,"template":"","format":"standard","meta":[],"categories":[8],"tags":[174,1174,1013],"acf":[],"yoast_head":"<!-- This site is optimized with the Yoast SEO plugin v20.8 - https:\/\/yoast.com\/wordpress\/plugins\/seo\/ -->\n<title>SIMM OFERECE 172 VAGAS PARA ESTA SEGUNDA-FEIRA (25) - Bahia Economica O Servi\u00e7o Municipal de Intermedia\u00e7\u00e3o de M\u00e3o de Obra (Simm) oferece 172 vagas de emprego e est\u00e1gio em Salvador para esta segunda-feira (25).<\/title>\n<meta name=\"description\" content=\"O maior portal de Economia da Bahia EMPREGOS \/ CONCURSOS Bahia Economica O Servi\u00e7o Municipal de Intermedia\u00e7\u00e3o de M\u00e3o de Obra (Simm) oferece 172 vagas de emprego e est\u00e1gio em Salvador para esta segunda-feira (25).\" \/>\n<meta name=\"robots\" content=\"index, follow, max-snippet:-1, max-image-preview:large, max-video-preview:-1\" \/>\n<link rel=\"canonical\" href=\"https:\/\/bahiaeconomica.com.br\/wp\/2025\/08\/22\/simm-oferece-172-vagas-para-esta-segunda-feira-25\/\" \/>\n<meta property=\"og:locale\" content=\"pt_BR\" \/>\n<meta property=\"og:type\" content=\"article\" \/>\n<meta property=\"og:title\" content=\"SIMM OFERECE 172 VAGAS PARA ESTA SEGUNDA-FEIRA (25) - Bahia Economica O Servi\u00e7o Municipal de Intermedia\u00e7\u00e3o de M\u00e3o de Obra (Simm) oferece 172 vagas de emprego e est\u00e1gio em Salvador para esta segunda-feira (25).\" \/>\n<meta property=\"og:description\" content=\"O maior portal de Economia da Bahia EMPREGOS \/ CONCURSOS Bahia Economica O Servi\u00e7o Municipal de Intermedia\u00e7\u00e3o de M\u00e3o de Obra (Simm) oferece 172 vagas de emprego e est\u00e1gio em Salvador para esta segunda-feira (25).\" \/>\n<meta property=\"og:url\" content=\"https:\/\/bahiaeconomica.com.br\/wp\/2025\/08\/22\/simm-oferece-172-vagas-para-esta-segunda-feira-25\/\" \/>\n<meta property=\"og:site_name\" content=\"Bahia Economica\" \/>\n<meta property=\"article:publisher\" content=\"https:\/\/www.facebook.com\/bahiaeconomica\" \/>\n<meta property=\"article:published_time\" content=\"2025-08-22T19:45:54+00:00\" \/>\n<meta property=\"og:image\" content=\"https:\/\/bahiaeconomica.com.br\/wp\/wp-content\/uploads\/2025\/07\/Confira-as-mais-de-230-vagas-oferecidas-pelo-Simm-0128913800202409300616-ScaleDownProportional.webp\" \/>\n\t<meta property=\"og:image:width\" content=\"984\" \/>\n\t<meta property=\"og:image:height\" content=\"657\" \/>\n\t<meta property=\"og:image:type\" content=\"image\/webp\" \/>\n<meta name=\"author\" content=\"VICTOR OLIVEIRA\" \/>\n<meta name=\"twitter:card\" content=\"summary_large_image\" \/>\n<meta name=\"twitter:label1\" content=\"Escrito por\" \/>\n\t<meta name=\"twitter:data1\" content=\"VICTOR OLIVEIRA\" \/>\n\t<meta name=\"twitter:label2\" content=\"Est. tempo de leitura\" \/>\n\t<meta name=\"twitter:data2\" content=\"6 minutos\" \/>\n<script type=\"application\/ld+json\" class=\"yoast-schema-graph\">{\"@context\":\"https:\/\/schema.org\",\"@graph\":[{\"@type\":\"Article\",\"@id\":\"https:\/\/bahiaeconomica.com.br\/wp\/2025\/08\/22\/simm-oferece-172-vagas-para-esta-segunda-feira-25\/#article\",\"isPartOf\":{\"@id\":\"https:\/\/bahiaeconomica.com.br\/wp\/2025\/08\/22\/simm-oferece-172-vagas-para-esta-segunda-feira-25\/\"},\"author\":{\"name\":\"VICTOR OLIVEIRA\",\"@id\":\"https:\/\/bahiaeconomica.com.br\/wp\/#\/schema\/person\/a17956d0e1112b626f403fb06b8129a9\"},\"headline\":\"SIMM OFERECE 172 VAGAS PARA ESTA SEGUNDA-FEIRA (25)\",\"datePublished\":\"2025-08-22T19:45:54+00:00\",\"dateModified\":\"2025-08-22T19:45:54+00:00\",\"mainEntityOfPage\":{\"@id\":\"https:\/\/bahiaeconomica.com.br\/wp\/2025\/08\/22\/simm-oferece-172-vagas-para-esta-segunda-feira-25\/\"},\"wordCount\":1213,\"publisher\":{\"@id\":\"https:\/\/bahiaeconomica.com.br\/wp\/#organization\"},\"keywords\":[\"emprego\",\"simm\",\"vagas\"],\"articleSection\":[\"EMPREGOS \/ CONCURSOS\"],\"inLanguage\":\"pt-BR\"},{\"@type\":\"WebPage\",\"@id\":\"https:\/\/bahiaeconomica.com.br\/wp\/2025\/08\/22\/simm-oferece-172-vagas-para-esta-segunda-feira-25\/\",\"url\":\"https:\/\/bahiaeconomica.com.br\/wp\/2025\/08\/22\/simm-oferece-172-vagas-para-esta-segunda-feira-25\/\",\"name\":\"SIMM OFERECE 172 VAGAS PARA ESTA SEGUNDA-FEIRA (25) - Bahia Economica O Servi\u00e7o Municipal de Intermedia\u00e7\u00e3o de M\u00e3o de Obra (Simm) oferece 172 vagas de emprego e est\u00e1gio em Salvador para esta segunda-feira (25).\",\"isPartOf\":{\"@id\":\"https:\/\/bahiaeconomica.com.br\/wp\/#website\"},\"datePublished\":\"2025-08-22T19:45:54+00:00\",\"dateModified\":\"2025-08-22T19:45:54+00:00\",\"description\":\"O maior portal de Economia da Bahia EMPREGOS \/ CONCURSOS Bahia Economica O Servi\u00e7o Municipal de Intermedia\u00e7\u00e3o de M\u00e3o de Obra (Simm) oferece 172 vagas de emprego e est\u00e1gio em Salvador para esta segunda-feira (25).\",\"breadcrumb\":{\"@id\":\"https:\/\/bahiaeconomica.com.br\/wp\/2025\/08\/22\/simm-oferece-172-vagas-para-esta-segunda-feira-25\/#breadcrumb\"},\"inLanguage\":\"pt-BR\",\"potentialAction\":[{\"@type\":\"ReadAction\",\"target\":[\"https:\/\/bahiaeconomica.com.br\/wp\/2025\/08\/22\/simm-oferece-172-vagas-para-esta-segunda-feira-25\/\"]}]},{\"@type\":\"BreadcrumbList\",\"@id\":\"https:\/\/bahiaeconomica.com.br\/wp\/2025\/08\/22\/simm-oferece-172-vagas-para-esta-segunda-feira-25\/#breadcrumb\",\"itemListElement\":[{\"@type\":\"ListItem\",\"position\":1,\"name\":\"In\u00edcio\",\"item\":\"https:\/\/bahiaeconomica.com.br\/wp\/\"},{\"@type\":\"ListItem\",\"position\":2,\"name\":\"SIMM OFERECE 172 VAGAS PARA ESTA SEGUNDA-FEIRA (25)\"}]},{\"@type\":\"WebSite\",\"@id\":\"https:\/\/bahiaeconomica.com.br\/wp\/#website\",\"url\":\"https:\/\/bahiaeconomica.com.br\/wp\/\",\"name\":\"Bahia Economica\",\"description\":\"O maior portal de Economia da Bahia\",\"publisher\":{\"@id\":\"https:\/\/bahiaeconomica.com.br\/wp\/#organization\"},\"potentialAction\":[{\"@type\":\"SearchAction\",\"target\":{\"@type\":\"EntryPoint\",\"urlTemplate\":\"https:\/\/bahiaeconomica.com.br\/wp\/?s={search_term_string}\"},\"query-input\":\"required name=search_term_string\"}],\"inLanguage\":\"pt-BR\"},{\"@type\":\"Organization\",\"@id\":\"https:\/\/bahiaeconomica.com.br\/wp\/#organization\",\"name\":\"Bahia Econ\u00f4mica\",\"url\":\"https:\/\/bahiaeconomica.com.br\/wp\/\",\"logo\":{\"@type\":\"ImageObject\",\"inLanguage\":\"pt-BR\",\"@id\":\"https:\/\/bahiaeconomica.com.br\/wp\/#\/schema\/logo\/image\/\",\"url\":\"https:\/\/bahiaeconomica.com.br\/wp\/wp-content\/uploads\/2020\/12\/cropped-BE.png\",\"contentUrl\":\"https:\/\/bahiaeconomica.com.br\/wp\/wp-content\/uploads\/2020\/12\/cropped-BE.png\",\"width\":512,\"height\":512,\"caption\":\"Bahia Econ\u00f4mica\"},\"image\":{\"@id\":\"https:\/\/bahiaeconomica.com.br\/wp\/#\/schema\/logo\/image\/\"},\"sameAs\":[\"https:\/\/www.facebook.com\/bahiaeconomica\"]},{\"@type\":\"Person\",\"@id\":\"https:\/\/bahiaeconomica.com.br\/wp\/#\/schema\/person\/a17956d0e1112b626f403fb06b8129a9\",\"name\":\"VICTOR OLIVEIRA\",\"sameAs\":[\"http:\/\/www.bahiaeconomica.com.br\"],\"url\":\"https:\/\/bahiaeconomica.com.br\/wp\/author\/victor-oliveira\/\"}]}<\/script>\n<!-- \/ Yoast SEO plugin. -->","yoast_head_json":{"title":"SIMM OFERECE 172 VAGAS PARA ESTA SEGUNDA-FEIRA (25) - Bahia Economica O Servi\u00e7o Municipal de Intermedia\u00e7\u00e3o de M\u00e3o de Obra (Simm) oferece 172 vagas de emprego e est\u00e1gio em Salvador para esta segunda-feira (25).","description":"O maior portal de Economia da Bahia EMPREGOS \/ CONCURSOS Bahia Economica O Servi\u00e7o Municipal de Intermedia\u00e7\u00e3o de M\u00e3o de Obra (Simm) oferece 172 vagas de emprego e est\u00e1gio em Salvador para esta segunda-feira (25).","robots":{"index":"index","follow":"follow","max-snippet":"max-snippet:-1","max-image-preview":"max-image-preview:large","max-video-preview":"max-video-preview:-1"},"canonical":"https:\/\/bahiaeconomica.com.br\/wp\/2025\/08\/22\/simm-oferece-172-vagas-para-esta-segunda-feira-25\/","og_locale":"pt_BR","og_type":"article","og_title":"SIMM OFERECE 172 VAGAS PARA ESTA SEGUNDA-FEIRA (25) - Bahia Economica O Servi\u00e7o Municipal de Intermedia\u00e7\u00e3o de M\u00e3o de Obra (Simm) oferece 172 vagas de emprego e est\u00e1gio em Salvador para esta segunda-feira (25).","og_description":"O maior portal de Economia da Bahia EMPREGOS \/ CONCURSOS Bahia Economica O Servi\u00e7o Municipal de Intermedia\u00e7\u00e3o de M\u00e3o de Obra (Simm) oferece 172 vagas de emprego e est\u00e1gio em Salvador para esta segunda-feira (25).","og_url":"https:\/\/bahiaeconomica.com.br\/wp\/2025\/08\/22\/simm-oferece-172-vagas-para-esta-segunda-feira-25\/","og_site_name":"Bahia Economica","article_publisher":"https:\/\/www.facebook.com\/bahiaeconomica","article_published_time":"2025-08-22T19:45:54+00:00","og_image":[{"width":984,"height":657,"url":"https:\/\/bahiaeconomica.com.br\/wp\/wp-content\/uploads\/2025\/07\/Confira-as-mais-de-230-vagas-oferecidas-pelo-Simm-0128913800202409300616-ScaleDownProportional.webp","type":"image\/webp"}],"author":"VICTOR OLIVEIRA","twitter_card":"summary_large_image","twitter_misc":{"Escrito por":"VICTOR OLIVEIRA","Est. tempo de leitura":"6 minutos"},"schema":{"@context":"https:\/\/schema.org","@graph":[{"@type":"Article","@id":"https:\/\/bahiaeconomica.com.br\/wp\/2025\/08\/22\/simm-oferece-172-vagas-para-esta-segunda-feira-25\/#article","isPartOf":{"@id":"https:\/\/bahiaeconomica.com.br\/wp\/2025\/08\/22\/simm-oferece-172-vagas-para-esta-segunda-feira-25\/"},"author":{"name":"VICTOR OLIVEIRA","@id":"https:\/\/bahiaeconomica.com.br\/wp\/#\/schema\/person\/a17956d0e1112b626f403fb06b8129a9"},"headline":"SIMM OFERECE 172 VAGAS PARA ESTA SEGUNDA-FEIRA (25)","datePublished":"2025-08-22T19:45:54+00:00","dateModified":"2025-08-22T19:45:54+00:00","mainEntityOfPage":{"@id":"https:\/\/bahiaeconomica.com.br\/wp\/2025\/08\/22\/simm-oferece-172-vagas-para-esta-segunda-feira-25\/"},"wordCount":1213,"publisher":{"@id":"https:\/\/bahiaeconomica.com.br\/wp\/#organization"},"keywords":["emprego","simm","vagas"],"articleSection":["EMPREGOS \/ CONCURSOS"],"inLanguage":"pt-BR"},{"@type":"WebPage","@id":"https:\/\/bahiaeconomica.com.br\/wp\/2025\/08\/22\/simm-oferece-172-vagas-para-esta-segunda-feira-25\/","url":"https:\/\/bahiaeconomica.com.br\/wp\/2025\/08\/22\/simm-oferece-172-vagas-para-esta-segunda-feira-25\/","name":"SIMM OFERECE 172 VAGAS PARA ESTA SEGUNDA-FEIRA (25) - Bahia Economica O Servi\u00e7o Municipal de Intermedia\u00e7\u00e3o de M\u00e3o de Obra (Simm) oferece 172 vagas de emprego e est\u00e1gio em Salvador para esta segunda-feira (25).","isPartOf":{"@id":"https:\/\/bahiaeconomica.com.br\/wp\/#website"},"datePublished":"2025-08-22T19:45:54+00:00","dateModified":"2025-08-22T19:45:54+00:00","description":"O maior portal de Economia da Bahia EMPREGOS \/ CONCURSOS Bahia Economica O Servi\u00e7o Municipal de Intermedia\u00e7\u00e3o de M\u00e3o de Obra (Simm) oferece 172 vagas de emprego e est\u00e1gio em Salvador para esta segunda-feira (25).","breadcrumb":{"@id":"https:\/\/bahiaeconomica.com.br\/wp\/2025\/08\/22\/simm-oferece-172-vagas-para-esta-segunda-feira-25\/#breadcrumb"},"inLanguage":"pt-BR","potentialAction":[{"@type":"ReadAction","target":["https:\/\/bahiaeconomica.com.br\/wp\/2025\/08\/22\/simm-oferece-172-vagas-para-esta-segunda-feira-25\/"]}]},{"@type":"BreadcrumbList","@id":"https:\/\/bahiaeconomica.com.br\/wp\/2025\/08\/22\/simm-oferece-172-vagas-para-esta-segunda-feira-25\/#breadcrumb","itemListElement":[{"@type":"ListItem","position":1,"name":"In\u00edcio","item":"https:\/\/bahiaeconomica.com.br\/wp\/"},{"@type":"ListItem","position":2,"name":"SIMM OFERECE 172 VAGAS PARA ESTA SEGUNDA-FEIRA (25)"}]},{"@type":"WebSite","@id":"https:\/\/bahiaeconomica.com.br\/wp\/#website","url":"https:\/\/bahiaeconomica.com.br\/wp\/","name":"Bahia Economica","description":"O maior portal de Economia da Bahia","publisher":{"@id":"https:\/\/bahiaeconomica.com.br\/wp\/#organization"},"potentialAction":[{"@type":"SearchAction","target":{"@type":"EntryPoint","urlTemplate":"https:\/\/bahiaeconomica.com.br\/wp\/?s={search_term_string}"},"query-input":"required name=search_term_string"}],"inLanguage":"pt-BR"},{"@type":"Organization","@id":"https:\/\/bahiaeconomica.com.br\/wp\/#organization","name":"Bahia Econ\u00f4mica","url":"https:\/\/bahiaeconomica.com.br\/wp\/","logo":{"@type":"ImageObject","inLanguage":"pt-BR","@id":"https:\/\/bahiaeconomica.com.br\/wp\/#\/schema\/logo\/image\/","url":"https:\/\/bahiaeconomica.com.br\/wp\/wp-content\/uploads\/2020\/12\/cropped-BE.png","contentUrl":"https:\/\/bahiaeconomica.com.br\/wp\/wp-content\/uploads\/2020\/12\/cropped-BE.png","width":512,"height":512,"caption":"Bahia Econ\u00f4mica"},"image":{"@id":"https:\/\/bahiaeconomica.com.br\/wp\/#\/schema\/logo\/image\/"},"sameAs":["https:\/\/www.facebook.com\/bahiaeconomica"]},{"@type":"Person","@id":"https:\/\/bahiaeconomica.com.br\/wp\/#\/schema\/person\/a17956d0e1112b626f403fb06b8129a9","name":"VICTOR OLIVEIRA","sameAs":["http:\/\/www.bahiaeconomica.com.br"],"url":"https:\/\/bahiaeconomica.com.br\/wp\/author\/victor-oliveira\/"}]}},"views":1173,"_links":{"self":[{"href":"https:\/\/bahiaeconomica.com.br\/wp\/wp-json\/wp\/v2\/posts\/928351"}],"collection":[{"href":"https:\/\/bahiaeconomica.com.br\/wp\/wp-json\/wp\/v2\/posts"}],"about":[{"href":"https:\/\/bahiaeconomica.com.br\/wp\/wp-json\/wp\/v2\/types\/post"}],"author":[{"embeddable":true,"href":"https:\/\/bahiaeconomica.com.br\/wp\/wp-json\/wp\/v2\/users\/24"}],"replies":[{"embeddable":true,"href":"https:\/\/bahiaeconomica.com.br\/wp\/wp-json\/wp\/v2\/comments?post=928351"}],"version-history":[{"count":1,"href":"https:\/\/bahiaeconomica.com.br\/wp\/wp-json\/wp\/v2\/posts\/928351\/revisions"}],"predecessor-version":[{"id":928355,"href":"https:\/\/bahiaeconomica.com.br\/wp\/wp-json\/wp\/v2\/posts\/928351\/revisions\/928355"}],"wp:featuredmedia":[{"embeddable":true,"href":"https:\/\/bahiaeconomica.com.br\/wp\/wp-json\/wp\/v2\/media\/921274"}],"wp:attachment":[{"href":"https:\/\/bahiaeconomica.com.br\/wp\/wp-json\/wp\/v2\/media?parent=928351"}],"wp:term":[{"taxonomy":"category","embeddable":true,"href":"https:\/\/bahiaeconomica.com.br\/wp\/wp-json\/wp\/v2\/categories?post=928351"},{"taxonomy":"post_tag","embeddable":true,"href":"https:\/\/bahiaeconomica.com.br\/wp\/wp-json\/wp\/v2\/tags?post=928351"}],"curies":[{"name":"wp","href":"https:\/\/api.w.org\/{rel}","templated":true}]}}