{"id":928253,"date":"2025-08-22T14:21:32","date_gmt":"2025-08-22T17:21:32","guid":{"rendered":"https:\/\/bahiaeconomica.com.br\/wp\/?p=928253"},"modified":"2025-08-22T14:21:32","modified_gmt":"2025-08-22T17:21:32","slug":"valdemar-diz-que-pl-vai-acatar-qualquer-nome-escolhido-por-bolsonaro-a-presidencia","status":"publish","type":"post","link":"https:\/\/bahiaeconomica.com.br\/wp\/2025\/08\/22\/valdemar-diz-que-pl-vai-acatar-qualquer-nome-escolhido-por-bolsonaro-a-presidencia\/","title":{"rendered":"VALDEMAR DIZ QUE PL VAI ACATAR QUALQUER NOME ESCOLHIDO POR BOLSONARO \u00c0 PRESID\u00caNCIA"},"content":{"rendered":"<p>O presidente nacional do PL, Valdemar Costa Neto, afirmou na manh\u00e3 desta sexta-feira, 22, que o PL vai aceitar qualquer que seja o nome escolhido pelo ex-presidente Jair Bolsonaro (PL) para a disputa \u00e0 Presid\u00eancia no ano que vem. O cacique partid\u00e1rio minimizou as cr\u00edticas do deputado federal Eduardo Bolsonaro (PL-RJ) e do vereador do Rio Carlos Bolsonaro (PL) aos governadores de direita e disse que \u201c\u00e9 natural\u201d os filhos ficarem nervosos e desesperados com o \u201cestado do pai\u201d.<\/p>\n<p>\u201cO nome que o Bolsonaro escolher n\u00f3s vamos aceitar no partido. Nunca faltei com a minha palavra com ningu\u00e9m. Depois da escolha do Tarc\u00edsio, \u00e9 dif\u00edcil discutir o nome com Bolsonaro. Se elegeu governador e \u00e9 muito bem avaliado. Eu n\u00e3o tenho tend\u00eancia a nenhum candidato. O que ele escolher ser\u00e1 candidato\u201d, afirmou Valdemar no 24\u00ba F\u00f3rum Empresarial Lide no Rio de Janeiro.<\/p>\n<p>Valdemar Costa Neto evitou comentar sobre o indiciamento do ex-presidente e de Eduardo Bolsonaro pela Pol\u00edcia Federal pelos crimes de coa\u00e7\u00e3o no curso do processo e aboli\u00e7\u00e3o do Estado Democr\u00e1tico de Direito por tentar interferir no julgamento da a\u00e7\u00e3o penal do golpe, em tramita\u00e7\u00e3o no Supremo Tribunal Federal (STF). Segundo o l\u00edder do PL, \u201cBolsonaro \u00e9 uma pessoa honesta\u201d.<\/p>\n<p>Menos de uma semana depois de Carlos Bolsonaro dizer que os chamados \u201cgovernadores democr\u00e1ticos\u201d se comportam \u201ccomo ratos\u201d, em uma cr\u00edtica aos governadores de direita, Valdemar minimizou as cr\u00edticas. Segundo o presidente do PL, \u201c\u00e9 natural\u201d o desespero dos filhos diante do \u201cestado do pai\u201d. O texto de Carlos foi compartilhado por Eduardo.<\/p>\n<p>\u201c\u00c0s vezes, n\u00f3s nos deparamos com problemas, \u00e0s vezes da fam\u00edlia, algum desentendimento, porque \u00e9 muito duro voc\u00ea ver o teu pai sofrer dessa maneira, como por exemplo, aconteceu essa semana passada. Fizeram uma cr\u00edtica grande aos candidatos que est\u00e3o se colocando como candidatos \u00e0 Presid\u00eancia da Rep\u00fablica. Todos s\u00e3o parceiros nossos, todos s\u00e3o os melhores aprovados no Brasil. Acontece que \u00e0s vezes um filho, como aconteceu semana passada, v\u00ea o pai naquele estado e se desespera, fica nervoso, e \u00e9 natural porque a gente tem que preservar e tem que defender nossas fam\u00edlias\u201d, disse.<\/p>\n<p>Valdemar afirmou ainda que n\u00e3o descarta uma candidatura de Bolsonaro \u00e0 Presid\u00eancia e compara a situa\u00e7\u00e3o do ex-presidente \u00e0 do presidente Luiz In\u00e1cio Lula da Silva, que ficou preso por 580 dias no Paran\u00e1 em meio aos julgamentos de casos de corrup\u00e7\u00e3o.<\/p>\n<p>\u201cEstamos atravessando esses problemas, mas vamos solucionar e, no fim, vai dar tudo certo. N\u00f3s vamos estar na elei\u00e7\u00e3o. Eu tenho esperan\u00e7a ainda do Bolsonaro ser candidato \u00e0 Presid\u00eancia da Rep\u00fablica. Quem diria que o Lula, que ficou 580 dias preso no Paran\u00e1, ia ser candidato a presidente? Foi candidato a presidente e ainda ganhou. Quer dizer, tudo pode acontecer\u201d, disse.<\/p>\n<p>Tr\u00eas dos governadores cotados para disputar a Presid\u00eancia em 2026 no campo da direita evitaram comentar os ataques da fam\u00edlia Bolsonaro. Ratinho J\u00fanior (PSD), do Paran\u00e1, Romeu Zema (Novo), de Minas Gerais, e Eduardo Leite (PSD), do Rio Grande do Sul, pregaram a uni\u00e3o, nesta ter\u00e7a-feira, 19.<\/p>\n<p><strong>Candidatura de Michelle Bolsonaro<\/strong><\/p>\n<p>Ao ser questionado se avalia o nome da ex-primeira-dama Michelle Bolsonaro como candidato \u00e0 Presid\u00eancia, Valdemar afirmou que ela \u201cest\u00e1 bombando\u201d e que o PL tem tr\u00eas candidatos que superam o presidente Lula nas pesquisas de inten\u00e7\u00e3o de voto.<\/p>\n<p>\u201cA Michelle est\u00e1 bombando. N\u00f3s temos tr\u00eas candidatos que, nas pesquisas, superam o Lula. Bolsonaro, Michelle e Tarc\u00edsio\u201d, finalizou.<\/p>\n<p><strong>Lula lidera<\/strong><\/p>\n<p>Pesquisa Genial\/Quaest divulgada nesta quinta-feira, 21, mostra que Lula ampliou a vantagem sobre candidatos da direita em simula\u00e7\u00f5es de segundo turno para as elei\u00e7\u00f5es de 2026.<\/p>\n<p>Foram avaliados os governadores Eduardo Leite (PSD), do Rio Grande do Sul; Ratinho Jr. (PSD), do Paran\u00e1; Romeu Zema (Novo), de Minas Gerais; Ronaldo Caiado (Uni\u00e3o), de Goi\u00e1s; e Tarc\u00edsio de Freitas (Republicanos), de S\u00e3o Paulo. O instituto tamb\u00e9m incluiu quatro integrantes da fam\u00edlia Bolsonaro: o ex-presidente Jair, a ex-primeira-dama Michelle, al\u00e9m dos filhos Eduardo e Fl\u00e1vio, todos filiados ao PL.<\/p>\n<p>Entre os nomes da direita, Tarc\u00edsio apresenta numericamente o melhor desempenho em um eventual segundo turno contra Lula. Segundo a pesquisa, o governador paulista soma 35% das inten\u00e7\u00f5es de voto, contra 43% do presidente \u2013 diferen\u00e7a de 8 pontos porcentuais.<\/p>\n<p>A pesquisa mostrou ainda que Lula melhora o desempenho contra a fam\u00edlia Bolsonaro. Num eventual segundo turno contra Jair Bolsonaro \u2013 cen\u00e1rio improv\u00e1vel, j\u00e1 que ele est\u00e1 ineleg\u00edvel -, o petista registra 47% das inten\u00e7\u00f5es de voto, contra 35% do ex-presidente. O mesmo percentual \u00e9 mantido contra Michelle e Eduardo Bolsonaro: enquanto Lula soma 47%, a ex-primeira-dama aparece com 34% e o deputado federal licenciado, com 32%.<\/p>\n<p>Fonte: Estad\u00e3o Conte\u00fado<\/p>\n<div class=\"box-article-wrap destaque\">Foto: Beto Barata\/ PL via Reuters<\/div>\n<div class=\"d-flex f-column justify-space-between mt-1\">\n<div class=\"social-single-container\">\n<div class=\"redes-sociais-wrap single-social d-flex sm-row f-row social-sticky\"><\/div>\n<\/div>\n<div class=\"ads-center\">\n<div class=\"banner-full-wrap\">\n<div id=\"adid-subtopo_1\" class=\"banner-full-item ad-bg\" data-google-query-id=\"CMmbzMv2no8DFa-HYQYd6CYRnw\"><\/div>\n<\/div>\n<\/div>\n<\/div>\n","protected":false},"excerpt":{"rendered":"<p>O presidente nacional do PL, Valdemar Costa Neto, afirmou na manh\u00e3 desta sexta-feira, 22, que o PL vai aceitar qualquer que seja o nome escolhido pelo ex-presidente Jair Bolsonaro (PL) para a disputa \u00e0 Presid\u00eancia no ano que vem. O cacique partid\u00e1rio minimizou as cr\u00edticas do deputado federal Eduardo Bolsonaro (PL-RJ) e do vereador do [&hellip;]<\/p>\n","protected":false},"author":24,"featured_media":928257,"comment_status":"closed","ping_status":"closed","sticky":false,"template":"","format":"standard","meta":[],"categories":[14601],"tags":[95,1852,3080,158],"acf":[],"yoast_head":"<!-- This site is optimized with the Yoast SEO plugin v20.8 - https:\/\/yoast.com\/wordpress\/plugins\/seo\/ -->\n<title>VALDEMAR DIZ QUE PL VAI ACATAR QUALQUER NOME ESCOLHIDO POR BOLSONARO \u00c0 PRESID\u00caNCIA - Bahia Economica O presidente nacional do PL, Valdemar Costa Neto, afirmou na manh\u00e3 desta sexta-feira, 22, que o PL vai aceitar qualquer que seja o nome escolhido pelo ex-presidente Jair Bolsonaro (PL) para a disputa \u00e0 Presid\u00eancia no ano que vem.<\/title>\n<meta name=\"description\" content=\"O maior portal de Economia da Bahia Pol\u00edtica Bahia Economica O presidente nacional do PL, Valdemar Costa Neto, afirmou na manh\u00e3 desta sexta-feira, 22, que o PL vai aceitar qualquer que seja o nome escolhido pelo ex-presidente Jair Bolsonaro (PL) para a disputa \u00e0 Presid\u00eancia no ano que vem.\" \/>\n<meta name=\"robots\" content=\"index, follow, max-snippet:-1, max-image-preview:large, max-video-preview:-1\" \/>\n<link rel=\"canonical\" href=\"https:\/\/bahiaeconomica.com.br\/wp\/2025\/08\/22\/valdemar-diz-que-pl-vai-acatar-qualquer-nome-escolhido-por-bolsonaro-a-presidencia\/\" \/>\n<meta property=\"og:locale\" content=\"pt_BR\" \/>\n<meta property=\"og:type\" content=\"article\" \/>\n<meta property=\"og:title\" content=\"VALDEMAR DIZ QUE PL VAI ACATAR QUALQUER NOME ESCOLHIDO POR BOLSONARO \u00c0 PRESID\u00caNCIA - Bahia Economica O presidente nacional do PL, Valdemar Costa Neto, afirmou na manh\u00e3 desta sexta-feira, 22, que o PL vai aceitar qualquer que seja o nome escolhido pelo ex-presidente Jair Bolsonaro (PL) para a disputa \u00e0 Presid\u00eancia no ano que vem.\" \/>\n<meta property=\"og:description\" content=\"O maior portal de Economia da Bahia Pol\u00edtica Bahia Economica O presidente nacional do PL, Valdemar Costa Neto, afirmou na manh\u00e3 desta sexta-feira, 22, que o PL vai aceitar qualquer que seja o nome escolhido pelo ex-presidente Jair Bolsonaro (PL) para a disputa \u00e0 Presid\u00eancia no ano que vem.\" \/>\n<meta property=\"og:url\" content=\"https:\/\/bahiaeconomica.com.br\/wp\/2025\/08\/22\/valdemar-diz-que-pl-vai-acatar-qualquer-nome-escolhido-por-bolsonaro-a-presidencia\/\" \/>\n<meta property=\"og:site_name\" content=\"Bahia Economica\" \/>\n<meta property=\"article:publisher\" content=\"https:\/\/www.facebook.com\/bahiaeconomica\" \/>\n<meta property=\"article:published_time\" content=\"2025-08-22T17:21:32+00:00\" \/>\n<meta property=\"og:image\" content=\"https:\/\/bahiaeconomica.com.br\/wp\/wp-content\/uploads\/2025\/08\/Valdemar.webp\" \/>\n\t<meta property=\"og:image:width\" content=\"786\" \/>\n\t<meta property=\"og:image:height\" content=\"442\" \/>\n\t<meta property=\"og:image:type\" content=\"image\/webp\" \/>\n<meta name=\"author\" content=\"VICTOR OLIVEIRA\" \/>\n<meta name=\"twitter:card\" content=\"summary_large_image\" \/>\n<meta name=\"twitter:label1\" content=\"Escrito por\" \/>\n\t<meta name=\"twitter:data1\" content=\"VICTOR OLIVEIRA\" \/>\n\t<meta name=\"twitter:label2\" content=\"Est. tempo de leitura\" \/>\n\t<meta name=\"twitter:data2\" content=\"5 minutos\" \/>\n<script type=\"application\/ld+json\" class=\"yoast-schema-graph\">{\"@context\":\"https:\/\/schema.org\",\"@graph\":[{\"@type\":\"Article\",\"@id\":\"https:\/\/bahiaeconomica.com.br\/wp\/2025\/08\/22\/valdemar-diz-que-pl-vai-acatar-qualquer-nome-escolhido-por-bolsonaro-a-presidencia\/#article\",\"isPartOf\":{\"@id\":\"https:\/\/bahiaeconomica.com.br\/wp\/2025\/08\/22\/valdemar-diz-que-pl-vai-acatar-qualquer-nome-escolhido-por-bolsonaro-a-presidencia\/\"},\"author\":{\"name\":\"VICTOR OLIVEIRA\",\"@id\":\"https:\/\/bahiaeconomica.com.br\/wp\/#\/schema\/person\/a17956d0e1112b626f403fb06b8129a9\"},\"headline\":\"VALDEMAR DIZ QUE PL VAI ACATAR QUALQUER NOME ESCOLHIDO POR BOLSONARO \u00c0 PRESID\u00caNCIA\",\"datePublished\":\"2025-08-22T17:21:32+00:00\",\"dateModified\":\"2025-08-22T17:21:32+00:00\",\"mainEntityOfPage\":{\"@id\":\"https:\/\/bahiaeconomica.com.br\/wp\/2025\/08\/22\/valdemar-diz-que-pl-vai-acatar-qualquer-nome-escolhido-por-bolsonaro-a-presidencia\/\"},\"wordCount\":819,\"publisher\":{\"@id\":\"https:\/\/bahiaeconomica.com.br\/wp\/#organization\"},\"keywords\":[\"Bolsonaro\",\"eleicao\",\"indica\u00e7\u00e3o\",\"PL\"],\"articleSection\":[\"Pol\u00edtica\"],\"inLanguage\":\"pt-BR\"},{\"@type\":\"WebPage\",\"@id\":\"https:\/\/bahiaeconomica.com.br\/wp\/2025\/08\/22\/valdemar-diz-que-pl-vai-acatar-qualquer-nome-escolhido-por-bolsonaro-a-presidencia\/\",\"url\":\"https:\/\/bahiaeconomica.com.br\/wp\/2025\/08\/22\/valdemar-diz-que-pl-vai-acatar-qualquer-nome-escolhido-por-bolsonaro-a-presidencia\/\",\"name\":\"VALDEMAR DIZ QUE PL VAI ACATAR QUALQUER NOME ESCOLHIDO POR BOLSONARO \u00c0 PRESID\u00caNCIA - Bahia Economica O presidente nacional do PL, Valdemar Costa Neto, afirmou na manh\u00e3 desta sexta-feira, 22, que o PL vai aceitar qualquer que seja o nome escolhido pelo ex-presidente Jair Bolsonaro (PL) para a disputa \u00e0 Presid\u00eancia no ano que vem.\",\"isPartOf\":{\"@id\":\"https:\/\/bahiaeconomica.com.br\/wp\/#website\"},\"datePublished\":\"2025-08-22T17:21:32+00:00\",\"dateModified\":\"2025-08-22T17:21:32+00:00\",\"description\":\"O maior portal de Economia da Bahia Pol\u00edtica Bahia Economica O presidente nacional do PL, Valdemar Costa Neto, afirmou na manh\u00e3 desta sexta-feira, 22, que o PL vai aceitar qualquer que seja o nome escolhido pelo ex-presidente Jair Bolsonaro (PL) para a disputa \u00e0 Presid\u00eancia no ano que vem.\",\"breadcrumb\":{\"@id\":\"https:\/\/bahiaeconomica.com.br\/wp\/2025\/08\/22\/valdemar-diz-que-pl-vai-acatar-qualquer-nome-escolhido-por-bolsonaro-a-presidencia\/#breadcrumb\"},\"inLanguage\":\"pt-BR\",\"potentialAction\":[{\"@type\":\"ReadAction\",\"target\":[\"https:\/\/bahiaeconomica.com.br\/wp\/2025\/08\/22\/valdemar-diz-que-pl-vai-acatar-qualquer-nome-escolhido-por-bolsonaro-a-presidencia\/\"]}]},{\"@type\":\"BreadcrumbList\",\"@id\":\"https:\/\/bahiaeconomica.com.br\/wp\/2025\/08\/22\/valdemar-diz-que-pl-vai-acatar-qualquer-nome-escolhido-por-bolsonaro-a-presidencia\/#breadcrumb\",\"itemListElement\":[{\"@type\":\"ListItem\",\"position\":1,\"name\":\"In\u00edcio\",\"item\":\"https:\/\/bahiaeconomica.com.br\/wp\/\"},{\"@type\":\"ListItem\",\"position\":2,\"name\":\"VALDEMAR DIZ QUE PL VAI ACATAR QUALQUER NOME ESCOLHIDO POR BOLSONARO \u00c0 PRESID\u00caNCIA\"}]},{\"@type\":\"WebSite\",\"@id\":\"https:\/\/bahiaeconomica.com.br\/wp\/#website\",\"url\":\"https:\/\/bahiaeconomica.com.br\/wp\/\",\"name\":\"Bahia Economica\",\"description\":\"O maior portal de Economia da Bahia\",\"publisher\":{\"@id\":\"https:\/\/bahiaeconomica.com.br\/wp\/#organization\"},\"potentialAction\":[{\"@type\":\"SearchAction\",\"target\":{\"@type\":\"EntryPoint\",\"urlTemplate\":\"https:\/\/bahiaeconomica.com.br\/wp\/?s={search_term_string}\"},\"query-input\":\"required name=search_term_string\"}],\"inLanguage\":\"pt-BR\"},{\"@type\":\"Organization\",\"@id\":\"https:\/\/bahiaeconomica.com.br\/wp\/#organization\",\"name\":\"Bahia Econ\u00f4mica\",\"url\":\"https:\/\/bahiaeconomica.com.br\/wp\/\",\"logo\":{\"@type\":\"ImageObject\",\"inLanguage\":\"pt-BR\",\"@id\":\"https:\/\/bahiaeconomica.com.br\/wp\/#\/schema\/logo\/image\/\",\"url\":\"https:\/\/bahiaeconomica.com.br\/wp\/wp-content\/uploads\/2020\/12\/cropped-BE.png\",\"contentUrl\":\"https:\/\/bahiaeconomica.com.br\/wp\/wp-content\/uploads\/2020\/12\/cropped-BE.png\",\"width\":512,\"height\":512,\"caption\":\"Bahia Econ\u00f4mica\"},\"image\":{\"@id\":\"https:\/\/bahiaeconomica.com.br\/wp\/#\/schema\/logo\/image\/\"},\"sameAs\":[\"https:\/\/www.facebook.com\/bahiaeconomica\"]},{\"@type\":\"Person\",\"@id\":\"https:\/\/bahiaeconomica.com.br\/wp\/#\/schema\/person\/a17956d0e1112b626f403fb06b8129a9\",\"name\":\"VICTOR OLIVEIRA\",\"sameAs\":[\"http:\/\/www.bahiaeconomica.com.br\"],\"url\":\"https:\/\/bahiaeconomica.com.br\/wp\/author\/victor-oliveira\/\"}]}<\/script>\n<!-- \/ Yoast SEO plugin. -->","yoast_head_json":{"title":"VALDEMAR DIZ QUE PL VAI ACATAR QUALQUER NOME ESCOLHIDO POR BOLSONARO \u00c0 PRESID\u00caNCIA - Bahia Economica O presidente nacional do PL, Valdemar Costa Neto, afirmou na manh\u00e3 desta sexta-feira, 22, que o PL vai aceitar qualquer que seja o nome escolhido pelo ex-presidente Jair Bolsonaro (PL) para a disputa \u00e0 Presid\u00eancia no ano que vem.","description":"O maior portal de Economia da Bahia Pol\u00edtica Bahia Economica O presidente nacional do PL, Valdemar Costa Neto, afirmou na manh\u00e3 desta sexta-feira, 22, que o PL vai aceitar qualquer que seja o nome escolhido pelo ex-presidente Jair Bolsonaro (PL) para a disputa \u00e0 Presid\u00eancia no ano que vem.","robots":{"index":"index","follow":"follow","max-snippet":"max-snippet:-1","max-image-preview":"max-image-preview:large","max-video-preview":"max-video-preview:-1"},"canonical":"https:\/\/bahiaeconomica.com.br\/wp\/2025\/08\/22\/valdemar-diz-que-pl-vai-acatar-qualquer-nome-escolhido-por-bolsonaro-a-presidencia\/","og_locale":"pt_BR","og_type":"article","og_title":"VALDEMAR DIZ QUE PL VAI ACATAR QUALQUER NOME ESCOLHIDO POR BOLSONARO \u00c0 PRESID\u00caNCIA - Bahia Economica O presidente nacional do PL, Valdemar Costa Neto, afirmou na manh\u00e3 desta sexta-feira, 22, que o PL vai aceitar qualquer que seja o nome escolhido pelo ex-presidente Jair Bolsonaro (PL) para a disputa \u00e0 Presid\u00eancia no ano que vem.","og_description":"O maior portal de Economia da Bahia Pol\u00edtica Bahia Economica O presidente nacional do PL, Valdemar Costa Neto, afirmou na manh\u00e3 desta sexta-feira, 22, que o PL vai aceitar qualquer que seja o nome escolhido pelo ex-presidente Jair Bolsonaro (PL) para a disputa \u00e0 Presid\u00eancia no ano que vem.","og_url":"https:\/\/bahiaeconomica.com.br\/wp\/2025\/08\/22\/valdemar-diz-que-pl-vai-acatar-qualquer-nome-escolhido-por-bolsonaro-a-presidencia\/","og_site_name":"Bahia Economica","article_publisher":"https:\/\/www.facebook.com\/bahiaeconomica","article_published_time":"2025-08-22T17:21:32+00:00","og_image":[{"width":786,"height":442,"url":"https:\/\/bahiaeconomica.com.br\/wp\/wp-content\/uploads\/2025\/08\/Valdemar.webp","type":"image\/webp"}],"author":"VICTOR OLIVEIRA","twitter_card":"summary_large_image","twitter_misc":{"Escrito por":"VICTOR OLIVEIRA","Est. tempo de leitura":"5 minutos"},"schema":{"@context":"https:\/\/schema.org","@graph":[{"@type":"Article","@id":"https:\/\/bahiaeconomica.com.br\/wp\/2025\/08\/22\/valdemar-diz-que-pl-vai-acatar-qualquer-nome-escolhido-por-bolsonaro-a-presidencia\/#article","isPartOf":{"@id":"https:\/\/bahiaeconomica.com.br\/wp\/2025\/08\/22\/valdemar-diz-que-pl-vai-acatar-qualquer-nome-escolhido-por-bolsonaro-a-presidencia\/"},"author":{"name":"VICTOR OLIVEIRA","@id":"https:\/\/bahiaeconomica.com.br\/wp\/#\/schema\/person\/a17956d0e1112b626f403fb06b8129a9"},"headline":"VALDEMAR DIZ QUE PL VAI ACATAR QUALQUER NOME ESCOLHIDO POR BOLSONARO \u00c0 PRESID\u00caNCIA","datePublished":"2025-08-22T17:21:32+00:00","dateModified":"2025-08-22T17:21:32+00:00","mainEntityOfPage":{"@id":"https:\/\/bahiaeconomica.com.br\/wp\/2025\/08\/22\/valdemar-diz-que-pl-vai-acatar-qualquer-nome-escolhido-por-bolsonaro-a-presidencia\/"},"wordCount":819,"publisher":{"@id":"https:\/\/bahiaeconomica.com.br\/wp\/#organization"},"keywords":["Bolsonaro","eleicao","indica\u00e7\u00e3o","PL"],"articleSection":["Pol\u00edtica"],"inLanguage":"pt-BR"},{"@type":"WebPage","@id":"https:\/\/bahiaeconomica.com.br\/wp\/2025\/08\/22\/valdemar-diz-que-pl-vai-acatar-qualquer-nome-escolhido-por-bolsonaro-a-presidencia\/","url":"https:\/\/bahiaeconomica.com.br\/wp\/2025\/08\/22\/valdemar-diz-que-pl-vai-acatar-qualquer-nome-escolhido-por-bolsonaro-a-presidencia\/","name":"VALDEMAR DIZ QUE PL VAI ACATAR QUALQUER NOME ESCOLHIDO POR BOLSONARO \u00c0 PRESID\u00caNCIA - Bahia Economica O presidente nacional do PL, Valdemar Costa Neto, afirmou na manh\u00e3 desta sexta-feira, 22, que o PL vai aceitar qualquer que seja o nome escolhido pelo ex-presidente Jair Bolsonaro (PL) para a disputa \u00e0 Presid\u00eancia no ano que vem.","isPartOf":{"@id":"https:\/\/bahiaeconomica.com.br\/wp\/#website"},"datePublished":"2025-08-22T17:21:32+00:00","dateModified":"2025-08-22T17:21:32+00:00","description":"O maior portal de Economia da Bahia Pol\u00edtica Bahia Economica O presidente nacional do PL, Valdemar Costa Neto, afirmou na manh\u00e3 desta sexta-feira, 22, que o PL vai aceitar qualquer que seja o nome escolhido pelo ex-presidente Jair Bolsonaro (PL) para a disputa \u00e0 Presid\u00eancia no ano que vem.","breadcrumb":{"@id":"https:\/\/bahiaeconomica.com.br\/wp\/2025\/08\/22\/valdemar-diz-que-pl-vai-acatar-qualquer-nome-escolhido-por-bolsonaro-a-presidencia\/#breadcrumb"},"inLanguage":"pt-BR","potentialAction":[{"@type":"ReadAction","target":["https:\/\/bahiaeconomica.com.br\/wp\/2025\/08\/22\/valdemar-diz-que-pl-vai-acatar-qualquer-nome-escolhido-por-bolsonaro-a-presidencia\/"]}]},{"@type":"BreadcrumbList","@id":"https:\/\/bahiaeconomica.com.br\/wp\/2025\/08\/22\/valdemar-diz-que-pl-vai-acatar-qualquer-nome-escolhido-por-bolsonaro-a-presidencia\/#breadcrumb","itemListElement":[{"@type":"ListItem","position":1,"name":"In\u00edcio","item":"https:\/\/bahiaeconomica.com.br\/wp\/"},{"@type":"ListItem","position":2,"name":"VALDEMAR DIZ QUE PL VAI ACATAR QUALQUER NOME ESCOLHIDO POR BOLSONARO \u00c0 PRESID\u00caNCIA"}]},{"@type":"WebSite","@id":"https:\/\/bahiaeconomica.com.br\/wp\/#website","url":"https:\/\/bahiaeconomica.com.br\/wp\/","name":"Bahia Economica","description":"O maior portal de Economia da Bahia","publisher":{"@id":"https:\/\/bahiaeconomica.com.br\/wp\/#organization"},"potentialAction":[{"@type":"SearchAction","target":{"@type":"EntryPoint","urlTemplate":"https:\/\/bahiaeconomica.com.br\/wp\/?s={search_term_string}"},"query-input":"required name=search_term_string"}],"inLanguage":"pt-BR"},{"@type":"Organization","@id":"https:\/\/bahiaeconomica.com.br\/wp\/#organization","name":"Bahia Econ\u00f4mica","url":"https:\/\/bahiaeconomica.com.br\/wp\/","logo":{"@type":"ImageObject","inLanguage":"pt-BR","@id":"https:\/\/bahiaeconomica.com.br\/wp\/#\/schema\/logo\/image\/","url":"https:\/\/bahiaeconomica.com.br\/wp\/wp-content\/uploads\/2020\/12\/cropped-BE.png","contentUrl":"https:\/\/bahiaeconomica.com.br\/wp\/wp-content\/uploads\/2020\/12\/cropped-BE.png","width":512,"height":512,"caption":"Bahia Econ\u00f4mica"},"image":{"@id":"https:\/\/bahiaeconomica.com.br\/wp\/#\/schema\/logo\/image\/"},"sameAs":["https:\/\/www.facebook.com\/bahiaeconomica"]},{"@type":"Person","@id":"https:\/\/bahiaeconomica.com.br\/wp\/#\/schema\/person\/a17956d0e1112b626f403fb06b8129a9","name":"VICTOR OLIVEIRA","sameAs":["http:\/\/www.bahiaeconomica.com.br"],"url":"https:\/\/bahiaeconomica.com.br\/wp\/author\/victor-oliveira\/"}]}},"views":2,"_links":{"self":[{"href":"https:\/\/bahiaeconomica.com.br\/wp\/wp-json\/wp\/v2\/posts\/928253"}],"collection":[{"href":"https:\/\/bahiaeconomica.com.br\/wp\/wp-json\/wp\/v2\/posts"}],"about":[{"href":"https:\/\/bahiaeconomica.com.br\/wp\/wp-json\/wp\/v2\/types\/post"}],"author":[{"embeddable":true,"href":"https:\/\/bahiaeconomica.com.br\/wp\/wp-json\/wp\/v2\/users\/24"}],"replies":[{"embeddable":true,"href":"https:\/\/bahiaeconomica.com.br\/wp\/wp-json\/wp\/v2\/comments?post=928253"}],"version-history":[{"count":1,"href":"https:\/\/bahiaeconomica.com.br\/wp\/wp-json\/wp\/v2\/posts\/928253\/revisions"}],"predecessor-version":[{"id":928259,"href":"https:\/\/bahiaeconomica.com.br\/wp\/wp-json\/wp\/v2\/posts\/928253\/revisions\/928259"}],"wp:featuredmedia":[{"embeddable":true,"href":"https:\/\/bahiaeconomica.com.br\/wp\/wp-json\/wp\/v2\/media\/928257"}],"wp:attachment":[{"href":"https:\/\/bahiaeconomica.com.br\/wp\/wp-json\/wp\/v2\/media?parent=928253"}],"wp:term":[{"taxonomy":"category","embeddable":true,"href":"https:\/\/bahiaeconomica.com.br\/wp\/wp-json\/wp\/v2\/categories?post=928253"},{"taxonomy":"post_tag","embeddable":true,"href":"https:\/\/bahiaeconomica.com.br\/wp\/wp-json\/wp\/v2\/tags?post=928253"}],"curies":[{"name":"wp","href":"https:\/\/api.w.org\/{rel}","templated":true}]}}