{"id":928225,"date":"2025-08-22T13:20:00","date_gmt":"2025-08-22T16:20:00","guid":{"rendered":"https:\/\/bahiaeconomica.com.br\/wp\/?p=928225"},"modified":"2025-08-22T13:13:22","modified_gmt":"2025-08-22T16:13:22","slug":"cro-bahia-ingressa-com-acao-contra-o-municipio-de-anguera-em-defesa-de-profissionais-da-odontologia","status":"publish","type":"post","link":"https:\/\/bahiaeconomica.com.br\/wp\/2025\/08\/22\/cro-bahia-ingressa-com-acao-contra-o-municipio-de-anguera-em-defesa-de-profissionais-da-odontologia\/","title":{"rendered":"CRO BAHIA INGRESSA COM A\u00c7\u00c3O CONTRA O MUNIC\u00cdPIO DE ANGUERA EM DEFESA DE PROFISSIONAIS DA ODONTOLOGIA"},"content":{"rendered":"<p>Apesar de n\u00e3o ser um sindicato, o Conselho Regional de Odontologia da Bahia (CROBA), n\u00e3o para de lutar para assegurar os direitos da categoria e abra\u00e7ou a causa pela adequa\u00e7\u00e3o do piso salarial e da carga hor\u00e1ria dos profissionais de Odontologia. Com o objetivo desta adequa\u00e7\u00e3o, o CROBA j\u00e1 ingressou com mais de 150 a\u00e7\u00f5es em defesa destes profissionais colegas em diversos munic\u00edpios da Bahia.<\/p>\n<p>Desta vez, a a\u00e7\u00e3o foi movida contra o munic\u00edpio de Anguera, localizado na regi\u00e3o metropolitana de Feira de Santana. O processo foi ajuizado ap\u00f3s o CROBA receber relatos e queixas de Cirurgi\u00f5es-Dentistas e T\u00e9cnicos em Sa\u00fade Bucal sobre o descumprimento do piso salarial e da carga hor\u00e1ria legais pelo munic\u00edpio.<\/p>\n<p>A prefeitura divulgou a realiza\u00e7\u00e3o de um concurso p\u00fablico com a contrata\u00e7\u00e3o de cirurgi\u00e3o dentista com a remunera\u00e7\u00e3o de R$ 1.800,00 (hum mil e oitocentos reais) e carga hor\u00e1ria de 40 horas semanais e contrata\u00e7\u00e3o de t\u00e9cnico em sa\u00fade bucal com a remunera\u00e7\u00e3o de R$ 1.518,00 (hum mil, quinhentos e dezoito reais) tamb\u00e9m com carga hor\u00e1ria de 40 horas semanais.<\/p>\n<p>No entanto, o CROBA destaca que a Lei n\u00ba 3.999\/61 estipula carga hor\u00e1ria de 20 (vinte) horas por semana com o piso salarial m\u00ednimo de 3 (tr\u00eas) sal\u00e1rios m\u00ednimos para os Cirurgi\u00f5es-Dentistas e de 2 (dois) sal\u00e1rios m\u00ednimos para os Auxiliares em Sa\u00fade Bucal e T\u00e9cnicos em Sa\u00fade Bucal. Com o objetivo desta adequa\u00e7\u00e3o, o CROBA j\u00e1 ingressou com mais de 150 a\u00e7\u00f5es em defesa destes profissionais colegas em diversos munic\u00edpios da Bahia.<\/p>\n<p>\u201cNossa verdadeira miss\u00e3o \u00e9 fiscalizar e garantir a seguran\u00e7a da sociedade, promovendo uma Odontologia de qualidade. Acreditamos que todos os profissionais da Odontologia merecem uma remunera\u00e7\u00e3o justa, e continuamos firmes nessa luta!\u201d, afirma o presidente do Conselho Regional de Odontologia da Bahia, Dr. Marcel Arriaga. A atual situa\u00e7\u00e3o do piso salarial da categoria \u00e9 delicada, porque os profissionais est\u00e3o esperando uma decis\u00e3o do Supremo Tribunal Federal (STF), que vai decidir uma mat\u00e9ria de repercuss\u00e3o geral, e ele que vai dizer se aplica ou se n\u00e3o aplica o piso salarial no servi\u00e7o p\u00fablico.<\/p>\n<p>\u201cO papel do Conselho tem se dado de diversas maneiras, judicialmente e juridicamente. Judicialmente, n\u00f3s temos entrado com a\u00e7\u00f5es para provocar o judici\u00e1rio para que eles nos deem decis\u00f5es favor\u00e1veis. E politicamente, n\u00f3s temos participado da frente dos trabalhadores que v\u00e3o a Bras\u00edlia, temos feito mobiliza\u00e7\u00f5es aqui na pr\u00f3pria Bahia junto aos munic\u00edpios, fazendo uma articula\u00e7\u00e3o pol\u00edtica tamb\u00e9m para que os munic\u00edpios aprovem tamb\u00e9m sua legisla\u00e7\u00e3o garantindo o piso salarial\u201d, acrescenta o assessor jur\u00eddico do CROBA, Dr. Jo\u00e3o Leite.<\/p>\n<p>Imagem: Balan\u00e7a da Justi\u00e7a &#8211; freepik<\/p>\n","protected":false},"excerpt":{"rendered":"<p>Apesar de n\u00e3o ser um sindicato, o Conselho Regional de Odontologia da Bahia (CROBA), n\u00e3o para de lutar para assegurar os direitos da categoria e abra\u00e7ou a causa pela adequa\u00e7\u00e3o do piso salarial e da carga hor\u00e1ria dos profissionais de Odontologia. Com o objetivo desta adequa\u00e7\u00e3o, o CROBA j\u00e1 ingressou com mais de 150 a\u00e7\u00f5es [&hellip;]<\/p>\n","protected":false},"author":8,"featured_media":928226,"comment_status":"closed","ping_status":"closed","sticky":false,"template":"","format":"standard","meta":[],"categories":[5],"tags":[52,34413,213],"acf":[],"yoast_head":"<!-- This site is optimized with the Yoast SEO plugin v20.8 - https:\/\/yoast.com\/wordpress\/plugins\/seo\/ -->\n<title>CRO BAHIA INGRESSA COM A\u00c7\u00c3O CONTRA O MUNIC\u00cdPIO DE ANGUERA EM DEFESA DE PROFISSIONAIS DA ODONTOLOGIA - Bahia Economica<\/title>\n<meta name=\"description\" content=\"O maior portal de Economia da Bahia MUNIC\u00cdPIOS Bahia Economica Apesar de n\u00e3o ser um sindicato, o Conselho Regional de\" \/>\n<meta name=\"robots\" content=\"index, follow, max-snippet:-1, max-image-preview:large, max-video-preview:-1\" \/>\n<link rel=\"canonical\" href=\"https:\/\/bahiaeconomica.com.br\/wp\/2025\/08\/22\/cro-bahia-ingressa-com-acao-contra-o-municipio-de-anguera-em-defesa-de-profissionais-da-odontologia\/\" \/>\n<meta property=\"og:locale\" content=\"pt_BR\" \/>\n<meta property=\"og:type\" content=\"article\" \/>\n<meta property=\"og:title\" content=\"CRO BAHIA INGRESSA COM A\u00c7\u00c3O CONTRA O MUNIC\u00cdPIO DE ANGUERA EM DEFESA DE PROFISSIONAIS DA ODONTOLOGIA - Bahia Economica\" \/>\n<meta property=\"og:description\" content=\"O maior portal de Economia da Bahia MUNIC\u00cdPIOS Bahia Economica Apesar de n\u00e3o ser um sindicato, o Conselho Regional de\" \/>\n<meta property=\"og:url\" content=\"https:\/\/bahiaeconomica.com.br\/wp\/2025\/08\/22\/cro-bahia-ingressa-com-acao-contra-o-municipio-de-anguera-em-defesa-de-profissionais-da-odontologia\/\" \/>\n<meta property=\"og:site_name\" content=\"Bahia Economica\" \/>\n<meta property=\"article:publisher\" content=\"https:\/\/www.facebook.com\/bahiaeconomica\" \/>\n<meta property=\"article:published_time\" content=\"2025-08-22T16:20:00+00:00\" \/>\n<meta property=\"article:modified_time\" content=\"2025-08-22T16:13:22+00:00\" \/>\n<meta property=\"og:image\" content=\"https:\/\/bahiaeconomica.com.br\/wp\/wp-content\/uploads\/2025\/08\/WhatsApp-Image-2025-08-22-at-11.23.12.jpeg\" \/>\n\t<meta property=\"og:image:width\" content=\"740\" \/>\n\t<meta property=\"og:image:height\" content=\"493\" \/>\n\t<meta property=\"og:image:type\" content=\"image\/jpeg\" \/>\n<meta name=\"author\" content=\"JP\" \/>\n<meta name=\"twitter:card\" content=\"summary_large_image\" \/>\n<meta name=\"twitter:label1\" content=\"Escrito por\" \/>\n\t<meta name=\"twitter:data1\" content=\"JP\" \/>\n\t<meta name=\"twitter:label2\" content=\"Est. tempo de leitura\" \/>\n\t<meta name=\"twitter:data2\" content=\"3 minutos\" \/>\n<script type=\"application\/ld+json\" class=\"yoast-schema-graph\">{\"@context\":\"https:\/\/schema.org\",\"@graph\":[{\"@type\":\"Article\",\"@id\":\"https:\/\/bahiaeconomica.com.br\/wp\/2025\/08\/22\/cro-bahia-ingressa-com-acao-contra-o-municipio-de-anguera-em-defesa-de-profissionais-da-odontologia\/#article\",\"isPartOf\":{\"@id\":\"https:\/\/bahiaeconomica.com.br\/wp\/2025\/08\/22\/cro-bahia-ingressa-com-acao-contra-o-municipio-de-anguera-em-defesa-de-profissionais-da-odontologia\/\"},\"author\":{\"name\":\"JP\",\"@id\":\"https:\/\/bahiaeconomica.com.br\/wp\/#\/schema\/person\/c86d3a3f8960425a0f9d0e5245991f4e\"},\"headline\":\"CRO BAHIA INGRESSA COM A\u00c7\u00c3O CONTRA O MUNIC\u00cdPIO DE ANGUERA EM DEFESA DE PROFISSIONAIS DA ODONTOLOGIA\",\"datePublished\":\"2025-08-22T16:20:00+00:00\",\"dateModified\":\"2025-08-22T16:13:22+00:00\",\"mainEntityOfPage\":{\"@id\":\"https:\/\/bahiaeconomica.com.br\/wp\/2025\/08\/22\/cro-bahia-ingressa-com-acao-contra-o-municipio-de-anguera-em-defesa-de-profissionais-da-odontologia\/\"},\"wordCount\":506,\"publisher\":{\"@id\":\"https:\/\/bahiaeconomica.com.br\/wp\/#organization\"},\"keywords\":[\"Brasil\",\"cro\",\"Economia\"],\"articleSection\":[\"MUNIC\u00cdPIOS\"],\"inLanguage\":\"pt-BR\"},{\"@type\":\"WebPage\",\"@id\":\"https:\/\/bahiaeconomica.com.br\/wp\/2025\/08\/22\/cro-bahia-ingressa-com-acao-contra-o-municipio-de-anguera-em-defesa-de-profissionais-da-odontologia\/\",\"url\":\"https:\/\/bahiaeconomica.com.br\/wp\/2025\/08\/22\/cro-bahia-ingressa-com-acao-contra-o-municipio-de-anguera-em-defesa-de-profissionais-da-odontologia\/\",\"name\":\"CRO BAHIA INGRESSA COM A\u00c7\u00c3O CONTRA O MUNIC\u00cdPIO DE ANGUERA EM DEFESA DE PROFISSIONAIS DA ODONTOLOGIA - Bahia Economica\",\"isPartOf\":{\"@id\":\"https:\/\/bahiaeconomica.com.br\/wp\/#website\"},\"datePublished\":\"2025-08-22T16:20:00+00:00\",\"dateModified\":\"2025-08-22T16:13:22+00:00\",\"description\":\"O maior portal de Economia da Bahia MUNIC\u00cdPIOS Bahia Economica Apesar de n\u00e3o ser um sindicato, o Conselho Regional de\",\"breadcrumb\":{\"@id\":\"https:\/\/bahiaeconomica.com.br\/wp\/2025\/08\/22\/cro-bahia-ingressa-com-acao-contra-o-municipio-de-anguera-em-defesa-de-profissionais-da-odontologia\/#breadcrumb\"},\"inLanguage\":\"pt-BR\",\"potentialAction\":[{\"@type\":\"ReadAction\",\"target\":[\"https:\/\/bahiaeconomica.com.br\/wp\/2025\/08\/22\/cro-bahia-ingressa-com-acao-contra-o-municipio-de-anguera-em-defesa-de-profissionais-da-odontologia\/\"]}]},{\"@type\":\"BreadcrumbList\",\"@id\":\"https:\/\/bahiaeconomica.com.br\/wp\/2025\/08\/22\/cro-bahia-ingressa-com-acao-contra-o-municipio-de-anguera-em-defesa-de-profissionais-da-odontologia\/#breadcrumb\",\"itemListElement\":[{\"@type\":\"ListItem\",\"position\":1,\"name\":\"In\u00edcio\",\"item\":\"https:\/\/bahiaeconomica.com.br\/wp\/\"},{\"@type\":\"ListItem\",\"position\":2,\"name\":\"CRO BAHIA INGRESSA COM A\u00c7\u00c3O CONTRA O MUNIC\u00cdPIO DE ANGUERA EM DEFESA DE PROFISSIONAIS DA ODONTOLOGIA\"}]},{\"@type\":\"WebSite\",\"@id\":\"https:\/\/bahiaeconomica.com.br\/wp\/#website\",\"url\":\"https:\/\/bahiaeconomica.com.br\/wp\/\",\"name\":\"Bahia Economica\",\"description\":\"O maior portal de Economia da Bahia\",\"publisher\":{\"@id\":\"https:\/\/bahiaeconomica.com.br\/wp\/#organization\"},\"potentialAction\":[{\"@type\":\"SearchAction\",\"target\":{\"@type\":\"EntryPoint\",\"urlTemplate\":\"https:\/\/bahiaeconomica.com.br\/wp\/?s={search_term_string}\"},\"query-input\":\"required name=search_term_string\"}],\"inLanguage\":\"pt-BR\"},{\"@type\":\"Organization\",\"@id\":\"https:\/\/bahiaeconomica.com.br\/wp\/#organization\",\"name\":\"Bahia Econ\u00f4mica\",\"url\":\"https:\/\/bahiaeconomica.com.br\/wp\/\",\"logo\":{\"@type\":\"ImageObject\",\"inLanguage\":\"pt-BR\",\"@id\":\"https:\/\/bahiaeconomica.com.br\/wp\/#\/schema\/logo\/image\/\",\"url\":\"https:\/\/bahiaeconomica.com.br\/wp\/wp-content\/uploads\/2020\/12\/cropped-BE.png\",\"contentUrl\":\"https:\/\/bahiaeconomica.com.br\/wp\/wp-content\/uploads\/2020\/12\/cropped-BE.png\",\"width\":512,\"height\":512,\"caption\":\"Bahia Econ\u00f4mica\"},\"image\":{\"@id\":\"https:\/\/bahiaeconomica.com.br\/wp\/#\/schema\/logo\/image\/\"},\"sameAs\":[\"https:\/\/www.facebook.com\/bahiaeconomica\"]},{\"@type\":\"Person\",\"@id\":\"https:\/\/bahiaeconomica.com.br\/wp\/#\/schema\/person\/c86d3a3f8960425a0f9d0e5245991f4e\",\"name\":\"JP\",\"sameAs\":[\"https:\/\/bahiaeconomica.com.br\/wp\/beta\/\"],\"url\":\"https:\/\/bahiaeconomica.com.br\/wp\/author\/jp\/\"}]}<\/script>\n<!-- \/ Yoast SEO plugin. -->","yoast_head_json":{"title":"CRO BAHIA INGRESSA COM A\u00c7\u00c3O CONTRA O MUNIC\u00cdPIO DE ANGUERA EM DEFESA DE PROFISSIONAIS DA ODONTOLOGIA - Bahia Economica","description":"O maior portal de Economia da Bahia MUNIC\u00cdPIOS Bahia Economica Apesar de n\u00e3o ser um sindicato, o Conselho Regional de","robots":{"index":"index","follow":"follow","max-snippet":"max-snippet:-1","max-image-preview":"max-image-preview:large","max-video-preview":"max-video-preview:-1"},"canonical":"https:\/\/bahiaeconomica.com.br\/wp\/2025\/08\/22\/cro-bahia-ingressa-com-acao-contra-o-municipio-de-anguera-em-defesa-de-profissionais-da-odontologia\/","og_locale":"pt_BR","og_type":"article","og_title":"CRO BAHIA INGRESSA COM A\u00c7\u00c3O CONTRA O MUNIC\u00cdPIO DE ANGUERA EM DEFESA DE PROFISSIONAIS DA ODONTOLOGIA - Bahia Economica","og_description":"O maior portal de Economia da Bahia MUNIC\u00cdPIOS Bahia Economica Apesar de n\u00e3o ser um sindicato, o Conselho Regional de","og_url":"https:\/\/bahiaeconomica.com.br\/wp\/2025\/08\/22\/cro-bahia-ingressa-com-acao-contra-o-municipio-de-anguera-em-defesa-de-profissionais-da-odontologia\/","og_site_name":"Bahia Economica","article_publisher":"https:\/\/www.facebook.com\/bahiaeconomica","article_published_time":"2025-08-22T16:20:00+00:00","article_modified_time":"2025-08-22T16:13:22+00:00","og_image":[{"width":740,"height":493,"url":"https:\/\/bahiaeconomica.com.br\/wp\/wp-content\/uploads\/2025\/08\/WhatsApp-Image-2025-08-22-at-11.23.12.jpeg","type":"image\/jpeg"}],"author":"JP","twitter_card":"summary_large_image","twitter_misc":{"Escrito por":"JP","Est. tempo de leitura":"3 minutos"},"schema":{"@context":"https:\/\/schema.org","@graph":[{"@type":"Article","@id":"https:\/\/bahiaeconomica.com.br\/wp\/2025\/08\/22\/cro-bahia-ingressa-com-acao-contra-o-municipio-de-anguera-em-defesa-de-profissionais-da-odontologia\/#article","isPartOf":{"@id":"https:\/\/bahiaeconomica.com.br\/wp\/2025\/08\/22\/cro-bahia-ingressa-com-acao-contra-o-municipio-de-anguera-em-defesa-de-profissionais-da-odontologia\/"},"author":{"name":"JP","@id":"https:\/\/bahiaeconomica.com.br\/wp\/#\/schema\/person\/c86d3a3f8960425a0f9d0e5245991f4e"},"headline":"CRO BAHIA INGRESSA COM A\u00c7\u00c3O CONTRA O MUNIC\u00cdPIO DE ANGUERA EM DEFESA DE PROFISSIONAIS DA ODONTOLOGIA","datePublished":"2025-08-22T16:20:00+00:00","dateModified":"2025-08-22T16:13:22+00:00","mainEntityOfPage":{"@id":"https:\/\/bahiaeconomica.com.br\/wp\/2025\/08\/22\/cro-bahia-ingressa-com-acao-contra-o-municipio-de-anguera-em-defesa-de-profissionais-da-odontologia\/"},"wordCount":506,"publisher":{"@id":"https:\/\/bahiaeconomica.com.br\/wp\/#organization"},"keywords":["Brasil","cro","Economia"],"articleSection":["MUNIC\u00cdPIOS"],"inLanguage":"pt-BR"},{"@type":"WebPage","@id":"https:\/\/bahiaeconomica.com.br\/wp\/2025\/08\/22\/cro-bahia-ingressa-com-acao-contra-o-municipio-de-anguera-em-defesa-de-profissionais-da-odontologia\/","url":"https:\/\/bahiaeconomica.com.br\/wp\/2025\/08\/22\/cro-bahia-ingressa-com-acao-contra-o-municipio-de-anguera-em-defesa-de-profissionais-da-odontologia\/","name":"CRO BAHIA INGRESSA COM A\u00c7\u00c3O CONTRA O MUNIC\u00cdPIO DE ANGUERA EM DEFESA DE PROFISSIONAIS DA ODONTOLOGIA - Bahia Economica","isPartOf":{"@id":"https:\/\/bahiaeconomica.com.br\/wp\/#website"},"datePublished":"2025-08-22T16:20:00+00:00","dateModified":"2025-08-22T16:13:22+00:00","description":"O maior portal de Economia da Bahia MUNIC\u00cdPIOS Bahia Economica Apesar de n\u00e3o ser um sindicato, o Conselho Regional de","breadcrumb":{"@id":"https:\/\/bahiaeconomica.com.br\/wp\/2025\/08\/22\/cro-bahia-ingressa-com-acao-contra-o-municipio-de-anguera-em-defesa-de-profissionais-da-odontologia\/#breadcrumb"},"inLanguage":"pt-BR","potentialAction":[{"@type":"ReadAction","target":["https:\/\/bahiaeconomica.com.br\/wp\/2025\/08\/22\/cro-bahia-ingressa-com-acao-contra-o-municipio-de-anguera-em-defesa-de-profissionais-da-odontologia\/"]}]},{"@type":"BreadcrumbList","@id":"https:\/\/bahiaeconomica.com.br\/wp\/2025\/08\/22\/cro-bahia-ingressa-com-acao-contra-o-municipio-de-anguera-em-defesa-de-profissionais-da-odontologia\/#breadcrumb","itemListElement":[{"@type":"ListItem","position":1,"name":"In\u00edcio","item":"https:\/\/bahiaeconomica.com.br\/wp\/"},{"@type":"ListItem","position":2,"name":"CRO BAHIA INGRESSA COM A\u00c7\u00c3O CONTRA O MUNIC\u00cdPIO DE ANGUERA EM DEFESA DE PROFISSIONAIS DA ODONTOLOGIA"}]},{"@type":"WebSite","@id":"https:\/\/bahiaeconomica.com.br\/wp\/#website","url":"https:\/\/bahiaeconomica.com.br\/wp\/","name":"Bahia Economica","description":"O maior portal de Economia da Bahia","publisher":{"@id":"https:\/\/bahiaeconomica.com.br\/wp\/#organization"},"potentialAction":[{"@type":"SearchAction","target":{"@type":"EntryPoint","urlTemplate":"https:\/\/bahiaeconomica.com.br\/wp\/?s={search_term_string}"},"query-input":"required name=search_term_string"}],"inLanguage":"pt-BR"},{"@type":"Organization","@id":"https:\/\/bahiaeconomica.com.br\/wp\/#organization","name":"Bahia Econ\u00f4mica","url":"https:\/\/bahiaeconomica.com.br\/wp\/","logo":{"@type":"ImageObject","inLanguage":"pt-BR","@id":"https:\/\/bahiaeconomica.com.br\/wp\/#\/schema\/logo\/image\/","url":"https:\/\/bahiaeconomica.com.br\/wp\/wp-content\/uploads\/2020\/12\/cropped-BE.png","contentUrl":"https:\/\/bahiaeconomica.com.br\/wp\/wp-content\/uploads\/2020\/12\/cropped-BE.png","width":512,"height":512,"caption":"Bahia Econ\u00f4mica"},"image":{"@id":"https:\/\/bahiaeconomica.com.br\/wp\/#\/schema\/logo\/image\/"},"sameAs":["https:\/\/www.facebook.com\/bahiaeconomica"]},{"@type":"Person","@id":"https:\/\/bahiaeconomica.com.br\/wp\/#\/schema\/person\/c86d3a3f8960425a0f9d0e5245991f4e","name":"JP","sameAs":["https:\/\/bahiaeconomica.com.br\/wp\/beta\/"],"url":"https:\/\/bahiaeconomica.com.br\/wp\/author\/jp\/"}]}},"views":36,"_links":{"self":[{"href":"https:\/\/bahiaeconomica.com.br\/wp\/wp-json\/wp\/v2\/posts\/928225"}],"collection":[{"href":"https:\/\/bahiaeconomica.com.br\/wp\/wp-json\/wp\/v2\/posts"}],"about":[{"href":"https:\/\/bahiaeconomica.com.br\/wp\/wp-json\/wp\/v2\/types\/post"}],"author":[{"embeddable":true,"href":"https:\/\/bahiaeconomica.com.br\/wp\/wp-json\/wp\/v2\/users\/8"}],"replies":[{"embeddable":true,"href":"https:\/\/bahiaeconomica.com.br\/wp\/wp-json\/wp\/v2\/comments?post=928225"}],"version-history":[{"count":1,"href":"https:\/\/bahiaeconomica.com.br\/wp\/wp-json\/wp\/v2\/posts\/928225\/revisions"}],"predecessor-version":[{"id":928227,"href":"https:\/\/bahiaeconomica.com.br\/wp\/wp-json\/wp\/v2\/posts\/928225\/revisions\/928227"}],"wp:featuredmedia":[{"embeddable":true,"href":"https:\/\/bahiaeconomica.com.br\/wp\/wp-json\/wp\/v2\/media\/928226"}],"wp:attachment":[{"href":"https:\/\/bahiaeconomica.com.br\/wp\/wp-json\/wp\/v2\/media?parent=928225"}],"wp:term":[{"taxonomy":"category","embeddable":true,"href":"https:\/\/bahiaeconomica.com.br\/wp\/wp-json\/wp\/v2\/categories?post=928225"},{"taxonomy":"post_tag","embeddable":true,"href":"https:\/\/bahiaeconomica.com.br\/wp\/wp-json\/wp\/v2\/tags?post=928225"}],"curies":[{"name":"wp","href":"https:\/\/api.w.org\/{rel}","templated":true}]}}