{"id":927903,"date":"2025-08-21T13:51:14","date_gmt":"2025-08-21T16:51:14","guid":{"rendered":"https:\/\/bahiaeconomica.com.br\/wp\/?p=927903"},"modified":"2025-08-21T13:51:14","modified_gmt":"2025-08-21T16:51:14","slug":"conder-apresenta-inovacoes-a-empresas-contratadas-para-melhorar-projetos-e-eficiencia-das-obras","status":"publish","type":"post","link":"https:\/\/bahiaeconomica.com.br\/wp\/2025\/08\/21\/conder-apresenta-inovacoes-a-empresas-contratadas-para-melhorar-projetos-e-eficiencia-das-obras\/","title":{"rendered":"CONDER APRESENTA INOVA\u00c7\u00d5ES A EMPRESAS CONTRATADAS PARA MELHORAR PROJETOS E EFICI\u00caNCIA DAS OBRAS"},"content":{"rendered":"<p>A Companhia de Desenvolvimento Urbano do Estado da Bahia (Conder) deu mais um passo na sua jornada de transforma\u00e7\u00e3o digital ao apresentar o Ambiente Comum de Dados (CDE) \u00e0s empresas contratadas pela estatal baiana. A ferramenta ser\u00e1 utilizada para o gerenciamento e compartilhamento de informa\u00e7\u00f5es no \u00e2mbito da Metodologia BIM (Building Information Modeling). A iniciativa marca um momento de transi\u00e7\u00e3o importante para a institui\u00e7\u00e3o e para as empresas que atuam em obras p\u00fablicas na Bahia, que precisar\u00e3o se adaptar ao novo modelo tecnol\u00f3gico.<\/p>\n<p>Este ambiente comum de dados ser\u00e1 o canal oficial de comunica\u00e7\u00e3o entre a Conder e os prestadores de servi\u00e7o, incluindo projetistas e empresas executoras de obras. Gradualmente, a Conder vem solicitando a entrega de projetos preferencialmente em BIM e o uso do CDE para comunica\u00e7\u00e3o e compartilhamento de informa\u00e7\u00f5es e documentos.<\/p>\n<p>\u201cEsse ambiente comum de dados garante que todos os envolvidos tenham acesso \u00e0 vers\u00e3o mais atualizada dos projetos, evitando erros de execu\u00e7\u00e3o e assegurando transpar\u00eancia no processo. Al\u00e9m disso, facilita a compatibiliza\u00e7\u00e3o entre disciplinas e torna a comunica\u00e7\u00e3o mais \u00e1gil e rastre\u00e1vel,\u201d explicou a coordenadora de implanta\u00e7\u00e3o do BIM na Conder, Fernanda Brand\u00e3o.<\/p>\n<p>Durante a apresenta\u00e7\u00e3o, a Conder refor\u00e7ou que tanto suas equipes quanto as empresas contratadas precisam se adaptar ao novo sistema. Para isso, est\u00e3o sendo elaborados manuais de orienta\u00e7\u00e3o com regras de nomenclatura de arquivos, fluxos de revis\u00e3o e diretrizes para acesso ao ambiente compartilhado. Cada empresa dever\u00e1 adquirir as licen\u00e7as necess\u00e1rias para utiliza\u00e7\u00e3o do ambiente comum de dados.<\/p>\n<p>Segundo o superintendente de Qualifica\u00e7\u00e3o Urban\u00edstica da Conder, Thiago Ladeia, a ado\u00e7\u00e3o do CDE representa o fim de um modelo de comunica\u00e7\u00e3o fragmentado, feito at\u00e9 ent\u00e3o por e-mails e PDFs. \u201cEsse \u00e9 um momento hist\u00f3rico. Estamos mostrando \u00e0s empresas como ser\u00e1 o processo daqui para frente. O ambiente comum de dados cria um fluxo padronizado e transparente, que d\u00e1 previsibilidade \u00e0s etapas de aprova\u00e7\u00e3o e execu\u00e7\u00e3o de projetos.\u201d<\/p>\n<p>A iniciativa integra o plano mais amplo de transforma\u00e7\u00e3o digital da Conder, que j\u00e1 conta com investimentos em moderniza\u00e7\u00e3o tecnol\u00f3gica, capacita\u00e7\u00e3o de equipes e desenvolvimento de projetos piloto em BIM. \u201cO BIM \u00e9 um caminho sem volta. Essa inova\u00e7\u00e3o vai melhorar a comunica\u00e7\u00e3o, a qualidade dos projetos e a efici\u00eancia das obras p\u00fablicas na Bahia,\u201d afirmou Ge\u00f3rgia Szporer, engenheira da Conder.<\/p>\n<p>Dando continuidade \u00e0 implementa\u00e7\u00e3o da nova metodologia BIM, na pr\u00f3xima quarta-feira (27), a Conder far\u00e1 a apresenta\u00e7\u00e3o do Ambiente Comum de Dados para prefeitos e assessores t\u00e9cnicos municipais. O encontro ser\u00e1 online, pela plataforma Teams.<\/p>\n<p>\u201cEste \u00e9 um momento importante para compartilhamento de informa\u00e7\u00f5es que garantir\u00e3o efici\u00eancia e transpar\u00eancia no gerenciamento de informa\u00e7\u00f5es de projetos e obras. A apresenta\u00e7\u00e3o detalhar\u00e1 as funcionalidades do sistema e as diretrizes para sua utiliza\u00e7\u00e3o,\u201d finalizou Fernanda.<\/p>\n","protected":false},"excerpt":{"rendered":"<p>A Companhia de Desenvolvimento Urbano do Estado da Bahia (Conder) deu mais um passo na sua jornada de transforma\u00e7\u00e3o digital ao apresentar o Ambiente Comum de Dados (CDE) \u00e0s empresas contratadas pela estatal baiana. A ferramenta ser\u00e1 utilizada para o gerenciamento e compartilhamento de informa\u00e7\u00f5es no \u00e2mbito da Metodologia BIM (Building Information Modeling). A iniciativa [&hellip;]<\/p>\n","protected":false},"author":8,"featured_media":927904,"comment_status":"closed","ping_status":"closed","sticky":false,"template":"","format":"standard","meta":[],"categories":[5],"tags":[52,61,21586,1350],"acf":[],"yoast_head":"<!-- This site is optimized with the Yoast SEO plugin v20.8 - https:\/\/yoast.com\/wordpress\/plugins\/seo\/ -->\n<title>CONDER APRESENTA INOVA\u00c7\u00d5ES A EMPRESAS CONTRATADAS PARA MELHORAR PROJETOS E EFICI\u00caNCIA DAS OBRAS - Bahia Economica<\/title>\n<meta name=\"description\" content=\"O maior portal de Economia da Bahia MUNIC\u00cdPIOS Bahia Economica Este \u00e9 um momento importante para compartilhamento de informa\u00e7\u00f5es\" \/>\n<meta name=\"robots\" content=\"index, follow, max-snippet:-1, max-image-preview:large, max-video-preview:-1\" \/>\n<link rel=\"canonical\" href=\"https:\/\/bahiaeconomica.com.br\/wp\/2025\/08\/21\/conder-apresenta-inovacoes-a-empresas-contratadas-para-melhorar-projetos-e-eficiencia-das-obras\/\" \/>\n<meta property=\"og:locale\" content=\"pt_BR\" \/>\n<meta property=\"og:type\" content=\"article\" \/>\n<meta property=\"og:title\" content=\"CONDER APRESENTA INOVA\u00c7\u00d5ES A EMPRESAS CONTRATADAS PARA MELHORAR PROJETOS E EFICI\u00caNCIA DAS OBRAS - Bahia Economica\" \/>\n<meta property=\"og:description\" content=\"O maior portal de Economia da Bahia MUNIC\u00cdPIOS Bahia Economica Este \u00e9 um momento importante para compartilhamento de informa\u00e7\u00f5es\" \/>\n<meta property=\"og:url\" content=\"https:\/\/bahiaeconomica.com.br\/wp\/2025\/08\/21\/conder-apresenta-inovacoes-a-empresas-contratadas-para-melhorar-projetos-e-eficiencia-das-obras\/\" \/>\n<meta property=\"og:site_name\" content=\"Bahia Economica\" \/>\n<meta property=\"article:publisher\" content=\"https:\/\/www.facebook.com\/bahiaeconomica\" \/>\n<meta property=\"article:published_time\" content=\"2025-08-21T16:51:14+00:00\" \/>\n<meta property=\"og:image\" content=\"https:\/\/bahiaeconomica.com.br\/wp\/wp-content\/uploads\/2025\/08\/WhatsApp-Image-2025-08-21-at-13.46.47.jpeg\" \/>\n\t<meta property=\"og:image:width\" content=\"1600\" \/>\n\t<meta property=\"og:image:height\" content=\"1200\" \/>\n\t<meta property=\"og:image:type\" content=\"image\/jpeg\" \/>\n<meta name=\"author\" content=\"JP\" \/>\n<meta name=\"twitter:card\" content=\"summary_large_image\" \/>\n<meta name=\"twitter:label1\" content=\"Escrito por\" \/>\n\t<meta name=\"twitter:data1\" content=\"JP\" \/>\n\t<meta name=\"twitter:label2\" content=\"Est. tempo de leitura\" \/>\n\t<meta name=\"twitter:data2\" content=\"3 minutos\" \/>\n<script type=\"application\/ld+json\" class=\"yoast-schema-graph\">{\"@context\":\"https:\/\/schema.org\",\"@graph\":[{\"@type\":\"Article\",\"@id\":\"https:\/\/bahiaeconomica.com.br\/wp\/2025\/08\/21\/conder-apresenta-inovacoes-a-empresas-contratadas-para-melhorar-projetos-e-eficiencia-das-obras\/#article\",\"isPartOf\":{\"@id\":\"https:\/\/bahiaeconomica.com.br\/wp\/2025\/08\/21\/conder-apresenta-inovacoes-a-empresas-contratadas-para-melhorar-projetos-e-eficiencia-das-obras\/\"},\"author\":{\"name\":\"JP\",\"@id\":\"https:\/\/bahiaeconomica.com.br\/wp\/#\/schema\/person\/c86d3a3f8960425a0f9d0e5245991f4e\"},\"headline\":\"CONDER APRESENTA INOVA\u00c7\u00d5ES A EMPRESAS CONTRATADAS PARA MELHORAR PROJETOS E EFICI\u00caNCIA DAS OBRAS\",\"datePublished\":\"2025-08-21T16:51:14+00:00\",\"dateModified\":\"2025-08-21T16:51:14+00:00\",\"mainEntityOfPage\":{\"@id\":\"https:\/\/bahiaeconomica.com.br\/wp\/2025\/08\/21\/conder-apresenta-inovacoes-a-empresas-contratadas-para-melhorar-projetos-e-eficiencia-das-obras\/\"},\"wordCount\":511,\"publisher\":{\"@id\":\"https:\/\/bahiaeconomica.com.br\/wp\/#organization\"},\"keywords\":[\"Brasil\",\"Caixa\",\"cinama\",\"praia\"],\"articleSection\":[\"MUNIC\u00cdPIOS\"],\"inLanguage\":\"pt-BR\"},{\"@type\":\"WebPage\",\"@id\":\"https:\/\/bahiaeconomica.com.br\/wp\/2025\/08\/21\/conder-apresenta-inovacoes-a-empresas-contratadas-para-melhorar-projetos-e-eficiencia-das-obras\/\",\"url\":\"https:\/\/bahiaeconomica.com.br\/wp\/2025\/08\/21\/conder-apresenta-inovacoes-a-empresas-contratadas-para-melhorar-projetos-e-eficiencia-das-obras\/\",\"name\":\"CONDER APRESENTA INOVA\u00c7\u00d5ES A EMPRESAS CONTRATADAS PARA MELHORAR PROJETOS E EFICI\u00caNCIA DAS OBRAS - Bahia Economica\",\"isPartOf\":{\"@id\":\"https:\/\/bahiaeconomica.com.br\/wp\/#website\"},\"datePublished\":\"2025-08-21T16:51:14+00:00\",\"dateModified\":\"2025-08-21T16:51:14+00:00\",\"description\":\"O maior portal de Economia da Bahia MUNIC\u00cdPIOS Bahia Economica Este \u00e9 um momento importante para compartilhamento de informa\u00e7\u00f5es\",\"breadcrumb\":{\"@id\":\"https:\/\/bahiaeconomica.com.br\/wp\/2025\/08\/21\/conder-apresenta-inovacoes-a-empresas-contratadas-para-melhorar-projetos-e-eficiencia-das-obras\/#breadcrumb\"},\"inLanguage\":\"pt-BR\",\"potentialAction\":[{\"@type\":\"ReadAction\",\"target\":[\"https:\/\/bahiaeconomica.com.br\/wp\/2025\/08\/21\/conder-apresenta-inovacoes-a-empresas-contratadas-para-melhorar-projetos-e-eficiencia-das-obras\/\"]}]},{\"@type\":\"BreadcrumbList\",\"@id\":\"https:\/\/bahiaeconomica.com.br\/wp\/2025\/08\/21\/conder-apresenta-inovacoes-a-empresas-contratadas-para-melhorar-projetos-e-eficiencia-das-obras\/#breadcrumb\",\"itemListElement\":[{\"@type\":\"ListItem\",\"position\":1,\"name\":\"In\u00edcio\",\"item\":\"https:\/\/bahiaeconomica.com.br\/wp\/\"},{\"@type\":\"ListItem\",\"position\":2,\"name\":\"CONDER APRESENTA INOVA\u00c7\u00d5ES A EMPRESAS CONTRATADAS PARA MELHORAR PROJETOS E EFICI\u00caNCIA DAS OBRAS\"}]},{\"@type\":\"WebSite\",\"@id\":\"https:\/\/bahiaeconomica.com.br\/wp\/#website\",\"url\":\"https:\/\/bahiaeconomica.com.br\/wp\/\",\"name\":\"Bahia Economica\",\"description\":\"O maior portal de Economia da Bahia\",\"publisher\":{\"@id\":\"https:\/\/bahiaeconomica.com.br\/wp\/#organization\"},\"potentialAction\":[{\"@type\":\"SearchAction\",\"target\":{\"@type\":\"EntryPoint\",\"urlTemplate\":\"https:\/\/bahiaeconomica.com.br\/wp\/?s={search_term_string}\"},\"query-input\":\"required name=search_term_string\"}],\"inLanguage\":\"pt-BR\"},{\"@type\":\"Organization\",\"@id\":\"https:\/\/bahiaeconomica.com.br\/wp\/#organization\",\"name\":\"Bahia Econ\u00f4mica\",\"url\":\"https:\/\/bahiaeconomica.com.br\/wp\/\",\"logo\":{\"@type\":\"ImageObject\",\"inLanguage\":\"pt-BR\",\"@id\":\"https:\/\/bahiaeconomica.com.br\/wp\/#\/schema\/logo\/image\/\",\"url\":\"https:\/\/bahiaeconomica.com.br\/wp\/wp-content\/uploads\/2020\/12\/cropped-BE.png\",\"contentUrl\":\"https:\/\/bahiaeconomica.com.br\/wp\/wp-content\/uploads\/2020\/12\/cropped-BE.png\",\"width\":512,\"height\":512,\"caption\":\"Bahia Econ\u00f4mica\"},\"image\":{\"@id\":\"https:\/\/bahiaeconomica.com.br\/wp\/#\/schema\/logo\/image\/\"},\"sameAs\":[\"https:\/\/www.facebook.com\/bahiaeconomica\"]},{\"@type\":\"Person\",\"@id\":\"https:\/\/bahiaeconomica.com.br\/wp\/#\/schema\/person\/c86d3a3f8960425a0f9d0e5245991f4e\",\"name\":\"JP\",\"sameAs\":[\"https:\/\/bahiaeconomica.com.br\/wp\/beta\/\"],\"url\":\"https:\/\/bahiaeconomica.com.br\/wp\/author\/jp\/\"}]}<\/script>\n<!-- \/ Yoast SEO plugin. -->","yoast_head_json":{"title":"CONDER APRESENTA INOVA\u00c7\u00d5ES A EMPRESAS CONTRATADAS PARA MELHORAR PROJETOS E EFICI\u00caNCIA DAS OBRAS - Bahia Economica","description":"O maior portal de Economia da Bahia MUNIC\u00cdPIOS Bahia Economica Este \u00e9 um momento importante para compartilhamento de informa\u00e7\u00f5es","robots":{"index":"index","follow":"follow","max-snippet":"max-snippet:-1","max-image-preview":"max-image-preview:large","max-video-preview":"max-video-preview:-1"},"canonical":"https:\/\/bahiaeconomica.com.br\/wp\/2025\/08\/21\/conder-apresenta-inovacoes-a-empresas-contratadas-para-melhorar-projetos-e-eficiencia-das-obras\/","og_locale":"pt_BR","og_type":"article","og_title":"CONDER APRESENTA INOVA\u00c7\u00d5ES A EMPRESAS CONTRATADAS PARA MELHORAR PROJETOS E EFICI\u00caNCIA DAS OBRAS - Bahia Economica","og_description":"O maior portal de Economia da Bahia MUNIC\u00cdPIOS Bahia Economica Este \u00e9 um momento importante para compartilhamento de informa\u00e7\u00f5es","og_url":"https:\/\/bahiaeconomica.com.br\/wp\/2025\/08\/21\/conder-apresenta-inovacoes-a-empresas-contratadas-para-melhorar-projetos-e-eficiencia-das-obras\/","og_site_name":"Bahia Economica","article_publisher":"https:\/\/www.facebook.com\/bahiaeconomica","article_published_time":"2025-08-21T16:51:14+00:00","og_image":[{"width":1600,"height":1200,"url":"https:\/\/bahiaeconomica.com.br\/wp\/wp-content\/uploads\/2025\/08\/WhatsApp-Image-2025-08-21-at-13.46.47.jpeg","type":"image\/jpeg"}],"author":"JP","twitter_card":"summary_large_image","twitter_misc":{"Escrito por":"JP","Est. tempo de leitura":"3 minutos"},"schema":{"@context":"https:\/\/schema.org","@graph":[{"@type":"Article","@id":"https:\/\/bahiaeconomica.com.br\/wp\/2025\/08\/21\/conder-apresenta-inovacoes-a-empresas-contratadas-para-melhorar-projetos-e-eficiencia-das-obras\/#article","isPartOf":{"@id":"https:\/\/bahiaeconomica.com.br\/wp\/2025\/08\/21\/conder-apresenta-inovacoes-a-empresas-contratadas-para-melhorar-projetos-e-eficiencia-das-obras\/"},"author":{"name":"JP","@id":"https:\/\/bahiaeconomica.com.br\/wp\/#\/schema\/person\/c86d3a3f8960425a0f9d0e5245991f4e"},"headline":"CONDER APRESENTA INOVA\u00c7\u00d5ES A EMPRESAS CONTRATADAS PARA MELHORAR PROJETOS E EFICI\u00caNCIA DAS OBRAS","datePublished":"2025-08-21T16:51:14+00:00","dateModified":"2025-08-21T16:51:14+00:00","mainEntityOfPage":{"@id":"https:\/\/bahiaeconomica.com.br\/wp\/2025\/08\/21\/conder-apresenta-inovacoes-a-empresas-contratadas-para-melhorar-projetos-e-eficiencia-das-obras\/"},"wordCount":511,"publisher":{"@id":"https:\/\/bahiaeconomica.com.br\/wp\/#organization"},"keywords":["Brasil","Caixa","cinama","praia"],"articleSection":["MUNIC\u00cdPIOS"],"inLanguage":"pt-BR"},{"@type":"WebPage","@id":"https:\/\/bahiaeconomica.com.br\/wp\/2025\/08\/21\/conder-apresenta-inovacoes-a-empresas-contratadas-para-melhorar-projetos-e-eficiencia-das-obras\/","url":"https:\/\/bahiaeconomica.com.br\/wp\/2025\/08\/21\/conder-apresenta-inovacoes-a-empresas-contratadas-para-melhorar-projetos-e-eficiencia-das-obras\/","name":"CONDER APRESENTA INOVA\u00c7\u00d5ES A EMPRESAS CONTRATADAS PARA MELHORAR PROJETOS E EFICI\u00caNCIA DAS OBRAS - Bahia Economica","isPartOf":{"@id":"https:\/\/bahiaeconomica.com.br\/wp\/#website"},"datePublished":"2025-08-21T16:51:14+00:00","dateModified":"2025-08-21T16:51:14+00:00","description":"O maior portal de Economia da Bahia MUNIC\u00cdPIOS Bahia Economica Este \u00e9 um momento importante para compartilhamento de informa\u00e7\u00f5es","breadcrumb":{"@id":"https:\/\/bahiaeconomica.com.br\/wp\/2025\/08\/21\/conder-apresenta-inovacoes-a-empresas-contratadas-para-melhorar-projetos-e-eficiencia-das-obras\/#breadcrumb"},"inLanguage":"pt-BR","potentialAction":[{"@type":"ReadAction","target":["https:\/\/bahiaeconomica.com.br\/wp\/2025\/08\/21\/conder-apresenta-inovacoes-a-empresas-contratadas-para-melhorar-projetos-e-eficiencia-das-obras\/"]}]},{"@type":"BreadcrumbList","@id":"https:\/\/bahiaeconomica.com.br\/wp\/2025\/08\/21\/conder-apresenta-inovacoes-a-empresas-contratadas-para-melhorar-projetos-e-eficiencia-das-obras\/#breadcrumb","itemListElement":[{"@type":"ListItem","position":1,"name":"In\u00edcio","item":"https:\/\/bahiaeconomica.com.br\/wp\/"},{"@type":"ListItem","position":2,"name":"CONDER APRESENTA INOVA\u00c7\u00d5ES A EMPRESAS CONTRATADAS PARA MELHORAR PROJETOS E EFICI\u00caNCIA DAS OBRAS"}]},{"@type":"WebSite","@id":"https:\/\/bahiaeconomica.com.br\/wp\/#website","url":"https:\/\/bahiaeconomica.com.br\/wp\/","name":"Bahia Economica","description":"O maior portal de Economia da Bahia","publisher":{"@id":"https:\/\/bahiaeconomica.com.br\/wp\/#organization"},"potentialAction":[{"@type":"SearchAction","target":{"@type":"EntryPoint","urlTemplate":"https:\/\/bahiaeconomica.com.br\/wp\/?s={search_term_string}"},"query-input":"required name=search_term_string"}],"inLanguage":"pt-BR"},{"@type":"Organization","@id":"https:\/\/bahiaeconomica.com.br\/wp\/#organization","name":"Bahia Econ\u00f4mica","url":"https:\/\/bahiaeconomica.com.br\/wp\/","logo":{"@type":"ImageObject","inLanguage":"pt-BR","@id":"https:\/\/bahiaeconomica.com.br\/wp\/#\/schema\/logo\/image\/","url":"https:\/\/bahiaeconomica.com.br\/wp\/wp-content\/uploads\/2020\/12\/cropped-BE.png","contentUrl":"https:\/\/bahiaeconomica.com.br\/wp\/wp-content\/uploads\/2020\/12\/cropped-BE.png","width":512,"height":512,"caption":"Bahia Econ\u00f4mica"},"image":{"@id":"https:\/\/bahiaeconomica.com.br\/wp\/#\/schema\/logo\/image\/"},"sameAs":["https:\/\/www.facebook.com\/bahiaeconomica"]},{"@type":"Person","@id":"https:\/\/bahiaeconomica.com.br\/wp\/#\/schema\/person\/c86d3a3f8960425a0f9d0e5245991f4e","name":"JP","sameAs":["https:\/\/bahiaeconomica.com.br\/wp\/beta\/"],"url":"https:\/\/bahiaeconomica.com.br\/wp\/author\/jp\/"}]}},"views":19,"_links":{"self":[{"href":"https:\/\/bahiaeconomica.com.br\/wp\/wp-json\/wp\/v2\/posts\/927903"}],"collection":[{"href":"https:\/\/bahiaeconomica.com.br\/wp\/wp-json\/wp\/v2\/posts"}],"about":[{"href":"https:\/\/bahiaeconomica.com.br\/wp\/wp-json\/wp\/v2\/types\/post"}],"author":[{"embeddable":true,"href":"https:\/\/bahiaeconomica.com.br\/wp\/wp-json\/wp\/v2\/users\/8"}],"replies":[{"embeddable":true,"href":"https:\/\/bahiaeconomica.com.br\/wp\/wp-json\/wp\/v2\/comments?post=927903"}],"version-history":[{"count":1,"href":"https:\/\/bahiaeconomica.com.br\/wp\/wp-json\/wp\/v2\/posts\/927903\/revisions"}],"predecessor-version":[{"id":927905,"href":"https:\/\/bahiaeconomica.com.br\/wp\/wp-json\/wp\/v2\/posts\/927903\/revisions\/927905"}],"wp:featuredmedia":[{"embeddable":true,"href":"https:\/\/bahiaeconomica.com.br\/wp\/wp-json\/wp\/v2\/media\/927904"}],"wp:attachment":[{"href":"https:\/\/bahiaeconomica.com.br\/wp\/wp-json\/wp\/v2\/media?parent=927903"}],"wp:term":[{"taxonomy":"category","embeddable":true,"href":"https:\/\/bahiaeconomica.com.br\/wp\/wp-json\/wp\/v2\/categories?post=927903"},{"taxonomy":"post_tag","embeddable":true,"href":"https:\/\/bahiaeconomica.com.br\/wp\/wp-json\/wp\/v2\/tags?post=927903"}],"curies":[{"name":"wp","href":"https:\/\/api.w.org\/{rel}","templated":true}]}}