{"id":927842,"date":"2025-08-21T10:20:30","date_gmt":"2025-08-21T13:20:30","guid":{"rendered":"https:\/\/bahiaeconomica.com.br\/wp\/?p=927842"},"modified":"2025-08-21T10:09:56","modified_gmt":"2025-08-21T13:09:56","slug":"velorio-de-everaldo-anunciacao-ocorre-nesta-quinta-21-em-salvador","status":"publish","type":"post","link":"https:\/\/bahiaeconomica.com.br\/wp\/2025\/08\/21\/velorio-de-everaldo-anunciacao-ocorre-nesta-quinta-21-em-salvador\/","title":{"rendered":"VEL\u00d3RIO DE EVERALDO ANUNCIA\u00c7\u00c3O OCORRE NESTA QUINTA (21) EM SALVADOR"},"content":{"rendered":"<p>O vel\u00f3rio do vice-presidente nacional do PT, Everaldo Anuncia\u00e7\u00e3o, acontece na manh\u00e3 desta quinta-feira (21) no cemit\u00e9rio Jardim da Saudade, no bairro de Brotas, em Salvador. Conforme nota da fam\u00edlia, o corpo ser\u00e1 cremado \u00e0s 16h30.<\/p>\n<p>Everaldo tinha 65 anos e morreu na quarta-feira (20), em Salvador, ap\u00f3s complica\u00e7\u00f5es de um procedimento cir\u00fargico em hospital particular.<\/p>\n<p>Figura importante no PT baiano, Everaldo foi vereador em Itabuna, presidiu o diret\u00f3rio estadual e, em 2020, concorreu como candidato a vice-prefeito de Ilh\u00e9us.<\/p>\n<p>Foto: \u00a0Divulga\u00e7\u00e3o\/PT<\/p>\n","protected":false},"excerpt":{"rendered":"<p>O vel\u00f3rio do vice-presidente nacional do PT, Everaldo Anuncia\u00e7\u00e3o, acontece na manh\u00e3 desta quinta-feira (21) no cemit\u00e9rio Jardim da Saudade, no bairro de Brotas, em Salvador. Conforme nota da fam\u00edlia, o corpo ser\u00e1 cremado \u00e0s 16h30. Everaldo tinha 65 anos e morreu na quarta-feira (20), em Salvador, ap\u00f3s complica\u00e7\u00f5es de um procedimento cir\u00fargico em hospital [&hellip;]<\/p>\n","protected":false},"author":20,"featured_media":927843,"comment_status":"closed","ping_status":"closed","sticky":false,"template":"","format":"standard","meta":[],"categories":[14601],"tags":[40796,73,824],"acf":[],"yoast_head":"<!-- This site is optimized with the Yoast SEO plugin v20.8 - https:\/\/yoast.com\/wordpress\/plugins\/seo\/ -->\n<title>VEL\u00d3RIO DE EVERALDO ANUNCIA\u00c7\u00c3O OCORRE NESTA QUINTA (21) EM SALVADOR - Bahia Economica<\/title>\n<meta name=\"description\" content=\"O maior portal de Economia da Bahia Pol\u00edtica Bahia Economica Everaldo tinha 65 anos e morreu na quarta-feira (20)\" \/>\n<meta name=\"robots\" content=\"index, follow, max-snippet:-1, max-image-preview:large, max-video-preview:-1\" \/>\n<link rel=\"canonical\" href=\"https:\/\/bahiaeconomica.com.br\/wp\/2025\/08\/21\/velorio-de-everaldo-anunciacao-ocorre-nesta-quinta-21-em-salvador\/\" \/>\n<meta property=\"og:locale\" content=\"pt_BR\" \/>\n<meta property=\"og:type\" content=\"article\" \/>\n<meta property=\"og:title\" content=\"VEL\u00d3RIO DE EVERALDO ANUNCIA\u00c7\u00c3O OCORRE NESTA QUINTA (21) EM SALVADOR - Bahia Economica\" \/>\n<meta property=\"og:description\" content=\"O maior portal de Economia da Bahia Pol\u00edtica Bahia Economica Everaldo tinha 65 anos e morreu na quarta-feira (20)\" \/>\n<meta property=\"og:url\" content=\"https:\/\/bahiaeconomica.com.br\/wp\/2025\/08\/21\/velorio-de-everaldo-anunciacao-ocorre-nesta-quinta-21-em-salvador\/\" \/>\n<meta property=\"og:site_name\" content=\"Bahia Economica\" \/>\n<meta property=\"article:publisher\" content=\"https:\/\/www.facebook.com\/bahiaeconomica\" \/>\n<meta property=\"article:published_time\" content=\"2025-08-21T13:20:30+00:00\" \/>\n<meta property=\"article:modified_time\" content=\"2025-08-21T13:09:56+00:00\" \/>\n<meta property=\"og:image\" content=\"https:\/\/bahiaeconomica.com.br\/wp\/wp-content\/uploads\/2025\/08\/WhatsApp-Image-2025-08-21-at-08.42.55.jpeg\" \/>\n\t<meta property=\"og:image:width\" content=\"984\" \/>\n\t<meta property=\"og:image:height\" content=\"590\" \/>\n\t<meta property=\"og:image:type\" content=\"image\/jpeg\" \/>\n<meta name=\"author\" content=\"BRUNA CARVALHO\" \/>\n<meta name=\"twitter:card\" content=\"summary_large_image\" \/>\n<meta name=\"twitter:label1\" content=\"Escrito por\" \/>\n\t<meta name=\"twitter:data1\" content=\"BRUNA CARVALHO\" \/>\n\t<meta name=\"twitter:label2\" content=\"Est. tempo de leitura\" \/>\n\t<meta name=\"twitter:data2\" content=\"1 minuto\" \/>\n<script type=\"application\/ld+json\" class=\"yoast-schema-graph\">{\"@context\":\"https:\/\/schema.org\",\"@graph\":[{\"@type\":\"Article\",\"@id\":\"https:\/\/bahiaeconomica.com.br\/wp\/2025\/08\/21\/velorio-de-everaldo-anunciacao-ocorre-nesta-quinta-21-em-salvador\/#article\",\"isPartOf\":{\"@id\":\"https:\/\/bahiaeconomica.com.br\/wp\/2025\/08\/21\/velorio-de-everaldo-anunciacao-ocorre-nesta-quinta-21-em-salvador\/\"},\"author\":{\"name\":\"BRUNA CARVALHO\",\"@id\":\"https:\/\/bahiaeconomica.com.br\/wp\/#\/schema\/person\/9310b0e591f5979f6f99773eac5804e6\"},\"headline\":\"VEL\u00d3RIO DE EVERALDO ANUNCIA\u00c7\u00c3O OCORRE NESTA QUINTA (21) EM SALVADOR\",\"datePublished\":\"2025-08-21T13:20:30+00:00\",\"dateModified\":\"2025-08-21T13:09:56+00:00\",\"mainEntityOfPage\":{\"@id\":\"https:\/\/bahiaeconomica.com.br\/wp\/2025\/08\/21\/velorio-de-everaldo-anunciacao-ocorre-nesta-quinta-21-em-salvador\/\"},\"wordCount\":100,\"publisher\":{\"@id\":\"https:\/\/bahiaeconomica.com.br\/wp\/#organization\"},\"keywords\":[\"everaldo anunciacao\",\"Salvador\",\"velorio\"],\"articleSection\":[\"Pol\u00edtica\"],\"inLanguage\":\"pt-BR\"},{\"@type\":\"WebPage\",\"@id\":\"https:\/\/bahiaeconomica.com.br\/wp\/2025\/08\/21\/velorio-de-everaldo-anunciacao-ocorre-nesta-quinta-21-em-salvador\/\",\"url\":\"https:\/\/bahiaeconomica.com.br\/wp\/2025\/08\/21\/velorio-de-everaldo-anunciacao-ocorre-nesta-quinta-21-em-salvador\/\",\"name\":\"VEL\u00d3RIO DE EVERALDO ANUNCIA\u00c7\u00c3O OCORRE NESTA QUINTA (21) EM SALVADOR - Bahia Economica\",\"isPartOf\":{\"@id\":\"https:\/\/bahiaeconomica.com.br\/wp\/#website\"},\"datePublished\":\"2025-08-21T13:20:30+00:00\",\"dateModified\":\"2025-08-21T13:09:56+00:00\",\"description\":\"O maior portal de Economia da Bahia Pol\u00edtica Bahia Economica Everaldo tinha 65 anos e morreu na quarta-feira (20)\",\"breadcrumb\":{\"@id\":\"https:\/\/bahiaeconomica.com.br\/wp\/2025\/08\/21\/velorio-de-everaldo-anunciacao-ocorre-nesta-quinta-21-em-salvador\/#breadcrumb\"},\"inLanguage\":\"pt-BR\",\"potentialAction\":[{\"@type\":\"ReadAction\",\"target\":[\"https:\/\/bahiaeconomica.com.br\/wp\/2025\/08\/21\/velorio-de-everaldo-anunciacao-ocorre-nesta-quinta-21-em-salvador\/\"]}]},{\"@type\":\"BreadcrumbList\",\"@id\":\"https:\/\/bahiaeconomica.com.br\/wp\/2025\/08\/21\/velorio-de-everaldo-anunciacao-ocorre-nesta-quinta-21-em-salvador\/#breadcrumb\",\"itemListElement\":[{\"@type\":\"ListItem\",\"position\":1,\"name\":\"In\u00edcio\",\"item\":\"https:\/\/bahiaeconomica.com.br\/wp\/\"},{\"@type\":\"ListItem\",\"position\":2,\"name\":\"VEL\u00d3RIO DE EVERALDO ANUNCIA\u00c7\u00c3O OCORRE NESTA QUINTA (21) EM SALVADOR\"}]},{\"@type\":\"WebSite\",\"@id\":\"https:\/\/bahiaeconomica.com.br\/wp\/#website\",\"url\":\"https:\/\/bahiaeconomica.com.br\/wp\/\",\"name\":\"Bahia Economica\",\"description\":\"O maior portal de Economia da Bahia\",\"publisher\":{\"@id\":\"https:\/\/bahiaeconomica.com.br\/wp\/#organization\"},\"potentialAction\":[{\"@type\":\"SearchAction\",\"target\":{\"@type\":\"EntryPoint\",\"urlTemplate\":\"https:\/\/bahiaeconomica.com.br\/wp\/?s={search_term_string}\"},\"query-input\":\"required name=search_term_string\"}],\"inLanguage\":\"pt-BR\"},{\"@type\":\"Organization\",\"@id\":\"https:\/\/bahiaeconomica.com.br\/wp\/#organization\",\"name\":\"Bahia Econ\u00f4mica\",\"url\":\"https:\/\/bahiaeconomica.com.br\/wp\/\",\"logo\":{\"@type\":\"ImageObject\",\"inLanguage\":\"pt-BR\",\"@id\":\"https:\/\/bahiaeconomica.com.br\/wp\/#\/schema\/logo\/image\/\",\"url\":\"https:\/\/bahiaeconomica.com.br\/wp\/wp-content\/uploads\/2020\/12\/cropped-BE.png\",\"contentUrl\":\"https:\/\/bahiaeconomica.com.br\/wp\/wp-content\/uploads\/2020\/12\/cropped-BE.png\",\"width\":512,\"height\":512,\"caption\":\"Bahia Econ\u00f4mica\"},\"image\":{\"@id\":\"https:\/\/bahiaeconomica.com.br\/wp\/#\/schema\/logo\/image\/\"},\"sameAs\":[\"https:\/\/www.facebook.com\/bahiaeconomica\"]},{\"@type\":\"Person\",\"@id\":\"https:\/\/bahiaeconomica.com.br\/wp\/#\/schema\/person\/9310b0e591f5979f6f99773eac5804e6\",\"name\":\"BRUNA CARVALHO\",\"sameAs\":[\"http:\/\/www.bahiaeconomica.com.br\"],\"url\":\"https:\/\/bahiaeconomica.com.br\/wp\/author\/bruna\/\"}]}<\/script>\n<!-- \/ Yoast SEO plugin. -->","yoast_head_json":{"title":"VEL\u00d3RIO DE EVERALDO ANUNCIA\u00c7\u00c3O OCORRE NESTA QUINTA (21) EM SALVADOR - Bahia Economica","description":"O maior portal de Economia da Bahia Pol\u00edtica Bahia Economica Everaldo tinha 65 anos e morreu na quarta-feira (20)","robots":{"index":"index","follow":"follow","max-snippet":"max-snippet:-1","max-image-preview":"max-image-preview:large","max-video-preview":"max-video-preview:-1"},"canonical":"https:\/\/bahiaeconomica.com.br\/wp\/2025\/08\/21\/velorio-de-everaldo-anunciacao-ocorre-nesta-quinta-21-em-salvador\/","og_locale":"pt_BR","og_type":"article","og_title":"VEL\u00d3RIO DE EVERALDO ANUNCIA\u00c7\u00c3O OCORRE NESTA QUINTA (21) EM SALVADOR - Bahia Economica","og_description":"O maior portal de Economia da Bahia Pol\u00edtica Bahia Economica Everaldo tinha 65 anos e morreu na quarta-feira (20)","og_url":"https:\/\/bahiaeconomica.com.br\/wp\/2025\/08\/21\/velorio-de-everaldo-anunciacao-ocorre-nesta-quinta-21-em-salvador\/","og_site_name":"Bahia Economica","article_publisher":"https:\/\/www.facebook.com\/bahiaeconomica","article_published_time":"2025-08-21T13:20:30+00:00","article_modified_time":"2025-08-21T13:09:56+00:00","og_image":[{"width":984,"height":590,"url":"https:\/\/bahiaeconomica.com.br\/wp\/wp-content\/uploads\/2025\/08\/WhatsApp-Image-2025-08-21-at-08.42.55.jpeg","type":"image\/jpeg"}],"author":"BRUNA CARVALHO","twitter_card":"summary_large_image","twitter_misc":{"Escrito por":"BRUNA CARVALHO","Est. tempo de leitura":"1 minuto"},"schema":{"@context":"https:\/\/schema.org","@graph":[{"@type":"Article","@id":"https:\/\/bahiaeconomica.com.br\/wp\/2025\/08\/21\/velorio-de-everaldo-anunciacao-ocorre-nesta-quinta-21-em-salvador\/#article","isPartOf":{"@id":"https:\/\/bahiaeconomica.com.br\/wp\/2025\/08\/21\/velorio-de-everaldo-anunciacao-ocorre-nesta-quinta-21-em-salvador\/"},"author":{"name":"BRUNA CARVALHO","@id":"https:\/\/bahiaeconomica.com.br\/wp\/#\/schema\/person\/9310b0e591f5979f6f99773eac5804e6"},"headline":"VEL\u00d3RIO DE EVERALDO ANUNCIA\u00c7\u00c3O OCORRE NESTA QUINTA (21) EM SALVADOR","datePublished":"2025-08-21T13:20:30+00:00","dateModified":"2025-08-21T13:09:56+00:00","mainEntityOfPage":{"@id":"https:\/\/bahiaeconomica.com.br\/wp\/2025\/08\/21\/velorio-de-everaldo-anunciacao-ocorre-nesta-quinta-21-em-salvador\/"},"wordCount":100,"publisher":{"@id":"https:\/\/bahiaeconomica.com.br\/wp\/#organization"},"keywords":["everaldo anunciacao","Salvador","velorio"],"articleSection":["Pol\u00edtica"],"inLanguage":"pt-BR"},{"@type":"WebPage","@id":"https:\/\/bahiaeconomica.com.br\/wp\/2025\/08\/21\/velorio-de-everaldo-anunciacao-ocorre-nesta-quinta-21-em-salvador\/","url":"https:\/\/bahiaeconomica.com.br\/wp\/2025\/08\/21\/velorio-de-everaldo-anunciacao-ocorre-nesta-quinta-21-em-salvador\/","name":"VEL\u00d3RIO DE EVERALDO ANUNCIA\u00c7\u00c3O OCORRE NESTA QUINTA (21) EM SALVADOR - Bahia Economica","isPartOf":{"@id":"https:\/\/bahiaeconomica.com.br\/wp\/#website"},"datePublished":"2025-08-21T13:20:30+00:00","dateModified":"2025-08-21T13:09:56+00:00","description":"O maior portal de Economia da Bahia Pol\u00edtica Bahia Economica Everaldo tinha 65 anos e morreu na quarta-feira (20)","breadcrumb":{"@id":"https:\/\/bahiaeconomica.com.br\/wp\/2025\/08\/21\/velorio-de-everaldo-anunciacao-ocorre-nesta-quinta-21-em-salvador\/#breadcrumb"},"inLanguage":"pt-BR","potentialAction":[{"@type":"ReadAction","target":["https:\/\/bahiaeconomica.com.br\/wp\/2025\/08\/21\/velorio-de-everaldo-anunciacao-ocorre-nesta-quinta-21-em-salvador\/"]}]},{"@type":"BreadcrumbList","@id":"https:\/\/bahiaeconomica.com.br\/wp\/2025\/08\/21\/velorio-de-everaldo-anunciacao-ocorre-nesta-quinta-21-em-salvador\/#breadcrumb","itemListElement":[{"@type":"ListItem","position":1,"name":"In\u00edcio","item":"https:\/\/bahiaeconomica.com.br\/wp\/"},{"@type":"ListItem","position":2,"name":"VEL\u00d3RIO DE EVERALDO ANUNCIA\u00c7\u00c3O OCORRE NESTA QUINTA (21) EM SALVADOR"}]},{"@type":"WebSite","@id":"https:\/\/bahiaeconomica.com.br\/wp\/#website","url":"https:\/\/bahiaeconomica.com.br\/wp\/","name":"Bahia Economica","description":"O maior portal de Economia da Bahia","publisher":{"@id":"https:\/\/bahiaeconomica.com.br\/wp\/#organization"},"potentialAction":[{"@type":"SearchAction","target":{"@type":"EntryPoint","urlTemplate":"https:\/\/bahiaeconomica.com.br\/wp\/?s={search_term_string}"},"query-input":"required name=search_term_string"}],"inLanguage":"pt-BR"},{"@type":"Organization","@id":"https:\/\/bahiaeconomica.com.br\/wp\/#organization","name":"Bahia Econ\u00f4mica","url":"https:\/\/bahiaeconomica.com.br\/wp\/","logo":{"@type":"ImageObject","inLanguage":"pt-BR","@id":"https:\/\/bahiaeconomica.com.br\/wp\/#\/schema\/logo\/image\/","url":"https:\/\/bahiaeconomica.com.br\/wp\/wp-content\/uploads\/2020\/12\/cropped-BE.png","contentUrl":"https:\/\/bahiaeconomica.com.br\/wp\/wp-content\/uploads\/2020\/12\/cropped-BE.png","width":512,"height":512,"caption":"Bahia Econ\u00f4mica"},"image":{"@id":"https:\/\/bahiaeconomica.com.br\/wp\/#\/schema\/logo\/image\/"},"sameAs":["https:\/\/www.facebook.com\/bahiaeconomica"]},{"@type":"Person","@id":"https:\/\/bahiaeconomica.com.br\/wp\/#\/schema\/person\/9310b0e591f5979f6f99773eac5804e6","name":"BRUNA CARVALHO","sameAs":["http:\/\/www.bahiaeconomica.com.br"],"url":"https:\/\/bahiaeconomica.com.br\/wp\/author\/bruna\/"}]}},"views":59,"_links":{"self":[{"href":"https:\/\/bahiaeconomica.com.br\/wp\/wp-json\/wp\/v2\/posts\/927842"}],"collection":[{"href":"https:\/\/bahiaeconomica.com.br\/wp\/wp-json\/wp\/v2\/posts"}],"about":[{"href":"https:\/\/bahiaeconomica.com.br\/wp\/wp-json\/wp\/v2\/types\/post"}],"author":[{"embeddable":true,"href":"https:\/\/bahiaeconomica.com.br\/wp\/wp-json\/wp\/v2\/users\/20"}],"replies":[{"embeddable":true,"href":"https:\/\/bahiaeconomica.com.br\/wp\/wp-json\/wp\/v2\/comments?post=927842"}],"version-history":[{"count":1,"href":"https:\/\/bahiaeconomica.com.br\/wp\/wp-json\/wp\/v2\/posts\/927842\/revisions"}],"predecessor-version":[{"id":927844,"href":"https:\/\/bahiaeconomica.com.br\/wp\/wp-json\/wp\/v2\/posts\/927842\/revisions\/927844"}],"wp:featuredmedia":[{"embeddable":true,"href":"https:\/\/bahiaeconomica.com.br\/wp\/wp-json\/wp\/v2\/media\/927843"}],"wp:attachment":[{"href":"https:\/\/bahiaeconomica.com.br\/wp\/wp-json\/wp\/v2\/media?parent=927842"}],"wp:term":[{"taxonomy":"category","embeddable":true,"href":"https:\/\/bahiaeconomica.com.br\/wp\/wp-json\/wp\/v2\/categories?post=927842"},{"taxonomy":"post_tag","embeddable":true,"href":"https:\/\/bahiaeconomica.com.br\/wp\/wp-json\/wp\/v2\/tags?post=927842"}],"curies":[{"name":"wp","href":"https:\/\/api.w.org\/{rel}","templated":true}]}}