{"id":927833,"date":"2025-08-21T11:40:23","date_gmt":"2025-08-21T14:40:23","guid":{"rendered":"https:\/\/bahiaeconomica.com.br\/wp\/?p=927833"},"modified":"2025-08-21T10:51:34","modified_gmt":"2025-08-21T13:51:34","slug":"empresarios-baianos-terao-experiencias-e-conexoes-no-app-vazk-academy-lancamento-acontece-no-evento-contagio-future","status":"publish","type":"post","link":"https:\/\/bahiaeconomica.com.br\/wp\/2025\/08\/21\/empresarios-baianos-terao-experiencias-e-conexoes-no-app-vazk-academy-lancamento-acontece-no-evento-contagio-future\/","title":{"rendered":"EMPRES\u00c1RIOS BAIANOS TER\u00c3O EXPERI\u00caNCIAS E CONEX\u00d5ES NO APP VAZK ACADEMY; LAN\u00c7AMENTO ACONTECE NO EVENTO CONT\u00c1GIO FUTURE"},"content":{"rendered":"<p>Uma nova forma de participar de experi\u00eancias sem sair de casa e efetuar networking com conversas reais est\u00e1 chegando para todo o pa\u00eds. Voltado para o p\u00fablico empresarial, o aplicativo Vazk Academy \u00e9 o primeiro com esse formato de viv\u00eancias na Bahia e j\u00e1 vem despertando o interesse de executivos fora do estado. Ainda em fase de testes, a plataforma contabiliza mais de 100 usu\u00e1rios ativos entre empres\u00e1rios de m\u00e9dio e alto padr\u00e3o, com ades\u00f5es de S\u00e3o Paulo e outros estados para al\u00e9m da Bahia. A proposta \u00e9 combinar conte\u00fados sobre intelig\u00eancia emocional, orat\u00f3ria, vendas estrat\u00e9gicas e posicionamento de marca com a pr\u00e1tica de desafios e conex\u00f5es.<\/p>\n<p>Os movimentos presenciais promovidos pelo Grupo Vazk tamb\u00e9m v\u00e3o se atrelar ao universo online do app, que ser\u00e1 lan\u00e7ado em 11 de setembro, durante o evento Cont\u00e1gio Future, no Hotel Intercity, em Salvador. A nova plataforma, fundada pelo empres\u00e1rio Lucas Vazk \u00e9 voltada para empres\u00e1rios e empreendedores que buscam desenvolvimento pessoal aliado ao crescimento profissional por meio de trilhas gamificadas de autoconhecimento e experi\u00eancias pr\u00e1ticas.<\/p>\n<p>Segundo dados do Sebrae, 99% das empresas brasileiras s\u00e3o micro ou pequenas, e a Bahia se destaca com mais de 900 mil neg\u00f3cios desse porte, ocupando a terceira coloca\u00e7\u00e3o nacional. Iniciativas como o Vazk Academy surgem como resposta \u00e0 crescente demanda por capacita\u00e7\u00e3o de empreendedores que precisam tomar decis\u00f5es cada vez mais estrat\u00e9gicas, especialmente diante do avan\u00e7o de tecnologias como a intelig\u00eancia artificial e o marketing preditivo.<\/p>\n<p>Com crescimento em mais de 300% entre 2024 e 2025, o Grupo vem apostando em formatos que fogem da abordagem tradicional de coaching. A empresa atua com foco em treinamentos comportamentais e eventos de imers\u00e3o, priorizando temas como intelig\u00eancia emocional, autoconhecimento e lideran\u00e7a adaptativa. O objetivo \u00e9 ajudar empres\u00e1rios a alinharem prop\u00f3sito e performance, criando v\u00ednculos de longo prazo com suas equipes e clientes.<\/p>\n<p>Evento de lan\u00e7amento com IA, vendas e neg\u00f3cios locais no centro do debate:<\/p>\n<p>O lan\u00e7amento do app ocorrer\u00e1 durante o Cont\u00e1gio Future Club 2025, promovido pelo Cont\u00e1gio Business Club, tamb\u00e9m sob a lideran\u00e7a de Lucas Vazk. O evento ser\u00e1 realizado das 14h \u00e0s 21h, com programa\u00e7\u00e3o voltada para empres\u00e1rios, profissionais de vendas e gestores de neg\u00f3cios locais.<\/p>\n<p>O encontro reunir\u00e1 especialistas em temas como branding, vendas com intelig\u00eancia emocional, crescimento de neg\u00f3cios por meio de comunidade e o uso da intelig\u00eancia artificial como aliada da gest\u00e3o. O formato inclui palestras, ativa\u00e7\u00f5es de marca e lounges de networking, com foco em decis\u00f5es pr\u00e1ticas e estrat\u00e9gias de diferencia\u00e7\u00e3o.<\/p>\n<p>\u201cA proposta \u00e9 proporcionar um ambiente onde tecnologia e comportamento caminhem juntos, preparando o empres\u00e1rio para os novos desafios do mercado\u201d, explica a organiza\u00e7\u00e3o. A programa\u00e7\u00e3o ser\u00e1 voltada principalmente para micro e pequenos empres\u00e1rios, que buscam aplicar tend\u00eancias de forma acess\u00edvel e adaptada \u00e0s suas realidades. O espa\u00e7o tamb\u00e9m funcionar\u00e1 como ponto de encontro para os usu\u00e1rios do Vazk Academy, promovendo conex\u00f5es e experi\u00eancias presenciais vinculadas aos conte\u00fados da plataforma.<\/p>\n<p>&nbsp;<\/p>\n<p>Servi\u00e7o:<\/p>\n<p>\ud83d\udccd Cont\u00e1gio Future Club 2025<\/p>\n<p>\ud83d\udcc5 11 de setembro de 2025<\/p>\n<p>\ud83d\udd53 Das 14h \u00e0s 21h<\/p>\n<p>\ud83d\udccc Hotel Intercity, Salvador \u2013 BA<\/p>\n<p>\ud83c\udfaf P\u00fablico-alvo: Empres\u00e1rios, profissionais de marketing, vendas e criadores de neg\u00f3cios<\/p>\n<p>\ud83d\udd17 Inscri\u00e7\u00f5es: Instagram @contagiobusinessclub<\/p>\n<p>&nbsp;<\/p>\n","protected":false},"excerpt":{"rendered":"<p>Uma nova forma de participar de experi\u00eancias sem sair de casa e efetuar networking com conversas reais est\u00e1 chegando para todo o pa\u00eds. Voltado para o p\u00fablico empresarial, o aplicativo Vazk Academy \u00e9 o primeiro com esse formato de viv\u00eancias na Bahia e j\u00e1 vem despertando o interesse de executivos fora do estado. Ainda em [&hellip;]<\/p>\n","protected":false},"author":8,"featured_media":927834,"comment_status":"closed","ping_status":"closed","sticky":false,"template":"","format":"standard","meta":[],"categories":[3],"tags":[52,1511,1685],"acf":[],"yoast_head":"<!-- This site is optimized with the Yoast SEO plugin v20.8 - https:\/\/yoast.com\/wordpress\/plugins\/seo\/ -->\n<title>EMPRES\u00c1RIOS BAIANOS TER\u00c3O EXPERI\u00caNCIAS E CONEX\u00d5ES NO APP VAZK ACADEMY; LAN\u00c7AMENTO ACONTECE NO EVENTO CONT\u00c1GIO FUTURE - Bahia Economica<\/title>\n<meta name=\"description\" content=\"O maior portal de Economia da Bahia ECONOMIA \/ POL\u00cdTICA Bahia Economica A proposta \u00e9 proporcionar um ambiente onde tecnologia e comportamento\" \/>\n<meta name=\"robots\" content=\"index, follow, max-snippet:-1, max-image-preview:large, max-video-preview:-1\" \/>\n<link rel=\"canonical\" href=\"https:\/\/bahiaeconomica.com.br\/wp\/2025\/08\/21\/empresarios-baianos-terao-experiencias-e-conexoes-no-app-vazk-academy-lancamento-acontece-no-evento-contagio-future\/\" \/>\n<meta property=\"og:locale\" content=\"pt_BR\" \/>\n<meta property=\"og:type\" content=\"article\" \/>\n<meta property=\"og:title\" content=\"EMPRES\u00c1RIOS BAIANOS TER\u00c3O EXPERI\u00caNCIAS E CONEX\u00d5ES NO APP VAZK ACADEMY; LAN\u00c7AMENTO ACONTECE NO EVENTO CONT\u00c1GIO FUTURE - Bahia Economica\" \/>\n<meta property=\"og:description\" content=\"O maior portal de Economia da Bahia ECONOMIA \/ POL\u00cdTICA Bahia Economica A proposta \u00e9 proporcionar um ambiente onde tecnologia e comportamento\" \/>\n<meta property=\"og:url\" content=\"https:\/\/bahiaeconomica.com.br\/wp\/2025\/08\/21\/empresarios-baianos-terao-experiencias-e-conexoes-no-app-vazk-academy-lancamento-acontece-no-evento-contagio-future\/\" \/>\n<meta property=\"og:site_name\" content=\"Bahia Economica\" \/>\n<meta property=\"article:publisher\" content=\"https:\/\/www.facebook.com\/bahiaeconomica\" \/>\n<meta property=\"article:published_time\" content=\"2025-08-21T14:40:23+00:00\" \/>\n<meta property=\"article:modified_time\" content=\"2025-08-21T13:51:34+00:00\" \/>\n<meta property=\"og:image\" content=\"https:\/\/bahiaeconomica.com.br\/wp\/wp-content\/uploads\/2025\/08\/WhatsApp-Image-2025-08-21-at-09.31.15.jpeg\" \/>\n\t<meta property=\"og:image:width\" content=\"1040\" \/>\n\t<meta property=\"og:image:height\" content=\"585\" \/>\n\t<meta property=\"og:image:type\" content=\"image\/jpeg\" \/>\n<meta name=\"author\" content=\"JP\" \/>\n<meta name=\"twitter:card\" content=\"summary_large_image\" \/>\n<meta name=\"twitter:label1\" content=\"Escrito por\" \/>\n\t<meta name=\"twitter:data1\" content=\"JP\" \/>\n\t<meta name=\"twitter:label2\" content=\"Est. tempo de leitura\" \/>\n\t<meta name=\"twitter:data2\" content=\"3 minutos\" \/>\n<script type=\"application\/ld+json\" class=\"yoast-schema-graph\">{\"@context\":\"https:\/\/schema.org\",\"@graph\":[{\"@type\":\"Article\",\"@id\":\"https:\/\/bahiaeconomica.com.br\/wp\/2025\/08\/21\/empresarios-baianos-terao-experiencias-e-conexoes-no-app-vazk-academy-lancamento-acontece-no-evento-contagio-future\/#article\",\"isPartOf\":{\"@id\":\"https:\/\/bahiaeconomica.com.br\/wp\/2025\/08\/21\/empresarios-baianos-terao-experiencias-e-conexoes-no-app-vazk-academy-lancamento-acontece-no-evento-contagio-future\/\"},\"author\":{\"name\":\"JP\",\"@id\":\"https:\/\/bahiaeconomica.com.br\/wp\/#\/schema\/person\/c86d3a3f8960425a0f9d0e5245991f4e\"},\"headline\":\"EMPRES\u00c1RIOS BAIANOS TER\u00c3O EXPERI\u00caNCIAS E CONEX\u00d5ES NO APP VAZK ACADEMY; LAN\u00c7AMENTO ACONTECE NO EVENTO CONT\u00c1GIO FUTURE\",\"datePublished\":\"2025-08-21T14:40:23+00:00\",\"dateModified\":\"2025-08-21T13:51:34+00:00\",\"mainEntityOfPage\":{\"@id\":\"https:\/\/bahiaeconomica.com.br\/wp\/2025\/08\/21\/empresarios-baianos-terao-experiencias-e-conexoes-no-app-vazk-academy-lancamento-acontece-no-evento-contagio-future\/\"},\"wordCount\":593,\"publisher\":{\"@id\":\"https:\/\/bahiaeconomica.com.br\/wp\/#organization\"},\"keywords\":[\"Brasil\",\"celular\",\"empresarios\"],\"articleSection\":[\"ECONOMIA \/ POL\u00cdTICA\"],\"inLanguage\":\"pt-BR\"},{\"@type\":\"WebPage\",\"@id\":\"https:\/\/bahiaeconomica.com.br\/wp\/2025\/08\/21\/empresarios-baianos-terao-experiencias-e-conexoes-no-app-vazk-academy-lancamento-acontece-no-evento-contagio-future\/\",\"url\":\"https:\/\/bahiaeconomica.com.br\/wp\/2025\/08\/21\/empresarios-baianos-terao-experiencias-e-conexoes-no-app-vazk-academy-lancamento-acontece-no-evento-contagio-future\/\",\"name\":\"EMPRES\u00c1RIOS BAIANOS TER\u00c3O EXPERI\u00caNCIAS E CONEX\u00d5ES NO APP VAZK ACADEMY; LAN\u00c7AMENTO ACONTECE NO EVENTO CONT\u00c1GIO FUTURE - Bahia Economica\",\"isPartOf\":{\"@id\":\"https:\/\/bahiaeconomica.com.br\/wp\/#website\"},\"datePublished\":\"2025-08-21T14:40:23+00:00\",\"dateModified\":\"2025-08-21T13:51:34+00:00\",\"description\":\"O maior portal de Economia da Bahia ECONOMIA \/ POL\u00cdTICA Bahia Economica A proposta \u00e9 proporcionar um ambiente onde tecnologia e comportamento\",\"breadcrumb\":{\"@id\":\"https:\/\/bahiaeconomica.com.br\/wp\/2025\/08\/21\/empresarios-baianos-terao-experiencias-e-conexoes-no-app-vazk-academy-lancamento-acontece-no-evento-contagio-future\/#breadcrumb\"},\"inLanguage\":\"pt-BR\",\"potentialAction\":[{\"@type\":\"ReadAction\",\"target\":[\"https:\/\/bahiaeconomica.com.br\/wp\/2025\/08\/21\/empresarios-baianos-terao-experiencias-e-conexoes-no-app-vazk-academy-lancamento-acontece-no-evento-contagio-future\/\"]}]},{\"@type\":\"BreadcrumbList\",\"@id\":\"https:\/\/bahiaeconomica.com.br\/wp\/2025\/08\/21\/empresarios-baianos-terao-experiencias-e-conexoes-no-app-vazk-academy-lancamento-acontece-no-evento-contagio-future\/#breadcrumb\",\"itemListElement\":[{\"@type\":\"ListItem\",\"position\":1,\"name\":\"In\u00edcio\",\"item\":\"https:\/\/bahiaeconomica.com.br\/wp\/\"},{\"@type\":\"ListItem\",\"position\":2,\"name\":\"EMPRES\u00c1RIOS BAIANOS TER\u00c3O EXPERI\u00caNCIAS E CONEX\u00d5ES NO APP VAZK ACADEMY; LAN\u00c7AMENTO ACONTECE NO EVENTO CONT\u00c1GIO FUTURE\"}]},{\"@type\":\"WebSite\",\"@id\":\"https:\/\/bahiaeconomica.com.br\/wp\/#website\",\"url\":\"https:\/\/bahiaeconomica.com.br\/wp\/\",\"name\":\"Bahia Economica\",\"description\":\"O maior portal de Economia da Bahia\",\"publisher\":{\"@id\":\"https:\/\/bahiaeconomica.com.br\/wp\/#organization\"},\"potentialAction\":[{\"@type\":\"SearchAction\",\"target\":{\"@type\":\"EntryPoint\",\"urlTemplate\":\"https:\/\/bahiaeconomica.com.br\/wp\/?s={search_term_string}\"},\"query-input\":\"required name=search_term_string\"}],\"inLanguage\":\"pt-BR\"},{\"@type\":\"Organization\",\"@id\":\"https:\/\/bahiaeconomica.com.br\/wp\/#organization\",\"name\":\"Bahia Econ\u00f4mica\",\"url\":\"https:\/\/bahiaeconomica.com.br\/wp\/\",\"logo\":{\"@type\":\"ImageObject\",\"inLanguage\":\"pt-BR\",\"@id\":\"https:\/\/bahiaeconomica.com.br\/wp\/#\/schema\/logo\/image\/\",\"url\":\"https:\/\/bahiaeconomica.com.br\/wp\/wp-content\/uploads\/2020\/12\/cropped-BE.png\",\"contentUrl\":\"https:\/\/bahiaeconomica.com.br\/wp\/wp-content\/uploads\/2020\/12\/cropped-BE.png\",\"width\":512,\"height\":512,\"caption\":\"Bahia Econ\u00f4mica\"},\"image\":{\"@id\":\"https:\/\/bahiaeconomica.com.br\/wp\/#\/schema\/logo\/image\/\"},\"sameAs\":[\"https:\/\/www.facebook.com\/bahiaeconomica\"]},{\"@type\":\"Person\",\"@id\":\"https:\/\/bahiaeconomica.com.br\/wp\/#\/schema\/person\/c86d3a3f8960425a0f9d0e5245991f4e\",\"name\":\"JP\",\"sameAs\":[\"https:\/\/bahiaeconomica.com.br\/wp\/beta\/\"],\"url\":\"https:\/\/bahiaeconomica.com.br\/wp\/author\/jp\/\"}]}<\/script>\n<!-- \/ Yoast SEO plugin. -->","yoast_head_json":{"title":"EMPRES\u00c1RIOS BAIANOS TER\u00c3O EXPERI\u00caNCIAS E CONEX\u00d5ES NO APP VAZK ACADEMY; LAN\u00c7AMENTO ACONTECE NO EVENTO CONT\u00c1GIO FUTURE - Bahia Economica","description":"O maior portal de Economia da Bahia ECONOMIA \/ POL\u00cdTICA Bahia Economica A proposta \u00e9 proporcionar um ambiente onde tecnologia e comportamento","robots":{"index":"index","follow":"follow","max-snippet":"max-snippet:-1","max-image-preview":"max-image-preview:large","max-video-preview":"max-video-preview:-1"},"canonical":"https:\/\/bahiaeconomica.com.br\/wp\/2025\/08\/21\/empresarios-baianos-terao-experiencias-e-conexoes-no-app-vazk-academy-lancamento-acontece-no-evento-contagio-future\/","og_locale":"pt_BR","og_type":"article","og_title":"EMPRES\u00c1RIOS BAIANOS TER\u00c3O EXPERI\u00caNCIAS E CONEX\u00d5ES NO APP VAZK ACADEMY; LAN\u00c7AMENTO ACONTECE NO EVENTO CONT\u00c1GIO FUTURE - Bahia Economica","og_description":"O maior portal de Economia da Bahia ECONOMIA \/ POL\u00cdTICA Bahia Economica A proposta \u00e9 proporcionar um ambiente onde tecnologia e comportamento","og_url":"https:\/\/bahiaeconomica.com.br\/wp\/2025\/08\/21\/empresarios-baianos-terao-experiencias-e-conexoes-no-app-vazk-academy-lancamento-acontece-no-evento-contagio-future\/","og_site_name":"Bahia Economica","article_publisher":"https:\/\/www.facebook.com\/bahiaeconomica","article_published_time":"2025-08-21T14:40:23+00:00","article_modified_time":"2025-08-21T13:51:34+00:00","og_image":[{"width":1040,"height":585,"url":"https:\/\/bahiaeconomica.com.br\/wp\/wp-content\/uploads\/2025\/08\/WhatsApp-Image-2025-08-21-at-09.31.15.jpeg","type":"image\/jpeg"}],"author":"JP","twitter_card":"summary_large_image","twitter_misc":{"Escrito por":"JP","Est. tempo de leitura":"3 minutos"},"schema":{"@context":"https:\/\/schema.org","@graph":[{"@type":"Article","@id":"https:\/\/bahiaeconomica.com.br\/wp\/2025\/08\/21\/empresarios-baianos-terao-experiencias-e-conexoes-no-app-vazk-academy-lancamento-acontece-no-evento-contagio-future\/#article","isPartOf":{"@id":"https:\/\/bahiaeconomica.com.br\/wp\/2025\/08\/21\/empresarios-baianos-terao-experiencias-e-conexoes-no-app-vazk-academy-lancamento-acontece-no-evento-contagio-future\/"},"author":{"name":"JP","@id":"https:\/\/bahiaeconomica.com.br\/wp\/#\/schema\/person\/c86d3a3f8960425a0f9d0e5245991f4e"},"headline":"EMPRES\u00c1RIOS BAIANOS TER\u00c3O EXPERI\u00caNCIAS E CONEX\u00d5ES NO APP VAZK ACADEMY; LAN\u00c7AMENTO ACONTECE NO EVENTO CONT\u00c1GIO FUTURE","datePublished":"2025-08-21T14:40:23+00:00","dateModified":"2025-08-21T13:51:34+00:00","mainEntityOfPage":{"@id":"https:\/\/bahiaeconomica.com.br\/wp\/2025\/08\/21\/empresarios-baianos-terao-experiencias-e-conexoes-no-app-vazk-academy-lancamento-acontece-no-evento-contagio-future\/"},"wordCount":593,"publisher":{"@id":"https:\/\/bahiaeconomica.com.br\/wp\/#organization"},"keywords":["Brasil","celular","empresarios"],"articleSection":["ECONOMIA \/ POL\u00cdTICA"],"inLanguage":"pt-BR"},{"@type":"WebPage","@id":"https:\/\/bahiaeconomica.com.br\/wp\/2025\/08\/21\/empresarios-baianos-terao-experiencias-e-conexoes-no-app-vazk-academy-lancamento-acontece-no-evento-contagio-future\/","url":"https:\/\/bahiaeconomica.com.br\/wp\/2025\/08\/21\/empresarios-baianos-terao-experiencias-e-conexoes-no-app-vazk-academy-lancamento-acontece-no-evento-contagio-future\/","name":"EMPRES\u00c1RIOS BAIANOS TER\u00c3O EXPERI\u00caNCIAS E CONEX\u00d5ES NO APP VAZK ACADEMY; LAN\u00c7AMENTO ACONTECE NO EVENTO CONT\u00c1GIO FUTURE - Bahia Economica","isPartOf":{"@id":"https:\/\/bahiaeconomica.com.br\/wp\/#website"},"datePublished":"2025-08-21T14:40:23+00:00","dateModified":"2025-08-21T13:51:34+00:00","description":"O maior portal de Economia da Bahia ECONOMIA \/ POL\u00cdTICA Bahia Economica A proposta \u00e9 proporcionar um ambiente onde tecnologia e comportamento","breadcrumb":{"@id":"https:\/\/bahiaeconomica.com.br\/wp\/2025\/08\/21\/empresarios-baianos-terao-experiencias-e-conexoes-no-app-vazk-academy-lancamento-acontece-no-evento-contagio-future\/#breadcrumb"},"inLanguage":"pt-BR","potentialAction":[{"@type":"ReadAction","target":["https:\/\/bahiaeconomica.com.br\/wp\/2025\/08\/21\/empresarios-baianos-terao-experiencias-e-conexoes-no-app-vazk-academy-lancamento-acontece-no-evento-contagio-future\/"]}]},{"@type":"BreadcrumbList","@id":"https:\/\/bahiaeconomica.com.br\/wp\/2025\/08\/21\/empresarios-baianos-terao-experiencias-e-conexoes-no-app-vazk-academy-lancamento-acontece-no-evento-contagio-future\/#breadcrumb","itemListElement":[{"@type":"ListItem","position":1,"name":"In\u00edcio","item":"https:\/\/bahiaeconomica.com.br\/wp\/"},{"@type":"ListItem","position":2,"name":"EMPRES\u00c1RIOS BAIANOS TER\u00c3O EXPERI\u00caNCIAS E CONEX\u00d5ES NO APP VAZK ACADEMY; LAN\u00c7AMENTO ACONTECE NO EVENTO CONT\u00c1GIO FUTURE"}]},{"@type":"WebSite","@id":"https:\/\/bahiaeconomica.com.br\/wp\/#website","url":"https:\/\/bahiaeconomica.com.br\/wp\/","name":"Bahia Economica","description":"O maior portal de Economia da Bahia","publisher":{"@id":"https:\/\/bahiaeconomica.com.br\/wp\/#organization"},"potentialAction":[{"@type":"SearchAction","target":{"@type":"EntryPoint","urlTemplate":"https:\/\/bahiaeconomica.com.br\/wp\/?s={search_term_string}"},"query-input":"required name=search_term_string"}],"inLanguage":"pt-BR"},{"@type":"Organization","@id":"https:\/\/bahiaeconomica.com.br\/wp\/#organization","name":"Bahia Econ\u00f4mica","url":"https:\/\/bahiaeconomica.com.br\/wp\/","logo":{"@type":"ImageObject","inLanguage":"pt-BR","@id":"https:\/\/bahiaeconomica.com.br\/wp\/#\/schema\/logo\/image\/","url":"https:\/\/bahiaeconomica.com.br\/wp\/wp-content\/uploads\/2020\/12\/cropped-BE.png","contentUrl":"https:\/\/bahiaeconomica.com.br\/wp\/wp-content\/uploads\/2020\/12\/cropped-BE.png","width":512,"height":512,"caption":"Bahia Econ\u00f4mica"},"image":{"@id":"https:\/\/bahiaeconomica.com.br\/wp\/#\/schema\/logo\/image\/"},"sameAs":["https:\/\/www.facebook.com\/bahiaeconomica"]},{"@type":"Person","@id":"https:\/\/bahiaeconomica.com.br\/wp\/#\/schema\/person\/c86d3a3f8960425a0f9d0e5245991f4e","name":"JP","sameAs":["https:\/\/bahiaeconomica.com.br\/wp\/beta\/"],"url":"https:\/\/bahiaeconomica.com.br\/wp\/author\/jp\/"}]}},"views":8,"_links":{"self":[{"href":"https:\/\/bahiaeconomica.com.br\/wp\/wp-json\/wp\/v2\/posts\/927833"}],"collection":[{"href":"https:\/\/bahiaeconomica.com.br\/wp\/wp-json\/wp\/v2\/posts"}],"about":[{"href":"https:\/\/bahiaeconomica.com.br\/wp\/wp-json\/wp\/v2\/types\/post"}],"author":[{"embeddable":true,"href":"https:\/\/bahiaeconomica.com.br\/wp\/wp-json\/wp\/v2\/users\/8"}],"replies":[{"embeddable":true,"href":"https:\/\/bahiaeconomica.com.br\/wp\/wp-json\/wp\/v2\/comments?post=927833"}],"version-history":[{"count":1,"href":"https:\/\/bahiaeconomica.com.br\/wp\/wp-json\/wp\/v2\/posts\/927833\/revisions"}],"predecessor-version":[{"id":927835,"href":"https:\/\/bahiaeconomica.com.br\/wp\/wp-json\/wp\/v2\/posts\/927833\/revisions\/927835"}],"wp:featuredmedia":[{"embeddable":true,"href":"https:\/\/bahiaeconomica.com.br\/wp\/wp-json\/wp\/v2\/media\/927834"}],"wp:attachment":[{"href":"https:\/\/bahiaeconomica.com.br\/wp\/wp-json\/wp\/v2\/media?parent=927833"}],"wp:term":[{"taxonomy":"category","embeddable":true,"href":"https:\/\/bahiaeconomica.com.br\/wp\/wp-json\/wp\/v2\/categories?post=927833"},{"taxonomy":"post_tag","embeddable":true,"href":"https:\/\/bahiaeconomica.com.br\/wp\/wp-json\/wp\/v2\/tags?post=927833"}],"curies":[{"name":"wp","href":"https:\/\/api.w.org\/{rel}","templated":true}]}}