{"id":927766,"date":"2025-08-21T08:47:42","date_gmt":"2025-08-21T11:47:42","guid":{"rendered":"https:\/\/bahiaeconomica.com.br\/wp\/?p=927766"},"modified":"2025-08-21T08:47:42","modified_gmt":"2025-08-21T11:47:42","slug":"geraldo-junior-manifesta-pesar-pelo-falecimento-de-everaldo-anunciacao","status":"publish","type":"post","link":"https:\/\/bahiaeconomica.com.br\/wp\/2025\/08\/21\/geraldo-junior-manifesta-pesar-pelo-falecimento-de-everaldo-anunciacao\/","title":{"rendered":"GERALDO J\u00daNIOR MANIFESTA PESAR PELO FALECIMENTO DE EVERALDO ANUNCIA\u00c7\u00c3O"},"content":{"rendered":"<p>O vice-governador da Bahia, Geraldo J\u00fanior, manifesta profundo pesar pelo falecimento do companheiro Everaldo Anuncia\u00e7\u00e3o, vice-presidente nacional do PT e uma das principais lideran\u00e7as pol\u00edticas da Bahia.<\/p>\n<p>Confira a nota na \u00edntegra:<\/p>\n<p>Recebi com profundo pesar a not\u00edcia do falecimento do companheiro Everaldo Anuncia\u00e7\u00e3o, vice-presidente nacional do Partido dos Trabalhadores (PT), amigo leal e parceiro de tantas caminhadas.<\/p>\n<p>Everaldo, ou Vev\u00e9u, como carinhosamente o cham\u00e1vamos, foi uma lideran\u00e7a marcada pelo compromisso com os trabalhadores, pela defesa incans\u00e1vel dos mais pobres e pela constru\u00e7\u00e3o de um Brasil mais justo. Na Ceplac, na CUT, no PT da Bahia e do Brasil, deixou sempre a marca do di\u00e1logo, da firmeza pol\u00edtica e da humanidade.<\/p>\n<p>Tive a honra de caminhar ao lado de Vev\u00e9u nas elei\u00e7\u00f5es, compartilhando sonhos, lutas e esperan\u00e7as. Hoje, sua partida deixa uma lacuna imensa n\u00e3o apenas na milit\u00e2ncia pol\u00edtica, mas em todos aqueles que acreditam na pol\u00edtica como instrumento de transforma\u00e7\u00e3o social.<\/p>\n<p>Minha solidariedade e minhas ora\u00e7\u00f5es est\u00e3o voltadas \u00e0 sua esposa Madalena, aos seus filhos Victor e Larissa, e a toda a fam\u00edlia neste momento de dor. Que encontrem conforto na certeza de que Everaldo seguir\u00e1 vivo na mem\u00f3ria e na hist\u00f3ria do nosso povo.<\/p>\n","protected":false},"excerpt":{"rendered":"<p>O vice-governador da Bahia, Geraldo J\u00fanior, manifesta profundo pesar pelo falecimento do companheiro Everaldo Anuncia\u00e7\u00e3o, vice-presidente nacional do PT e uma das principais lideran\u00e7as pol\u00edticas da Bahia. Confira a nota na \u00edntegra: Recebi com profundo pesar a not\u00edcia do falecimento do companheiro Everaldo Anuncia\u00e7\u00e3o, vice-presidente nacional do Partido dos Trabalhadores (PT), amigo leal e parceiro [&hellip;]<\/p>\n","protected":false},"author":8,"featured_media":927767,"comment_status":"closed","ping_status":"closed","sticky":false,"template":"","format":"standard","meta":[],"categories":[5,14601],"tags":[40792,10811],"acf":[],"yoast_head":"<!-- This site is optimized with the Yoast SEO plugin v20.8 - https:\/\/yoast.com\/wordpress\/plugins\/seo\/ -->\n<title>GERALDO J\u00daNIOR MANIFESTA PESAR PELO FALECIMENTO DE EVERALDO ANUNCIA\u00c7\u00c3O - Bahia Economica<\/title>\n<meta name=\"description\" content=\"O maior portal de Economia da Bahia MUNIC\u00cdPIOS, Pol\u00edtica Bahia Economica Recebi com profundo pesar a not\u00edcia do falecimento do companheiro\" \/>\n<meta name=\"robots\" content=\"index, follow, max-snippet:-1, max-image-preview:large, max-video-preview:-1\" \/>\n<link rel=\"canonical\" href=\"https:\/\/bahiaeconomica.com.br\/wp\/2025\/08\/21\/geraldo-junior-manifesta-pesar-pelo-falecimento-de-everaldo-anunciacao\/\" \/>\n<meta property=\"og:locale\" content=\"pt_BR\" \/>\n<meta property=\"og:type\" content=\"article\" \/>\n<meta property=\"og:title\" content=\"GERALDO J\u00daNIOR MANIFESTA PESAR PELO FALECIMENTO DE EVERALDO ANUNCIA\u00c7\u00c3O - Bahia Economica\" \/>\n<meta property=\"og:description\" content=\"O maior portal de Economia da Bahia MUNIC\u00cdPIOS, Pol\u00edtica Bahia Economica Recebi com profundo pesar a not\u00edcia do falecimento do companheiro\" \/>\n<meta property=\"og:url\" content=\"https:\/\/bahiaeconomica.com.br\/wp\/2025\/08\/21\/geraldo-junior-manifesta-pesar-pelo-falecimento-de-everaldo-anunciacao\/\" \/>\n<meta property=\"og:site_name\" content=\"Bahia Economica\" \/>\n<meta property=\"article:publisher\" content=\"https:\/\/www.facebook.com\/bahiaeconomica\" \/>\n<meta property=\"article:published_time\" content=\"2025-08-21T11:47:42+00:00\" \/>\n<meta property=\"og:image\" content=\"https:\/\/bahiaeconomica.com.br\/wp\/wp-content\/uploads\/2025\/08\/WhatsApp-Image-2025-08-20-at-17.43.19.jpeg\" \/>\n\t<meta property=\"og:image:width\" content=\"1150\" \/>\n\t<meta property=\"og:image:height\" content=\"1172\" \/>\n\t<meta property=\"og:image:type\" content=\"image\/jpeg\" \/>\n<meta name=\"author\" content=\"JP\" \/>\n<meta name=\"twitter:card\" content=\"summary_large_image\" \/>\n<meta name=\"twitter:label1\" content=\"Escrito por\" \/>\n\t<meta name=\"twitter:data1\" content=\"JP\" \/>\n\t<meta name=\"twitter:label2\" content=\"Est. tempo de leitura\" \/>\n\t<meta name=\"twitter:data2\" content=\"2 minutos\" \/>\n<script type=\"application\/ld+json\" class=\"yoast-schema-graph\">{\"@context\":\"https:\/\/schema.org\",\"@graph\":[{\"@type\":\"Article\",\"@id\":\"https:\/\/bahiaeconomica.com.br\/wp\/2025\/08\/21\/geraldo-junior-manifesta-pesar-pelo-falecimento-de-everaldo-anunciacao\/#article\",\"isPartOf\":{\"@id\":\"https:\/\/bahiaeconomica.com.br\/wp\/2025\/08\/21\/geraldo-junior-manifesta-pesar-pelo-falecimento-de-everaldo-anunciacao\/\"},\"author\":{\"name\":\"JP\",\"@id\":\"https:\/\/bahiaeconomica.com.br\/wp\/#\/schema\/person\/c86d3a3f8960425a0f9d0e5245991f4e\"},\"headline\":\"GERALDO J\u00daNIOR MANIFESTA PESAR PELO FALECIMENTO DE EVERALDO ANUNCIA\u00c7\u00c3O\",\"datePublished\":\"2025-08-21T11:47:42+00:00\",\"dateModified\":\"2025-08-21T11:47:42+00:00\",\"mainEntityOfPage\":{\"@id\":\"https:\/\/bahiaeconomica.com.br\/wp\/2025\/08\/21\/geraldo-junior-manifesta-pesar-pelo-falecimento-de-everaldo-anunciacao\/\"},\"wordCount\":232,\"publisher\":{\"@id\":\"https:\/\/bahiaeconomica.com.br\/wp\/#organization\"},\"keywords\":[\"anuncia\u00e7\u00e3o\",\"everaldo\"],\"articleSection\":[\"MUNIC\u00cdPIOS\",\"Pol\u00edtica\"],\"inLanguage\":\"pt-BR\"},{\"@type\":\"WebPage\",\"@id\":\"https:\/\/bahiaeconomica.com.br\/wp\/2025\/08\/21\/geraldo-junior-manifesta-pesar-pelo-falecimento-de-everaldo-anunciacao\/\",\"url\":\"https:\/\/bahiaeconomica.com.br\/wp\/2025\/08\/21\/geraldo-junior-manifesta-pesar-pelo-falecimento-de-everaldo-anunciacao\/\",\"name\":\"GERALDO J\u00daNIOR MANIFESTA PESAR PELO FALECIMENTO DE EVERALDO ANUNCIA\u00c7\u00c3O - Bahia Economica\",\"isPartOf\":{\"@id\":\"https:\/\/bahiaeconomica.com.br\/wp\/#website\"},\"datePublished\":\"2025-08-21T11:47:42+00:00\",\"dateModified\":\"2025-08-21T11:47:42+00:00\",\"description\":\"O maior portal de Economia da Bahia MUNIC\u00cdPIOS, Pol\u00edtica Bahia Economica Recebi com profundo pesar a not\u00edcia do falecimento do companheiro\",\"breadcrumb\":{\"@id\":\"https:\/\/bahiaeconomica.com.br\/wp\/2025\/08\/21\/geraldo-junior-manifesta-pesar-pelo-falecimento-de-everaldo-anunciacao\/#breadcrumb\"},\"inLanguage\":\"pt-BR\",\"potentialAction\":[{\"@type\":\"ReadAction\",\"target\":[\"https:\/\/bahiaeconomica.com.br\/wp\/2025\/08\/21\/geraldo-junior-manifesta-pesar-pelo-falecimento-de-everaldo-anunciacao\/\"]}]},{\"@type\":\"BreadcrumbList\",\"@id\":\"https:\/\/bahiaeconomica.com.br\/wp\/2025\/08\/21\/geraldo-junior-manifesta-pesar-pelo-falecimento-de-everaldo-anunciacao\/#breadcrumb\",\"itemListElement\":[{\"@type\":\"ListItem\",\"position\":1,\"name\":\"In\u00edcio\",\"item\":\"https:\/\/bahiaeconomica.com.br\/wp\/\"},{\"@type\":\"ListItem\",\"position\":2,\"name\":\"GERALDO J\u00daNIOR MANIFESTA PESAR PELO FALECIMENTO DE EVERALDO ANUNCIA\u00c7\u00c3O\"}]},{\"@type\":\"WebSite\",\"@id\":\"https:\/\/bahiaeconomica.com.br\/wp\/#website\",\"url\":\"https:\/\/bahiaeconomica.com.br\/wp\/\",\"name\":\"Bahia Economica\",\"description\":\"O maior portal de Economia da Bahia\",\"publisher\":{\"@id\":\"https:\/\/bahiaeconomica.com.br\/wp\/#organization\"},\"potentialAction\":[{\"@type\":\"SearchAction\",\"target\":{\"@type\":\"EntryPoint\",\"urlTemplate\":\"https:\/\/bahiaeconomica.com.br\/wp\/?s={search_term_string}\"},\"query-input\":\"required name=search_term_string\"}],\"inLanguage\":\"pt-BR\"},{\"@type\":\"Organization\",\"@id\":\"https:\/\/bahiaeconomica.com.br\/wp\/#organization\",\"name\":\"Bahia Econ\u00f4mica\",\"url\":\"https:\/\/bahiaeconomica.com.br\/wp\/\",\"logo\":{\"@type\":\"ImageObject\",\"inLanguage\":\"pt-BR\",\"@id\":\"https:\/\/bahiaeconomica.com.br\/wp\/#\/schema\/logo\/image\/\",\"url\":\"https:\/\/bahiaeconomica.com.br\/wp\/wp-content\/uploads\/2020\/12\/cropped-BE.png\",\"contentUrl\":\"https:\/\/bahiaeconomica.com.br\/wp\/wp-content\/uploads\/2020\/12\/cropped-BE.png\",\"width\":512,\"height\":512,\"caption\":\"Bahia Econ\u00f4mica\"},\"image\":{\"@id\":\"https:\/\/bahiaeconomica.com.br\/wp\/#\/schema\/logo\/image\/\"},\"sameAs\":[\"https:\/\/www.facebook.com\/bahiaeconomica\"]},{\"@type\":\"Person\",\"@id\":\"https:\/\/bahiaeconomica.com.br\/wp\/#\/schema\/person\/c86d3a3f8960425a0f9d0e5245991f4e\",\"name\":\"JP\",\"sameAs\":[\"https:\/\/bahiaeconomica.com.br\/wp\/beta\/\"],\"url\":\"https:\/\/bahiaeconomica.com.br\/wp\/author\/jp\/\"}]}<\/script>\n<!-- \/ Yoast SEO plugin. -->","yoast_head_json":{"title":"GERALDO J\u00daNIOR MANIFESTA PESAR PELO FALECIMENTO DE EVERALDO ANUNCIA\u00c7\u00c3O - Bahia Economica","description":"O maior portal de Economia da Bahia MUNIC\u00cdPIOS, Pol\u00edtica Bahia Economica Recebi com profundo pesar a not\u00edcia do falecimento do companheiro","robots":{"index":"index","follow":"follow","max-snippet":"max-snippet:-1","max-image-preview":"max-image-preview:large","max-video-preview":"max-video-preview:-1"},"canonical":"https:\/\/bahiaeconomica.com.br\/wp\/2025\/08\/21\/geraldo-junior-manifesta-pesar-pelo-falecimento-de-everaldo-anunciacao\/","og_locale":"pt_BR","og_type":"article","og_title":"GERALDO J\u00daNIOR MANIFESTA PESAR PELO FALECIMENTO DE EVERALDO ANUNCIA\u00c7\u00c3O - Bahia Economica","og_description":"O maior portal de Economia da Bahia MUNIC\u00cdPIOS, Pol\u00edtica Bahia Economica Recebi com profundo pesar a not\u00edcia do falecimento do companheiro","og_url":"https:\/\/bahiaeconomica.com.br\/wp\/2025\/08\/21\/geraldo-junior-manifesta-pesar-pelo-falecimento-de-everaldo-anunciacao\/","og_site_name":"Bahia Economica","article_publisher":"https:\/\/www.facebook.com\/bahiaeconomica","article_published_time":"2025-08-21T11:47:42+00:00","og_image":[{"width":1150,"height":1172,"url":"https:\/\/bahiaeconomica.com.br\/wp\/wp-content\/uploads\/2025\/08\/WhatsApp-Image-2025-08-20-at-17.43.19.jpeg","type":"image\/jpeg"}],"author":"JP","twitter_card":"summary_large_image","twitter_misc":{"Escrito por":"JP","Est. tempo de leitura":"2 minutos"},"schema":{"@context":"https:\/\/schema.org","@graph":[{"@type":"Article","@id":"https:\/\/bahiaeconomica.com.br\/wp\/2025\/08\/21\/geraldo-junior-manifesta-pesar-pelo-falecimento-de-everaldo-anunciacao\/#article","isPartOf":{"@id":"https:\/\/bahiaeconomica.com.br\/wp\/2025\/08\/21\/geraldo-junior-manifesta-pesar-pelo-falecimento-de-everaldo-anunciacao\/"},"author":{"name":"JP","@id":"https:\/\/bahiaeconomica.com.br\/wp\/#\/schema\/person\/c86d3a3f8960425a0f9d0e5245991f4e"},"headline":"GERALDO J\u00daNIOR MANIFESTA PESAR PELO FALECIMENTO DE EVERALDO ANUNCIA\u00c7\u00c3O","datePublished":"2025-08-21T11:47:42+00:00","dateModified":"2025-08-21T11:47:42+00:00","mainEntityOfPage":{"@id":"https:\/\/bahiaeconomica.com.br\/wp\/2025\/08\/21\/geraldo-junior-manifesta-pesar-pelo-falecimento-de-everaldo-anunciacao\/"},"wordCount":232,"publisher":{"@id":"https:\/\/bahiaeconomica.com.br\/wp\/#organization"},"keywords":["anuncia\u00e7\u00e3o","everaldo"],"articleSection":["MUNIC\u00cdPIOS","Pol\u00edtica"],"inLanguage":"pt-BR"},{"@type":"WebPage","@id":"https:\/\/bahiaeconomica.com.br\/wp\/2025\/08\/21\/geraldo-junior-manifesta-pesar-pelo-falecimento-de-everaldo-anunciacao\/","url":"https:\/\/bahiaeconomica.com.br\/wp\/2025\/08\/21\/geraldo-junior-manifesta-pesar-pelo-falecimento-de-everaldo-anunciacao\/","name":"GERALDO J\u00daNIOR MANIFESTA PESAR PELO FALECIMENTO DE EVERALDO ANUNCIA\u00c7\u00c3O - Bahia Economica","isPartOf":{"@id":"https:\/\/bahiaeconomica.com.br\/wp\/#website"},"datePublished":"2025-08-21T11:47:42+00:00","dateModified":"2025-08-21T11:47:42+00:00","description":"O maior portal de Economia da Bahia MUNIC\u00cdPIOS, Pol\u00edtica Bahia Economica Recebi com profundo pesar a not\u00edcia do falecimento do companheiro","breadcrumb":{"@id":"https:\/\/bahiaeconomica.com.br\/wp\/2025\/08\/21\/geraldo-junior-manifesta-pesar-pelo-falecimento-de-everaldo-anunciacao\/#breadcrumb"},"inLanguage":"pt-BR","potentialAction":[{"@type":"ReadAction","target":["https:\/\/bahiaeconomica.com.br\/wp\/2025\/08\/21\/geraldo-junior-manifesta-pesar-pelo-falecimento-de-everaldo-anunciacao\/"]}]},{"@type":"BreadcrumbList","@id":"https:\/\/bahiaeconomica.com.br\/wp\/2025\/08\/21\/geraldo-junior-manifesta-pesar-pelo-falecimento-de-everaldo-anunciacao\/#breadcrumb","itemListElement":[{"@type":"ListItem","position":1,"name":"In\u00edcio","item":"https:\/\/bahiaeconomica.com.br\/wp\/"},{"@type":"ListItem","position":2,"name":"GERALDO J\u00daNIOR MANIFESTA PESAR PELO FALECIMENTO DE EVERALDO ANUNCIA\u00c7\u00c3O"}]},{"@type":"WebSite","@id":"https:\/\/bahiaeconomica.com.br\/wp\/#website","url":"https:\/\/bahiaeconomica.com.br\/wp\/","name":"Bahia Economica","description":"O maior portal de Economia da Bahia","publisher":{"@id":"https:\/\/bahiaeconomica.com.br\/wp\/#organization"},"potentialAction":[{"@type":"SearchAction","target":{"@type":"EntryPoint","urlTemplate":"https:\/\/bahiaeconomica.com.br\/wp\/?s={search_term_string}"},"query-input":"required name=search_term_string"}],"inLanguage":"pt-BR"},{"@type":"Organization","@id":"https:\/\/bahiaeconomica.com.br\/wp\/#organization","name":"Bahia Econ\u00f4mica","url":"https:\/\/bahiaeconomica.com.br\/wp\/","logo":{"@type":"ImageObject","inLanguage":"pt-BR","@id":"https:\/\/bahiaeconomica.com.br\/wp\/#\/schema\/logo\/image\/","url":"https:\/\/bahiaeconomica.com.br\/wp\/wp-content\/uploads\/2020\/12\/cropped-BE.png","contentUrl":"https:\/\/bahiaeconomica.com.br\/wp\/wp-content\/uploads\/2020\/12\/cropped-BE.png","width":512,"height":512,"caption":"Bahia Econ\u00f4mica"},"image":{"@id":"https:\/\/bahiaeconomica.com.br\/wp\/#\/schema\/logo\/image\/"},"sameAs":["https:\/\/www.facebook.com\/bahiaeconomica"]},{"@type":"Person","@id":"https:\/\/bahiaeconomica.com.br\/wp\/#\/schema\/person\/c86d3a3f8960425a0f9d0e5245991f4e","name":"JP","sameAs":["https:\/\/bahiaeconomica.com.br\/wp\/beta\/"],"url":"https:\/\/bahiaeconomica.com.br\/wp\/author\/jp\/"}]}},"views":16,"_links":{"self":[{"href":"https:\/\/bahiaeconomica.com.br\/wp\/wp-json\/wp\/v2\/posts\/927766"}],"collection":[{"href":"https:\/\/bahiaeconomica.com.br\/wp\/wp-json\/wp\/v2\/posts"}],"about":[{"href":"https:\/\/bahiaeconomica.com.br\/wp\/wp-json\/wp\/v2\/types\/post"}],"author":[{"embeddable":true,"href":"https:\/\/bahiaeconomica.com.br\/wp\/wp-json\/wp\/v2\/users\/8"}],"replies":[{"embeddable":true,"href":"https:\/\/bahiaeconomica.com.br\/wp\/wp-json\/wp\/v2\/comments?post=927766"}],"version-history":[{"count":1,"href":"https:\/\/bahiaeconomica.com.br\/wp\/wp-json\/wp\/v2\/posts\/927766\/revisions"}],"predecessor-version":[{"id":927768,"href":"https:\/\/bahiaeconomica.com.br\/wp\/wp-json\/wp\/v2\/posts\/927766\/revisions\/927768"}],"wp:featuredmedia":[{"embeddable":true,"href":"https:\/\/bahiaeconomica.com.br\/wp\/wp-json\/wp\/v2\/media\/927767"}],"wp:attachment":[{"href":"https:\/\/bahiaeconomica.com.br\/wp\/wp-json\/wp\/v2\/media?parent=927766"}],"wp:term":[{"taxonomy":"category","embeddable":true,"href":"https:\/\/bahiaeconomica.com.br\/wp\/wp-json\/wp\/v2\/categories?post=927766"},{"taxonomy":"post_tag","embeddable":true,"href":"https:\/\/bahiaeconomica.com.br\/wp\/wp-json\/wp\/v2\/tags?post=927766"}],"curies":[{"name":"wp","href":"https:\/\/api.w.org\/{rel}","templated":true}]}}