{"id":927524,"date":"2025-08-20T16:59:48","date_gmt":"2025-08-20T19:59:48","guid":{"rendered":"https:\/\/bahiaeconomica.com.br\/wp\/?p=927524"},"modified":"2025-08-20T15:11:22","modified_gmt":"2025-08-20T18:11:22","slug":"presidente-da-fecomercio-destaca-trabalho-do-governo-do-estado-na-atracao-de-voos-internacionais-porem-pede-mais-atencao-na-malha-interna","status":"publish","type":"post","link":"https:\/\/bahiaeconomica.com.br\/wp\/2025\/08\/20\/presidente-da-fecomercio-destaca-trabalho-do-governo-do-estado-na-atracao-de-voos-internacionais-porem-pede-mais-atencao-na-malha-interna\/","title":{"rendered":"PRESIDENTE DA FECOM\u00c9RCIO DESTACA TRABALHO DO GOVERNO DO ESTADO NA ATRA\u00c7\u00c3O DE VOOS INTERNACIONAIS, POR\u00c9M PEDE MAIS ATEN\u00c7\u00c3O NA MALHA INTERNA"},"content":{"rendered":"<p><strong>Em entrevista ao portal Bahia Econ\u00f4mica<\/strong>, Kelsor Fernandes, presidente da Fecom\u00e9rcio BA, destacou o trabalho do governo do estado na atra\u00e7\u00e3o de novos v\u00f4os para capital, por\u00e9m pediu um maior cuidado com a malha interna. Segundo Kelsor, n\u00f3s temos gatilhos na malha interna para pontos importantes do turismo que ainda n\u00e3o existem v\u00f4os.<\/p>\n<p>\u201cN\u00f3s temos que destacar que o turismo da Bahia tem sido bastante agraciado com as a\u00e7\u00f5es do governo do estado, destacando a atra\u00e7\u00e3o de novos v\u00f4os, por\u00e9m hoje na Bahia existem alguns gatilhos como os aeroportos de Porto Seguro e Len\u00e7\u00f3is que n\u00e3o tem uma quantidade de v\u00f4os grande e no ver\u00e3o esses v\u00f4os s\u00e3o importantes\u201d, disse.<\/p>\n<p>Questionado se a quest\u00e3o da seguran\u00e7a p\u00fablica tem afetado o turismo local, Kelssior explicou que esse ponto tem que ser levado em conta no Brasil inteiro e n\u00e3o s\u00f3 na Bahia. \u201cO problema da viol\u00eancia ele \u00e9 nacional, n\u00e3o uma coisa Bahia. O turista que chega em S\u00e3o Paulo tem o mesmo problema do que chega aqui. Precisamos de pol\u00edticas publicas de prote\u00e7\u00e3o desse turista e acredito que o trabalho do governo \u00e9 satisfat\u00f3rio\u201d, disse.<\/p>\n<p>Kelsior esteve presente no evento \u201cVai Turismo\u201d, uma iniciativa da CNC (Confedera\u00e7\u00e3o Nacional do Com\u00e9rcio de Bens, Servi\u00e7os e Turismo) em parceria com a Fecom\u00e9rcio-Ba, que apresenta propostas e projetos na \u00e1rea. A reuni\u00e3o ocorreu hoje pela manh\u00e3 na sede da Fecom\u00e9rcio.<\/p>\n","protected":false},"excerpt":{"rendered":"<p>Em entrevista ao portal Bahia Econ\u00f4mica, Kelsor Fernandes, presidente da Fecom\u00e9rcio BA, destacou o trabalho do governo do estado na atra\u00e7\u00e3o de novos v\u00f4os para capital, por\u00e9m pediu um maior cuidado com a malha interna. Segundo Kelsor, n\u00f3s temos gatilhos na malha interna para pontos importantes do turismo que ainda n\u00e3o existem v\u00f4os. \u201cN\u00f3s temos [&hellip;]<\/p>\n","protected":false},"author":8,"featured_media":927535,"comment_status":"closed","ping_status":"closed","sticky":false,"template":"","format":"standard","meta":[],"categories":[14,3],"tags":[85,29857,746,442],"acf":[],"yoast_head":"<!-- This site is optimized with the Yoast SEO plugin v20.8 - https:\/\/yoast.com\/wordpress\/plugins\/seo\/ -->\n<title>PRESIDENTE DA FECOM\u00c9RCIO DESTACA TRABALHO DO GOVERNO DO ESTADO NA ATRA\u00c7\u00c3O DE VOOS INTERNACIONAIS, POR\u00c9M PEDE MAIS ATEN\u00c7\u00c3O NA MALHA INTERNA - Bahia Economica<\/title>\n<meta name=\"description\" content=\"O maior portal de Economia da Bahia DESTAQUE DO DIA, ECONOMIA \/ POL\u00cdTICA Bahia Economica Questionado se a quest\u00e3o da seguran\u00e7a p\u00fablica tem afetado\" \/>\n<meta name=\"robots\" content=\"index, follow, max-snippet:-1, max-image-preview:large, max-video-preview:-1\" \/>\n<link rel=\"canonical\" href=\"https:\/\/bahiaeconomica.com.br\/wp\/2025\/08\/20\/presidente-da-fecomercio-destaca-trabalho-do-governo-do-estado-na-atracao-de-voos-internacionais-porem-pede-mais-atencao-na-malha-interna\/\" \/>\n<meta property=\"og:locale\" content=\"pt_BR\" \/>\n<meta property=\"og:type\" content=\"article\" \/>\n<meta property=\"og:title\" content=\"PRESIDENTE DA FECOM\u00c9RCIO DESTACA TRABALHO DO GOVERNO DO ESTADO NA ATRA\u00c7\u00c3O DE VOOS INTERNACIONAIS, POR\u00c9M PEDE MAIS ATEN\u00c7\u00c3O NA MALHA INTERNA - Bahia Economica\" \/>\n<meta property=\"og:description\" content=\"O maior portal de Economia da Bahia DESTAQUE DO DIA, ECONOMIA \/ POL\u00cdTICA Bahia Economica Questionado se a quest\u00e3o da seguran\u00e7a p\u00fablica tem afetado\" \/>\n<meta property=\"og:url\" content=\"https:\/\/bahiaeconomica.com.br\/wp\/2025\/08\/20\/presidente-da-fecomercio-destaca-trabalho-do-governo-do-estado-na-atracao-de-voos-internacionais-porem-pede-mais-atencao-na-malha-interna\/\" \/>\n<meta property=\"og:site_name\" content=\"Bahia Economica\" \/>\n<meta property=\"article:publisher\" content=\"https:\/\/www.facebook.com\/bahiaeconomica\" \/>\n<meta property=\"article:published_time\" content=\"2025-08-20T19:59:48+00:00\" \/>\n<meta property=\"article:modified_time\" content=\"2025-08-20T18:11:22+00:00\" \/>\n<meta property=\"og:image\" content=\"https:\/\/bahiaeconomica.com.br\/wp\/wp-content\/uploads\/2025\/08\/WhatsApp-Image-2025-08-20-at-14.27.43.jpeg\" \/>\n\t<meta property=\"og:image:width\" content=\"1156\" \/>\n\t<meta property=\"og:image:height\" content=\"521\" \/>\n\t<meta property=\"og:image:type\" content=\"image\/jpeg\" \/>\n<meta name=\"author\" content=\"JP\" \/>\n<meta name=\"twitter:card\" content=\"summary_large_image\" \/>\n<meta name=\"twitter:label1\" content=\"Escrito por\" \/>\n\t<meta name=\"twitter:data1\" content=\"JP\" \/>\n\t<meta name=\"twitter:label2\" content=\"Est. tempo de leitura\" \/>\n\t<meta name=\"twitter:data2\" content=\"2 minutos\" \/>\n<script type=\"application\/ld+json\" class=\"yoast-schema-graph\">{\"@context\":\"https:\/\/schema.org\",\"@graph\":[{\"@type\":\"Article\",\"@id\":\"https:\/\/bahiaeconomica.com.br\/wp\/2025\/08\/20\/presidente-da-fecomercio-destaca-trabalho-do-governo-do-estado-na-atracao-de-voos-internacionais-porem-pede-mais-atencao-na-malha-interna\/#article\",\"isPartOf\":{\"@id\":\"https:\/\/bahiaeconomica.com.br\/wp\/2025\/08\/20\/presidente-da-fecomercio-destaca-trabalho-do-governo-do-estado-na-atracao-de-voos-internacionais-porem-pede-mais-atencao-na-malha-interna\/\"},\"author\":{\"name\":\"JP\",\"@id\":\"https:\/\/bahiaeconomica.com.br\/wp\/#\/schema\/person\/c86d3a3f8960425a0f9d0e5245991f4e\"},\"headline\":\"PRESIDENTE DA FECOM\u00c9RCIO DESTACA TRABALHO DO GOVERNO DO ESTADO NA ATRA\u00c7\u00c3O DE VOOS INTERNACIONAIS, POR\u00c9M PEDE MAIS ATEN\u00c7\u00c3O NA MALHA INTERNA\",\"datePublished\":\"2025-08-20T19:59:48+00:00\",\"dateModified\":\"2025-08-20T18:11:22+00:00\",\"mainEntityOfPage\":{\"@id\":\"https:\/\/bahiaeconomica.com.br\/wp\/2025\/08\/20\/presidente-da-fecomercio-destaca-trabalho-do-governo-do-estado-na-atracao-de-voos-internacionais-porem-pede-mais-atencao-na-malha-interna\/\"},\"wordCount\":285,\"publisher\":{\"@id\":\"https:\/\/bahiaeconomica.com.br\/wp\/#organization\"},\"keywords\":[\"Bahia\",\"econia\",\"evento\",\"Turismo\"],\"articleSection\":[\"DESTAQUE DO DIA\",\"ECONOMIA \/ POL\u00cdTICA\"],\"inLanguage\":\"pt-BR\"},{\"@type\":\"WebPage\",\"@id\":\"https:\/\/bahiaeconomica.com.br\/wp\/2025\/08\/20\/presidente-da-fecomercio-destaca-trabalho-do-governo-do-estado-na-atracao-de-voos-internacionais-porem-pede-mais-atencao-na-malha-interna\/\",\"url\":\"https:\/\/bahiaeconomica.com.br\/wp\/2025\/08\/20\/presidente-da-fecomercio-destaca-trabalho-do-governo-do-estado-na-atracao-de-voos-internacionais-porem-pede-mais-atencao-na-malha-interna\/\",\"name\":\"PRESIDENTE DA FECOM\u00c9RCIO DESTACA TRABALHO DO GOVERNO DO ESTADO NA ATRA\u00c7\u00c3O DE VOOS INTERNACIONAIS, POR\u00c9M PEDE MAIS ATEN\u00c7\u00c3O NA MALHA INTERNA - Bahia Economica\",\"isPartOf\":{\"@id\":\"https:\/\/bahiaeconomica.com.br\/wp\/#website\"},\"datePublished\":\"2025-08-20T19:59:48+00:00\",\"dateModified\":\"2025-08-20T18:11:22+00:00\",\"description\":\"O maior portal de Economia da Bahia DESTAQUE DO DIA, ECONOMIA \/ POL\u00cdTICA Bahia Economica Questionado se a quest\u00e3o da seguran\u00e7a p\u00fablica tem afetado\",\"breadcrumb\":{\"@id\":\"https:\/\/bahiaeconomica.com.br\/wp\/2025\/08\/20\/presidente-da-fecomercio-destaca-trabalho-do-governo-do-estado-na-atracao-de-voos-internacionais-porem-pede-mais-atencao-na-malha-interna\/#breadcrumb\"},\"inLanguage\":\"pt-BR\",\"potentialAction\":[{\"@type\":\"ReadAction\",\"target\":[\"https:\/\/bahiaeconomica.com.br\/wp\/2025\/08\/20\/presidente-da-fecomercio-destaca-trabalho-do-governo-do-estado-na-atracao-de-voos-internacionais-porem-pede-mais-atencao-na-malha-interna\/\"]}]},{\"@type\":\"BreadcrumbList\",\"@id\":\"https:\/\/bahiaeconomica.com.br\/wp\/2025\/08\/20\/presidente-da-fecomercio-destaca-trabalho-do-governo-do-estado-na-atracao-de-voos-internacionais-porem-pede-mais-atencao-na-malha-interna\/#breadcrumb\",\"itemListElement\":[{\"@type\":\"ListItem\",\"position\":1,\"name\":\"In\u00edcio\",\"item\":\"https:\/\/bahiaeconomica.com.br\/wp\/\"},{\"@type\":\"ListItem\",\"position\":2,\"name\":\"PRESIDENTE DA FECOM\u00c9RCIO DESTACA TRABALHO DO GOVERNO DO ESTADO NA ATRA\u00c7\u00c3O DE VOOS INTERNACIONAIS, POR\u00c9M PEDE MAIS ATEN\u00c7\u00c3O NA MALHA INTERNA\"}]},{\"@type\":\"WebSite\",\"@id\":\"https:\/\/bahiaeconomica.com.br\/wp\/#website\",\"url\":\"https:\/\/bahiaeconomica.com.br\/wp\/\",\"name\":\"Bahia Economica\",\"description\":\"O maior portal de Economia da Bahia\",\"publisher\":{\"@id\":\"https:\/\/bahiaeconomica.com.br\/wp\/#organization\"},\"potentialAction\":[{\"@type\":\"SearchAction\",\"target\":{\"@type\":\"EntryPoint\",\"urlTemplate\":\"https:\/\/bahiaeconomica.com.br\/wp\/?s={search_term_string}\"},\"query-input\":\"required name=search_term_string\"}],\"inLanguage\":\"pt-BR\"},{\"@type\":\"Organization\",\"@id\":\"https:\/\/bahiaeconomica.com.br\/wp\/#organization\",\"name\":\"Bahia Econ\u00f4mica\",\"url\":\"https:\/\/bahiaeconomica.com.br\/wp\/\",\"logo\":{\"@type\":\"ImageObject\",\"inLanguage\":\"pt-BR\",\"@id\":\"https:\/\/bahiaeconomica.com.br\/wp\/#\/schema\/logo\/image\/\",\"url\":\"https:\/\/bahiaeconomica.com.br\/wp\/wp-content\/uploads\/2020\/12\/cropped-BE.png\",\"contentUrl\":\"https:\/\/bahiaeconomica.com.br\/wp\/wp-content\/uploads\/2020\/12\/cropped-BE.png\",\"width\":512,\"height\":512,\"caption\":\"Bahia Econ\u00f4mica\"},\"image\":{\"@id\":\"https:\/\/bahiaeconomica.com.br\/wp\/#\/schema\/logo\/image\/\"},\"sameAs\":[\"https:\/\/www.facebook.com\/bahiaeconomica\"]},{\"@type\":\"Person\",\"@id\":\"https:\/\/bahiaeconomica.com.br\/wp\/#\/schema\/person\/c86d3a3f8960425a0f9d0e5245991f4e\",\"name\":\"JP\",\"sameAs\":[\"https:\/\/bahiaeconomica.com.br\/wp\/beta\/\"],\"url\":\"https:\/\/bahiaeconomica.com.br\/wp\/author\/jp\/\"}]}<\/script>\n<!-- \/ Yoast SEO plugin. -->","yoast_head_json":{"title":"PRESIDENTE DA FECOM\u00c9RCIO DESTACA TRABALHO DO GOVERNO DO ESTADO NA ATRA\u00c7\u00c3O DE VOOS INTERNACIONAIS, POR\u00c9M PEDE MAIS ATEN\u00c7\u00c3O NA MALHA INTERNA - Bahia Economica","description":"O maior portal de Economia da Bahia DESTAQUE DO DIA, ECONOMIA \/ POL\u00cdTICA Bahia Economica Questionado se a quest\u00e3o da seguran\u00e7a p\u00fablica tem afetado","robots":{"index":"index","follow":"follow","max-snippet":"max-snippet:-1","max-image-preview":"max-image-preview:large","max-video-preview":"max-video-preview:-1"},"canonical":"https:\/\/bahiaeconomica.com.br\/wp\/2025\/08\/20\/presidente-da-fecomercio-destaca-trabalho-do-governo-do-estado-na-atracao-de-voos-internacionais-porem-pede-mais-atencao-na-malha-interna\/","og_locale":"pt_BR","og_type":"article","og_title":"PRESIDENTE DA FECOM\u00c9RCIO DESTACA TRABALHO DO GOVERNO DO ESTADO NA ATRA\u00c7\u00c3O DE VOOS INTERNACIONAIS, POR\u00c9M PEDE MAIS ATEN\u00c7\u00c3O NA MALHA INTERNA - Bahia Economica","og_description":"O maior portal de Economia da Bahia DESTAQUE DO DIA, ECONOMIA \/ POL\u00cdTICA Bahia Economica Questionado se a quest\u00e3o da seguran\u00e7a p\u00fablica tem afetado","og_url":"https:\/\/bahiaeconomica.com.br\/wp\/2025\/08\/20\/presidente-da-fecomercio-destaca-trabalho-do-governo-do-estado-na-atracao-de-voos-internacionais-porem-pede-mais-atencao-na-malha-interna\/","og_site_name":"Bahia Economica","article_publisher":"https:\/\/www.facebook.com\/bahiaeconomica","article_published_time":"2025-08-20T19:59:48+00:00","article_modified_time":"2025-08-20T18:11:22+00:00","og_image":[{"width":1156,"height":521,"url":"https:\/\/bahiaeconomica.com.br\/wp\/wp-content\/uploads\/2025\/08\/WhatsApp-Image-2025-08-20-at-14.27.43.jpeg","type":"image\/jpeg"}],"author":"JP","twitter_card":"summary_large_image","twitter_misc":{"Escrito por":"JP","Est. tempo de leitura":"2 minutos"},"schema":{"@context":"https:\/\/schema.org","@graph":[{"@type":"Article","@id":"https:\/\/bahiaeconomica.com.br\/wp\/2025\/08\/20\/presidente-da-fecomercio-destaca-trabalho-do-governo-do-estado-na-atracao-de-voos-internacionais-porem-pede-mais-atencao-na-malha-interna\/#article","isPartOf":{"@id":"https:\/\/bahiaeconomica.com.br\/wp\/2025\/08\/20\/presidente-da-fecomercio-destaca-trabalho-do-governo-do-estado-na-atracao-de-voos-internacionais-porem-pede-mais-atencao-na-malha-interna\/"},"author":{"name":"JP","@id":"https:\/\/bahiaeconomica.com.br\/wp\/#\/schema\/person\/c86d3a3f8960425a0f9d0e5245991f4e"},"headline":"PRESIDENTE DA FECOM\u00c9RCIO DESTACA TRABALHO DO GOVERNO DO ESTADO NA ATRA\u00c7\u00c3O DE VOOS INTERNACIONAIS, POR\u00c9M PEDE MAIS ATEN\u00c7\u00c3O NA MALHA INTERNA","datePublished":"2025-08-20T19:59:48+00:00","dateModified":"2025-08-20T18:11:22+00:00","mainEntityOfPage":{"@id":"https:\/\/bahiaeconomica.com.br\/wp\/2025\/08\/20\/presidente-da-fecomercio-destaca-trabalho-do-governo-do-estado-na-atracao-de-voos-internacionais-porem-pede-mais-atencao-na-malha-interna\/"},"wordCount":285,"publisher":{"@id":"https:\/\/bahiaeconomica.com.br\/wp\/#organization"},"keywords":["Bahia","econia","evento","Turismo"],"articleSection":["DESTAQUE DO DIA","ECONOMIA \/ POL\u00cdTICA"],"inLanguage":"pt-BR"},{"@type":"WebPage","@id":"https:\/\/bahiaeconomica.com.br\/wp\/2025\/08\/20\/presidente-da-fecomercio-destaca-trabalho-do-governo-do-estado-na-atracao-de-voos-internacionais-porem-pede-mais-atencao-na-malha-interna\/","url":"https:\/\/bahiaeconomica.com.br\/wp\/2025\/08\/20\/presidente-da-fecomercio-destaca-trabalho-do-governo-do-estado-na-atracao-de-voos-internacionais-porem-pede-mais-atencao-na-malha-interna\/","name":"PRESIDENTE DA FECOM\u00c9RCIO DESTACA TRABALHO DO GOVERNO DO ESTADO NA ATRA\u00c7\u00c3O DE VOOS INTERNACIONAIS, POR\u00c9M PEDE MAIS ATEN\u00c7\u00c3O NA MALHA INTERNA - Bahia Economica","isPartOf":{"@id":"https:\/\/bahiaeconomica.com.br\/wp\/#website"},"datePublished":"2025-08-20T19:59:48+00:00","dateModified":"2025-08-20T18:11:22+00:00","description":"O maior portal de Economia da Bahia DESTAQUE DO DIA, ECONOMIA \/ POL\u00cdTICA Bahia Economica Questionado se a quest\u00e3o da seguran\u00e7a p\u00fablica tem afetado","breadcrumb":{"@id":"https:\/\/bahiaeconomica.com.br\/wp\/2025\/08\/20\/presidente-da-fecomercio-destaca-trabalho-do-governo-do-estado-na-atracao-de-voos-internacionais-porem-pede-mais-atencao-na-malha-interna\/#breadcrumb"},"inLanguage":"pt-BR","potentialAction":[{"@type":"ReadAction","target":["https:\/\/bahiaeconomica.com.br\/wp\/2025\/08\/20\/presidente-da-fecomercio-destaca-trabalho-do-governo-do-estado-na-atracao-de-voos-internacionais-porem-pede-mais-atencao-na-malha-interna\/"]}]},{"@type":"BreadcrumbList","@id":"https:\/\/bahiaeconomica.com.br\/wp\/2025\/08\/20\/presidente-da-fecomercio-destaca-trabalho-do-governo-do-estado-na-atracao-de-voos-internacionais-porem-pede-mais-atencao-na-malha-interna\/#breadcrumb","itemListElement":[{"@type":"ListItem","position":1,"name":"In\u00edcio","item":"https:\/\/bahiaeconomica.com.br\/wp\/"},{"@type":"ListItem","position":2,"name":"PRESIDENTE DA FECOM\u00c9RCIO DESTACA TRABALHO DO GOVERNO DO ESTADO NA ATRA\u00c7\u00c3O DE VOOS INTERNACIONAIS, POR\u00c9M PEDE MAIS ATEN\u00c7\u00c3O NA MALHA INTERNA"}]},{"@type":"WebSite","@id":"https:\/\/bahiaeconomica.com.br\/wp\/#website","url":"https:\/\/bahiaeconomica.com.br\/wp\/","name":"Bahia Economica","description":"O maior portal de Economia da Bahia","publisher":{"@id":"https:\/\/bahiaeconomica.com.br\/wp\/#organization"},"potentialAction":[{"@type":"SearchAction","target":{"@type":"EntryPoint","urlTemplate":"https:\/\/bahiaeconomica.com.br\/wp\/?s={search_term_string}"},"query-input":"required name=search_term_string"}],"inLanguage":"pt-BR"},{"@type":"Organization","@id":"https:\/\/bahiaeconomica.com.br\/wp\/#organization","name":"Bahia Econ\u00f4mica","url":"https:\/\/bahiaeconomica.com.br\/wp\/","logo":{"@type":"ImageObject","inLanguage":"pt-BR","@id":"https:\/\/bahiaeconomica.com.br\/wp\/#\/schema\/logo\/image\/","url":"https:\/\/bahiaeconomica.com.br\/wp\/wp-content\/uploads\/2020\/12\/cropped-BE.png","contentUrl":"https:\/\/bahiaeconomica.com.br\/wp\/wp-content\/uploads\/2020\/12\/cropped-BE.png","width":512,"height":512,"caption":"Bahia Econ\u00f4mica"},"image":{"@id":"https:\/\/bahiaeconomica.com.br\/wp\/#\/schema\/logo\/image\/"},"sameAs":["https:\/\/www.facebook.com\/bahiaeconomica"]},{"@type":"Person","@id":"https:\/\/bahiaeconomica.com.br\/wp\/#\/schema\/person\/c86d3a3f8960425a0f9d0e5245991f4e","name":"JP","sameAs":["https:\/\/bahiaeconomica.com.br\/wp\/beta\/"],"url":"https:\/\/bahiaeconomica.com.br\/wp\/author\/jp\/"}]}},"views":23,"_links":{"self":[{"href":"https:\/\/bahiaeconomica.com.br\/wp\/wp-json\/wp\/v2\/posts\/927524"}],"collection":[{"href":"https:\/\/bahiaeconomica.com.br\/wp\/wp-json\/wp\/v2\/posts"}],"about":[{"href":"https:\/\/bahiaeconomica.com.br\/wp\/wp-json\/wp\/v2\/types\/post"}],"author":[{"embeddable":true,"href":"https:\/\/bahiaeconomica.com.br\/wp\/wp-json\/wp\/v2\/users\/8"}],"replies":[{"embeddable":true,"href":"https:\/\/bahiaeconomica.com.br\/wp\/wp-json\/wp\/v2\/comments?post=927524"}],"version-history":[{"count":1,"href":"https:\/\/bahiaeconomica.com.br\/wp\/wp-json\/wp\/v2\/posts\/927524\/revisions"}],"predecessor-version":[{"id":927536,"href":"https:\/\/bahiaeconomica.com.br\/wp\/wp-json\/wp\/v2\/posts\/927524\/revisions\/927536"}],"wp:featuredmedia":[{"embeddable":true,"href":"https:\/\/bahiaeconomica.com.br\/wp\/wp-json\/wp\/v2\/media\/927535"}],"wp:attachment":[{"href":"https:\/\/bahiaeconomica.com.br\/wp\/wp-json\/wp\/v2\/media?parent=927524"}],"wp:term":[{"taxonomy":"category","embeddable":true,"href":"https:\/\/bahiaeconomica.com.br\/wp\/wp-json\/wp\/v2\/categories?post=927524"},{"taxonomy":"post_tag","embeddable":true,"href":"https:\/\/bahiaeconomica.com.br\/wp\/wp-json\/wp\/v2\/tags?post=927524"}],"curies":[{"name":"wp","href":"https:\/\/api.w.org\/{rel}","templated":true}]}}