{"id":926724,"date":"2025-08-18T10:20:47","date_gmt":"2025-08-18T13:20:47","guid":{"rendered":"https:\/\/bahiaeconomica.com.br\/wp\/?p=926724"},"modified":"2025-08-18T09:57:30","modified_gmt":"2025-08-18T12:57:30","slug":"vendas-em-bares-e-restaurantes-crescem-04-em-julho-segundo-indice-abrasel-stone","status":"publish","type":"post","link":"https:\/\/bahiaeconomica.com.br\/wp\/2025\/08\/18\/vendas-em-bares-e-restaurantes-crescem-04-em-julho-segundo-indice-abrasel-stone\/","title":{"rendered":"VENDAS EM BARES E RESTAURANTES CRESCEM 0,4% EM JULHO, SEGUNDO \u00cdNDICE ABRASEL-STONE"},"content":{"rendered":"<p>As vendas no setor de bares e restaurantes cresceram 0,4% em julho, segundo dados do \u00cdndice Abrasel-Stone, relat\u00f3rio mensal divulgado pela Stone, principal parceira do empreendedor brasileiro, em parceria com a Abrasel (Associa\u00e7\u00e3o Brasileira de Bares e Restaurantes). J\u00e1 com rela\u00e7\u00e3o ao mesmo per\u00edodo do ano anterior, as vendas reportaram queda de 0,9%.<\/p>\n<p>O \u00cdndice Abrasel-Stone monitora o desempenho do setor de alimenta\u00e7\u00e3o fora do lar em 24 estados brasileiros. Desenvolvido a partir da base transacional da Stone, o indicador oferece uma leitura precisa e atualizada sobre a varia\u00e7\u00e3o das vendas no setor, com o objetivo de apoiar empreendedores na tomada de decis\u00f5es mais estrat\u00e9gicas.<\/p>\n<p>Para o presidente da Abrasel, Paulo Solmucci, &#8220;as f\u00e9rias escolares trouxeram bom movimento principalmente \u00e0s cidades mais tur\u00edsticas, mas mesmo os centros urbanos mantiveram um n\u00edvel de consumo positivo. O resultado do m\u00eas \u00e9 animador e traz boa expectativa para o segundo semestre&#8221;.<\/p>\n<p>Segundo Guilherme Freitas, economista e pesquisador da Stone, o m\u00eas de julho trouxe um al\u00edvio pontual para o setor, mas ainda dentro de um cen\u00e1rio desafiador. &#8220;Ap\u00f3s a queda expressiva registrada em junho, o setor de bares e restaurantes voltou a crescer em julho, impulsionado, em parte, pelo avan\u00e7o do mercado de trabalho e pela queda na taxa de desemprego. No entanto, o ritmo mais moderado na gera\u00e7\u00e3o de empregos, aliado ao alto comprometimento da renda das fam\u00edlias com d\u00edvidas e \u00e0 infla\u00e7\u00e3o ainda elevada no segmento de alimenta\u00e7\u00e3o fora do domic\u00edlio, mant\u00e9m a press\u00e3o sobre o consumo. Esse conjunto de fatores indica que a recupera\u00e7\u00e3o deve ser gradual e requer aten\u00e7\u00e3o, especialmente para neg\u00f3cios que dependem diretamente do poder de compra dos consumidores.&#8221;<br \/>\n<strong>An\u00e1lise regional e anual<\/strong><\/p>\n<p>Dos 24 estados contemplados pelo levantamento, sete estados apresentaram crescimento nas vendas do setor de bares e restaurantes em junho, na compara\u00e7\u00e3o anual: Rio Grande do Norte e Maranh\u00e3o (3,3%), Piau\u00ed (2,7%), Paran\u00e1 e S\u00e3o Paulo (1%), Goi\u00e1s (0,3%) e Roraima (0,1%).<\/p>\n<p>J\u00e1 entre os estados com desempenho negativo, as maiores quedas foram observadas no Par\u00e1 (6,8%), Tocantins (5,9%), Mato Grosso (5,6%), Alagoas (5%), Bahia (4,8%), Rond\u00f4nia (3,4%), Rio Grande do Sul e Santa Catarina (2,9%), Pernambuco (2,8%), Para\u00edba e Minas Gerais (2,3%), Rio de Janeiro (2,1%), Esp\u00edrito Santo (1,3%), Mato Grosso do Sul (0,6%), Cear\u00e1 (0,5%) e Amazonas (0,4%). Sergipe manteve estabilidade, com 0% de varia\u00e7\u00e3o.<\/p>\n<p>Foto: T\u00e2nia R\u00eago\/Ag\u00eancia Brasil<\/p>\n","protected":false},"excerpt":{"rendered":"<p>As vendas no setor de bares e restaurantes cresceram 0,4% em julho, segundo dados do \u00cdndice Abrasel-Stone, relat\u00f3rio mensal divulgado pela Stone, principal parceira do empreendedor brasileiro, em parceria com a Abrasel (Associa\u00e7\u00e3o Brasileira de Bares e Restaurantes). J\u00e1 com rela\u00e7\u00e3o ao mesmo per\u00edodo do ano anterior, as vendas reportaram queda de 0,9%. O \u00cdndice [&hellip;]<\/p>\n","protected":false},"author":20,"featured_media":926725,"comment_status":"closed","ping_status":"closed","sticky":false,"template":"","format":"standard","meta":[],"categories":[3],"tags":[989,4749,184,40734,269],"acf":[],"yoast_head":"<!-- This site is optimized with the Yoast SEO plugin v20.8 - https:\/\/yoast.com\/wordpress\/plugins\/seo\/ -->\n<title>VENDAS EM BARES E RESTAURANTES CRESCEM 0,4% EM JULHO, SEGUNDO \u00cdNDICE ABRASEL-STONE - Bahia Economica<\/title>\n<meta name=\"description\" content=\"ECONOMIA \/ POL\u00cdTICA Bahia Economica com rela\u00e7\u00e3o ao mesmo per\u00edodo do ano anterior, as vendas reportaram queda de 0,9%.\" \/>\n<meta name=\"robots\" content=\"index, follow, max-snippet:-1, max-image-preview:large, max-video-preview:-1\" \/>\n<link rel=\"canonical\" href=\"https:\/\/bahiaeconomica.com.br\/wp\/2025\/08\/18\/vendas-em-bares-e-restaurantes-crescem-04-em-julho-segundo-indice-abrasel-stone\/\" \/>\n<meta property=\"og:locale\" content=\"pt_BR\" \/>\n<meta property=\"og:type\" content=\"article\" \/>\n<meta property=\"og:title\" content=\"VENDAS EM BARES E RESTAURANTES CRESCEM 0,4% EM JULHO, SEGUNDO \u00cdNDICE ABRASEL-STONE - Bahia Economica\" \/>\n<meta property=\"og:description\" content=\"ECONOMIA \/ POL\u00cdTICA Bahia Economica com rela\u00e7\u00e3o ao mesmo per\u00edodo do ano anterior, as vendas reportaram queda de 0,9%.\" \/>\n<meta property=\"og:url\" content=\"https:\/\/bahiaeconomica.com.br\/wp\/2025\/08\/18\/vendas-em-bares-e-restaurantes-crescem-04-em-julho-segundo-indice-abrasel-stone\/\" \/>\n<meta property=\"og:site_name\" content=\"Bahia Economica\" \/>\n<meta property=\"article:publisher\" content=\"https:\/\/www.facebook.com\/bahiaeconomica\" \/>\n<meta property=\"article:published_time\" content=\"2025-08-18T13:20:47+00:00\" \/>\n<meta property=\"article:modified_time\" content=\"2025-08-18T12:57:30+00:00\" \/>\n<meta property=\"og:image\" content=\"https:\/\/bahiaeconomica.com.br\/wp\/wp-content\/uploads\/2025\/08\/trbr1264_0.webp\" \/>\n\t<meta property=\"og:image:width\" content=\"1170\" \/>\n\t<meta property=\"og:image:height\" content=\"700\" \/>\n\t<meta property=\"og:image:type\" content=\"image\/webp\" \/>\n<meta name=\"author\" content=\"BRUNA CARVALHO\" \/>\n<meta name=\"twitter:card\" content=\"summary_large_image\" \/>\n<meta name=\"twitter:label1\" content=\"Escrito por\" \/>\n\t<meta name=\"twitter:data1\" content=\"BRUNA CARVALHO\" \/>\n\t<meta name=\"twitter:label2\" content=\"Est. tempo de leitura\" \/>\n\t<meta name=\"twitter:data2\" content=\"3 minutos\" \/>\n<script type=\"application\/ld+json\" class=\"yoast-schema-graph\">{\"@context\":\"https:\/\/schema.org\",\"@graph\":[{\"@type\":\"Article\",\"@id\":\"https:\/\/bahiaeconomica.com.br\/wp\/2025\/08\/18\/vendas-em-bares-e-restaurantes-crescem-04-em-julho-segundo-indice-abrasel-stone\/#article\",\"isPartOf\":{\"@id\":\"https:\/\/bahiaeconomica.com.br\/wp\/2025\/08\/18\/vendas-em-bares-e-restaurantes-crescem-04-em-julho-segundo-indice-abrasel-stone\/\"},\"author\":{\"name\":\"BRUNA CARVALHO\",\"@id\":\"https:\/\/bahiaeconomica.com.br\/wp\/#\/schema\/person\/9310b0e591f5979f6f99773eac5804e6\"},\"headline\":\"VENDAS EM BARES E RESTAURANTES CRESCEM 0,4% EM JULHO, SEGUNDO \u00cdNDICE ABRASEL-STONE\",\"datePublished\":\"2025-08-18T13:20:47+00:00\",\"dateModified\":\"2025-08-18T12:57:30+00:00\",\"mainEntityOfPage\":{\"@id\":\"https:\/\/bahiaeconomica.com.br\/wp\/2025\/08\/18\/vendas-em-bares-e-restaurantes-crescem-04-em-julho-segundo-indice-abrasel-stone\/\"},\"wordCount\":413,\"publisher\":{\"@id\":\"https:\/\/bahiaeconomica.com.br\/wp\/#organization\"},\"keywords\":[\"BARES\",\"julho\",\"Pesquisa\",\"reastaurantes\",\"Vendas\"],\"articleSection\":[\"ECONOMIA \/ POL\u00cdTICA\"],\"inLanguage\":\"pt-BR\"},{\"@type\":\"WebPage\",\"@id\":\"https:\/\/bahiaeconomica.com.br\/wp\/2025\/08\/18\/vendas-em-bares-e-restaurantes-crescem-04-em-julho-segundo-indice-abrasel-stone\/\",\"url\":\"https:\/\/bahiaeconomica.com.br\/wp\/2025\/08\/18\/vendas-em-bares-e-restaurantes-crescem-04-em-julho-segundo-indice-abrasel-stone\/\",\"name\":\"VENDAS EM BARES E RESTAURANTES CRESCEM 0,4% EM JULHO, SEGUNDO \u00cdNDICE ABRASEL-STONE - Bahia Economica\",\"isPartOf\":{\"@id\":\"https:\/\/bahiaeconomica.com.br\/wp\/#website\"},\"datePublished\":\"2025-08-18T13:20:47+00:00\",\"dateModified\":\"2025-08-18T12:57:30+00:00\",\"description\":\"ECONOMIA \/ POL\u00cdTICA Bahia Economica com rela\u00e7\u00e3o ao mesmo per\u00edodo do ano anterior, as vendas reportaram queda de 0,9%.\",\"breadcrumb\":{\"@id\":\"https:\/\/bahiaeconomica.com.br\/wp\/2025\/08\/18\/vendas-em-bares-e-restaurantes-crescem-04-em-julho-segundo-indice-abrasel-stone\/#breadcrumb\"},\"inLanguage\":\"pt-BR\",\"potentialAction\":[{\"@type\":\"ReadAction\",\"target\":[\"https:\/\/bahiaeconomica.com.br\/wp\/2025\/08\/18\/vendas-em-bares-e-restaurantes-crescem-04-em-julho-segundo-indice-abrasel-stone\/\"]}]},{\"@type\":\"BreadcrumbList\",\"@id\":\"https:\/\/bahiaeconomica.com.br\/wp\/2025\/08\/18\/vendas-em-bares-e-restaurantes-crescem-04-em-julho-segundo-indice-abrasel-stone\/#breadcrumb\",\"itemListElement\":[{\"@type\":\"ListItem\",\"position\":1,\"name\":\"In\u00edcio\",\"item\":\"https:\/\/bahiaeconomica.com.br\/wp\/\"},{\"@type\":\"ListItem\",\"position\":2,\"name\":\"VENDAS EM BARES E RESTAURANTES CRESCEM 0,4% EM JULHO, SEGUNDO \u00cdNDICE ABRASEL-STONE\"}]},{\"@type\":\"WebSite\",\"@id\":\"https:\/\/bahiaeconomica.com.br\/wp\/#website\",\"url\":\"https:\/\/bahiaeconomica.com.br\/wp\/\",\"name\":\"Bahia Economica\",\"description\":\"O maior portal de Economia da Bahia\",\"publisher\":{\"@id\":\"https:\/\/bahiaeconomica.com.br\/wp\/#organization\"},\"potentialAction\":[{\"@type\":\"SearchAction\",\"target\":{\"@type\":\"EntryPoint\",\"urlTemplate\":\"https:\/\/bahiaeconomica.com.br\/wp\/?s={search_term_string}\"},\"query-input\":\"required name=search_term_string\"}],\"inLanguage\":\"pt-BR\"},{\"@type\":\"Organization\",\"@id\":\"https:\/\/bahiaeconomica.com.br\/wp\/#organization\",\"name\":\"Bahia Econ\u00f4mica\",\"url\":\"https:\/\/bahiaeconomica.com.br\/wp\/\",\"logo\":{\"@type\":\"ImageObject\",\"inLanguage\":\"pt-BR\",\"@id\":\"https:\/\/bahiaeconomica.com.br\/wp\/#\/schema\/logo\/image\/\",\"url\":\"https:\/\/bahiaeconomica.com.br\/wp\/wp-content\/uploads\/2020\/12\/cropped-BE.png\",\"contentUrl\":\"https:\/\/bahiaeconomica.com.br\/wp\/wp-content\/uploads\/2020\/12\/cropped-BE.png\",\"width\":512,\"height\":512,\"caption\":\"Bahia Econ\u00f4mica\"},\"image\":{\"@id\":\"https:\/\/bahiaeconomica.com.br\/wp\/#\/schema\/logo\/image\/\"},\"sameAs\":[\"https:\/\/www.facebook.com\/bahiaeconomica\"]},{\"@type\":\"Person\",\"@id\":\"https:\/\/bahiaeconomica.com.br\/wp\/#\/schema\/person\/9310b0e591f5979f6f99773eac5804e6\",\"name\":\"BRUNA CARVALHO\",\"sameAs\":[\"http:\/\/www.bahiaeconomica.com.br\"],\"url\":\"https:\/\/bahiaeconomica.com.br\/wp\/author\/bruna\/\"}]}<\/script>\n<!-- \/ Yoast SEO plugin. -->","yoast_head_json":{"title":"VENDAS EM BARES E RESTAURANTES CRESCEM 0,4% EM JULHO, SEGUNDO \u00cdNDICE ABRASEL-STONE - Bahia Economica","description":"ECONOMIA \/ POL\u00cdTICA Bahia Economica com rela\u00e7\u00e3o ao mesmo per\u00edodo do ano anterior, as vendas reportaram queda de 0,9%.","robots":{"index":"index","follow":"follow","max-snippet":"max-snippet:-1","max-image-preview":"max-image-preview:large","max-video-preview":"max-video-preview:-1"},"canonical":"https:\/\/bahiaeconomica.com.br\/wp\/2025\/08\/18\/vendas-em-bares-e-restaurantes-crescem-04-em-julho-segundo-indice-abrasel-stone\/","og_locale":"pt_BR","og_type":"article","og_title":"VENDAS EM BARES E RESTAURANTES CRESCEM 0,4% EM JULHO, SEGUNDO \u00cdNDICE ABRASEL-STONE - Bahia Economica","og_description":"ECONOMIA \/ POL\u00cdTICA Bahia Economica com rela\u00e7\u00e3o ao mesmo per\u00edodo do ano anterior, as vendas reportaram queda de 0,9%.","og_url":"https:\/\/bahiaeconomica.com.br\/wp\/2025\/08\/18\/vendas-em-bares-e-restaurantes-crescem-04-em-julho-segundo-indice-abrasel-stone\/","og_site_name":"Bahia Economica","article_publisher":"https:\/\/www.facebook.com\/bahiaeconomica","article_published_time":"2025-08-18T13:20:47+00:00","article_modified_time":"2025-08-18T12:57:30+00:00","og_image":[{"width":1170,"height":700,"url":"https:\/\/bahiaeconomica.com.br\/wp\/wp-content\/uploads\/2025\/08\/trbr1264_0.webp","type":"image\/webp"}],"author":"BRUNA CARVALHO","twitter_card":"summary_large_image","twitter_misc":{"Escrito por":"BRUNA CARVALHO","Est. tempo de leitura":"3 minutos"},"schema":{"@context":"https:\/\/schema.org","@graph":[{"@type":"Article","@id":"https:\/\/bahiaeconomica.com.br\/wp\/2025\/08\/18\/vendas-em-bares-e-restaurantes-crescem-04-em-julho-segundo-indice-abrasel-stone\/#article","isPartOf":{"@id":"https:\/\/bahiaeconomica.com.br\/wp\/2025\/08\/18\/vendas-em-bares-e-restaurantes-crescem-04-em-julho-segundo-indice-abrasel-stone\/"},"author":{"name":"BRUNA CARVALHO","@id":"https:\/\/bahiaeconomica.com.br\/wp\/#\/schema\/person\/9310b0e591f5979f6f99773eac5804e6"},"headline":"VENDAS EM BARES E RESTAURANTES CRESCEM 0,4% EM JULHO, SEGUNDO \u00cdNDICE ABRASEL-STONE","datePublished":"2025-08-18T13:20:47+00:00","dateModified":"2025-08-18T12:57:30+00:00","mainEntityOfPage":{"@id":"https:\/\/bahiaeconomica.com.br\/wp\/2025\/08\/18\/vendas-em-bares-e-restaurantes-crescem-04-em-julho-segundo-indice-abrasel-stone\/"},"wordCount":413,"publisher":{"@id":"https:\/\/bahiaeconomica.com.br\/wp\/#organization"},"keywords":["BARES","julho","Pesquisa","reastaurantes","Vendas"],"articleSection":["ECONOMIA \/ POL\u00cdTICA"],"inLanguage":"pt-BR"},{"@type":"WebPage","@id":"https:\/\/bahiaeconomica.com.br\/wp\/2025\/08\/18\/vendas-em-bares-e-restaurantes-crescem-04-em-julho-segundo-indice-abrasel-stone\/","url":"https:\/\/bahiaeconomica.com.br\/wp\/2025\/08\/18\/vendas-em-bares-e-restaurantes-crescem-04-em-julho-segundo-indice-abrasel-stone\/","name":"VENDAS EM BARES E RESTAURANTES CRESCEM 0,4% EM JULHO, SEGUNDO \u00cdNDICE ABRASEL-STONE - Bahia Economica","isPartOf":{"@id":"https:\/\/bahiaeconomica.com.br\/wp\/#website"},"datePublished":"2025-08-18T13:20:47+00:00","dateModified":"2025-08-18T12:57:30+00:00","description":"ECONOMIA \/ POL\u00cdTICA Bahia Economica com rela\u00e7\u00e3o ao mesmo per\u00edodo do ano anterior, as vendas reportaram queda de 0,9%.","breadcrumb":{"@id":"https:\/\/bahiaeconomica.com.br\/wp\/2025\/08\/18\/vendas-em-bares-e-restaurantes-crescem-04-em-julho-segundo-indice-abrasel-stone\/#breadcrumb"},"inLanguage":"pt-BR","potentialAction":[{"@type":"ReadAction","target":["https:\/\/bahiaeconomica.com.br\/wp\/2025\/08\/18\/vendas-em-bares-e-restaurantes-crescem-04-em-julho-segundo-indice-abrasel-stone\/"]}]},{"@type":"BreadcrumbList","@id":"https:\/\/bahiaeconomica.com.br\/wp\/2025\/08\/18\/vendas-em-bares-e-restaurantes-crescem-04-em-julho-segundo-indice-abrasel-stone\/#breadcrumb","itemListElement":[{"@type":"ListItem","position":1,"name":"In\u00edcio","item":"https:\/\/bahiaeconomica.com.br\/wp\/"},{"@type":"ListItem","position":2,"name":"VENDAS EM BARES E RESTAURANTES CRESCEM 0,4% EM JULHO, SEGUNDO \u00cdNDICE ABRASEL-STONE"}]},{"@type":"WebSite","@id":"https:\/\/bahiaeconomica.com.br\/wp\/#website","url":"https:\/\/bahiaeconomica.com.br\/wp\/","name":"Bahia Economica","description":"O maior portal de Economia da Bahia","publisher":{"@id":"https:\/\/bahiaeconomica.com.br\/wp\/#organization"},"potentialAction":[{"@type":"SearchAction","target":{"@type":"EntryPoint","urlTemplate":"https:\/\/bahiaeconomica.com.br\/wp\/?s={search_term_string}"},"query-input":"required name=search_term_string"}],"inLanguage":"pt-BR"},{"@type":"Organization","@id":"https:\/\/bahiaeconomica.com.br\/wp\/#organization","name":"Bahia Econ\u00f4mica","url":"https:\/\/bahiaeconomica.com.br\/wp\/","logo":{"@type":"ImageObject","inLanguage":"pt-BR","@id":"https:\/\/bahiaeconomica.com.br\/wp\/#\/schema\/logo\/image\/","url":"https:\/\/bahiaeconomica.com.br\/wp\/wp-content\/uploads\/2020\/12\/cropped-BE.png","contentUrl":"https:\/\/bahiaeconomica.com.br\/wp\/wp-content\/uploads\/2020\/12\/cropped-BE.png","width":512,"height":512,"caption":"Bahia Econ\u00f4mica"},"image":{"@id":"https:\/\/bahiaeconomica.com.br\/wp\/#\/schema\/logo\/image\/"},"sameAs":["https:\/\/www.facebook.com\/bahiaeconomica"]},{"@type":"Person","@id":"https:\/\/bahiaeconomica.com.br\/wp\/#\/schema\/person\/9310b0e591f5979f6f99773eac5804e6","name":"BRUNA CARVALHO","sameAs":["http:\/\/www.bahiaeconomica.com.br"],"url":"https:\/\/bahiaeconomica.com.br\/wp\/author\/bruna\/"}]}},"views":5,"_links":{"self":[{"href":"https:\/\/bahiaeconomica.com.br\/wp\/wp-json\/wp\/v2\/posts\/926724"}],"collection":[{"href":"https:\/\/bahiaeconomica.com.br\/wp\/wp-json\/wp\/v2\/posts"}],"about":[{"href":"https:\/\/bahiaeconomica.com.br\/wp\/wp-json\/wp\/v2\/types\/post"}],"author":[{"embeddable":true,"href":"https:\/\/bahiaeconomica.com.br\/wp\/wp-json\/wp\/v2\/users\/20"}],"replies":[{"embeddable":true,"href":"https:\/\/bahiaeconomica.com.br\/wp\/wp-json\/wp\/v2\/comments?post=926724"}],"version-history":[{"count":1,"href":"https:\/\/bahiaeconomica.com.br\/wp\/wp-json\/wp\/v2\/posts\/926724\/revisions"}],"predecessor-version":[{"id":926730,"href":"https:\/\/bahiaeconomica.com.br\/wp\/wp-json\/wp\/v2\/posts\/926724\/revisions\/926730"}],"wp:featuredmedia":[{"embeddable":true,"href":"https:\/\/bahiaeconomica.com.br\/wp\/wp-json\/wp\/v2\/media\/926725"}],"wp:attachment":[{"href":"https:\/\/bahiaeconomica.com.br\/wp\/wp-json\/wp\/v2\/media?parent=926724"}],"wp:term":[{"taxonomy":"category","embeddable":true,"href":"https:\/\/bahiaeconomica.com.br\/wp\/wp-json\/wp\/v2\/categories?post=926724"},{"taxonomy":"post_tag","embeddable":true,"href":"https:\/\/bahiaeconomica.com.br\/wp\/wp-json\/wp\/v2\/tags?post=926724"}],"curies":[{"name":"wp","href":"https:\/\/api.w.org\/{rel}","templated":true}]}}