{"id":926051,"date":"2025-08-14T13:40:50","date_gmt":"2025-08-14T16:40:50","guid":{"rendered":"https:\/\/bahiaeconomica.com.br\/wp\/?p=926051"},"modified":"2025-08-14T13:40:50","modified_gmt":"2025-08-14T16:40:50","slug":"i-festa-literaria-afrocentrada-de-paulo-afonso-fliafro-vai-promover-o-protagonismo-negro-no-universo-da-escrita-de-25-a-27-de-agosto","status":"publish","type":"post","link":"https:\/\/bahiaeconomica.com.br\/wp\/2025\/08\/14\/i-festa-literaria-afrocentrada-de-paulo-afonso-fliafro-vai-promover-o-protagonismo-negro-no-universo-da-escrita-de-25-a-27-de-agosto\/","title":{"rendered":"I FESTA LITER\u00c1RIA AFROCENTRADA DE PAULO AFONSO \u2013 FLIAFRO VAI PROMOVER O PROTAGONISMO NEGRO NO UNIVERSO DA ESCRITA, DE 25 A 27 DE AGOSTO"},"content":{"rendered":"<p>O acesso ao evento \u00e9 gratuito, mas a organiza\u00e7\u00e3o sugere a doa\u00e7\u00e3o de um quilo de alimento n\u00e3o perec\u00edvel. Toda arrecada\u00e7\u00e3o ser\u00e1 entregue ao programa Bahia Sem Fome, que garante alimenta\u00e7\u00e3o adequada para pessoas em situa\u00e7\u00e3o de vulnerabilidade social. Literatura, mem\u00f3ria, ancestralidade e resist\u00eancia integram a pauta da I Festa Liter\u00e1ria Afrocentrada de Paulo Afonso \u2013 FLIAFRO, que acontece de 25 a 27 de agosto. As atividades v\u00e3o acontecer no Col\u00e9gio Estadual Paulo Freire. Promovida pela Karu\u00e1 Solu\u00e7\u00f5es, a FLIAFRO pretende fomentar o protagonismo negro no universo liter\u00e1rio. O evento reunir\u00e1 escritores e escritoras afrodescendentes, artistas, educadores, representantes de editoras e livrarias, ativistas negros, povos de santo, estudantes e a comunidade para celebrar a produ\u00e7\u00e3o liter\u00e1ria brasileira e suas m\u00faltiplas express\u00f5es. A FLIAFRO conta com patroc\u00ednio do Governo do Estado da Bahia, atrav\u00e9s da Secretaria de Educa\u00e7\u00e3o e Secretaria de Cultura, via Funda\u00e7\u00e3o Pedro Calmon, e apoio cultural da TV E Bahia e Educadora FM.<\/p>\n<p>Com a curadoria do doutor em Literatura e Cultura e professor da UNEB, Marielson Carvalho, o evento vai promover rodas de conversa, palestras, lan\u00e7amentos de livros, oficinas, exibi\u00e7\u00e3o de filmes, apresenta\u00e7\u00f5es culturais. Toda programa\u00e7\u00e3o pode ser conferida no Instagram @fliafro_ba<\/p>\n<p>A I Festa Liter\u00e1ria Afrocentrada de Paulo Afonso \u2013 FLIAFRO contar\u00e1 com pain\u00e9is de conscientiza\u00e7\u00e3o de car\u00e1ter informativo sobre figuras hist\u00f3ricas e contempor\u00e2neas negras, suas lutas e conquistas, expostas aos participantes no local do evento. Al\u00e9m da exposi\u00e7\u00e3o de editoras baianas, tamb\u00e9m haver\u00e1 espa\u00e7o para artesanato e itens oriundos da agricultura familiar. \u201cEsperamos com iniciativas como a FLIAFRO valorizar os autores negros, estimular a leitura de suas obras, inspirar jovens talentos liter\u00e1rios, fortalecer a identidade cultural e ampliar a discuss\u00e3o antirracista\u201d, destaca Marielson Carvalho.<\/p>\n<p>Com expectativa de receber mil pessoas por dia, a FLIAFRO n\u00e3o pretende ser uma festa liter\u00e1ria apenas de Paulo Afonso, mas envolver todo Territ\u00f3rio de Identidade Itaparica, que tamb\u00e9m inclui os munic\u00edpios de Abar\u00e9, Chorroch\u00f3, Gl\u00f3ria, Macurur\u00e9 e Rodelas. Para viabilizar a participa\u00e7\u00e3o de alunos das escolas p\u00fablicas, o evento vai disponibilizar transporte para deslocamento de estudantes do Territ\u00f3rio de Itaparica para a festa liter\u00e1ria.<\/p>\n<p>Al\u00e9m das rodas de conversas e palestras, a programa\u00e7\u00e3o contar\u00e1 com atividades pr\u00e1ticas como a Oficina de Slam: Batalha de Poesia Falada; Oficina de Narrativas Orais: A Arte de Contar Hist\u00f3rias Ancestrais; Oficina de Po\u00e9ticas Visuais: Literatura Multimodal Negra; Roda de Conversa Enegrecendo Leituras: Escreviv\u00eancias de Mulheres Negras, Oficinas de Capoeira, dentre outras.<\/p>\n<p>&#8220;A FLIAFRO vai reunir autores, autoras, agentes liter\u00e1rios da regi\u00e3o, promover muita troca de conhecimento com os jovens estudantes do Territ\u00f3rio de Itaparica e preencher uma lacuna em eventos dessa natureza, onde a literatura negra seja uma refer\u00eancia de autoestima e protagonismo\u201d, afirma Marielson Carvalho. A FLIAFRO tamb\u00e9m ter\u00e1 em sua programa\u00e7\u00e3o v\u00e1rias manifesta\u00e7\u00f5es art\u00edsticas e culturais, como apresenta\u00e7\u00e3o de rodas de capoeira, performances po\u00e9ticas, teatro e m\u00fasica.<\/p>\n<p>Debates liter\u00e1rios<\/p>\n<p>Na abertura da FLIAFRO, no dia 25, \u00e0s 9 horas, a mesa \u201cVidas Negras Escritas: Literatura e Educa\u00e7\u00e3o Antirracistas\u201d ter\u00e1 como convidados o escritor e pedagogo Marcos Caj\u00e9, autor de livros infantojuvenis de literatura afro- fant\u00e1stica, como \u201cAra, o menino trov\u00e3o\u201d e \u201cAkin, o rei de Igbo\u201d, mestre em Hist\u00f3ria da \u00c1frica, da Di\u00e1spora e dos Povos Ind\u00edgenas pela Universidade Federal do Rec\u00f4ncavo da Bahia, e o ator, dramaturgo e diretor teatral, Aldri Anuncia\u00e7\u00e3o, vencedor do Pr\u00eamio Jabuti de Literatura 2013, categoria Romance para jovens por \u201cNam\u00edbia, n\u00e3o!\u201d, e um dos roteiristas do filme \u201cMedida Provis\u00f3ria\u201d, dirigido por L\u00e1zaro Ramos; foi por oito anos apresentador do programa Conex\u00e3o Bahia, da Tv Bahia. Na media\u00e7\u00e3o, C\u00e1ssia Vale.<\/p>\n<p>\u00c0s 13h30, a mesa \u201cRa\u00edzes da Literatura Afro-Brasileira: Tradi\u00e7\u00e3o Oral e Escrita\u201d ter\u00e1 como convidados a multiartista NegaFyah, escritora, atriz e produtora cultural conhecida por\u00a0 fortalecer o protagonismo\u00a0 de mulheres negras na literatura e pela performance impactante com suas parceiras no coletivo Slam das Minas,\u00a0 e o escritor baiano Gildeci Leite, professor de Literatura da UNEB e Doutor em Difus\u00e3o do Conhecimento, autor do livro \u201cA Casa do Mist\u00e9rio ou a Casa do Renascimento\u201d, escolhido para compor a lista do obras do vestibular da UNEB.<\/p>\n<p>No dia 26, \u00e0s 8h30, a mesa \u201cTr\u00e2nsitos Liter\u00e1rios, Di\u00e1logos Afro-Atl\u00e2nticos\u201d ter\u00e1 a participa\u00e7\u00e3o do escritor e quadrinista Anderson Shon, professor de reda\u00e7\u00e3o e de escrita criativa, autor do HQ \u201cEstados Unidos da \u00c1frica\u201d em parceria com Daniel Cesart e romance \u201cO s\u00edtio de Tia Nan\u00e1\u201d, e da escritora e poeta Lorena Ribeiro, que produz poesias, contos e literatura infantil, criadora do Clube de Leitura Lendo a Bahia e curadora liter\u00e1ria. Na media\u00e7\u00e3o, Marcelo Ricardo.<\/p>\n<p>\u00c0s 13h30, a mesa \u201cCorpos Ind\u00f3ceis, (R)exist\u00eancias Negras\u201d contar\u00e1 com a presen\u00e7a do escritor e performer baiano Lucas de Matos, autor dos livros \u201cPreto ozado\u201d e \u201cAntes que o mar silencie\u201d, de Jovina Souza, professora, mestra em Teoria e Cr\u00edtica da Cultura pela UFBA e autora do livro de poesia afro-feminista \u201cO amor n\u00e3o est\u00e1\u201d, e do Mois\u00e9s Alves, professor doutor da UEFS e autor de v\u00e1rios livros de poesia, como \u201cmangue\u201d, sobre mem\u00f3rias e afetos de sua fam\u00edlia no Pelourinho. Na media\u00e7\u00e3o, Maria Ant\u00f4nia.<\/p>\n<p>Outro destaque ser\u00e1 a mesa \u201cAfroturismo: Literatura, Arte e Pensamento\u201d, no dia 27, \u00e0s 8h30, com a participa\u00e7\u00e3o de F\u00e1bio Kabral, autor de cinco livros de literatura fant\u00e1stica e fic\u00e7\u00e3o cient\u00edfica, como \u201cO ca\u00e7ador cibern\u00e9tico da Rua 13\u201d e criador da Rede Afrofuturismo, e Mariana Madelinn, poeta e autora de dez livros entre poesia e fic\u00e7\u00e3o especulativa, e presente em v\u00e1rias feiras liter\u00e1rias baianas. Na media\u00e7\u00e3o, David Sol.<\/p>\n<p>\u00c0s 14 horas, a mesa com o tema \u201cLetramentos Negros em Tempos Hostis\u201d ter\u00e1 a participa\u00e7\u00e3o de Jorge Augusto, doutor em Literatura, professor da UESB, poeta e autor de \u201cModernismo negro: a literatura de Lima Barreto\u201d, premiado com o Jabuti Acad\u00eamico 2025; e de Midi\u00e3 Noelle, jornalista, mestra em Cultura e Sociedade pela UFBA e autora do livro \u201cComunica\u00e7\u00e3o Antirracista: um guia para se comunicar com todas as pessoas, em todos os lugares\u201d. Na media\u00e7\u00e3o, Liz Maria.<\/p>\n<p>Teatro de Bonecos vai levar a representa\u00e7\u00e3o de lideran\u00e7as negras para a FLIAFRO<\/p>\n<p>O grupo teatral Mamulengos da Caatinga ser\u00e1 um dos destaques art\u00edsticos na programa\u00e7\u00e3o do evento. A trupe vai se apresentar durante os tr\u00eas dias do evento, \u00e0s 9 e \u00e0s 15 horas, com bonecos de representa\u00e7\u00e3o de \u00edcones de lideran\u00e7as negras como a escritora Concei\u00e7\u00e3o Evaristo, o ator L\u00e1zaro Ramos; Zumbi dos Palmares, o l\u00edder quilombola brasileiro, s\u00edmbolo da resist\u00eancia negra e da luta contra escravid\u00e3o; Lima Barreto, um dos principais escritores brasileiros, que fazia uma cr\u00edtica social contundente contra as desigualdades e a sociedade racista; e Maria Felipa, hero\u00edna negra da Independ\u00eancia da Bahia.<\/p>\n<p>O Teatro de Bonecos Popular do Nordeste, tamb\u00e9m conhecido como Mamulengo, \u00e9 reconhecido como Patrim\u00f4nio Hist\u00f3rico e Art\u00edstico Nacional pelo IPHAN.<\/p>\n<p>Exposi\u00e7\u00e3o homenageia L\u00e9lia Gonzalez<\/p>\n<p>Uma exposi\u00e7\u00e3o com 18 pain\u00e9is que retratam a vida e a obra da mineira L\u00e9lia Gonzalez, uma das principais pensadoras do movimento negro e do Brasil, tamb\u00e9m ser\u00e1 uma das atra\u00e7\u00f5es da FLIAFRO. A exposi\u00e7\u00e3o esteve em Salvador, no ano passado, dentro do \u201cProjeto Mem\u00f3ria L\u00e9lia Gonzalez: Caminhos e reflex\u00f5es antirracistas e antissexistas\u201d, que percorreu sete capitais brasileiras em homenagem aos 90 anos de nascimento e 30 de falecimento da pensadora.<\/p>\n<p>\u201cO legado da intelectual negra L\u00e9lia Gonzalez, pioneira nos estudos de ra\u00e7a, classe e g\u00eanero, defensora de um feminismo afrolatinoamericano e uma refer\u00eancia por suas contribui\u00e7\u00f5es contra o sexismo, o racismo e o autoritarismo, poder\u00e1 ser conferido pelo p\u00fablico durante a I Festa Liter\u00e1ria Afrocentrada de Paulo Afonso\u201d, celebra Marielson Carvalho.<\/p>\n<p>Shows musicais: encerramento com M\u00e1rcia Short<\/p>\n<p>Tr\u00eas apresenta\u00e7\u00f5es musicais prometem movimentar a FLIAFRO: no dia 25, \u00e0s 16 horas, a Banda Melaninaemsi, liderada por Pablo Vinicius, apresenta seu show com repert\u00f3rio focado em quest\u00f5es sociais e comprometido com a luta dos menos favorecido. J\u00e1 no dia 26, \u00e0s 16 horas, a atra\u00e7\u00e3o musical ser\u00e1 a cantora e compositora afro-ind\u00edgena, Xandra Di\u00e1fana, com seu repert\u00f3rio que busca promover o respeito, a toler\u00e2ncia e a coexist\u00eancia pac\u00edfica entre diferentes grupos \u00e9tnicos.<\/p>\n<p>No dia 27, a cantora M\u00e1rcia Short faz o show de encerramento da Festa Liter\u00e1ria Afrocentrada, \u00e0s 16 horas. Umas das precursoras do Ax\u00e9 Music, a cantora, dona de uma voz potente e vers\u00e1til, vai levar ax\u00e9, samba-reggae e MPB para o palco da FLIAFRO.<\/p>\n<p>Bahia Sem Fome<\/p>\n<p>O acesso \u00e0 I Festa Liter\u00e1ria Afrocentrada de Paulo Afonso \u2013 FLIAFRO \u00e9 gratuito, mas a organiza\u00e7\u00e3o do evento vai estimular que cada visitante fa\u00e7a doa\u00e7\u00e3o de um quilo de alimento n\u00e3o perec\u00edvel. Todas as doa\u00e7\u00f5es arrecadadas ser\u00e3o entregues ao Bahia Sem Fome, programa estatal da Bahia que visa combater a fome e a inseguran\u00e7a alimentar, garantindo o acesso a alimenta\u00e7\u00e3o para pessoas em situa\u00e7\u00e3o de vulnerabilidade social.<\/p>\n<p>\u201cAbra\u00e7amos a causa e vamos estimular a doa\u00e7\u00e3o de alimentos para engajar a popula\u00e7\u00e3o e deixar tamb\u00e9m esse legado social, al\u00e9m do impacto do evento na cultura e educa\u00e7\u00e3o\u201d, destaca Marielson Carvalho.<\/p>\n<p>Acessibilidade<\/p>\n<p>Al\u00e9m de medidas para garantir acessibilidade f\u00edsica, como instala\u00e7\u00e3o de rampas de acesso no local do evento e reservas de assentos para pessoas com defici\u00eancia e seus acompanhantes, a programa\u00e7\u00e3o contar\u00e1 tamb\u00e9m com interpretes de Libras e materiais em Braille.<\/p>\n<p>As palestras, oficinas e atividades principais da programa\u00e7\u00e3o ter\u00e3o a presen\u00e7a de int\u00e9rpretes de Libras (L\u00edngua Brasileira de Sinais) para atender \u00e0s necessidades de pessoas surdas. Todos os materiais informativos do evento, como programas e sinaliza\u00e7\u00f5es, ter\u00e3o vers\u00e3o impressa em Braille, para atender pessoas com defici\u00eancia visual.<\/p>\n<p>Programa Bahia Liter\u00e1ria<\/p>\n<p>Este projeto foi contemplado no Edital de Apoio \u00e0s Festas, Feiras e Festivais Liter\u00e1rios (N\u00b0 01\/2024), atrav\u00e9s do Programa Bahia Liter\u00e1ria, com o apoio financeiro do Governo do Estado da Bahia, atrav\u00e9s da Secretaria de Educa\u00e7\u00e3o e Secretaria de Cultura, via Funda\u00e7\u00e3o Pedro Calmon, direcionada na modalidade fomento \u00e0 execu\u00e7\u00e3o de a\u00e7\u00f5es culturais, de acordo com o Decreto Federal n\u00ba 11.453\/2023, a Pol\u00edtica Estadual de Cultura &#8211; Lei n\u00ba 12.365\/2011, o Plano Estadual de Cultura &#8211; Lei n\u00ba 13.193\/2014, o Plano Estadual de Educa\u00e7\u00e3o da Bahia &#8211; Lei Estadual n\u00ba 13.559\/2016, a Lei Federal n\u00ba 14.133\/2021.<\/p>\n","protected":false},"excerpt":{"rendered":"<p>O acesso ao evento \u00e9 gratuito, mas a organiza\u00e7\u00e3o sugere a doa\u00e7\u00e3o de um quilo de alimento n\u00e3o perec\u00edvel. Toda arrecada\u00e7\u00e3o ser\u00e1 entregue ao programa Bahia Sem Fome, que garante alimenta\u00e7\u00e3o adequada para pessoas em situa\u00e7\u00e3o de vulnerabilidade social. Literatura, mem\u00f3ria, ancestralidade e resist\u00eancia integram a pauta da I Festa Liter\u00e1ria Afrocentrada de Paulo Afonso [&hellip;]<\/p>\n","protected":false},"author":8,"featured_media":926052,"comment_status":"closed","ping_status":"closed","sticky":false,"template":"","format":"standard","meta":[],"categories":[689],"tags":[52,933],"acf":[],"yoast_head":"<!-- This site is optimized with the Yoast SEO plugin v20.8 - https:\/\/yoast.com\/wordpress\/plugins\/seo\/ -->\n<title>I FESTA LITER\u00c1RIA AFROCENTRADA DE PAULO AFONSO \u2013 FLIAFRO VAI PROMOVER O PROTAGONISMO NEGRO NO UNIVERSO DA ESCRITA, DE 25 A 27 DE AGOSTO - Bahia Economica<\/title>\n<meta name=\"description\" content=\"O maior portal de Economia da Bahia CULTURA E ARTE Bahia Economica Este projeto foi contemplado no Edital de Apoio \u00e0s Festas\" \/>\n<meta name=\"robots\" content=\"index, follow, max-snippet:-1, max-image-preview:large, max-video-preview:-1\" \/>\n<link rel=\"canonical\" href=\"https:\/\/bahiaeconomica.com.br\/wp\/2025\/08\/14\/i-festa-literaria-afrocentrada-de-paulo-afonso-fliafro-vai-promover-o-protagonismo-negro-no-universo-da-escrita-de-25-a-27-de-agosto\/\" \/>\n<meta property=\"og:locale\" content=\"pt_BR\" \/>\n<meta property=\"og:type\" content=\"article\" \/>\n<meta property=\"og:title\" content=\"I FESTA LITER\u00c1RIA AFROCENTRADA DE PAULO AFONSO \u2013 FLIAFRO VAI PROMOVER O PROTAGONISMO NEGRO NO UNIVERSO DA ESCRITA, DE 25 A 27 DE AGOSTO - Bahia Economica\" \/>\n<meta property=\"og:description\" content=\"O maior portal de Economia da Bahia CULTURA E ARTE Bahia Economica Este projeto foi contemplado no Edital de Apoio \u00e0s Festas\" \/>\n<meta property=\"og:url\" content=\"https:\/\/bahiaeconomica.com.br\/wp\/2025\/08\/14\/i-festa-literaria-afrocentrada-de-paulo-afonso-fliafro-vai-promover-o-protagonismo-negro-no-universo-da-escrita-de-25-a-27-de-agosto\/\" \/>\n<meta property=\"og:site_name\" content=\"Bahia Economica\" \/>\n<meta property=\"article:publisher\" content=\"https:\/\/www.facebook.com\/bahiaeconomica\" \/>\n<meta property=\"article:published_time\" content=\"2025-08-14T16:40:50+00:00\" \/>\n<meta property=\"og:image\" content=\"https:\/\/bahiaeconomica.com.br\/wp\/wp-content\/uploads\/2025\/08\/WhatsApp-Image-2025-08-14-at-13.34.35.jpeg\" \/>\n\t<meta property=\"og:image:width\" content=\"2560\" \/>\n\t<meta property=\"og:image:height\" content=\"1706\" \/>\n\t<meta property=\"og:image:type\" content=\"image\/jpeg\" \/>\n<meta name=\"author\" content=\"JP\" \/>\n<meta name=\"twitter:card\" content=\"summary_large_image\" \/>\n<meta name=\"twitter:label1\" content=\"Escrito por\" \/>\n\t<meta name=\"twitter:data1\" content=\"JP\" \/>\n\t<meta name=\"twitter:label2\" content=\"Est. tempo de leitura\" \/>\n\t<meta name=\"twitter:data2\" content=\"10 minutos\" \/>\n<script type=\"application\/ld+json\" class=\"yoast-schema-graph\">{\"@context\":\"https:\/\/schema.org\",\"@graph\":[{\"@type\":\"Article\",\"@id\":\"https:\/\/bahiaeconomica.com.br\/wp\/2025\/08\/14\/i-festa-literaria-afrocentrada-de-paulo-afonso-fliafro-vai-promover-o-protagonismo-negro-no-universo-da-escrita-de-25-a-27-de-agosto\/#article\",\"isPartOf\":{\"@id\":\"https:\/\/bahiaeconomica.com.br\/wp\/2025\/08\/14\/i-festa-literaria-afrocentrada-de-paulo-afonso-fliafro-vai-promover-o-protagonismo-negro-no-universo-da-escrita-de-25-a-27-de-agosto\/\"},\"author\":{\"name\":\"JP\",\"@id\":\"https:\/\/bahiaeconomica.com.br\/wp\/#\/schema\/person\/c86d3a3f8960425a0f9d0e5245991f4e\"},\"headline\":\"I FESTA LITER\u00c1RIA AFROCENTRADA DE PAULO AFONSO \u2013 FLIAFRO VAI PROMOVER O PROTAGONISMO NEGRO NO UNIVERSO DA ESCRITA, DE 25 A 27 DE AGOSTO\",\"datePublished\":\"2025-08-14T16:40:50+00:00\",\"dateModified\":\"2025-08-14T16:40:50+00:00\",\"mainEntityOfPage\":{\"@id\":\"https:\/\/bahiaeconomica.com.br\/wp\/2025\/08\/14\/i-festa-literaria-afrocentrada-de-paulo-afonso-fliafro-vai-promover-o-protagonismo-negro-no-universo-da-escrita-de-25-a-27-de-agosto\/\"},\"wordCount\":1849,\"publisher\":{\"@id\":\"https:\/\/bahiaeconomica.com.br\/wp\/#organization\"},\"keywords\":[\"Brasil\",\"cultura\"],\"articleSection\":[\"CULTURA E ARTE\"],\"inLanguage\":\"pt-BR\"},{\"@type\":\"WebPage\",\"@id\":\"https:\/\/bahiaeconomica.com.br\/wp\/2025\/08\/14\/i-festa-literaria-afrocentrada-de-paulo-afonso-fliafro-vai-promover-o-protagonismo-negro-no-universo-da-escrita-de-25-a-27-de-agosto\/\",\"url\":\"https:\/\/bahiaeconomica.com.br\/wp\/2025\/08\/14\/i-festa-literaria-afrocentrada-de-paulo-afonso-fliafro-vai-promover-o-protagonismo-negro-no-universo-da-escrita-de-25-a-27-de-agosto\/\",\"name\":\"I FESTA LITER\u00c1RIA AFROCENTRADA DE PAULO AFONSO \u2013 FLIAFRO VAI PROMOVER O PROTAGONISMO NEGRO NO UNIVERSO DA ESCRITA, DE 25 A 27 DE AGOSTO - Bahia Economica\",\"isPartOf\":{\"@id\":\"https:\/\/bahiaeconomica.com.br\/wp\/#website\"},\"datePublished\":\"2025-08-14T16:40:50+00:00\",\"dateModified\":\"2025-08-14T16:40:50+00:00\",\"description\":\"O maior portal de Economia da Bahia CULTURA E ARTE Bahia Economica Este projeto foi contemplado no Edital de Apoio \u00e0s Festas\",\"breadcrumb\":{\"@id\":\"https:\/\/bahiaeconomica.com.br\/wp\/2025\/08\/14\/i-festa-literaria-afrocentrada-de-paulo-afonso-fliafro-vai-promover-o-protagonismo-negro-no-universo-da-escrita-de-25-a-27-de-agosto\/#breadcrumb\"},\"inLanguage\":\"pt-BR\",\"potentialAction\":[{\"@type\":\"ReadAction\",\"target\":[\"https:\/\/bahiaeconomica.com.br\/wp\/2025\/08\/14\/i-festa-literaria-afrocentrada-de-paulo-afonso-fliafro-vai-promover-o-protagonismo-negro-no-universo-da-escrita-de-25-a-27-de-agosto\/\"]}]},{\"@type\":\"BreadcrumbList\",\"@id\":\"https:\/\/bahiaeconomica.com.br\/wp\/2025\/08\/14\/i-festa-literaria-afrocentrada-de-paulo-afonso-fliafro-vai-promover-o-protagonismo-negro-no-universo-da-escrita-de-25-a-27-de-agosto\/#breadcrumb\",\"itemListElement\":[{\"@type\":\"ListItem\",\"position\":1,\"name\":\"In\u00edcio\",\"item\":\"https:\/\/bahiaeconomica.com.br\/wp\/\"},{\"@type\":\"ListItem\",\"position\":2,\"name\":\"I FESTA LITER\u00c1RIA AFROCENTRADA DE PAULO AFONSO \u2013 FLIAFRO VAI PROMOVER O PROTAGONISMO NEGRO NO UNIVERSO DA ESCRITA, DE 25 A 27 DE AGOSTO\"}]},{\"@type\":\"WebSite\",\"@id\":\"https:\/\/bahiaeconomica.com.br\/wp\/#website\",\"url\":\"https:\/\/bahiaeconomica.com.br\/wp\/\",\"name\":\"Bahia Economica\",\"description\":\"O maior portal de Economia da Bahia\",\"publisher\":{\"@id\":\"https:\/\/bahiaeconomica.com.br\/wp\/#organization\"},\"potentialAction\":[{\"@type\":\"SearchAction\",\"target\":{\"@type\":\"EntryPoint\",\"urlTemplate\":\"https:\/\/bahiaeconomica.com.br\/wp\/?s={search_term_string}\"},\"query-input\":\"required name=search_term_string\"}],\"inLanguage\":\"pt-BR\"},{\"@type\":\"Organization\",\"@id\":\"https:\/\/bahiaeconomica.com.br\/wp\/#organization\",\"name\":\"Bahia Econ\u00f4mica\",\"url\":\"https:\/\/bahiaeconomica.com.br\/wp\/\",\"logo\":{\"@type\":\"ImageObject\",\"inLanguage\":\"pt-BR\",\"@id\":\"https:\/\/bahiaeconomica.com.br\/wp\/#\/schema\/logo\/image\/\",\"url\":\"https:\/\/bahiaeconomica.com.br\/wp\/wp-content\/uploads\/2020\/12\/cropped-BE.png\",\"contentUrl\":\"https:\/\/bahiaeconomica.com.br\/wp\/wp-content\/uploads\/2020\/12\/cropped-BE.png\",\"width\":512,\"height\":512,\"caption\":\"Bahia Econ\u00f4mica\"},\"image\":{\"@id\":\"https:\/\/bahiaeconomica.com.br\/wp\/#\/schema\/logo\/image\/\"},\"sameAs\":[\"https:\/\/www.facebook.com\/bahiaeconomica\"]},{\"@type\":\"Person\",\"@id\":\"https:\/\/bahiaeconomica.com.br\/wp\/#\/schema\/person\/c86d3a3f8960425a0f9d0e5245991f4e\",\"name\":\"JP\",\"sameAs\":[\"https:\/\/bahiaeconomica.com.br\/wp\/beta\/\"],\"url\":\"https:\/\/bahiaeconomica.com.br\/wp\/author\/jp\/\"}]}<\/script>\n<!-- \/ Yoast SEO plugin. -->","yoast_head_json":{"title":"I FESTA LITER\u00c1RIA AFROCENTRADA DE PAULO AFONSO \u2013 FLIAFRO VAI PROMOVER O PROTAGONISMO NEGRO NO UNIVERSO DA ESCRITA, DE 25 A 27 DE AGOSTO - Bahia Economica","description":"O maior portal de Economia da Bahia CULTURA E ARTE Bahia Economica Este projeto foi contemplado no Edital de Apoio \u00e0s Festas","robots":{"index":"index","follow":"follow","max-snippet":"max-snippet:-1","max-image-preview":"max-image-preview:large","max-video-preview":"max-video-preview:-1"},"canonical":"https:\/\/bahiaeconomica.com.br\/wp\/2025\/08\/14\/i-festa-literaria-afrocentrada-de-paulo-afonso-fliafro-vai-promover-o-protagonismo-negro-no-universo-da-escrita-de-25-a-27-de-agosto\/","og_locale":"pt_BR","og_type":"article","og_title":"I FESTA LITER\u00c1RIA AFROCENTRADA DE PAULO AFONSO \u2013 FLIAFRO VAI PROMOVER O PROTAGONISMO NEGRO NO UNIVERSO DA ESCRITA, DE 25 A 27 DE AGOSTO - Bahia Economica","og_description":"O maior portal de Economia da Bahia CULTURA E ARTE Bahia Economica Este projeto foi contemplado no Edital de Apoio \u00e0s Festas","og_url":"https:\/\/bahiaeconomica.com.br\/wp\/2025\/08\/14\/i-festa-literaria-afrocentrada-de-paulo-afonso-fliafro-vai-promover-o-protagonismo-negro-no-universo-da-escrita-de-25-a-27-de-agosto\/","og_site_name":"Bahia Economica","article_publisher":"https:\/\/www.facebook.com\/bahiaeconomica","article_published_time":"2025-08-14T16:40:50+00:00","og_image":[{"width":2560,"height":1706,"url":"https:\/\/bahiaeconomica.com.br\/wp\/wp-content\/uploads\/2025\/08\/WhatsApp-Image-2025-08-14-at-13.34.35.jpeg","type":"image\/jpeg"}],"author":"JP","twitter_card":"summary_large_image","twitter_misc":{"Escrito por":"JP","Est. tempo de leitura":"10 minutos"},"schema":{"@context":"https:\/\/schema.org","@graph":[{"@type":"Article","@id":"https:\/\/bahiaeconomica.com.br\/wp\/2025\/08\/14\/i-festa-literaria-afrocentrada-de-paulo-afonso-fliafro-vai-promover-o-protagonismo-negro-no-universo-da-escrita-de-25-a-27-de-agosto\/#article","isPartOf":{"@id":"https:\/\/bahiaeconomica.com.br\/wp\/2025\/08\/14\/i-festa-literaria-afrocentrada-de-paulo-afonso-fliafro-vai-promover-o-protagonismo-negro-no-universo-da-escrita-de-25-a-27-de-agosto\/"},"author":{"name":"JP","@id":"https:\/\/bahiaeconomica.com.br\/wp\/#\/schema\/person\/c86d3a3f8960425a0f9d0e5245991f4e"},"headline":"I FESTA LITER\u00c1RIA AFROCENTRADA DE PAULO AFONSO \u2013 FLIAFRO VAI PROMOVER O PROTAGONISMO NEGRO NO UNIVERSO DA ESCRITA, DE 25 A 27 DE AGOSTO","datePublished":"2025-08-14T16:40:50+00:00","dateModified":"2025-08-14T16:40:50+00:00","mainEntityOfPage":{"@id":"https:\/\/bahiaeconomica.com.br\/wp\/2025\/08\/14\/i-festa-literaria-afrocentrada-de-paulo-afonso-fliafro-vai-promover-o-protagonismo-negro-no-universo-da-escrita-de-25-a-27-de-agosto\/"},"wordCount":1849,"publisher":{"@id":"https:\/\/bahiaeconomica.com.br\/wp\/#organization"},"keywords":["Brasil","cultura"],"articleSection":["CULTURA E ARTE"],"inLanguage":"pt-BR"},{"@type":"WebPage","@id":"https:\/\/bahiaeconomica.com.br\/wp\/2025\/08\/14\/i-festa-literaria-afrocentrada-de-paulo-afonso-fliafro-vai-promover-o-protagonismo-negro-no-universo-da-escrita-de-25-a-27-de-agosto\/","url":"https:\/\/bahiaeconomica.com.br\/wp\/2025\/08\/14\/i-festa-literaria-afrocentrada-de-paulo-afonso-fliafro-vai-promover-o-protagonismo-negro-no-universo-da-escrita-de-25-a-27-de-agosto\/","name":"I FESTA LITER\u00c1RIA AFROCENTRADA DE PAULO AFONSO \u2013 FLIAFRO VAI PROMOVER O PROTAGONISMO NEGRO NO UNIVERSO DA ESCRITA, DE 25 A 27 DE AGOSTO - Bahia Economica","isPartOf":{"@id":"https:\/\/bahiaeconomica.com.br\/wp\/#website"},"datePublished":"2025-08-14T16:40:50+00:00","dateModified":"2025-08-14T16:40:50+00:00","description":"O maior portal de Economia da Bahia CULTURA E ARTE Bahia Economica Este projeto foi contemplado no Edital de Apoio \u00e0s Festas","breadcrumb":{"@id":"https:\/\/bahiaeconomica.com.br\/wp\/2025\/08\/14\/i-festa-literaria-afrocentrada-de-paulo-afonso-fliafro-vai-promover-o-protagonismo-negro-no-universo-da-escrita-de-25-a-27-de-agosto\/#breadcrumb"},"inLanguage":"pt-BR","potentialAction":[{"@type":"ReadAction","target":["https:\/\/bahiaeconomica.com.br\/wp\/2025\/08\/14\/i-festa-literaria-afrocentrada-de-paulo-afonso-fliafro-vai-promover-o-protagonismo-negro-no-universo-da-escrita-de-25-a-27-de-agosto\/"]}]},{"@type":"BreadcrumbList","@id":"https:\/\/bahiaeconomica.com.br\/wp\/2025\/08\/14\/i-festa-literaria-afrocentrada-de-paulo-afonso-fliafro-vai-promover-o-protagonismo-negro-no-universo-da-escrita-de-25-a-27-de-agosto\/#breadcrumb","itemListElement":[{"@type":"ListItem","position":1,"name":"In\u00edcio","item":"https:\/\/bahiaeconomica.com.br\/wp\/"},{"@type":"ListItem","position":2,"name":"I FESTA LITER\u00c1RIA AFROCENTRADA DE PAULO AFONSO \u2013 FLIAFRO VAI PROMOVER O PROTAGONISMO NEGRO NO UNIVERSO DA ESCRITA, DE 25 A 27 DE AGOSTO"}]},{"@type":"WebSite","@id":"https:\/\/bahiaeconomica.com.br\/wp\/#website","url":"https:\/\/bahiaeconomica.com.br\/wp\/","name":"Bahia Economica","description":"O maior portal de Economia da Bahia","publisher":{"@id":"https:\/\/bahiaeconomica.com.br\/wp\/#organization"},"potentialAction":[{"@type":"SearchAction","target":{"@type":"EntryPoint","urlTemplate":"https:\/\/bahiaeconomica.com.br\/wp\/?s={search_term_string}"},"query-input":"required name=search_term_string"}],"inLanguage":"pt-BR"},{"@type":"Organization","@id":"https:\/\/bahiaeconomica.com.br\/wp\/#organization","name":"Bahia Econ\u00f4mica","url":"https:\/\/bahiaeconomica.com.br\/wp\/","logo":{"@type":"ImageObject","inLanguage":"pt-BR","@id":"https:\/\/bahiaeconomica.com.br\/wp\/#\/schema\/logo\/image\/","url":"https:\/\/bahiaeconomica.com.br\/wp\/wp-content\/uploads\/2020\/12\/cropped-BE.png","contentUrl":"https:\/\/bahiaeconomica.com.br\/wp\/wp-content\/uploads\/2020\/12\/cropped-BE.png","width":512,"height":512,"caption":"Bahia Econ\u00f4mica"},"image":{"@id":"https:\/\/bahiaeconomica.com.br\/wp\/#\/schema\/logo\/image\/"},"sameAs":["https:\/\/www.facebook.com\/bahiaeconomica"]},{"@type":"Person","@id":"https:\/\/bahiaeconomica.com.br\/wp\/#\/schema\/person\/c86d3a3f8960425a0f9d0e5245991f4e","name":"JP","sameAs":["https:\/\/bahiaeconomica.com.br\/wp\/beta\/"],"url":"https:\/\/bahiaeconomica.com.br\/wp\/author\/jp\/"}]}},"views":71,"_links":{"self":[{"href":"https:\/\/bahiaeconomica.com.br\/wp\/wp-json\/wp\/v2\/posts\/926051"}],"collection":[{"href":"https:\/\/bahiaeconomica.com.br\/wp\/wp-json\/wp\/v2\/posts"}],"about":[{"href":"https:\/\/bahiaeconomica.com.br\/wp\/wp-json\/wp\/v2\/types\/post"}],"author":[{"embeddable":true,"href":"https:\/\/bahiaeconomica.com.br\/wp\/wp-json\/wp\/v2\/users\/8"}],"replies":[{"embeddable":true,"href":"https:\/\/bahiaeconomica.com.br\/wp\/wp-json\/wp\/v2\/comments?post=926051"}],"version-history":[{"count":1,"href":"https:\/\/bahiaeconomica.com.br\/wp\/wp-json\/wp\/v2\/posts\/926051\/revisions"}],"predecessor-version":[{"id":926053,"href":"https:\/\/bahiaeconomica.com.br\/wp\/wp-json\/wp\/v2\/posts\/926051\/revisions\/926053"}],"wp:featuredmedia":[{"embeddable":true,"href":"https:\/\/bahiaeconomica.com.br\/wp\/wp-json\/wp\/v2\/media\/926052"}],"wp:attachment":[{"href":"https:\/\/bahiaeconomica.com.br\/wp\/wp-json\/wp\/v2\/media?parent=926051"}],"wp:term":[{"taxonomy":"category","embeddable":true,"href":"https:\/\/bahiaeconomica.com.br\/wp\/wp-json\/wp\/v2\/categories?post=926051"},{"taxonomy":"post_tag","embeddable":true,"href":"https:\/\/bahiaeconomica.com.br\/wp\/wp-json\/wp\/v2\/tags?post=926051"}],"curies":[{"name":"wp","href":"https:\/\/api.w.org\/{rel}","templated":true}]}}