{"id":925903,"date":"2025-08-14T09:27:26","date_gmt":"2025-08-14T12:27:26","guid":{"rendered":"https:\/\/bahiaeconomica.com.br\/wp\/?p=925903"},"modified":"2025-08-14T09:27:26","modified_gmt":"2025-08-14T12:27:26","slug":"sindicato-dos-professores-nao-divulga-minuta-de-acordo-sobre-o-piso-do-magisterio-e-deixa-categoria-no-escuro","status":"publish","type":"post","link":"https:\/\/bahiaeconomica.com.br\/wp\/2025\/08\/14\/sindicato-dos-professores-nao-divulga-minuta-de-acordo-sobre-o-piso-do-magisterio-e-deixa-categoria-no-escuro\/","title":{"rendered":"SINDICATO DOS PROFESSORES N\u00c3O DIVULGA MINUTA DE ACORDO SOBRE O PISO DO MAGIST\u00c9RIO E DEIXA CATEGORIA NO ESCURO"},"content":{"rendered":"<p>A categoria dos profissionais da educa\u00e7\u00e3o da Bahia segue sem acesso \u00e0 minuta do acordo firmado entre a APLB-Sindicato e o Governo do Estado, mediado pela Procuradoria Geral do Estado (PGE), que prev\u00ea a garantia do piso nacional do magist\u00e9rio para aposentados, pensionistas, profissionais sob regime de subs\u00eddio e do quadro especial. Sem o documento, cerca de 13 mil educadores ficam impedidos de conhecerem os termos, crit\u00e9rios e prazos de implementa\u00e7\u00e3o.<\/p>\n<p>Para a professora Marinalva Nunes, presidente da Associa\u00e7\u00e3o Classista de Educa\u00e7\u00e3o e Esporte da Bahia (ACEB), a postura da APLB afronta o direito \u00e0 informa\u00e7\u00e3o da categoria. \u201cAcordos que afetam diretamente milhares de profissionais n\u00e3o podem ser conduzidos de forma sigilosa. A categoria tem o direito de saber, de forma clara, o que foi definido em seu nome e quando ser\u00e1 cumprido\u201d, afirmou.<\/p>\n<p>Embora a APLB tenha feito an\u00fancio em seu site sobre o acordo, n\u00e3o foram apresentadas as propostas de fato, e a aus\u00eancia de informa\u00e7\u00f5es concretas mant\u00e9m os educadores em um limbo de espera. A ACEB lembra que sua a\u00e7\u00e3o judicial j\u00e1 garantiu o piso para mais de 8 mil profissionais, mas que a lentid\u00e3o e a falta de transpar\u00eancia na implementa\u00e7\u00e3o do acordo podem prolongar ainda mais a situa\u00e7\u00e3o.\u201cN\u00e3o estamos pedindo nada al\u00e9m do que \u00e9 de direito. Queremos crit\u00e9rios claros, prazos definidos e a\u00e7\u00e3o imediata. A educa\u00e7\u00e3o baiana n\u00e3o pode viver de promessas indefinidas\u201d, refor\u00e7ou Marinalva.<\/p>\n","protected":false},"excerpt":{"rendered":"<p>A categoria dos profissionais da educa\u00e7\u00e3o da Bahia segue sem acesso \u00e0 minuta do acordo firmado entre a APLB-Sindicato e o Governo do Estado, mediado pela Procuradoria Geral do Estado (PGE), que prev\u00ea a garantia do piso nacional do magist\u00e9rio para aposentados, pensionistas, profissionais sob regime de subs\u00eddio e do quadro especial. Sem o documento, [&hellip;]<\/p>\n","protected":false},"author":8,"featured_media":925904,"comment_status":"closed","ping_status":"closed","sticky":false,"template":"","format":"standard","meta":[],"categories":[5,14601],"tags":[],"acf":[],"yoast_head":"<!-- This site is optimized with the Yoast SEO plugin v20.8 - https:\/\/yoast.com\/wordpress\/plugins\/seo\/ -->\n<title>SINDICATO DOS PROFESSORES N\u00c3O DIVULGA MINUTA DE ACORDO SOBRE O PISO DO MAGIST\u00c9RIO E DEIXA CATEGORIA NO ESCURO - Bahia Economica<\/title>\n<meta name=\"description\" content=\"O maior portal de Economia da Bahia MUNIC\u00cdPIOS, Pol\u00edtica Bahia Economica Para a professora Marinalva Nunes, presidente da Associa\u00e7\u00e3o\" \/>\n<meta name=\"robots\" content=\"index, follow, max-snippet:-1, max-image-preview:large, max-video-preview:-1\" \/>\n<link rel=\"canonical\" href=\"https:\/\/bahiaeconomica.com.br\/wp\/2025\/08\/14\/sindicato-dos-professores-nao-divulga-minuta-de-acordo-sobre-o-piso-do-magisterio-e-deixa-categoria-no-escuro\/\" \/>\n<meta property=\"og:locale\" content=\"pt_BR\" \/>\n<meta property=\"og:type\" content=\"article\" \/>\n<meta property=\"og:title\" content=\"SINDICATO DOS PROFESSORES N\u00c3O DIVULGA MINUTA DE ACORDO SOBRE O PISO DO MAGIST\u00c9RIO E DEIXA CATEGORIA NO ESCURO - Bahia Economica\" \/>\n<meta property=\"og:description\" content=\"O maior portal de Economia da Bahia MUNIC\u00cdPIOS, Pol\u00edtica Bahia Economica Para a professora Marinalva Nunes, presidente da Associa\u00e7\u00e3o\" \/>\n<meta property=\"og:url\" content=\"https:\/\/bahiaeconomica.com.br\/wp\/2025\/08\/14\/sindicato-dos-professores-nao-divulga-minuta-de-acordo-sobre-o-piso-do-magisterio-e-deixa-categoria-no-escuro\/\" \/>\n<meta property=\"og:site_name\" content=\"Bahia Economica\" \/>\n<meta property=\"article:publisher\" content=\"https:\/\/www.facebook.com\/bahiaeconomica\" \/>\n<meta property=\"article:published_time\" content=\"2025-08-14T12:27:26+00:00\" \/>\n<meta property=\"og:image\" content=\"https:\/\/bahiaeconomica.com.br\/wp\/wp-content\/uploads\/2025\/08\/WhatsApp-Image-2025-08-14-at-09.24.26-e1755174435847.jpeg\" \/>\n\t<meta property=\"og:image:width\" content=\"729\" \/>\n\t<meta property=\"og:image:height\" content=\"684\" \/>\n\t<meta property=\"og:image:type\" content=\"image\/jpeg\" \/>\n<meta name=\"author\" content=\"JP\" \/>\n<meta name=\"twitter:card\" content=\"summary_large_image\" \/>\n<meta name=\"twitter:label1\" content=\"Escrito por\" \/>\n\t<meta name=\"twitter:data1\" content=\"JP\" \/>\n\t<meta name=\"twitter:label2\" content=\"Est. tempo de leitura\" \/>\n\t<meta name=\"twitter:data2\" content=\"2 minutos\" \/>\n<script type=\"application\/ld+json\" class=\"yoast-schema-graph\">{\"@context\":\"https:\/\/schema.org\",\"@graph\":[{\"@type\":\"Article\",\"@id\":\"https:\/\/bahiaeconomica.com.br\/wp\/2025\/08\/14\/sindicato-dos-professores-nao-divulga-minuta-de-acordo-sobre-o-piso-do-magisterio-e-deixa-categoria-no-escuro\/#article\",\"isPartOf\":{\"@id\":\"https:\/\/bahiaeconomica.com.br\/wp\/2025\/08\/14\/sindicato-dos-professores-nao-divulga-minuta-de-acordo-sobre-o-piso-do-magisterio-e-deixa-categoria-no-escuro\/\"},\"author\":{\"name\":\"JP\",\"@id\":\"https:\/\/bahiaeconomica.com.br\/wp\/#\/schema\/person\/c86d3a3f8960425a0f9d0e5245991f4e\"},\"headline\":\"SINDICATO DOS PROFESSORES N\u00c3O DIVULGA MINUTA DE ACORDO SOBRE O PISO DO MAGIST\u00c9RIO E DEIXA CATEGORIA NO ESCURO\",\"datePublished\":\"2025-08-14T12:27:26+00:00\",\"dateModified\":\"2025-08-14T12:27:26+00:00\",\"mainEntityOfPage\":{\"@id\":\"https:\/\/bahiaeconomica.com.br\/wp\/2025\/08\/14\/sindicato-dos-professores-nao-divulga-minuta-de-acordo-sobre-o-piso-do-magisterio-e-deixa-categoria-no-escuro\/\"},\"wordCount\":273,\"publisher\":{\"@id\":\"https:\/\/bahiaeconomica.com.br\/wp\/#organization\"},\"articleSection\":[\"MUNIC\u00cdPIOS\",\"Pol\u00edtica\"],\"inLanguage\":\"pt-BR\"},{\"@type\":\"WebPage\",\"@id\":\"https:\/\/bahiaeconomica.com.br\/wp\/2025\/08\/14\/sindicato-dos-professores-nao-divulga-minuta-de-acordo-sobre-o-piso-do-magisterio-e-deixa-categoria-no-escuro\/\",\"url\":\"https:\/\/bahiaeconomica.com.br\/wp\/2025\/08\/14\/sindicato-dos-professores-nao-divulga-minuta-de-acordo-sobre-o-piso-do-magisterio-e-deixa-categoria-no-escuro\/\",\"name\":\"SINDICATO DOS PROFESSORES N\u00c3O DIVULGA MINUTA DE ACORDO SOBRE O PISO DO MAGIST\u00c9RIO E DEIXA CATEGORIA NO ESCURO - Bahia Economica\",\"isPartOf\":{\"@id\":\"https:\/\/bahiaeconomica.com.br\/wp\/#website\"},\"datePublished\":\"2025-08-14T12:27:26+00:00\",\"dateModified\":\"2025-08-14T12:27:26+00:00\",\"description\":\"O maior portal de Economia da Bahia MUNIC\u00cdPIOS, Pol\u00edtica Bahia Economica Para a professora Marinalva Nunes, presidente da Associa\u00e7\u00e3o\",\"breadcrumb\":{\"@id\":\"https:\/\/bahiaeconomica.com.br\/wp\/2025\/08\/14\/sindicato-dos-professores-nao-divulga-minuta-de-acordo-sobre-o-piso-do-magisterio-e-deixa-categoria-no-escuro\/#breadcrumb\"},\"inLanguage\":\"pt-BR\",\"potentialAction\":[{\"@type\":\"ReadAction\",\"target\":[\"https:\/\/bahiaeconomica.com.br\/wp\/2025\/08\/14\/sindicato-dos-professores-nao-divulga-minuta-de-acordo-sobre-o-piso-do-magisterio-e-deixa-categoria-no-escuro\/\"]}]},{\"@type\":\"BreadcrumbList\",\"@id\":\"https:\/\/bahiaeconomica.com.br\/wp\/2025\/08\/14\/sindicato-dos-professores-nao-divulga-minuta-de-acordo-sobre-o-piso-do-magisterio-e-deixa-categoria-no-escuro\/#breadcrumb\",\"itemListElement\":[{\"@type\":\"ListItem\",\"position\":1,\"name\":\"In\u00edcio\",\"item\":\"https:\/\/bahiaeconomica.com.br\/wp\/\"},{\"@type\":\"ListItem\",\"position\":2,\"name\":\"SINDICATO DOS PROFESSORES N\u00c3O DIVULGA MINUTA DE ACORDO SOBRE O PISO DO MAGIST\u00c9RIO E DEIXA CATEGORIA NO ESCURO\"}]},{\"@type\":\"WebSite\",\"@id\":\"https:\/\/bahiaeconomica.com.br\/wp\/#website\",\"url\":\"https:\/\/bahiaeconomica.com.br\/wp\/\",\"name\":\"Bahia Economica\",\"description\":\"O maior portal de Economia da Bahia\",\"publisher\":{\"@id\":\"https:\/\/bahiaeconomica.com.br\/wp\/#organization\"},\"potentialAction\":[{\"@type\":\"SearchAction\",\"target\":{\"@type\":\"EntryPoint\",\"urlTemplate\":\"https:\/\/bahiaeconomica.com.br\/wp\/?s={search_term_string}\"},\"query-input\":\"required name=search_term_string\"}],\"inLanguage\":\"pt-BR\"},{\"@type\":\"Organization\",\"@id\":\"https:\/\/bahiaeconomica.com.br\/wp\/#organization\",\"name\":\"Bahia Econ\u00f4mica\",\"url\":\"https:\/\/bahiaeconomica.com.br\/wp\/\",\"logo\":{\"@type\":\"ImageObject\",\"inLanguage\":\"pt-BR\",\"@id\":\"https:\/\/bahiaeconomica.com.br\/wp\/#\/schema\/logo\/image\/\",\"url\":\"https:\/\/bahiaeconomica.com.br\/wp\/wp-content\/uploads\/2020\/12\/cropped-BE.png\",\"contentUrl\":\"https:\/\/bahiaeconomica.com.br\/wp\/wp-content\/uploads\/2020\/12\/cropped-BE.png\",\"width\":512,\"height\":512,\"caption\":\"Bahia Econ\u00f4mica\"},\"image\":{\"@id\":\"https:\/\/bahiaeconomica.com.br\/wp\/#\/schema\/logo\/image\/\"},\"sameAs\":[\"https:\/\/www.facebook.com\/bahiaeconomica\"]},{\"@type\":\"Person\",\"@id\":\"https:\/\/bahiaeconomica.com.br\/wp\/#\/schema\/person\/c86d3a3f8960425a0f9d0e5245991f4e\",\"name\":\"JP\",\"sameAs\":[\"https:\/\/bahiaeconomica.com.br\/wp\/beta\/\"],\"url\":\"https:\/\/bahiaeconomica.com.br\/wp\/author\/jp\/\"}]}<\/script>\n<!-- \/ Yoast SEO plugin. -->","yoast_head_json":{"title":"SINDICATO DOS PROFESSORES N\u00c3O DIVULGA MINUTA DE ACORDO SOBRE O PISO DO MAGIST\u00c9RIO E DEIXA CATEGORIA NO ESCURO - Bahia Economica","description":"O maior portal de Economia da Bahia MUNIC\u00cdPIOS, Pol\u00edtica Bahia Economica Para a professora Marinalva Nunes, presidente da Associa\u00e7\u00e3o","robots":{"index":"index","follow":"follow","max-snippet":"max-snippet:-1","max-image-preview":"max-image-preview:large","max-video-preview":"max-video-preview:-1"},"canonical":"https:\/\/bahiaeconomica.com.br\/wp\/2025\/08\/14\/sindicato-dos-professores-nao-divulga-minuta-de-acordo-sobre-o-piso-do-magisterio-e-deixa-categoria-no-escuro\/","og_locale":"pt_BR","og_type":"article","og_title":"SINDICATO DOS PROFESSORES N\u00c3O DIVULGA MINUTA DE ACORDO SOBRE O PISO DO MAGIST\u00c9RIO E DEIXA CATEGORIA NO ESCURO - Bahia Economica","og_description":"O maior portal de Economia da Bahia MUNIC\u00cdPIOS, Pol\u00edtica Bahia Economica Para a professora Marinalva Nunes, presidente da Associa\u00e7\u00e3o","og_url":"https:\/\/bahiaeconomica.com.br\/wp\/2025\/08\/14\/sindicato-dos-professores-nao-divulga-minuta-de-acordo-sobre-o-piso-do-magisterio-e-deixa-categoria-no-escuro\/","og_site_name":"Bahia Economica","article_publisher":"https:\/\/www.facebook.com\/bahiaeconomica","article_published_time":"2025-08-14T12:27:26+00:00","og_image":[{"width":729,"height":684,"url":"https:\/\/bahiaeconomica.com.br\/wp\/wp-content\/uploads\/2025\/08\/WhatsApp-Image-2025-08-14-at-09.24.26-e1755174435847.jpeg","type":"image\/jpeg"}],"author":"JP","twitter_card":"summary_large_image","twitter_misc":{"Escrito por":"JP","Est. tempo de leitura":"2 minutos"},"schema":{"@context":"https:\/\/schema.org","@graph":[{"@type":"Article","@id":"https:\/\/bahiaeconomica.com.br\/wp\/2025\/08\/14\/sindicato-dos-professores-nao-divulga-minuta-de-acordo-sobre-o-piso-do-magisterio-e-deixa-categoria-no-escuro\/#article","isPartOf":{"@id":"https:\/\/bahiaeconomica.com.br\/wp\/2025\/08\/14\/sindicato-dos-professores-nao-divulga-minuta-de-acordo-sobre-o-piso-do-magisterio-e-deixa-categoria-no-escuro\/"},"author":{"name":"JP","@id":"https:\/\/bahiaeconomica.com.br\/wp\/#\/schema\/person\/c86d3a3f8960425a0f9d0e5245991f4e"},"headline":"SINDICATO DOS PROFESSORES N\u00c3O DIVULGA MINUTA DE ACORDO SOBRE O PISO DO MAGIST\u00c9RIO E DEIXA CATEGORIA NO ESCURO","datePublished":"2025-08-14T12:27:26+00:00","dateModified":"2025-08-14T12:27:26+00:00","mainEntityOfPage":{"@id":"https:\/\/bahiaeconomica.com.br\/wp\/2025\/08\/14\/sindicato-dos-professores-nao-divulga-minuta-de-acordo-sobre-o-piso-do-magisterio-e-deixa-categoria-no-escuro\/"},"wordCount":273,"publisher":{"@id":"https:\/\/bahiaeconomica.com.br\/wp\/#organization"},"articleSection":["MUNIC\u00cdPIOS","Pol\u00edtica"],"inLanguage":"pt-BR"},{"@type":"WebPage","@id":"https:\/\/bahiaeconomica.com.br\/wp\/2025\/08\/14\/sindicato-dos-professores-nao-divulga-minuta-de-acordo-sobre-o-piso-do-magisterio-e-deixa-categoria-no-escuro\/","url":"https:\/\/bahiaeconomica.com.br\/wp\/2025\/08\/14\/sindicato-dos-professores-nao-divulga-minuta-de-acordo-sobre-o-piso-do-magisterio-e-deixa-categoria-no-escuro\/","name":"SINDICATO DOS PROFESSORES N\u00c3O DIVULGA MINUTA DE ACORDO SOBRE O PISO DO MAGIST\u00c9RIO E DEIXA CATEGORIA NO ESCURO - Bahia Economica","isPartOf":{"@id":"https:\/\/bahiaeconomica.com.br\/wp\/#website"},"datePublished":"2025-08-14T12:27:26+00:00","dateModified":"2025-08-14T12:27:26+00:00","description":"O maior portal de Economia da Bahia MUNIC\u00cdPIOS, Pol\u00edtica Bahia Economica Para a professora Marinalva Nunes, presidente da Associa\u00e7\u00e3o","breadcrumb":{"@id":"https:\/\/bahiaeconomica.com.br\/wp\/2025\/08\/14\/sindicato-dos-professores-nao-divulga-minuta-de-acordo-sobre-o-piso-do-magisterio-e-deixa-categoria-no-escuro\/#breadcrumb"},"inLanguage":"pt-BR","potentialAction":[{"@type":"ReadAction","target":["https:\/\/bahiaeconomica.com.br\/wp\/2025\/08\/14\/sindicato-dos-professores-nao-divulga-minuta-de-acordo-sobre-o-piso-do-magisterio-e-deixa-categoria-no-escuro\/"]}]},{"@type":"BreadcrumbList","@id":"https:\/\/bahiaeconomica.com.br\/wp\/2025\/08\/14\/sindicato-dos-professores-nao-divulga-minuta-de-acordo-sobre-o-piso-do-magisterio-e-deixa-categoria-no-escuro\/#breadcrumb","itemListElement":[{"@type":"ListItem","position":1,"name":"In\u00edcio","item":"https:\/\/bahiaeconomica.com.br\/wp\/"},{"@type":"ListItem","position":2,"name":"SINDICATO DOS PROFESSORES N\u00c3O DIVULGA MINUTA DE ACORDO SOBRE O PISO DO MAGIST\u00c9RIO E DEIXA CATEGORIA NO ESCURO"}]},{"@type":"WebSite","@id":"https:\/\/bahiaeconomica.com.br\/wp\/#website","url":"https:\/\/bahiaeconomica.com.br\/wp\/","name":"Bahia Economica","description":"O maior portal de Economia da Bahia","publisher":{"@id":"https:\/\/bahiaeconomica.com.br\/wp\/#organization"},"potentialAction":[{"@type":"SearchAction","target":{"@type":"EntryPoint","urlTemplate":"https:\/\/bahiaeconomica.com.br\/wp\/?s={search_term_string}"},"query-input":"required name=search_term_string"}],"inLanguage":"pt-BR"},{"@type":"Organization","@id":"https:\/\/bahiaeconomica.com.br\/wp\/#organization","name":"Bahia Econ\u00f4mica","url":"https:\/\/bahiaeconomica.com.br\/wp\/","logo":{"@type":"ImageObject","inLanguage":"pt-BR","@id":"https:\/\/bahiaeconomica.com.br\/wp\/#\/schema\/logo\/image\/","url":"https:\/\/bahiaeconomica.com.br\/wp\/wp-content\/uploads\/2020\/12\/cropped-BE.png","contentUrl":"https:\/\/bahiaeconomica.com.br\/wp\/wp-content\/uploads\/2020\/12\/cropped-BE.png","width":512,"height":512,"caption":"Bahia Econ\u00f4mica"},"image":{"@id":"https:\/\/bahiaeconomica.com.br\/wp\/#\/schema\/logo\/image\/"},"sameAs":["https:\/\/www.facebook.com\/bahiaeconomica"]},{"@type":"Person","@id":"https:\/\/bahiaeconomica.com.br\/wp\/#\/schema\/person\/c86d3a3f8960425a0f9d0e5245991f4e","name":"JP","sameAs":["https:\/\/bahiaeconomica.com.br\/wp\/beta\/"],"url":"https:\/\/bahiaeconomica.com.br\/wp\/author\/jp\/"}]}},"views":152,"_links":{"self":[{"href":"https:\/\/bahiaeconomica.com.br\/wp\/wp-json\/wp\/v2\/posts\/925903"}],"collection":[{"href":"https:\/\/bahiaeconomica.com.br\/wp\/wp-json\/wp\/v2\/posts"}],"about":[{"href":"https:\/\/bahiaeconomica.com.br\/wp\/wp-json\/wp\/v2\/types\/post"}],"author":[{"embeddable":true,"href":"https:\/\/bahiaeconomica.com.br\/wp\/wp-json\/wp\/v2\/users\/8"}],"replies":[{"embeddable":true,"href":"https:\/\/bahiaeconomica.com.br\/wp\/wp-json\/wp\/v2\/comments?post=925903"}],"version-history":[{"count":1,"href":"https:\/\/bahiaeconomica.com.br\/wp\/wp-json\/wp\/v2\/posts\/925903\/revisions"}],"predecessor-version":[{"id":925905,"href":"https:\/\/bahiaeconomica.com.br\/wp\/wp-json\/wp\/v2\/posts\/925903\/revisions\/925905"}],"wp:featuredmedia":[{"embeddable":true,"href":"https:\/\/bahiaeconomica.com.br\/wp\/wp-json\/wp\/v2\/media\/925904"}],"wp:attachment":[{"href":"https:\/\/bahiaeconomica.com.br\/wp\/wp-json\/wp\/v2\/media?parent=925903"}],"wp:term":[{"taxonomy":"category","embeddable":true,"href":"https:\/\/bahiaeconomica.com.br\/wp\/wp-json\/wp\/v2\/categories?post=925903"},{"taxonomy":"post_tag","embeddable":true,"href":"https:\/\/bahiaeconomica.com.br\/wp\/wp-json\/wp\/v2\/tags?post=925903"}],"curies":[{"name":"wp","href":"https:\/\/api.w.org\/{rel}","templated":true}]}}