{"id":925852,"date":"2025-08-14T07:20:07","date_gmt":"2025-08-14T10:20:07","guid":{"rendered":"https:\/\/bahiaeconomica.com.br\/wp\/?p=925852"},"modified":"2025-08-14T07:07:50","modified_gmt":"2025-08-14T10:07:50","slug":"ademi-ba-completa-50-anos-com-evento-e-missa-em-salvador","status":"publish","type":"post","link":"https:\/\/bahiaeconomica.com.br\/wp\/2025\/08\/14\/ademi-ba-completa-50-anos-com-evento-e-missa-em-salvador\/","title":{"rendered":"ADEMI-BA COMPLETA 50 ANOS COM EVENTO E MISSA EM SALVADOR"},"content":{"rendered":"<p>Empres\u00e1rios e associados se reuniram nas comemora\u00e7\u00f5es do 50\u00ba anivers\u00e1rio da Associa\u00e7\u00e3o de Dirigentes de Empresas do Mercado Imobili\u00e1rio Baiano (Ademi-BA), nesta quarta-feira (13). No cerimonial, os convidados foram apresentados a uma exposi\u00e7\u00e3o contando a hist\u00f3ria da empresa. Antes das festividades, uma missa foi celebrada na Bas\u00edlica Santu\u00e1rio de Nossa Senhora da Concei\u00e7\u00e3o da Praia. O evento tamb\u00e9m contou com uma apresenta\u00e7\u00e3o do cantor<\/p>\n<p>\u201cEsse \u00e9 um momento de muita alegria e muita satisfa\u00e7\u00e3o. Me sinto realizado por estar a frente dos 50 anos da Ademi e com a certeza de que atingimos o papel de transformar vidas e tocar as pessoas. Esse cinquenten\u00e1rio representa a realiza\u00e7\u00e3o de estar fazendo o melhor pela cidade e o melhor para os clientes que realizam o sonho de ter o seu lar\u201d, celebrou o presidente da Ademi-BA, Claudio Cunha.<\/p>\n<p>A celebra\u00e7\u00e3o do cinquenten\u00e1rio da Ademi-BA ocorre concomitantemente ao Sal\u00e3o Imobili\u00e1rio da Bahia &#8211; Esta\u00e7\u00e3o 50, que segue at\u00e9 o dia 24 de agosto na Pra\u00e7a Central do Salvador Shopping. No evento, construtoras e incorporadoras apresentam descontos e ofertas exclusivas para quem estiver procurando um im\u00f3vel. Segundo Cl\u00e1udio, mais de 10 mil pessoas devem passar pelo local.<\/p>\n<p>\u201cDecidimos fazer com que 2025 fosse o ano do mercado imobili\u00e1rio. Durante todos os meses do ano, n\u00f3s t\u00ednhamos que ter algum evento falando sobre o mercado imobili\u00e1rio, se aproximando da sociedade e levando a ela tudo o que fazemos. O Sal\u00e3o \u00e9 um evento super importante, onde temos contato com nossos clientes, trocamos informa\u00e7\u00f5es, fazemos neg\u00f3cios e mantemos o mercado crescendo e pujante\u201d, completou.(Correio)<\/p>\n<p>Cr\u00e9dito: Marina Silva\/CORREIO<\/p>\n","protected":false},"excerpt":{"rendered":"<p>Empres\u00e1rios e associados se reuniram nas comemora\u00e7\u00f5es do 50\u00ba anivers\u00e1rio da Associa\u00e7\u00e3o de Dirigentes de Empresas do Mercado Imobili\u00e1rio Baiano (Ademi-BA), nesta quarta-feira (13). No cerimonial, os convidados foram apresentados a uma exposi\u00e7\u00e3o contando a hist\u00f3ria da empresa. Antes das festividades, uma missa foi celebrada na Bas\u00edlica Santu\u00e1rio de Nossa Senhora da Concei\u00e7\u00e3o da Praia. [&hellip;]<\/p>\n","protected":false},"author":8,"featured_media":925853,"comment_status":"closed","ping_status":"closed","sticky":false,"template":"","format":"standard","meta":[],"categories":[3],"tags":[52,11965,58],"acf":[],"yoast_head":"<!-- This site is optimized with the Yoast SEO plugin v20.8 - https:\/\/yoast.com\/wordpress\/plugins\/seo\/ -->\n<title>ADEMI-BA COMPLETA 50 ANOS COM EVENTO E MISSA EM SALVADOR - Bahia Economica<\/title>\n<meta name=\"description\" content=\"O maior portal de Economia da Bahia ECONOMIA \/ POL\u00cdTICA Bahia Economica A celebra\u00e7\u00e3o do cinquenten\u00e1rio da Ademi-BA ocorre concomitantemente\" \/>\n<meta name=\"robots\" content=\"index, follow, max-snippet:-1, max-image-preview:large, max-video-preview:-1\" \/>\n<link rel=\"canonical\" href=\"https:\/\/bahiaeconomica.com.br\/wp\/2025\/08\/14\/ademi-ba-completa-50-anos-com-evento-e-missa-em-salvador\/\" \/>\n<meta property=\"og:locale\" content=\"pt_BR\" \/>\n<meta property=\"og:type\" content=\"article\" \/>\n<meta property=\"og:title\" content=\"ADEMI-BA COMPLETA 50 ANOS COM EVENTO E MISSA EM SALVADOR - Bahia Economica\" \/>\n<meta property=\"og:description\" content=\"O maior portal de Economia da Bahia ECONOMIA \/ POL\u00cdTICA Bahia Economica A celebra\u00e7\u00e3o do cinquenten\u00e1rio da Ademi-BA ocorre concomitantemente\" \/>\n<meta property=\"og:url\" content=\"https:\/\/bahiaeconomica.com.br\/wp\/2025\/08\/14\/ademi-ba-completa-50-anos-com-evento-e-missa-em-salvador\/\" \/>\n<meta property=\"og:site_name\" content=\"Bahia Economica\" \/>\n<meta property=\"article:publisher\" content=\"https:\/\/www.facebook.com\/bahiaeconomica\" \/>\n<meta property=\"article:published_time\" content=\"2025-08-14T10:20:07+00:00\" \/>\n<meta property=\"article:modified_time\" content=\"2025-08-14T10:07:50+00:00\" \/>\n<meta property=\"og:image\" content=\"https:\/\/bahiaeconomica.com.br\/wp\/wp-content\/uploads\/2025\/08\/auto-upload-2862616-1024x683.png\" \/>\n\t<meta property=\"og:image:width\" content=\"1024\" \/>\n\t<meta property=\"og:image:height\" content=\"683\" \/>\n\t<meta property=\"og:image:type\" content=\"image\/png\" \/>\n<meta name=\"author\" content=\"JP\" \/>\n<meta name=\"twitter:card\" content=\"summary_large_image\" \/>\n<meta name=\"twitter:label1\" content=\"Escrito por\" \/>\n\t<meta name=\"twitter:data1\" content=\"JP\" \/>\n\t<meta name=\"twitter:label2\" content=\"Est. tempo de leitura\" \/>\n\t<meta name=\"twitter:data2\" content=\"2 minutos\" \/>\n<script type=\"application\/ld+json\" class=\"yoast-schema-graph\">{\"@context\":\"https:\/\/schema.org\",\"@graph\":[{\"@type\":\"Article\",\"@id\":\"https:\/\/bahiaeconomica.com.br\/wp\/2025\/08\/14\/ademi-ba-completa-50-anos-com-evento-e-missa-em-salvador\/#article\",\"isPartOf\":{\"@id\":\"https:\/\/bahiaeconomica.com.br\/wp\/2025\/08\/14\/ademi-ba-completa-50-anos-com-evento-e-missa-em-salvador\/\"},\"author\":{\"name\":\"JP\",\"@id\":\"https:\/\/bahiaeconomica.com.br\/wp\/#\/schema\/person\/c86d3a3f8960425a0f9d0e5245991f4e\"},\"headline\":\"ADEMI-BA COMPLETA 50 ANOS COM EVENTO E MISSA EM SALVADOR\",\"datePublished\":\"2025-08-14T10:20:07+00:00\",\"dateModified\":\"2025-08-14T10:07:50+00:00\",\"mainEntityOfPage\":{\"@id\":\"https:\/\/bahiaeconomica.com.br\/wp\/2025\/08\/14\/ademi-ba-completa-50-anos-com-evento-e-missa-em-salvador\/\"},\"wordCount\":294,\"publisher\":{\"@id\":\"https:\/\/bahiaeconomica.com.br\/wp\/#organization\"},\"keywords\":[\"Brasil\",\"econmia\",\"sa\u00fade\"],\"articleSection\":[\"ECONOMIA \/ POL\u00cdTICA\"],\"inLanguage\":\"pt-BR\"},{\"@type\":\"WebPage\",\"@id\":\"https:\/\/bahiaeconomica.com.br\/wp\/2025\/08\/14\/ademi-ba-completa-50-anos-com-evento-e-missa-em-salvador\/\",\"url\":\"https:\/\/bahiaeconomica.com.br\/wp\/2025\/08\/14\/ademi-ba-completa-50-anos-com-evento-e-missa-em-salvador\/\",\"name\":\"ADEMI-BA COMPLETA 50 ANOS COM EVENTO E MISSA EM SALVADOR - Bahia Economica\",\"isPartOf\":{\"@id\":\"https:\/\/bahiaeconomica.com.br\/wp\/#website\"},\"datePublished\":\"2025-08-14T10:20:07+00:00\",\"dateModified\":\"2025-08-14T10:07:50+00:00\",\"description\":\"O maior portal de Economia da Bahia ECONOMIA \/ POL\u00cdTICA Bahia Economica A celebra\u00e7\u00e3o do cinquenten\u00e1rio da Ademi-BA ocorre concomitantemente\",\"breadcrumb\":{\"@id\":\"https:\/\/bahiaeconomica.com.br\/wp\/2025\/08\/14\/ademi-ba-completa-50-anos-com-evento-e-missa-em-salvador\/#breadcrumb\"},\"inLanguage\":\"pt-BR\",\"potentialAction\":[{\"@type\":\"ReadAction\",\"target\":[\"https:\/\/bahiaeconomica.com.br\/wp\/2025\/08\/14\/ademi-ba-completa-50-anos-com-evento-e-missa-em-salvador\/\"]}]},{\"@type\":\"BreadcrumbList\",\"@id\":\"https:\/\/bahiaeconomica.com.br\/wp\/2025\/08\/14\/ademi-ba-completa-50-anos-com-evento-e-missa-em-salvador\/#breadcrumb\",\"itemListElement\":[{\"@type\":\"ListItem\",\"position\":1,\"name\":\"In\u00edcio\",\"item\":\"https:\/\/bahiaeconomica.com.br\/wp\/\"},{\"@type\":\"ListItem\",\"position\":2,\"name\":\"ADEMI-BA COMPLETA 50 ANOS COM EVENTO E MISSA EM SALVADOR\"}]},{\"@type\":\"WebSite\",\"@id\":\"https:\/\/bahiaeconomica.com.br\/wp\/#website\",\"url\":\"https:\/\/bahiaeconomica.com.br\/wp\/\",\"name\":\"Bahia Economica\",\"description\":\"O maior portal de Economia da Bahia\",\"publisher\":{\"@id\":\"https:\/\/bahiaeconomica.com.br\/wp\/#organization\"},\"potentialAction\":[{\"@type\":\"SearchAction\",\"target\":{\"@type\":\"EntryPoint\",\"urlTemplate\":\"https:\/\/bahiaeconomica.com.br\/wp\/?s={search_term_string}\"},\"query-input\":\"required name=search_term_string\"}],\"inLanguage\":\"pt-BR\"},{\"@type\":\"Organization\",\"@id\":\"https:\/\/bahiaeconomica.com.br\/wp\/#organization\",\"name\":\"Bahia Econ\u00f4mica\",\"url\":\"https:\/\/bahiaeconomica.com.br\/wp\/\",\"logo\":{\"@type\":\"ImageObject\",\"inLanguage\":\"pt-BR\",\"@id\":\"https:\/\/bahiaeconomica.com.br\/wp\/#\/schema\/logo\/image\/\",\"url\":\"https:\/\/bahiaeconomica.com.br\/wp\/wp-content\/uploads\/2020\/12\/cropped-BE.png\",\"contentUrl\":\"https:\/\/bahiaeconomica.com.br\/wp\/wp-content\/uploads\/2020\/12\/cropped-BE.png\",\"width\":512,\"height\":512,\"caption\":\"Bahia Econ\u00f4mica\"},\"image\":{\"@id\":\"https:\/\/bahiaeconomica.com.br\/wp\/#\/schema\/logo\/image\/\"},\"sameAs\":[\"https:\/\/www.facebook.com\/bahiaeconomica\"]},{\"@type\":\"Person\",\"@id\":\"https:\/\/bahiaeconomica.com.br\/wp\/#\/schema\/person\/c86d3a3f8960425a0f9d0e5245991f4e\",\"name\":\"JP\",\"sameAs\":[\"https:\/\/bahiaeconomica.com.br\/wp\/beta\/\"],\"url\":\"https:\/\/bahiaeconomica.com.br\/wp\/author\/jp\/\"}]}<\/script>\n<!-- \/ Yoast SEO plugin. -->","yoast_head_json":{"title":"ADEMI-BA COMPLETA 50 ANOS COM EVENTO E MISSA EM SALVADOR - Bahia Economica","description":"O maior portal de Economia da Bahia ECONOMIA \/ POL\u00cdTICA Bahia Economica A celebra\u00e7\u00e3o do cinquenten\u00e1rio da Ademi-BA ocorre concomitantemente","robots":{"index":"index","follow":"follow","max-snippet":"max-snippet:-1","max-image-preview":"max-image-preview:large","max-video-preview":"max-video-preview:-1"},"canonical":"https:\/\/bahiaeconomica.com.br\/wp\/2025\/08\/14\/ademi-ba-completa-50-anos-com-evento-e-missa-em-salvador\/","og_locale":"pt_BR","og_type":"article","og_title":"ADEMI-BA COMPLETA 50 ANOS COM EVENTO E MISSA EM SALVADOR - Bahia Economica","og_description":"O maior portal de Economia da Bahia ECONOMIA \/ POL\u00cdTICA Bahia Economica A celebra\u00e7\u00e3o do cinquenten\u00e1rio da Ademi-BA ocorre concomitantemente","og_url":"https:\/\/bahiaeconomica.com.br\/wp\/2025\/08\/14\/ademi-ba-completa-50-anos-com-evento-e-missa-em-salvador\/","og_site_name":"Bahia Economica","article_publisher":"https:\/\/www.facebook.com\/bahiaeconomica","article_published_time":"2025-08-14T10:20:07+00:00","article_modified_time":"2025-08-14T10:07:50+00:00","og_image":[{"width":1024,"height":683,"url":"https:\/\/bahiaeconomica.com.br\/wp\/wp-content\/uploads\/2025\/08\/auto-upload-2862616-1024x683.png","type":"image\/png"}],"author":"JP","twitter_card":"summary_large_image","twitter_misc":{"Escrito por":"JP","Est. tempo de leitura":"2 minutos"},"schema":{"@context":"https:\/\/schema.org","@graph":[{"@type":"Article","@id":"https:\/\/bahiaeconomica.com.br\/wp\/2025\/08\/14\/ademi-ba-completa-50-anos-com-evento-e-missa-em-salvador\/#article","isPartOf":{"@id":"https:\/\/bahiaeconomica.com.br\/wp\/2025\/08\/14\/ademi-ba-completa-50-anos-com-evento-e-missa-em-salvador\/"},"author":{"name":"JP","@id":"https:\/\/bahiaeconomica.com.br\/wp\/#\/schema\/person\/c86d3a3f8960425a0f9d0e5245991f4e"},"headline":"ADEMI-BA COMPLETA 50 ANOS COM EVENTO E MISSA EM SALVADOR","datePublished":"2025-08-14T10:20:07+00:00","dateModified":"2025-08-14T10:07:50+00:00","mainEntityOfPage":{"@id":"https:\/\/bahiaeconomica.com.br\/wp\/2025\/08\/14\/ademi-ba-completa-50-anos-com-evento-e-missa-em-salvador\/"},"wordCount":294,"publisher":{"@id":"https:\/\/bahiaeconomica.com.br\/wp\/#organization"},"keywords":["Brasil","econmia","sa\u00fade"],"articleSection":["ECONOMIA \/ POL\u00cdTICA"],"inLanguage":"pt-BR"},{"@type":"WebPage","@id":"https:\/\/bahiaeconomica.com.br\/wp\/2025\/08\/14\/ademi-ba-completa-50-anos-com-evento-e-missa-em-salvador\/","url":"https:\/\/bahiaeconomica.com.br\/wp\/2025\/08\/14\/ademi-ba-completa-50-anos-com-evento-e-missa-em-salvador\/","name":"ADEMI-BA COMPLETA 50 ANOS COM EVENTO E MISSA EM SALVADOR - Bahia Economica","isPartOf":{"@id":"https:\/\/bahiaeconomica.com.br\/wp\/#website"},"datePublished":"2025-08-14T10:20:07+00:00","dateModified":"2025-08-14T10:07:50+00:00","description":"O maior portal de Economia da Bahia ECONOMIA \/ POL\u00cdTICA Bahia Economica A celebra\u00e7\u00e3o do cinquenten\u00e1rio da Ademi-BA ocorre concomitantemente","breadcrumb":{"@id":"https:\/\/bahiaeconomica.com.br\/wp\/2025\/08\/14\/ademi-ba-completa-50-anos-com-evento-e-missa-em-salvador\/#breadcrumb"},"inLanguage":"pt-BR","potentialAction":[{"@type":"ReadAction","target":["https:\/\/bahiaeconomica.com.br\/wp\/2025\/08\/14\/ademi-ba-completa-50-anos-com-evento-e-missa-em-salvador\/"]}]},{"@type":"BreadcrumbList","@id":"https:\/\/bahiaeconomica.com.br\/wp\/2025\/08\/14\/ademi-ba-completa-50-anos-com-evento-e-missa-em-salvador\/#breadcrumb","itemListElement":[{"@type":"ListItem","position":1,"name":"In\u00edcio","item":"https:\/\/bahiaeconomica.com.br\/wp\/"},{"@type":"ListItem","position":2,"name":"ADEMI-BA COMPLETA 50 ANOS COM EVENTO E MISSA EM SALVADOR"}]},{"@type":"WebSite","@id":"https:\/\/bahiaeconomica.com.br\/wp\/#website","url":"https:\/\/bahiaeconomica.com.br\/wp\/","name":"Bahia Economica","description":"O maior portal de Economia da Bahia","publisher":{"@id":"https:\/\/bahiaeconomica.com.br\/wp\/#organization"},"potentialAction":[{"@type":"SearchAction","target":{"@type":"EntryPoint","urlTemplate":"https:\/\/bahiaeconomica.com.br\/wp\/?s={search_term_string}"},"query-input":"required name=search_term_string"}],"inLanguage":"pt-BR"},{"@type":"Organization","@id":"https:\/\/bahiaeconomica.com.br\/wp\/#organization","name":"Bahia Econ\u00f4mica","url":"https:\/\/bahiaeconomica.com.br\/wp\/","logo":{"@type":"ImageObject","inLanguage":"pt-BR","@id":"https:\/\/bahiaeconomica.com.br\/wp\/#\/schema\/logo\/image\/","url":"https:\/\/bahiaeconomica.com.br\/wp\/wp-content\/uploads\/2020\/12\/cropped-BE.png","contentUrl":"https:\/\/bahiaeconomica.com.br\/wp\/wp-content\/uploads\/2020\/12\/cropped-BE.png","width":512,"height":512,"caption":"Bahia Econ\u00f4mica"},"image":{"@id":"https:\/\/bahiaeconomica.com.br\/wp\/#\/schema\/logo\/image\/"},"sameAs":["https:\/\/www.facebook.com\/bahiaeconomica"]},{"@type":"Person","@id":"https:\/\/bahiaeconomica.com.br\/wp\/#\/schema\/person\/c86d3a3f8960425a0f9d0e5245991f4e","name":"JP","sameAs":["https:\/\/bahiaeconomica.com.br\/wp\/beta\/"],"url":"https:\/\/bahiaeconomica.com.br\/wp\/author\/jp\/"}]}},"views":29,"_links":{"self":[{"href":"https:\/\/bahiaeconomica.com.br\/wp\/wp-json\/wp\/v2\/posts\/925852"}],"collection":[{"href":"https:\/\/bahiaeconomica.com.br\/wp\/wp-json\/wp\/v2\/posts"}],"about":[{"href":"https:\/\/bahiaeconomica.com.br\/wp\/wp-json\/wp\/v2\/types\/post"}],"author":[{"embeddable":true,"href":"https:\/\/bahiaeconomica.com.br\/wp\/wp-json\/wp\/v2\/users\/8"}],"replies":[{"embeddable":true,"href":"https:\/\/bahiaeconomica.com.br\/wp\/wp-json\/wp\/v2\/comments?post=925852"}],"version-history":[{"count":1,"href":"https:\/\/bahiaeconomica.com.br\/wp\/wp-json\/wp\/v2\/posts\/925852\/revisions"}],"predecessor-version":[{"id":925854,"href":"https:\/\/bahiaeconomica.com.br\/wp\/wp-json\/wp\/v2\/posts\/925852\/revisions\/925854"}],"wp:featuredmedia":[{"embeddable":true,"href":"https:\/\/bahiaeconomica.com.br\/wp\/wp-json\/wp\/v2\/media\/925853"}],"wp:attachment":[{"href":"https:\/\/bahiaeconomica.com.br\/wp\/wp-json\/wp\/v2\/media?parent=925852"}],"wp:term":[{"taxonomy":"category","embeddable":true,"href":"https:\/\/bahiaeconomica.com.br\/wp\/wp-json\/wp\/v2\/categories?post=925852"},{"taxonomy":"post_tag","embeddable":true,"href":"https:\/\/bahiaeconomica.com.br\/wp\/wp-json\/wp\/v2\/tags?post=925852"}],"curies":[{"name":"wp","href":"https:\/\/api.w.org\/{rel}","templated":true}]}}