{"id":925743,"date":"2025-08-14T10:20:15","date_gmt":"2025-08-14T13:20:15","guid":{"rendered":"https:\/\/bahiaeconomica.com.br\/wp\/?p=925743"},"modified":"2025-08-15T07:49:44","modified_gmt":"2025-08-15T10:49:44","slug":"exclusivo-para-tera-quatro-novos-projetos-na-area-de-petroleo-gas-ainda-em-agosto-veja-detalhes","status":"publish","type":"post","link":"https:\/\/bahiaeconomica.com.br\/wp\/2025\/08\/14\/exclusivo-para-tera-quatro-novos-projetos-na-area-de-petroleo-gas-ainda-em-agosto-veja-detalhes\/","title":{"rendered":"NORDESTE TER\u00c1 QUATRO NOVOS PROJETOS NA \u00c1REA DE COMBUST\u00cdVEL DE AVIA\u00c7\u00c3O AINDA EM AGOSTO: VEJA DETALHES"},"content":{"rendered":"<p>Nordeste ter\u00e1 quatro novos projetos na \u00e1rea de Combust\u00edvel de avi\u00e3o ainda em agosto. Em entrevista exclusivas obtida pelo portal Bahia Econ\u00f4mica, Walter Schimmelpfeng, ceo do escrit\u00f3rio Andrade Schimmelpfeng, confirmou que a empresa est\u00e1 investindo algo em torno de R$ 6 milh\u00f5es de reais em projetos na \u00e1rea de combust\u00edvel de avia\u00e7\u00e3o. S\u00e3o projetos que visam modernizar estruturas no ramo do petr\u00f3leo na Bahia. A\u00a0 empresa tamb\u00e9m atua com postos de combust\u00edveis, bases de liquefa\u00e7\u00e3o, dentre outros.<\/p>\n<p>A Andrade Schimmelpfeng, tamb\u00e9m est\u00e1 presente na Casa Cor Bahia com a Casa Sabin. (<a href=\"https:\/\/bahiaeconomica.com.br\/wp\/2025\/08\/13\/exclusivo-grupo-de-saude-ira-lancar-nova-unidade-voltada-para-publico-feminino\/\">Veja aqui detalhes<\/a>). Walter explicou que em 2025 a empresa tamb\u00e9m est\u00e1 entregado uma casa de rua no bairro de Brotas com zero emiss\u00e3o e utiliza\u00e7\u00e3o de carbono. &#8220;Esse \u00e9 um projeto que temos muito orgulho. Uma casa ambientalmente feita com zero carbono, mostrando uma tend\u00eancia mundial&#8221;, disse.<\/p>\n<p>&nbsp;<\/p>\n<p>&nbsp;<\/p>\n","protected":false},"excerpt":{"rendered":"<p>Nordeste ter\u00e1 quatro novos projetos na \u00e1rea de Combust\u00edvel de avi\u00e3o ainda em agosto. Em entrevista exclusivas obtida pelo portal Bahia Econ\u00f4mica, Walter Schimmelpfeng, ceo do escrit\u00f3rio Andrade Schimmelpfeng, confirmou que a empresa est\u00e1 investindo algo em torno de R$ 6 milh\u00f5es de reais em projetos na \u00e1rea de combust\u00edvel de avia\u00e7\u00e3o. S\u00e3o projetos que [&hellip;]<\/p>\n","protected":false},"author":8,"featured_media":925974,"comment_status":"closed","ping_status":"closed","sticky":false,"template":"","format":"standard","meta":[],"categories":[3,21931],"tags":[85,40677,1239],"acf":[],"yoast_head":"<!-- This site is optimized with the Yoast SEO plugin v20.8 - https:\/\/yoast.com\/wordpress\/plugins\/seo\/ -->\n<title>NORDESTE TER\u00c1 QUATRO NOVOS PROJETOS NA \u00c1REA DE COMBUST\u00cdVEL DE AVIA\u00c7\u00c3O AINDA EM AGOSTO: VEJA DETALHES - Bahia Economica<\/title>\n<meta name=\"description\" content=\"O maior portal de Economia da Bahia ECONOMIA \/ POL\u00cdTICA, NORDESTE INVEST Bahia Economica Andrade Schimmelpfeng, tamb\u00e9m est\u00e1 presente na Casa\" \/>\n<meta name=\"robots\" content=\"index, follow, max-snippet:-1, max-image-preview:large, max-video-preview:-1\" \/>\n<link rel=\"canonical\" href=\"https:\/\/bahiaeconomica.com.br\/wp\/2025\/08\/14\/exclusivo-para-tera-quatro-novos-projetos-na-area-de-petroleo-gas-ainda-em-agosto-veja-detalhes\/\" \/>\n<meta property=\"og:locale\" content=\"pt_BR\" \/>\n<meta property=\"og:type\" content=\"article\" \/>\n<meta property=\"og:title\" content=\"NORDESTE TER\u00c1 QUATRO NOVOS PROJETOS NA \u00c1REA DE COMBUST\u00cdVEL DE AVIA\u00c7\u00c3O AINDA EM AGOSTO: VEJA DETALHES - Bahia Economica\" \/>\n<meta property=\"og:description\" content=\"O maior portal de Economia da Bahia ECONOMIA \/ POL\u00cdTICA, NORDESTE INVEST Bahia Economica Andrade Schimmelpfeng, tamb\u00e9m est\u00e1 presente na Casa\" \/>\n<meta property=\"og:url\" content=\"https:\/\/bahiaeconomica.com.br\/wp\/2025\/08\/14\/exclusivo-para-tera-quatro-novos-projetos-na-area-de-petroleo-gas-ainda-em-agosto-veja-detalhes\/\" \/>\n<meta property=\"og:site_name\" content=\"Bahia Economica\" \/>\n<meta property=\"article:publisher\" content=\"https:\/\/www.facebook.com\/bahiaeconomica\" \/>\n<meta property=\"article:published_time\" content=\"2025-08-14T13:20:15+00:00\" \/>\n<meta property=\"article:modified_time\" content=\"2025-08-15T10:49:44+00:00\" \/>\n<meta property=\"og:image\" content=\"https:\/\/bahiaeconomica.com.br\/wp\/wp-content\/uploads\/2025\/12\/Walter-Schimmelpfeng-Gb-Souza-_MG_3556-Casa-Cor-1024x683-1.jpg\" \/>\n\t<meta property=\"og:image:width\" content=\"1024\" \/>\n\t<meta property=\"og:image:height\" content=\"683\" \/>\n\t<meta property=\"og:image:type\" content=\"image\/jpeg\" \/>\n<meta name=\"author\" content=\"JP\" \/>\n<meta name=\"twitter:card\" content=\"summary_large_image\" \/>\n<meta name=\"twitter:label1\" content=\"Escrito por\" \/>\n\t<meta name=\"twitter:data1\" content=\"JP\" \/>\n\t<meta name=\"twitter:label2\" content=\"Est. tempo de leitura\" \/>\n\t<meta name=\"twitter:data2\" content=\"1 minuto\" \/>\n<script type=\"application\/ld+json\" class=\"yoast-schema-graph\">{\"@context\":\"https:\/\/schema.org\",\"@graph\":[{\"@type\":\"Article\",\"@id\":\"https:\/\/bahiaeconomica.com.br\/wp\/2025\/08\/14\/exclusivo-para-tera-quatro-novos-projetos-na-area-de-petroleo-gas-ainda-em-agosto-veja-detalhes\/#article\",\"isPartOf\":{\"@id\":\"https:\/\/bahiaeconomica.com.br\/wp\/2025\/08\/14\/exclusivo-para-tera-quatro-novos-projetos-na-area-de-petroleo-gas-ainda-em-agosto-veja-detalhes\/\"},\"author\":{\"name\":\"JP\",\"@id\":\"https:\/\/bahiaeconomica.com.br\/wp\/#\/schema\/person\/c86d3a3f8960425a0f9d0e5245991f4e\"},\"headline\":\"NORDESTE TER\u00c1 QUATRO NOVOS PROJETOS NA \u00c1REA DE COMBUST\u00cdVEL DE AVIA\u00c7\u00c3O AINDA EM AGOSTO: VEJA DETALHES\",\"datePublished\":\"2025-08-14T13:20:15+00:00\",\"dateModified\":\"2025-08-15T10:49:44+00:00\",\"mainEntityOfPage\":{\"@id\":\"https:\/\/bahiaeconomica.com.br\/wp\/2025\/08\/14\/exclusivo-para-tera-quatro-novos-projetos-na-area-de-petroleo-gas-ainda-em-agosto-veja-detalhes\/\"},\"wordCount\":173,\"publisher\":{\"@id\":\"https:\/\/bahiaeconomica.com.br\/wp\/#organization\"},\"keywords\":[\"Bahia\",\"exclusivo. petroleo\",\"g\u00e1s\"],\"articleSection\":[\"ECONOMIA \/ POL\u00cdTICA\",\"NORDESTE INVEST\"],\"inLanguage\":\"pt-BR\"},{\"@type\":\"WebPage\",\"@id\":\"https:\/\/bahiaeconomica.com.br\/wp\/2025\/08\/14\/exclusivo-para-tera-quatro-novos-projetos-na-area-de-petroleo-gas-ainda-em-agosto-veja-detalhes\/\",\"url\":\"https:\/\/bahiaeconomica.com.br\/wp\/2025\/08\/14\/exclusivo-para-tera-quatro-novos-projetos-na-area-de-petroleo-gas-ainda-em-agosto-veja-detalhes\/\",\"name\":\"NORDESTE TER\u00c1 QUATRO NOVOS PROJETOS NA \u00c1REA DE COMBUST\u00cdVEL DE AVIA\u00c7\u00c3O AINDA EM AGOSTO: VEJA DETALHES - Bahia Economica\",\"isPartOf\":{\"@id\":\"https:\/\/bahiaeconomica.com.br\/wp\/#website\"},\"datePublished\":\"2025-08-14T13:20:15+00:00\",\"dateModified\":\"2025-08-15T10:49:44+00:00\",\"description\":\"O maior portal de Economia da Bahia ECONOMIA \/ POL\u00cdTICA, NORDESTE INVEST Bahia Economica Andrade Schimmelpfeng, tamb\u00e9m est\u00e1 presente na Casa\",\"breadcrumb\":{\"@id\":\"https:\/\/bahiaeconomica.com.br\/wp\/2025\/08\/14\/exclusivo-para-tera-quatro-novos-projetos-na-area-de-petroleo-gas-ainda-em-agosto-veja-detalhes\/#breadcrumb\"},\"inLanguage\":\"pt-BR\",\"potentialAction\":[{\"@type\":\"ReadAction\",\"target\":[\"https:\/\/bahiaeconomica.com.br\/wp\/2025\/08\/14\/exclusivo-para-tera-quatro-novos-projetos-na-area-de-petroleo-gas-ainda-em-agosto-veja-detalhes\/\"]}]},{\"@type\":\"BreadcrumbList\",\"@id\":\"https:\/\/bahiaeconomica.com.br\/wp\/2025\/08\/14\/exclusivo-para-tera-quatro-novos-projetos-na-area-de-petroleo-gas-ainda-em-agosto-veja-detalhes\/#breadcrumb\",\"itemListElement\":[{\"@type\":\"ListItem\",\"position\":1,\"name\":\"In\u00edcio\",\"item\":\"https:\/\/bahiaeconomica.com.br\/wp\/\"},{\"@type\":\"ListItem\",\"position\":2,\"name\":\"NORDESTE TER\u00c1 QUATRO NOVOS PROJETOS NA \u00c1REA DE COMBUST\u00cdVEL DE AVIA\u00c7\u00c3O AINDA EM AGOSTO: VEJA DETALHES\"}]},{\"@type\":\"WebSite\",\"@id\":\"https:\/\/bahiaeconomica.com.br\/wp\/#website\",\"url\":\"https:\/\/bahiaeconomica.com.br\/wp\/\",\"name\":\"Bahia Economica\",\"description\":\"O maior portal de Economia da Bahia\",\"publisher\":{\"@id\":\"https:\/\/bahiaeconomica.com.br\/wp\/#organization\"},\"potentialAction\":[{\"@type\":\"SearchAction\",\"target\":{\"@type\":\"EntryPoint\",\"urlTemplate\":\"https:\/\/bahiaeconomica.com.br\/wp\/?s={search_term_string}\"},\"query-input\":\"required name=search_term_string\"}],\"inLanguage\":\"pt-BR\"},{\"@type\":\"Organization\",\"@id\":\"https:\/\/bahiaeconomica.com.br\/wp\/#organization\",\"name\":\"Bahia Econ\u00f4mica\",\"url\":\"https:\/\/bahiaeconomica.com.br\/wp\/\",\"logo\":{\"@type\":\"ImageObject\",\"inLanguage\":\"pt-BR\",\"@id\":\"https:\/\/bahiaeconomica.com.br\/wp\/#\/schema\/logo\/image\/\",\"url\":\"https:\/\/bahiaeconomica.com.br\/wp\/wp-content\/uploads\/2020\/12\/cropped-BE.png\",\"contentUrl\":\"https:\/\/bahiaeconomica.com.br\/wp\/wp-content\/uploads\/2020\/12\/cropped-BE.png\",\"width\":512,\"height\":512,\"caption\":\"Bahia Econ\u00f4mica\"},\"image\":{\"@id\":\"https:\/\/bahiaeconomica.com.br\/wp\/#\/schema\/logo\/image\/\"},\"sameAs\":[\"https:\/\/www.facebook.com\/bahiaeconomica\"]},{\"@type\":\"Person\",\"@id\":\"https:\/\/bahiaeconomica.com.br\/wp\/#\/schema\/person\/c86d3a3f8960425a0f9d0e5245991f4e\",\"name\":\"JP\",\"sameAs\":[\"https:\/\/bahiaeconomica.com.br\/wp\/beta\/\"],\"url\":\"https:\/\/bahiaeconomica.com.br\/wp\/author\/jp\/\"}]}<\/script>\n<!-- \/ Yoast SEO plugin. -->","yoast_head_json":{"title":"NORDESTE TER\u00c1 QUATRO NOVOS PROJETOS NA \u00c1REA DE COMBUST\u00cdVEL DE AVIA\u00c7\u00c3O AINDA EM AGOSTO: VEJA DETALHES - Bahia Economica","description":"O maior portal de Economia da Bahia ECONOMIA \/ POL\u00cdTICA, NORDESTE INVEST Bahia Economica Andrade Schimmelpfeng, tamb\u00e9m est\u00e1 presente na Casa","robots":{"index":"index","follow":"follow","max-snippet":"max-snippet:-1","max-image-preview":"max-image-preview:large","max-video-preview":"max-video-preview:-1"},"canonical":"https:\/\/bahiaeconomica.com.br\/wp\/2025\/08\/14\/exclusivo-para-tera-quatro-novos-projetos-na-area-de-petroleo-gas-ainda-em-agosto-veja-detalhes\/","og_locale":"pt_BR","og_type":"article","og_title":"NORDESTE TER\u00c1 QUATRO NOVOS PROJETOS NA \u00c1REA DE COMBUST\u00cdVEL DE AVIA\u00c7\u00c3O AINDA EM AGOSTO: VEJA DETALHES - Bahia Economica","og_description":"O maior portal de Economia da Bahia ECONOMIA \/ POL\u00cdTICA, NORDESTE INVEST Bahia Economica Andrade Schimmelpfeng, tamb\u00e9m est\u00e1 presente na Casa","og_url":"https:\/\/bahiaeconomica.com.br\/wp\/2025\/08\/14\/exclusivo-para-tera-quatro-novos-projetos-na-area-de-petroleo-gas-ainda-em-agosto-veja-detalhes\/","og_site_name":"Bahia Economica","article_publisher":"https:\/\/www.facebook.com\/bahiaeconomica","article_published_time":"2025-08-14T13:20:15+00:00","article_modified_time":"2025-08-15T10:49:44+00:00","og_image":[{"width":1024,"height":683,"url":"https:\/\/bahiaeconomica.com.br\/wp\/wp-content\/uploads\/2025\/12\/Walter-Schimmelpfeng-Gb-Souza-_MG_3556-Casa-Cor-1024x683-1.jpg","type":"image\/jpeg"}],"author":"JP","twitter_card":"summary_large_image","twitter_misc":{"Escrito por":"JP","Est. tempo de leitura":"1 minuto"},"schema":{"@context":"https:\/\/schema.org","@graph":[{"@type":"Article","@id":"https:\/\/bahiaeconomica.com.br\/wp\/2025\/08\/14\/exclusivo-para-tera-quatro-novos-projetos-na-area-de-petroleo-gas-ainda-em-agosto-veja-detalhes\/#article","isPartOf":{"@id":"https:\/\/bahiaeconomica.com.br\/wp\/2025\/08\/14\/exclusivo-para-tera-quatro-novos-projetos-na-area-de-petroleo-gas-ainda-em-agosto-veja-detalhes\/"},"author":{"name":"JP","@id":"https:\/\/bahiaeconomica.com.br\/wp\/#\/schema\/person\/c86d3a3f8960425a0f9d0e5245991f4e"},"headline":"NORDESTE TER\u00c1 QUATRO NOVOS PROJETOS NA \u00c1REA DE COMBUST\u00cdVEL DE AVIA\u00c7\u00c3O AINDA EM AGOSTO: VEJA DETALHES","datePublished":"2025-08-14T13:20:15+00:00","dateModified":"2025-08-15T10:49:44+00:00","mainEntityOfPage":{"@id":"https:\/\/bahiaeconomica.com.br\/wp\/2025\/08\/14\/exclusivo-para-tera-quatro-novos-projetos-na-area-de-petroleo-gas-ainda-em-agosto-veja-detalhes\/"},"wordCount":173,"publisher":{"@id":"https:\/\/bahiaeconomica.com.br\/wp\/#organization"},"keywords":["Bahia","exclusivo. petroleo","g\u00e1s"],"articleSection":["ECONOMIA \/ POL\u00cdTICA","NORDESTE INVEST"],"inLanguage":"pt-BR"},{"@type":"WebPage","@id":"https:\/\/bahiaeconomica.com.br\/wp\/2025\/08\/14\/exclusivo-para-tera-quatro-novos-projetos-na-area-de-petroleo-gas-ainda-em-agosto-veja-detalhes\/","url":"https:\/\/bahiaeconomica.com.br\/wp\/2025\/08\/14\/exclusivo-para-tera-quatro-novos-projetos-na-area-de-petroleo-gas-ainda-em-agosto-veja-detalhes\/","name":"NORDESTE TER\u00c1 QUATRO NOVOS PROJETOS NA \u00c1REA DE COMBUST\u00cdVEL DE AVIA\u00c7\u00c3O AINDA EM AGOSTO: VEJA DETALHES - Bahia Economica","isPartOf":{"@id":"https:\/\/bahiaeconomica.com.br\/wp\/#website"},"datePublished":"2025-08-14T13:20:15+00:00","dateModified":"2025-08-15T10:49:44+00:00","description":"O maior portal de Economia da Bahia ECONOMIA \/ POL\u00cdTICA, NORDESTE INVEST Bahia Economica Andrade Schimmelpfeng, tamb\u00e9m est\u00e1 presente na Casa","breadcrumb":{"@id":"https:\/\/bahiaeconomica.com.br\/wp\/2025\/08\/14\/exclusivo-para-tera-quatro-novos-projetos-na-area-de-petroleo-gas-ainda-em-agosto-veja-detalhes\/#breadcrumb"},"inLanguage":"pt-BR","potentialAction":[{"@type":"ReadAction","target":["https:\/\/bahiaeconomica.com.br\/wp\/2025\/08\/14\/exclusivo-para-tera-quatro-novos-projetos-na-area-de-petroleo-gas-ainda-em-agosto-veja-detalhes\/"]}]},{"@type":"BreadcrumbList","@id":"https:\/\/bahiaeconomica.com.br\/wp\/2025\/08\/14\/exclusivo-para-tera-quatro-novos-projetos-na-area-de-petroleo-gas-ainda-em-agosto-veja-detalhes\/#breadcrumb","itemListElement":[{"@type":"ListItem","position":1,"name":"In\u00edcio","item":"https:\/\/bahiaeconomica.com.br\/wp\/"},{"@type":"ListItem","position":2,"name":"NORDESTE TER\u00c1 QUATRO NOVOS PROJETOS NA \u00c1REA DE COMBUST\u00cdVEL DE AVIA\u00c7\u00c3O AINDA EM AGOSTO: VEJA DETALHES"}]},{"@type":"WebSite","@id":"https:\/\/bahiaeconomica.com.br\/wp\/#website","url":"https:\/\/bahiaeconomica.com.br\/wp\/","name":"Bahia Economica","description":"O maior portal de Economia da Bahia","publisher":{"@id":"https:\/\/bahiaeconomica.com.br\/wp\/#organization"},"potentialAction":[{"@type":"SearchAction","target":{"@type":"EntryPoint","urlTemplate":"https:\/\/bahiaeconomica.com.br\/wp\/?s={search_term_string}"},"query-input":"required name=search_term_string"}],"inLanguage":"pt-BR"},{"@type":"Organization","@id":"https:\/\/bahiaeconomica.com.br\/wp\/#organization","name":"Bahia Econ\u00f4mica","url":"https:\/\/bahiaeconomica.com.br\/wp\/","logo":{"@type":"ImageObject","inLanguage":"pt-BR","@id":"https:\/\/bahiaeconomica.com.br\/wp\/#\/schema\/logo\/image\/","url":"https:\/\/bahiaeconomica.com.br\/wp\/wp-content\/uploads\/2020\/12\/cropped-BE.png","contentUrl":"https:\/\/bahiaeconomica.com.br\/wp\/wp-content\/uploads\/2020\/12\/cropped-BE.png","width":512,"height":512,"caption":"Bahia Econ\u00f4mica"},"image":{"@id":"https:\/\/bahiaeconomica.com.br\/wp\/#\/schema\/logo\/image\/"},"sameAs":["https:\/\/www.facebook.com\/bahiaeconomica"]},{"@type":"Person","@id":"https:\/\/bahiaeconomica.com.br\/wp\/#\/schema\/person\/c86d3a3f8960425a0f9d0e5245991f4e","name":"JP","sameAs":["https:\/\/bahiaeconomica.com.br\/wp\/beta\/"],"url":"https:\/\/bahiaeconomica.com.br\/wp\/author\/jp\/"}]}},"views":75,"_links":{"self":[{"href":"https:\/\/bahiaeconomica.com.br\/wp\/wp-json\/wp\/v2\/posts\/925743"}],"collection":[{"href":"https:\/\/bahiaeconomica.com.br\/wp\/wp-json\/wp\/v2\/posts"}],"about":[{"href":"https:\/\/bahiaeconomica.com.br\/wp\/wp-json\/wp\/v2\/types\/post"}],"author":[{"embeddable":true,"href":"https:\/\/bahiaeconomica.com.br\/wp\/wp-json\/wp\/v2\/users\/8"}],"replies":[{"embeddable":true,"href":"https:\/\/bahiaeconomica.com.br\/wp\/wp-json\/wp\/v2\/comments?post=925743"}],"version-history":[{"count":4,"href":"https:\/\/bahiaeconomica.com.br\/wp\/wp-json\/wp\/v2\/posts\/925743\/revisions"}],"predecessor-version":[{"id":926238,"href":"https:\/\/bahiaeconomica.com.br\/wp\/wp-json\/wp\/v2\/posts\/925743\/revisions\/926238"}],"wp:featuredmedia":[{"embeddable":true,"href":"https:\/\/bahiaeconomica.com.br\/wp\/wp-json\/wp\/v2\/media\/925974"}],"wp:attachment":[{"href":"https:\/\/bahiaeconomica.com.br\/wp\/wp-json\/wp\/v2\/media?parent=925743"}],"wp:term":[{"taxonomy":"category","embeddable":true,"href":"https:\/\/bahiaeconomica.com.br\/wp\/wp-json\/wp\/v2\/categories?post=925743"},{"taxonomy":"post_tag","embeddable":true,"href":"https:\/\/bahiaeconomica.com.br\/wp\/wp-json\/wp\/v2\/tags?post=925743"}],"curies":[{"name":"wp","href":"https:\/\/api.w.org\/{rel}","templated":true}]}}