{"id":925547,"date":"2025-08-13T08:00:22","date_gmt":"2025-08-13T11:00:22","guid":{"rendered":"https:\/\/bahiaeconomica.com.br\/wp\/?p=925547"},"modified":"2025-08-13T08:42:42","modified_gmt":"2025-08-13T11:42:42","slug":"mais-vendido-na-ultima-decada-cheio-de-novidades-novo-onix-e-lancado-em-salvador","status":"publish","type":"post","link":"https:\/\/bahiaeconomica.com.br\/wp\/2025\/08\/13\/mais-vendido-na-ultima-decada-cheio-de-novidades-novo-onix-e-lancado-em-salvador\/","title":{"rendered":"MAIS VENDIDO NA \u00daLTIMA D\u00c9CADA: CHEIO DE NOVIDADES, NOVO ONIX \u00c9 LAN\u00c7ADO EM SALVADOR"},"content":{"rendered":"<p>A Columbia Chevrolet realiza na quarta-feira (13), das 9h \u00e0s 18h, o lan\u00e7amento oficial do Novo Chevrolet Onix, em Salvador. O evento acontece de forma simult\u00e2nea nas lojas localizadas no Iguatemi e Avenida Lu\u00eds Eduardo Magalh\u00e3es e marca a chegada do \u201cqueridinho do Brasil\u201d, mais moderno, tecnol\u00f3gico e com desempenho surpreendente.A programa\u00e7\u00e3o para clientes e parceiros tamb\u00e9m ser\u00e1 aberta ao p\u00fablico geral, com garantia de condi\u00e7\u00f5es especiais para quem j\u00e1 deseje garantir a compra do novo modelo.<\/p>\n<p>Antes mesmo do lan\u00e7amento oficial, o novo Onix, o carro mais vendido na \u00faltima d\u00e9cada, segundo a Fenabrave (Federa\u00e7\u00e3o Nacional Distribui\u00e7\u00e3o Ve\u00edculos Automotores), j\u00e1 est\u00e1 dispon\u00edvel para visita\u00e7\u00e3o e test drive nas duas unidades da Columbia Chevrolet em Salvador: Iguatemi e Avenida Lu\u00eds Eduardo Magalh\u00e3es.<\/p>\n<p>De acordo com a montadora, o novo modelo do Chevrolet Onix traz mudan\u00e7as visuais, como nova grade dianteira, para-choques, far\u00f3is e arranjos internos nas lanternas. O ve\u00edculo mant\u00e9m tudo o que conquistou o Brasil: consumo econ\u00f4mico, at\u00e9 cinco anos de garantia e o maior valor de revenda do segmento.<\/p>\n<p>Internamente, o destaque vai para o painel digital e central multim\u00eddia, al\u00e9m de atualiza\u00e7\u00f5es no sistema de ar-condicionado e na manopla de c\u00e2mbio. A Columbia Chevrolet faz parte do Grupo Indiana, refer\u00eancia no mercado automotivo da Bahia h\u00e1 quase 50 anos. Com forte presen\u00e7a em Salvador, Lauro de Freitas, Itabuna, Santo Ant\u00f4nio de Jesus e Vit\u00f3ria da Conquista, o grupo se destaca pela qualidade no atendimento, confian\u00e7a e tradi\u00e7\u00e3o.<\/p>\n<p>Desde sua chegada \u00e0 Salvador, em 2018, a Columbia Chevrolet tem se consolidado como uma das principais concession\u00e1rias da marca no estado, sempre alinhada \u00e0 proposta de oferecer inova\u00e7\u00e3o e um atendimento pr\u00f3ximo ao cliente baiano.<\/p>\n<p>Fotos: Divulga\u00e7\u00e3o\/ GM e Columbia Chevrolet<\/p>\n","protected":false},"excerpt":{"rendered":"<p>A Columbia Chevrolet realiza na quarta-feira (13), das 9h \u00e0s 18h, o lan\u00e7amento oficial do Novo Chevrolet Onix, em Salvador. O evento acontece de forma simult\u00e2nea nas lojas localizadas no Iguatemi e Avenida Lu\u00eds Eduardo Magalh\u00e3es e marca a chegada do \u201cqueridinho do Brasil\u201d, mais moderno, tecnol\u00f3gico e com desempenho surpreendente.A programa\u00e7\u00e3o para clientes e [&hellip;]<\/p>\n","protected":false},"author":8,"featured_media":925548,"comment_status":"closed","ping_status":"closed","sticky":false,"template":"","format":"standard","meta":[],"categories":[5],"tags":[85,2027,1718],"acf":[],"yoast_head":"<!-- This site is optimized with the Yoast SEO plugin v20.8 - https:\/\/yoast.com\/wordpress\/plugins\/seo\/ -->\n<title>MAIS VENDIDO NA \u00daLTIMA D\u00c9CADA: CHEIO DE NOVIDADES, NOVO ONIX \u00c9 LAN\u00c7ADO EM SALVADOR - Bahia Economica<\/title>\n<meta name=\"description\" content=\"O maior portal de Economia da Bahia MUNIC\u00cdPIOS Bahia Economica\" \/>\n<meta name=\"robots\" content=\"index, follow, max-snippet:-1, max-image-preview:large, max-video-preview:-1\" \/>\n<link rel=\"canonical\" href=\"https:\/\/bahiaeconomica.com.br\/wp\/2025\/08\/13\/mais-vendido-na-ultima-decada-cheio-de-novidades-novo-onix-e-lancado-em-salvador\/\" \/>\n<meta property=\"og:locale\" content=\"pt_BR\" \/>\n<meta property=\"og:type\" content=\"article\" \/>\n<meta property=\"og:title\" content=\"MAIS VENDIDO NA \u00daLTIMA D\u00c9CADA: CHEIO DE NOVIDADES, NOVO ONIX \u00c9 LAN\u00c7ADO EM SALVADOR - Bahia Economica\" \/>\n<meta property=\"og:description\" content=\"O maior portal de Economia da Bahia MUNIC\u00cdPIOS Bahia Economica\" \/>\n<meta property=\"og:url\" content=\"https:\/\/bahiaeconomica.com.br\/wp\/2025\/08\/13\/mais-vendido-na-ultima-decada-cheio-de-novidades-novo-onix-e-lancado-em-salvador\/\" \/>\n<meta property=\"og:site_name\" content=\"Bahia Economica\" \/>\n<meta property=\"article:publisher\" content=\"https:\/\/www.facebook.com\/bahiaeconomica\" \/>\n<meta property=\"article:published_time\" content=\"2025-08-13T11:00:22+00:00\" \/>\n<meta property=\"article:modified_time\" content=\"2025-08-13T11:42:42+00:00\" \/>\n<meta property=\"og:image\" content=\"https:\/\/bahiaeconomica.com.br\/wp\/wp-content\/uploads\/2025\/08\/WhatsApp-Image-2025-08-12-at-16.18.46.jpeg\" \/>\n\t<meta property=\"og:image:width\" content=\"1600\" \/>\n\t<meta property=\"og:image:height\" content=\"800\" \/>\n\t<meta property=\"og:image:type\" content=\"image\/jpeg\" \/>\n<meta name=\"author\" content=\"JP\" \/>\n<meta name=\"twitter:card\" content=\"summary_large_image\" \/>\n<meta name=\"twitter:label1\" content=\"Escrito por\" \/>\n\t<meta name=\"twitter:data1\" content=\"JP\" \/>\n\t<meta name=\"twitter:label2\" content=\"Est. tempo de leitura\" \/>\n\t<meta name=\"twitter:data2\" content=\"2 minutos\" \/>\n<script type=\"application\/ld+json\" class=\"yoast-schema-graph\">{\"@context\":\"https:\/\/schema.org\",\"@graph\":[{\"@type\":\"Article\",\"@id\":\"https:\/\/bahiaeconomica.com.br\/wp\/2025\/08\/13\/mais-vendido-na-ultima-decada-cheio-de-novidades-novo-onix-e-lancado-em-salvador\/#article\",\"isPartOf\":{\"@id\":\"https:\/\/bahiaeconomica.com.br\/wp\/2025\/08\/13\/mais-vendido-na-ultima-decada-cheio-de-novidades-novo-onix-e-lancado-em-salvador\/\"},\"author\":{\"name\":\"JP\",\"@id\":\"https:\/\/bahiaeconomica.com.br\/wp\/#\/schema\/person\/c86d3a3f8960425a0f9d0e5245991f4e\"},\"headline\":\"MAIS VENDIDO NA \u00daLTIMA D\u00c9CADA: CHEIO DE NOVIDADES, NOVO ONIX \u00c9 LAN\u00c7ADO EM SALVADOR\",\"datePublished\":\"2025-08-13T11:00:22+00:00\",\"dateModified\":\"2025-08-13T11:42:42+00:00\",\"mainEntityOfPage\":{\"@id\":\"https:\/\/bahiaeconomica.com.br\/wp\/2025\/08\/13\/mais-vendido-na-ultima-decada-cheio-de-novidades-novo-onix-e-lancado-em-salvador\/\"},\"wordCount\":330,\"publisher\":{\"@id\":\"https:\/\/bahiaeconomica.com.br\/wp\/#organization\"},\"keywords\":[\"Bahia\",\"carros\",\"venda\"],\"articleSection\":[\"MUNIC\u00cdPIOS\"],\"inLanguage\":\"pt-BR\"},{\"@type\":\"WebPage\",\"@id\":\"https:\/\/bahiaeconomica.com.br\/wp\/2025\/08\/13\/mais-vendido-na-ultima-decada-cheio-de-novidades-novo-onix-e-lancado-em-salvador\/\",\"url\":\"https:\/\/bahiaeconomica.com.br\/wp\/2025\/08\/13\/mais-vendido-na-ultima-decada-cheio-de-novidades-novo-onix-e-lancado-em-salvador\/\",\"name\":\"MAIS VENDIDO NA \u00daLTIMA D\u00c9CADA: CHEIO DE NOVIDADES, NOVO ONIX \u00c9 LAN\u00c7ADO EM SALVADOR - Bahia Economica\",\"isPartOf\":{\"@id\":\"https:\/\/bahiaeconomica.com.br\/wp\/#website\"},\"datePublished\":\"2025-08-13T11:00:22+00:00\",\"dateModified\":\"2025-08-13T11:42:42+00:00\",\"description\":\"O maior portal de Economia da Bahia MUNIC\u00cdPIOS Bahia Economica\",\"breadcrumb\":{\"@id\":\"https:\/\/bahiaeconomica.com.br\/wp\/2025\/08\/13\/mais-vendido-na-ultima-decada-cheio-de-novidades-novo-onix-e-lancado-em-salvador\/#breadcrumb\"},\"inLanguage\":\"pt-BR\",\"potentialAction\":[{\"@type\":\"ReadAction\",\"target\":[\"https:\/\/bahiaeconomica.com.br\/wp\/2025\/08\/13\/mais-vendido-na-ultima-decada-cheio-de-novidades-novo-onix-e-lancado-em-salvador\/\"]}]},{\"@type\":\"BreadcrumbList\",\"@id\":\"https:\/\/bahiaeconomica.com.br\/wp\/2025\/08\/13\/mais-vendido-na-ultima-decada-cheio-de-novidades-novo-onix-e-lancado-em-salvador\/#breadcrumb\",\"itemListElement\":[{\"@type\":\"ListItem\",\"position\":1,\"name\":\"In\u00edcio\",\"item\":\"https:\/\/bahiaeconomica.com.br\/wp\/\"},{\"@type\":\"ListItem\",\"position\":2,\"name\":\"MAIS VENDIDO NA \u00daLTIMA D\u00c9CADA: CHEIO DE NOVIDADES, NOVO ONIX \u00c9 LAN\u00c7ADO EM SALVADOR\"}]},{\"@type\":\"WebSite\",\"@id\":\"https:\/\/bahiaeconomica.com.br\/wp\/#website\",\"url\":\"https:\/\/bahiaeconomica.com.br\/wp\/\",\"name\":\"Bahia Economica\",\"description\":\"O maior portal de Economia da Bahia\",\"publisher\":{\"@id\":\"https:\/\/bahiaeconomica.com.br\/wp\/#organization\"},\"potentialAction\":[{\"@type\":\"SearchAction\",\"target\":{\"@type\":\"EntryPoint\",\"urlTemplate\":\"https:\/\/bahiaeconomica.com.br\/wp\/?s={search_term_string}\"},\"query-input\":\"required name=search_term_string\"}],\"inLanguage\":\"pt-BR\"},{\"@type\":\"Organization\",\"@id\":\"https:\/\/bahiaeconomica.com.br\/wp\/#organization\",\"name\":\"Bahia Econ\u00f4mica\",\"url\":\"https:\/\/bahiaeconomica.com.br\/wp\/\",\"logo\":{\"@type\":\"ImageObject\",\"inLanguage\":\"pt-BR\",\"@id\":\"https:\/\/bahiaeconomica.com.br\/wp\/#\/schema\/logo\/image\/\",\"url\":\"https:\/\/bahiaeconomica.com.br\/wp\/wp-content\/uploads\/2020\/12\/cropped-BE.png\",\"contentUrl\":\"https:\/\/bahiaeconomica.com.br\/wp\/wp-content\/uploads\/2020\/12\/cropped-BE.png\",\"width\":512,\"height\":512,\"caption\":\"Bahia Econ\u00f4mica\"},\"image\":{\"@id\":\"https:\/\/bahiaeconomica.com.br\/wp\/#\/schema\/logo\/image\/\"},\"sameAs\":[\"https:\/\/www.facebook.com\/bahiaeconomica\"]},{\"@type\":\"Person\",\"@id\":\"https:\/\/bahiaeconomica.com.br\/wp\/#\/schema\/person\/c86d3a3f8960425a0f9d0e5245991f4e\",\"name\":\"JP\",\"sameAs\":[\"https:\/\/bahiaeconomica.com.br\/wp\/beta\/\"],\"url\":\"https:\/\/bahiaeconomica.com.br\/wp\/author\/jp\/\"}]}<\/script>\n<!-- \/ Yoast SEO plugin. -->","yoast_head_json":{"title":"MAIS VENDIDO NA \u00daLTIMA D\u00c9CADA: CHEIO DE NOVIDADES, NOVO ONIX \u00c9 LAN\u00c7ADO EM SALVADOR - Bahia Economica","description":"O maior portal de Economia da Bahia MUNIC\u00cdPIOS Bahia Economica","robots":{"index":"index","follow":"follow","max-snippet":"max-snippet:-1","max-image-preview":"max-image-preview:large","max-video-preview":"max-video-preview:-1"},"canonical":"https:\/\/bahiaeconomica.com.br\/wp\/2025\/08\/13\/mais-vendido-na-ultima-decada-cheio-de-novidades-novo-onix-e-lancado-em-salvador\/","og_locale":"pt_BR","og_type":"article","og_title":"MAIS VENDIDO NA \u00daLTIMA D\u00c9CADA: CHEIO DE NOVIDADES, NOVO ONIX \u00c9 LAN\u00c7ADO EM SALVADOR - Bahia Economica","og_description":"O maior portal de Economia da Bahia MUNIC\u00cdPIOS Bahia Economica","og_url":"https:\/\/bahiaeconomica.com.br\/wp\/2025\/08\/13\/mais-vendido-na-ultima-decada-cheio-de-novidades-novo-onix-e-lancado-em-salvador\/","og_site_name":"Bahia Economica","article_publisher":"https:\/\/www.facebook.com\/bahiaeconomica","article_published_time":"2025-08-13T11:00:22+00:00","article_modified_time":"2025-08-13T11:42:42+00:00","og_image":[{"width":1600,"height":800,"url":"https:\/\/bahiaeconomica.com.br\/wp\/wp-content\/uploads\/2025\/08\/WhatsApp-Image-2025-08-12-at-16.18.46.jpeg","type":"image\/jpeg"}],"author":"JP","twitter_card":"summary_large_image","twitter_misc":{"Escrito por":"JP","Est. tempo de leitura":"2 minutos"},"schema":{"@context":"https:\/\/schema.org","@graph":[{"@type":"Article","@id":"https:\/\/bahiaeconomica.com.br\/wp\/2025\/08\/13\/mais-vendido-na-ultima-decada-cheio-de-novidades-novo-onix-e-lancado-em-salvador\/#article","isPartOf":{"@id":"https:\/\/bahiaeconomica.com.br\/wp\/2025\/08\/13\/mais-vendido-na-ultima-decada-cheio-de-novidades-novo-onix-e-lancado-em-salvador\/"},"author":{"name":"JP","@id":"https:\/\/bahiaeconomica.com.br\/wp\/#\/schema\/person\/c86d3a3f8960425a0f9d0e5245991f4e"},"headline":"MAIS VENDIDO NA \u00daLTIMA D\u00c9CADA: CHEIO DE NOVIDADES, NOVO ONIX \u00c9 LAN\u00c7ADO EM SALVADOR","datePublished":"2025-08-13T11:00:22+00:00","dateModified":"2025-08-13T11:42:42+00:00","mainEntityOfPage":{"@id":"https:\/\/bahiaeconomica.com.br\/wp\/2025\/08\/13\/mais-vendido-na-ultima-decada-cheio-de-novidades-novo-onix-e-lancado-em-salvador\/"},"wordCount":330,"publisher":{"@id":"https:\/\/bahiaeconomica.com.br\/wp\/#organization"},"keywords":["Bahia","carros","venda"],"articleSection":["MUNIC\u00cdPIOS"],"inLanguage":"pt-BR"},{"@type":"WebPage","@id":"https:\/\/bahiaeconomica.com.br\/wp\/2025\/08\/13\/mais-vendido-na-ultima-decada-cheio-de-novidades-novo-onix-e-lancado-em-salvador\/","url":"https:\/\/bahiaeconomica.com.br\/wp\/2025\/08\/13\/mais-vendido-na-ultima-decada-cheio-de-novidades-novo-onix-e-lancado-em-salvador\/","name":"MAIS VENDIDO NA \u00daLTIMA D\u00c9CADA: CHEIO DE NOVIDADES, NOVO ONIX \u00c9 LAN\u00c7ADO EM SALVADOR - Bahia Economica","isPartOf":{"@id":"https:\/\/bahiaeconomica.com.br\/wp\/#website"},"datePublished":"2025-08-13T11:00:22+00:00","dateModified":"2025-08-13T11:42:42+00:00","description":"O maior portal de Economia da Bahia MUNIC\u00cdPIOS Bahia Economica","breadcrumb":{"@id":"https:\/\/bahiaeconomica.com.br\/wp\/2025\/08\/13\/mais-vendido-na-ultima-decada-cheio-de-novidades-novo-onix-e-lancado-em-salvador\/#breadcrumb"},"inLanguage":"pt-BR","potentialAction":[{"@type":"ReadAction","target":["https:\/\/bahiaeconomica.com.br\/wp\/2025\/08\/13\/mais-vendido-na-ultima-decada-cheio-de-novidades-novo-onix-e-lancado-em-salvador\/"]}]},{"@type":"BreadcrumbList","@id":"https:\/\/bahiaeconomica.com.br\/wp\/2025\/08\/13\/mais-vendido-na-ultima-decada-cheio-de-novidades-novo-onix-e-lancado-em-salvador\/#breadcrumb","itemListElement":[{"@type":"ListItem","position":1,"name":"In\u00edcio","item":"https:\/\/bahiaeconomica.com.br\/wp\/"},{"@type":"ListItem","position":2,"name":"MAIS VENDIDO NA \u00daLTIMA D\u00c9CADA: CHEIO DE NOVIDADES, NOVO ONIX \u00c9 LAN\u00c7ADO EM SALVADOR"}]},{"@type":"WebSite","@id":"https:\/\/bahiaeconomica.com.br\/wp\/#website","url":"https:\/\/bahiaeconomica.com.br\/wp\/","name":"Bahia Economica","description":"O maior portal de Economia da Bahia","publisher":{"@id":"https:\/\/bahiaeconomica.com.br\/wp\/#organization"},"potentialAction":[{"@type":"SearchAction","target":{"@type":"EntryPoint","urlTemplate":"https:\/\/bahiaeconomica.com.br\/wp\/?s={search_term_string}"},"query-input":"required name=search_term_string"}],"inLanguage":"pt-BR"},{"@type":"Organization","@id":"https:\/\/bahiaeconomica.com.br\/wp\/#organization","name":"Bahia Econ\u00f4mica","url":"https:\/\/bahiaeconomica.com.br\/wp\/","logo":{"@type":"ImageObject","inLanguage":"pt-BR","@id":"https:\/\/bahiaeconomica.com.br\/wp\/#\/schema\/logo\/image\/","url":"https:\/\/bahiaeconomica.com.br\/wp\/wp-content\/uploads\/2020\/12\/cropped-BE.png","contentUrl":"https:\/\/bahiaeconomica.com.br\/wp\/wp-content\/uploads\/2020\/12\/cropped-BE.png","width":512,"height":512,"caption":"Bahia Econ\u00f4mica"},"image":{"@id":"https:\/\/bahiaeconomica.com.br\/wp\/#\/schema\/logo\/image\/"},"sameAs":["https:\/\/www.facebook.com\/bahiaeconomica"]},{"@type":"Person","@id":"https:\/\/bahiaeconomica.com.br\/wp\/#\/schema\/person\/c86d3a3f8960425a0f9d0e5245991f4e","name":"JP","sameAs":["https:\/\/bahiaeconomica.com.br\/wp\/beta\/"],"url":"https:\/\/bahiaeconomica.com.br\/wp\/author\/jp\/"}]}},"views":11,"_links":{"self":[{"href":"https:\/\/bahiaeconomica.com.br\/wp\/wp-json\/wp\/v2\/posts\/925547"}],"collection":[{"href":"https:\/\/bahiaeconomica.com.br\/wp\/wp-json\/wp\/v2\/posts"}],"about":[{"href":"https:\/\/bahiaeconomica.com.br\/wp\/wp-json\/wp\/v2\/types\/post"}],"author":[{"embeddable":true,"href":"https:\/\/bahiaeconomica.com.br\/wp\/wp-json\/wp\/v2\/users\/8"}],"replies":[{"embeddable":true,"href":"https:\/\/bahiaeconomica.com.br\/wp\/wp-json\/wp\/v2\/comments?post=925547"}],"version-history":[{"count":1,"href":"https:\/\/bahiaeconomica.com.br\/wp\/wp-json\/wp\/v2\/posts\/925547\/revisions"}],"predecessor-version":[{"id":925549,"href":"https:\/\/bahiaeconomica.com.br\/wp\/wp-json\/wp\/v2\/posts\/925547\/revisions\/925549"}],"wp:featuredmedia":[{"embeddable":true,"href":"https:\/\/bahiaeconomica.com.br\/wp\/wp-json\/wp\/v2\/media\/925548"}],"wp:attachment":[{"href":"https:\/\/bahiaeconomica.com.br\/wp\/wp-json\/wp\/v2\/media?parent=925547"}],"wp:term":[{"taxonomy":"category","embeddable":true,"href":"https:\/\/bahiaeconomica.com.br\/wp\/wp-json\/wp\/v2\/categories?post=925547"},{"taxonomy":"post_tag","embeddable":true,"href":"https:\/\/bahiaeconomica.com.br\/wp\/wp-json\/wp\/v2\/tags?post=925547"}],"curies":[{"name":"wp","href":"https:\/\/api.w.org\/{rel}","templated":true}]}}