{"id":925328,"date":"2025-08-12T14:42:37","date_gmt":"2025-08-12T17:42:37","guid":{"rendered":"https:\/\/bahiaeconomica.com.br\/wp\/?p=925328"},"modified":"2025-08-12T14:42:37","modified_gmt":"2025-08-12T17:42:37","slug":"seguranca-privada-capitao-alden-protocola-novo-pl-em-defesa-da-categoria","status":"publish","type":"post","link":"https:\/\/bahiaeconomica.com.br\/wp\/2025\/08\/12\/seguranca-privada-capitao-alden-protocola-novo-pl-em-defesa-da-categoria\/","title":{"rendered":"SEGURAN\u00c7A PRIVADA: CAPIT\u00c3O ALDEN PROTOCOLA NOVO PL EM DEFESA DA CATEGORIA"},"content":{"rendered":"<p>Os pol\u00edticos seguem tocando as principais pautas em destaque no notici\u00e1rio nacional, principalmente, com suas atua\u00e7\u00f5es parlamentares no Congresso Nacional. Na bancada baiana, um exemplo disto \u00e9 o deputado federal Capit\u00e3o Alden (PL-BA) que refor\u00e7ou novamente sua defesa a Seguran\u00e7a Privada, um segmento que faz parte de sua plataforma de bandeiras defendidas. Recentemente, o militar baiano protocolou na C\u00e2mara federal o Projeto de Lei 3679\/2025 (PL 3679\/2025) que altera a Lei n\u00ba 14.133\/2021, para permitir, em car\u00e1ter excepcional e restrito, a ades\u00e3o de empresas de Seguran\u00e7a Privada \u00e0s atas de registro de pre\u00e7os oriundas de \u00f3rg\u00e3os de Seguran\u00e7a P\u00fablica, inclusive para aquisi\u00e7\u00e3o de armamentos, muni\u00e7\u00f5es e equipamentos compat\u00edveis com suas atividades.<\/p>\n<p>De acordo com o parlamentar a proposta do PL 3679\/2025 \u00e9 promover a moderniza\u00e7\u00e3o e o fortalecimento do setor da Seguran\u00e7a Privada no Brasil, ao permitir que empresas regularmente autorizadas e fiscalizadas, nos termos da Lei n\u00ba 14.967, de 9 de setembro de 2024 (Estatuto da Seguran\u00e7a Privada), possam aderir a atas de registro de pre\u00e7os oriundas da Administra\u00e7\u00e3o P\u00fablica exclusivamente destinadas \u00e0 aquisi\u00e7\u00e3o de produtos e equipamentos de seguran\u00e7a p\u00fablica, inclusive armas de fogo, muni\u00e7\u00f5es, armamentos e equipamentos n\u00e3o letais, desde que compat\u00edveis com as atividades da Seguran\u00e7a Privada.<\/p>\n<p>\u201cEssa iniciativa legislativa atende ao pedido do Conselho Nacional da Seguran\u00e7a Privada \u2013 Conasep, entidade de reconhecida atua\u00e7\u00e3o nacional, que vem realizando um trabalho \u00edmpar e incans\u00e1vel em defesa da valoriza\u00e7\u00e3o, profissionaliza\u00e7\u00e3o e regulamenta\u00e7\u00e3o da Seguran\u00e7a Privada no Brasil, em sintonia com os interesses da sociedade e da Seguran\u00e7a P\u00fablica\u201d, pontua Alden.<\/p>\n","protected":false},"excerpt":{"rendered":"<p>Os pol\u00edticos seguem tocando as principais pautas em destaque no notici\u00e1rio nacional, principalmente, com suas atua\u00e7\u00f5es parlamentares no Congresso Nacional. Na bancada baiana, um exemplo disto \u00e9 o deputado federal Capit\u00e3o Alden (PL-BA) que refor\u00e7ou novamente sua defesa a Seguran\u00e7a Privada, um segmento que faz parte de sua plataforma de bandeiras defendidas. Recentemente, o militar [&hellip;]<\/p>\n","protected":false},"author":8,"featured_media":925331,"comment_status":"closed","ping_status":"closed","sticky":false,"template":"","format":"standard","meta":[],"categories":[5],"tags":[4134,826],"acf":[],"yoast_head":"<!-- This site is optimized with the Yoast SEO plugin v20.8 - https:\/\/yoast.com\/wordpress\/plugins\/seo\/ -->\n<title>SEGURAN\u00c7A PRIVADA: CAPIT\u00c3O ALDEN PROTOCOLA NOVO PL EM DEFESA DA CATEGORIA - Bahia Economica<\/title>\n<meta name=\"description\" content=\"O maior portal de Economia da Bahia MUNIC\u00cdPIOS Bahia Economica Os pol\u00edticos seguem tocando as principais pautas em destaque\" \/>\n<meta name=\"robots\" content=\"index, follow, max-snippet:-1, max-image-preview:large, max-video-preview:-1\" \/>\n<link rel=\"canonical\" href=\"https:\/\/bahiaeconomica.com.br\/wp\/2025\/08\/12\/seguranca-privada-capitao-alden-protocola-novo-pl-em-defesa-da-categoria\/\" \/>\n<meta property=\"og:locale\" content=\"pt_BR\" \/>\n<meta property=\"og:type\" content=\"article\" \/>\n<meta property=\"og:title\" content=\"SEGURAN\u00c7A PRIVADA: CAPIT\u00c3O ALDEN PROTOCOLA NOVO PL EM DEFESA DA CATEGORIA - Bahia Economica\" \/>\n<meta property=\"og:description\" content=\"O maior portal de Economia da Bahia MUNIC\u00cdPIOS Bahia Economica Os pol\u00edticos seguem tocando as principais pautas em destaque\" \/>\n<meta property=\"og:url\" content=\"https:\/\/bahiaeconomica.com.br\/wp\/2025\/08\/12\/seguranca-privada-capitao-alden-protocola-novo-pl-em-defesa-da-categoria\/\" \/>\n<meta property=\"og:site_name\" content=\"Bahia Economica\" \/>\n<meta property=\"article:publisher\" content=\"https:\/\/www.facebook.com\/bahiaeconomica\" \/>\n<meta property=\"article:published_time\" content=\"2025-08-12T17:42:37+00:00\" \/>\n<meta property=\"og:image\" content=\"https:\/\/bahiaeconomica.com.br\/wp\/wp-content\/uploads\/2025\/08\/WhatsApp-Image-2025-08-12-at-14.24.38.jpeg\" \/>\n\t<meta property=\"og:image:width\" content=\"1600\" \/>\n\t<meta property=\"og:image:height\" content=\"986\" \/>\n\t<meta property=\"og:image:type\" content=\"image\/jpeg\" \/>\n<meta name=\"author\" content=\"JP\" \/>\n<meta name=\"twitter:card\" content=\"summary_large_image\" \/>\n<meta name=\"twitter:label1\" content=\"Escrito por\" \/>\n\t<meta name=\"twitter:data1\" content=\"JP\" \/>\n\t<meta name=\"twitter:label2\" content=\"Est. tempo de leitura\" \/>\n\t<meta name=\"twitter:data2\" content=\"2 minutos\" \/>\n<script type=\"application\/ld+json\" class=\"yoast-schema-graph\">{\"@context\":\"https:\/\/schema.org\",\"@graph\":[{\"@type\":\"Article\",\"@id\":\"https:\/\/bahiaeconomica.com.br\/wp\/2025\/08\/12\/seguranca-privada-capitao-alden-protocola-novo-pl-em-defesa-da-categoria\/#article\",\"isPartOf\":{\"@id\":\"https:\/\/bahiaeconomica.com.br\/wp\/2025\/08\/12\/seguranca-privada-capitao-alden-protocola-novo-pl-em-defesa-da-categoria\/\"},\"author\":{\"name\":\"JP\",\"@id\":\"https:\/\/bahiaeconomica.com.br\/wp\/#\/schema\/person\/c86d3a3f8960425a0f9d0e5245991f4e\"},\"headline\":\"SEGURAN\u00c7A PRIVADA: CAPIT\u00c3O ALDEN PROTOCOLA NOVO PL EM DEFESA DA CATEGORIA\",\"datePublished\":\"2025-08-12T17:42:37+00:00\",\"dateModified\":\"2025-08-12T17:42:37+00:00\",\"mainEntityOfPage\":{\"@id\":\"https:\/\/bahiaeconomica.com.br\/wp\/2025\/08\/12\/seguranca-privada-capitao-alden-protocola-novo-pl-em-defesa-da-categoria\/\"},\"wordCount\":294,\"publisher\":{\"@id\":\"https:\/\/bahiaeconomica.com.br\/wp\/#organization\"},\"keywords\":[\"Capit\u00e3o\",\"deputado\"],\"articleSection\":[\"MUNIC\u00cdPIOS\"],\"inLanguage\":\"pt-BR\"},{\"@type\":\"WebPage\",\"@id\":\"https:\/\/bahiaeconomica.com.br\/wp\/2025\/08\/12\/seguranca-privada-capitao-alden-protocola-novo-pl-em-defesa-da-categoria\/\",\"url\":\"https:\/\/bahiaeconomica.com.br\/wp\/2025\/08\/12\/seguranca-privada-capitao-alden-protocola-novo-pl-em-defesa-da-categoria\/\",\"name\":\"SEGURAN\u00c7A PRIVADA: CAPIT\u00c3O ALDEN PROTOCOLA NOVO PL EM DEFESA DA CATEGORIA - Bahia Economica\",\"isPartOf\":{\"@id\":\"https:\/\/bahiaeconomica.com.br\/wp\/#website\"},\"datePublished\":\"2025-08-12T17:42:37+00:00\",\"dateModified\":\"2025-08-12T17:42:37+00:00\",\"description\":\"O maior portal de Economia da Bahia MUNIC\u00cdPIOS Bahia Economica Os pol\u00edticos seguem tocando as principais pautas em destaque\",\"breadcrumb\":{\"@id\":\"https:\/\/bahiaeconomica.com.br\/wp\/2025\/08\/12\/seguranca-privada-capitao-alden-protocola-novo-pl-em-defesa-da-categoria\/#breadcrumb\"},\"inLanguage\":\"pt-BR\",\"potentialAction\":[{\"@type\":\"ReadAction\",\"target\":[\"https:\/\/bahiaeconomica.com.br\/wp\/2025\/08\/12\/seguranca-privada-capitao-alden-protocola-novo-pl-em-defesa-da-categoria\/\"]}]},{\"@type\":\"BreadcrumbList\",\"@id\":\"https:\/\/bahiaeconomica.com.br\/wp\/2025\/08\/12\/seguranca-privada-capitao-alden-protocola-novo-pl-em-defesa-da-categoria\/#breadcrumb\",\"itemListElement\":[{\"@type\":\"ListItem\",\"position\":1,\"name\":\"In\u00edcio\",\"item\":\"https:\/\/bahiaeconomica.com.br\/wp\/\"},{\"@type\":\"ListItem\",\"position\":2,\"name\":\"SEGURAN\u00c7A PRIVADA: CAPIT\u00c3O ALDEN PROTOCOLA NOVO PL EM DEFESA DA CATEGORIA\"}]},{\"@type\":\"WebSite\",\"@id\":\"https:\/\/bahiaeconomica.com.br\/wp\/#website\",\"url\":\"https:\/\/bahiaeconomica.com.br\/wp\/\",\"name\":\"Bahia Economica\",\"description\":\"O maior portal de Economia da Bahia\",\"publisher\":{\"@id\":\"https:\/\/bahiaeconomica.com.br\/wp\/#organization\"},\"potentialAction\":[{\"@type\":\"SearchAction\",\"target\":{\"@type\":\"EntryPoint\",\"urlTemplate\":\"https:\/\/bahiaeconomica.com.br\/wp\/?s={search_term_string}\"},\"query-input\":\"required name=search_term_string\"}],\"inLanguage\":\"pt-BR\"},{\"@type\":\"Organization\",\"@id\":\"https:\/\/bahiaeconomica.com.br\/wp\/#organization\",\"name\":\"Bahia Econ\u00f4mica\",\"url\":\"https:\/\/bahiaeconomica.com.br\/wp\/\",\"logo\":{\"@type\":\"ImageObject\",\"inLanguage\":\"pt-BR\",\"@id\":\"https:\/\/bahiaeconomica.com.br\/wp\/#\/schema\/logo\/image\/\",\"url\":\"https:\/\/bahiaeconomica.com.br\/wp\/wp-content\/uploads\/2020\/12\/cropped-BE.png\",\"contentUrl\":\"https:\/\/bahiaeconomica.com.br\/wp\/wp-content\/uploads\/2020\/12\/cropped-BE.png\",\"width\":512,\"height\":512,\"caption\":\"Bahia Econ\u00f4mica\"},\"image\":{\"@id\":\"https:\/\/bahiaeconomica.com.br\/wp\/#\/schema\/logo\/image\/\"},\"sameAs\":[\"https:\/\/www.facebook.com\/bahiaeconomica\"]},{\"@type\":\"Person\",\"@id\":\"https:\/\/bahiaeconomica.com.br\/wp\/#\/schema\/person\/c86d3a3f8960425a0f9d0e5245991f4e\",\"name\":\"JP\",\"sameAs\":[\"https:\/\/bahiaeconomica.com.br\/wp\/beta\/\"],\"url\":\"https:\/\/bahiaeconomica.com.br\/wp\/author\/jp\/\"}]}<\/script>\n<!-- \/ Yoast SEO plugin. -->","yoast_head_json":{"title":"SEGURAN\u00c7A PRIVADA: CAPIT\u00c3O ALDEN PROTOCOLA NOVO PL EM DEFESA DA CATEGORIA - Bahia Economica","description":"O maior portal de Economia da Bahia MUNIC\u00cdPIOS Bahia Economica Os pol\u00edticos seguem tocando as principais pautas em destaque","robots":{"index":"index","follow":"follow","max-snippet":"max-snippet:-1","max-image-preview":"max-image-preview:large","max-video-preview":"max-video-preview:-1"},"canonical":"https:\/\/bahiaeconomica.com.br\/wp\/2025\/08\/12\/seguranca-privada-capitao-alden-protocola-novo-pl-em-defesa-da-categoria\/","og_locale":"pt_BR","og_type":"article","og_title":"SEGURAN\u00c7A PRIVADA: CAPIT\u00c3O ALDEN PROTOCOLA NOVO PL EM DEFESA DA CATEGORIA - Bahia Economica","og_description":"O maior portal de Economia da Bahia MUNIC\u00cdPIOS Bahia Economica Os pol\u00edticos seguem tocando as principais pautas em destaque","og_url":"https:\/\/bahiaeconomica.com.br\/wp\/2025\/08\/12\/seguranca-privada-capitao-alden-protocola-novo-pl-em-defesa-da-categoria\/","og_site_name":"Bahia Economica","article_publisher":"https:\/\/www.facebook.com\/bahiaeconomica","article_published_time":"2025-08-12T17:42:37+00:00","og_image":[{"width":1600,"height":986,"url":"https:\/\/bahiaeconomica.com.br\/wp\/wp-content\/uploads\/2025\/08\/WhatsApp-Image-2025-08-12-at-14.24.38.jpeg","type":"image\/jpeg"}],"author":"JP","twitter_card":"summary_large_image","twitter_misc":{"Escrito por":"JP","Est. tempo de leitura":"2 minutos"},"schema":{"@context":"https:\/\/schema.org","@graph":[{"@type":"Article","@id":"https:\/\/bahiaeconomica.com.br\/wp\/2025\/08\/12\/seguranca-privada-capitao-alden-protocola-novo-pl-em-defesa-da-categoria\/#article","isPartOf":{"@id":"https:\/\/bahiaeconomica.com.br\/wp\/2025\/08\/12\/seguranca-privada-capitao-alden-protocola-novo-pl-em-defesa-da-categoria\/"},"author":{"name":"JP","@id":"https:\/\/bahiaeconomica.com.br\/wp\/#\/schema\/person\/c86d3a3f8960425a0f9d0e5245991f4e"},"headline":"SEGURAN\u00c7A PRIVADA: CAPIT\u00c3O ALDEN PROTOCOLA NOVO PL EM DEFESA DA CATEGORIA","datePublished":"2025-08-12T17:42:37+00:00","dateModified":"2025-08-12T17:42:37+00:00","mainEntityOfPage":{"@id":"https:\/\/bahiaeconomica.com.br\/wp\/2025\/08\/12\/seguranca-privada-capitao-alden-protocola-novo-pl-em-defesa-da-categoria\/"},"wordCount":294,"publisher":{"@id":"https:\/\/bahiaeconomica.com.br\/wp\/#organization"},"keywords":["Capit\u00e3o","deputado"],"articleSection":["MUNIC\u00cdPIOS"],"inLanguage":"pt-BR"},{"@type":"WebPage","@id":"https:\/\/bahiaeconomica.com.br\/wp\/2025\/08\/12\/seguranca-privada-capitao-alden-protocola-novo-pl-em-defesa-da-categoria\/","url":"https:\/\/bahiaeconomica.com.br\/wp\/2025\/08\/12\/seguranca-privada-capitao-alden-protocola-novo-pl-em-defesa-da-categoria\/","name":"SEGURAN\u00c7A PRIVADA: CAPIT\u00c3O ALDEN PROTOCOLA NOVO PL EM DEFESA DA CATEGORIA - Bahia Economica","isPartOf":{"@id":"https:\/\/bahiaeconomica.com.br\/wp\/#website"},"datePublished":"2025-08-12T17:42:37+00:00","dateModified":"2025-08-12T17:42:37+00:00","description":"O maior portal de Economia da Bahia MUNIC\u00cdPIOS Bahia Economica Os pol\u00edticos seguem tocando as principais pautas em destaque","breadcrumb":{"@id":"https:\/\/bahiaeconomica.com.br\/wp\/2025\/08\/12\/seguranca-privada-capitao-alden-protocola-novo-pl-em-defesa-da-categoria\/#breadcrumb"},"inLanguage":"pt-BR","potentialAction":[{"@type":"ReadAction","target":["https:\/\/bahiaeconomica.com.br\/wp\/2025\/08\/12\/seguranca-privada-capitao-alden-protocola-novo-pl-em-defesa-da-categoria\/"]}]},{"@type":"BreadcrumbList","@id":"https:\/\/bahiaeconomica.com.br\/wp\/2025\/08\/12\/seguranca-privada-capitao-alden-protocola-novo-pl-em-defesa-da-categoria\/#breadcrumb","itemListElement":[{"@type":"ListItem","position":1,"name":"In\u00edcio","item":"https:\/\/bahiaeconomica.com.br\/wp\/"},{"@type":"ListItem","position":2,"name":"SEGURAN\u00c7A PRIVADA: CAPIT\u00c3O ALDEN PROTOCOLA NOVO PL EM DEFESA DA CATEGORIA"}]},{"@type":"WebSite","@id":"https:\/\/bahiaeconomica.com.br\/wp\/#website","url":"https:\/\/bahiaeconomica.com.br\/wp\/","name":"Bahia Economica","description":"O maior portal de Economia da Bahia","publisher":{"@id":"https:\/\/bahiaeconomica.com.br\/wp\/#organization"},"potentialAction":[{"@type":"SearchAction","target":{"@type":"EntryPoint","urlTemplate":"https:\/\/bahiaeconomica.com.br\/wp\/?s={search_term_string}"},"query-input":"required name=search_term_string"}],"inLanguage":"pt-BR"},{"@type":"Organization","@id":"https:\/\/bahiaeconomica.com.br\/wp\/#organization","name":"Bahia Econ\u00f4mica","url":"https:\/\/bahiaeconomica.com.br\/wp\/","logo":{"@type":"ImageObject","inLanguage":"pt-BR","@id":"https:\/\/bahiaeconomica.com.br\/wp\/#\/schema\/logo\/image\/","url":"https:\/\/bahiaeconomica.com.br\/wp\/wp-content\/uploads\/2020\/12\/cropped-BE.png","contentUrl":"https:\/\/bahiaeconomica.com.br\/wp\/wp-content\/uploads\/2020\/12\/cropped-BE.png","width":512,"height":512,"caption":"Bahia Econ\u00f4mica"},"image":{"@id":"https:\/\/bahiaeconomica.com.br\/wp\/#\/schema\/logo\/image\/"},"sameAs":["https:\/\/www.facebook.com\/bahiaeconomica"]},{"@type":"Person","@id":"https:\/\/bahiaeconomica.com.br\/wp\/#\/schema\/person\/c86d3a3f8960425a0f9d0e5245991f4e","name":"JP","sameAs":["https:\/\/bahiaeconomica.com.br\/wp\/beta\/"],"url":"https:\/\/bahiaeconomica.com.br\/wp\/author\/jp\/"}]}},"views":10,"_links":{"self":[{"href":"https:\/\/bahiaeconomica.com.br\/wp\/wp-json\/wp\/v2\/posts\/925328"}],"collection":[{"href":"https:\/\/bahiaeconomica.com.br\/wp\/wp-json\/wp\/v2\/posts"}],"about":[{"href":"https:\/\/bahiaeconomica.com.br\/wp\/wp-json\/wp\/v2\/types\/post"}],"author":[{"embeddable":true,"href":"https:\/\/bahiaeconomica.com.br\/wp\/wp-json\/wp\/v2\/users\/8"}],"replies":[{"embeddable":true,"href":"https:\/\/bahiaeconomica.com.br\/wp\/wp-json\/wp\/v2\/comments?post=925328"}],"version-history":[{"count":1,"href":"https:\/\/bahiaeconomica.com.br\/wp\/wp-json\/wp\/v2\/posts\/925328\/revisions"}],"predecessor-version":[{"id":925333,"href":"https:\/\/bahiaeconomica.com.br\/wp\/wp-json\/wp\/v2\/posts\/925328\/revisions\/925333"}],"wp:featuredmedia":[{"embeddable":true,"href":"https:\/\/bahiaeconomica.com.br\/wp\/wp-json\/wp\/v2\/media\/925331"}],"wp:attachment":[{"href":"https:\/\/bahiaeconomica.com.br\/wp\/wp-json\/wp\/v2\/media?parent=925328"}],"wp:term":[{"taxonomy":"category","embeddable":true,"href":"https:\/\/bahiaeconomica.com.br\/wp\/wp-json\/wp\/v2\/categories?post=925328"},{"taxonomy":"post_tag","embeddable":true,"href":"https:\/\/bahiaeconomica.com.br\/wp\/wp-json\/wp\/v2\/tags?post=925328"}],"curies":[{"name":"wp","href":"https:\/\/api.w.org\/{rel}","templated":true}]}}