{"id":925053,"date":"2025-08-11T19:20:52","date_gmt":"2025-08-11T22:20:52","guid":{"rendered":"https:\/\/bahiaeconomica.com.br\/wp\/?p=925053"},"modified":"2025-08-11T18:20:48","modified_gmt":"2025-08-11T21:20:48","slug":"jubileu-do-senhor-do-bonfim-e-festival-de-acaraje-reunem-baianos-e-turistas-em-salvador","status":"publish","type":"post","link":"https:\/\/bahiaeconomica.com.br\/wp\/2025\/08\/11\/jubileu-do-senhor-do-bonfim-e-festival-de-acaraje-reunem-baianos-e-turistas-em-salvador\/","title":{"rendered":"JUBILEU DO SENHOR DO BONFIM E FESTIVAL DE ACARAJ\u00c9 RE\u00daNEM BAIANOS E TURISTAS EM SALVADOR"},"content":{"rendered":"<p>Na manh\u00e3 de domingo (10), Dia dos Pais, baianos e turistas acompanharam, na capital, o encerramento das comemora\u00e7\u00f5es do Jubileu dos 280 anos da chegada da imagem original do Senhor do Bonfim \u00e0 Bahia, trazida de Set\u00fabal (Portugal), com missa campal na colina onde fica a bas\u00edlica em homenagem ao santo, na Cidade Baixa. A Eucaristia foi presidida pelo bispo da Diocese da cidade portuguesa, dom Am\u00e9rico Aguiar, e concelebrada pelo arcebispo de Salvador e primaz do Brasil, dom S\u00e9rgio da Rocha.<\/p>\n<p>Os festejos do Jubileu tiveram o apoio da Secretaria de Turismo do Estado (Setur-BA), como parte das a\u00e7\u00f5es para o incremento das manifesta\u00e7\u00f5es cat\u00f3licas na Bahia, um dos principais atrativos para viajantes nacionais e estrangeiros. &#8220;No Dia dos Pais, homenageamos nosso Pai maior, o protetor da Bahia, nesta Colina Sagrada, que \u00e9 visitada por centenas de milhares de turistas, de todo o mundo, o ano inteiro. Temos incentivado o turismo religioso no estado, com a\u00e7\u00f5es que fortalecem o calend\u00e1rio cat\u00f3lico&#8221;, declarou o titular da Setur-BA e membro da Irmandade do Senhor do Bonfim, Maur\u00edcio Bacelar, que participou da celebra\u00e7\u00e3o.<\/p>\n<p>No per\u00edodo da tarde, a Setur-BA patrocinou o 6\u00ba Festival de Acaraj\u00e9, realizado no largo da Cruz Ca\u00edda, na Pra\u00e7a da S\u00e9. Ele foi promovido pela Associa\u00e7\u00e3o Nacional das Baianas de Acaraj\u00e9, de Mingau, Receptivo e Similares (Abam), que distribuiu para baianos e visitantes 10 mil unidades do tradicional bolinho de feij\u00e3o-fradinho, em homenagem ao Dia da Mulher Negra, Latino-Americana e Caribenha, comemorado em 25 de julho.<\/p>\n<p>&#8220;Este ano, n\u00e3o conseguimos fazer o festival na data oficial, mas acabou sendo muito interessante, porque caiu no Dia dos Pais, com as fam\u00edlias ganhando de presente o aut\u00eantico acaraj\u00e9, feito com muito amor. O apoio da Setur-BA foi fundamental para a realiza\u00e7\u00e3o do evento&#8221;, declarou a presidente da Abam, Rita Maria dos Santos.<\/p>\n<p>&#8220;Vim do Rio de Janeiro para visitar Salvador, em 2012, e estou de volta, quando acontece esse festival maravilhoso, com acaraj\u00e9 de gra\u00e7a e muita energia boa. Vou ficar na cidade mais uma semana&#8221;, relatou o cineasta carioca Eric Pedrosa.<\/p>\n<p>Eventos no interior &#8211; No \u00faltimo fim de semana, a Setur-BA apoiou eventos que movimentaram a economia em tr\u00eas zonas tur\u00edsticas. Saubara (Ba\u00eda de Todos-os-Santos) celebrou a Festa de S\u00e3o Domingos de Gusm\u00e3o, padroeiro do munic\u00edpio. Cocos (Caminhos do Oeste) comemorou 67 anos de emancipa\u00e7\u00e3o pol\u00edtica, reunindo uma multid\u00e3o na Pra\u00e7a da Festa, que curtiu atra\u00e7\u00f5es como Zez\u00e9 di Camargo e Durval Lelys. O Central Fest (Chapada Diamantina) tamb\u00e9m festejou o anivers\u00e1rio de 67 anos da cidade, com shows de Tiago Aquino, Psirico, Tayrone e Chica F\u00e9, atraindo milhares de pessoas da regi\u00e3o.<\/p>\n<p>&nbsp;<\/p>\n<p>Foto: ASCOM SETUR-BA<\/p>\n","protected":false},"excerpt":{"rendered":"<p>Na manh\u00e3 de domingo (10), Dia dos Pais, baianos e turistas acompanharam, na capital, o encerramento das comemora\u00e7\u00f5es do Jubileu dos 280 anos da chegada da imagem original do Senhor do Bonfim \u00e0 Bahia, trazida de Set\u00fabal (Portugal), com missa campal na colina onde fica a bas\u00edlica em homenagem ao santo, na Cidade Baixa. A [&hellip;]<\/p>\n","protected":false},"author":22,"featured_media":925055,"comment_status":"closed","ping_status":"closed","sticky":false,"template":"","format":"standard","meta":[],"categories":[5],"tags":[1774,908,35545,73,1392],"acf":[],"yoast_head":"<!-- This site is optimized with the Yoast SEO plugin v20.8 - https:\/\/yoast.com\/wordpress\/plugins\/seo\/ -->\n<title>JUBILEU DO SENHOR DO BONFIM E FESTIVAL DE ACARAJ\u00c9 RE\u00daNEM BAIANOS E TURISTAS EM SALVADOR - Bahia Economica<\/title>\n<meta name=\"description\" content=\"O maior portal de Economia da Bahia MUNIC\u00cdPIOS Bahia Economica\" \/>\n<meta name=\"robots\" content=\"index, follow, max-snippet:-1, max-image-preview:large, max-video-preview:-1\" \/>\n<link rel=\"canonical\" href=\"https:\/\/bahiaeconomica.com.br\/wp\/2025\/08\/11\/jubileu-do-senhor-do-bonfim-e-festival-de-acaraje-reunem-baianos-e-turistas-em-salvador\/\" \/>\n<meta property=\"og:locale\" content=\"pt_BR\" \/>\n<meta property=\"og:type\" content=\"article\" \/>\n<meta property=\"og:title\" content=\"JUBILEU DO SENHOR DO BONFIM E FESTIVAL DE ACARAJ\u00c9 RE\u00daNEM BAIANOS E TURISTAS EM SALVADOR - Bahia Economica\" \/>\n<meta property=\"og:description\" content=\"O maior portal de Economia da Bahia MUNIC\u00cdPIOS Bahia Economica\" \/>\n<meta property=\"og:url\" content=\"https:\/\/bahiaeconomica.com.br\/wp\/2025\/08\/11\/jubileu-do-senhor-do-bonfim-e-festival-de-acaraje-reunem-baianos-e-turistas-em-salvador\/\" \/>\n<meta property=\"og:site_name\" content=\"Bahia Economica\" \/>\n<meta property=\"article:publisher\" content=\"https:\/\/www.facebook.com\/bahiaeconomica\" \/>\n<meta property=\"article:published_time\" content=\"2025-08-11T22:20:52+00:00\" \/>\n<meta property=\"article:modified_time\" content=\"2025-08-11T21:20:48+00:00\" \/>\n<meta property=\"og:image\" content=\"https:\/\/bahiaeconomica.com.br\/wp\/wp-content\/uploads\/2025\/08\/Jubileu-do-Bonfim.jpeg\" \/>\n\t<meta property=\"og:image:width\" content=\"1179\" \/>\n\t<meta property=\"og:image:height\" content=\"854\" \/>\n\t<meta property=\"og:image:type\" content=\"image\/jpeg\" \/>\n<meta name=\"author\" content=\"Matheus Souza\" \/>\n<meta name=\"twitter:card\" content=\"summary_large_image\" \/>\n<meta name=\"twitter:label1\" content=\"Escrito por\" \/>\n\t<meta name=\"twitter:data1\" content=\"Matheus Souza\" \/>\n\t<meta name=\"twitter:label2\" content=\"Est. tempo de leitura\" \/>\n\t<meta name=\"twitter:data2\" content=\"3 minutos\" \/>\n<script type=\"application\/ld+json\" class=\"yoast-schema-graph\">{\"@context\":\"https:\/\/schema.org\",\"@graph\":[{\"@type\":\"Article\",\"@id\":\"https:\/\/bahiaeconomica.com.br\/wp\/2025\/08\/11\/jubileu-do-senhor-do-bonfim-e-festival-de-acaraje-reunem-baianos-e-turistas-em-salvador\/#article\",\"isPartOf\":{\"@id\":\"https:\/\/bahiaeconomica.com.br\/wp\/2025\/08\/11\/jubileu-do-senhor-do-bonfim-e-festival-de-acaraje-reunem-baianos-e-turistas-em-salvador\/\"},\"author\":{\"name\":\"Matheus Souza\",\"@id\":\"https:\/\/bahiaeconomica.com.br\/wp\/#\/schema\/person\/3304d50cfd32353c7d08c39066638997\"},\"headline\":\"JUBILEU DO SENHOR DO BONFIM E FESTIVAL DE ACARAJ\u00c9 RE\u00daNEM BAIANOS E TURISTAS EM SALVADOR\",\"datePublished\":\"2025-08-11T22:20:52+00:00\",\"dateModified\":\"2025-08-11T21:20:48+00:00\",\"mainEntityOfPage\":{\"@id\":\"https:\/\/bahiaeconomica.com.br\/wp\/2025\/08\/11\/jubileu-do-senhor-do-bonfim-e-festival-de-acaraje-reunem-baianos-e-turistas-em-salvador\/\"},\"wordCount\":482,\"publisher\":{\"@id\":\"https:\/\/bahiaeconomica.com.br\/wp\/#organization\"},\"keywords\":[\"acaraje\",\"Festival\",\"jubileu\",\"Salvador\",\"senhor do bonfim\"],\"articleSection\":[\"MUNIC\u00cdPIOS\"],\"inLanguage\":\"pt-BR\"},{\"@type\":\"WebPage\",\"@id\":\"https:\/\/bahiaeconomica.com.br\/wp\/2025\/08\/11\/jubileu-do-senhor-do-bonfim-e-festival-de-acaraje-reunem-baianos-e-turistas-em-salvador\/\",\"url\":\"https:\/\/bahiaeconomica.com.br\/wp\/2025\/08\/11\/jubileu-do-senhor-do-bonfim-e-festival-de-acaraje-reunem-baianos-e-turistas-em-salvador\/\",\"name\":\"JUBILEU DO SENHOR DO BONFIM E FESTIVAL DE ACARAJ\u00c9 RE\u00daNEM BAIANOS E TURISTAS EM SALVADOR - Bahia Economica\",\"isPartOf\":{\"@id\":\"https:\/\/bahiaeconomica.com.br\/wp\/#website\"},\"datePublished\":\"2025-08-11T22:20:52+00:00\",\"dateModified\":\"2025-08-11T21:20:48+00:00\",\"description\":\"O maior portal de Economia da Bahia MUNIC\u00cdPIOS Bahia Economica\",\"breadcrumb\":{\"@id\":\"https:\/\/bahiaeconomica.com.br\/wp\/2025\/08\/11\/jubileu-do-senhor-do-bonfim-e-festival-de-acaraje-reunem-baianos-e-turistas-em-salvador\/#breadcrumb\"},\"inLanguage\":\"pt-BR\",\"potentialAction\":[{\"@type\":\"ReadAction\",\"target\":[\"https:\/\/bahiaeconomica.com.br\/wp\/2025\/08\/11\/jubileu-do-senhor-do-bonfim-e-festival-de-acaraje-reunem-baianos-e-turistas-em-salvador\/\"]}]},{\"@type\":\"BreadcrumbList\",\"@id\":\"https:\/\/bahiaeconomica.com.br\/wp\/2025\/08\/11\/jubileu-do-senhor-do-bonfim-e-festival-de-acaraje-reunem-baianos-e-turistas-em-salvador\/#breadcrumb\",\"itemListElement\":[{\"@type\":\"ListItem\",\"position\":1,\"name\":\"In\u00edcio\",\"item\":\"https:\/\/bahiaeconomica.com.br\/wp\/\"},{\"@type\":\"ListItem\",\"position\":2,\"name\":\"JUBILEU DO SENHOR DO BONFIM E FESTIVAL DE ACARAJ\u00c9 RE\u00daNEM BAIANOS E TURISTAS EM SALVADOR\"}]},{\"@type\":\"WebSite\",\"@id\":\"https:\/\/bahiaeconomica.com.br\/wp\/#website\",\"url\":\"https:\/\/bahiaeconomica.com.br\/wp\/\",\"name\":\"Bahia Economica\",\"description\":\"O maior portal de Economia da Bahia\",\"publisher\":{\"@id\":\"https:\/\/bahiaeconomica.com.br\/wp\/#organization\"},\"potentialAction\":[{\"@type\":\"SearchAction\",\"target\":{\"@type\":\"EntryPoint\",\"urlTemplate\":\"https:\/\/bahiaeconomica.com.br\/wp\/?s={search_term_string}\"},\"query-input\":\"required name=search_term_string\"}],\"inLanguage\":\"pt-BR\"},{\"@type\":\"Organization\",\"@id\":\"https:\/\/bahiaeconomica.com.br\/wp\/#organization\",\"name\":\"Bahia Econ\u00f4mica\",\"url\":\"https:\/\/bahiaeconomica.com.br\/wp\/\",\"logo\":{\"@type\":\"ImageObject\",\"inLanguage\":\"pt-BR\",\"@id\":\"https:\/\/bahiaeconomica.com.br\/wp\/#\/schema\/logo\/image\/\",\"url\":\"https:\/\/bahiaeconomica.com.br\/wp\/wp-content\/uploads\/2020\/12\/cropped-BE.png\",\"contentUrl\":\"https:\/\/bahiaeconomica.com.br\/wp\/wp-content\/uploads\/2020\/12\/cropped-BE.png\",\"width\":512,\"height\":512,\"caption\":\"Bahia Econ\u00f4mica\"},\"image\":{\"@id\":\"https:\/\/bahiaeconomica.com.br\/wp\/#\/schema\/logo\/image\/\"},\"sameAs\":[\"https:\/\/www.facebook.com\/bahiaeconomica\"]},{\"@type\":\"Person\",\"@id\":\"https:\/\/bahiaeconomica.com.br\/wp\/#\/schema\/person\/3304d50cfd32353c7d08c39066638997\",\"name\":\"Matheus Souza\",\"sameAs\":[\"http:\/\/www.bahiaeconomica.com.br\"],\"url\":\"https:\/\/bahiaeconomica.com.br\/wp\/author\/matheus-souza\/\"}]}<\/script>\n<!-- \/ Yoast SEO plugin. -->","yoast_head_json":{"title":"JUBILEU DO SENHOR DO BONFIM E FESTIVAL DE ACARAJ\u00c9 RE\u00daNEM BAIANOS E TURISTAS EM SALVADOR - Bahia Economica","description":"O maior portal de Economia da Bahia MUNIC\u00cdPIOS Bahia Economica","robots":{"index":"index","follow":"follow","max-snippet":"max-snippet:-1","max-image-preview":"max-image-preview:large","max-video-preview":"max-video-preview:-1"},"canonical":"https:\/\/bahiaeconomica.com.br\/wp\/2025\/08\/11\/jubileu-do-senhor-do-bonfim-e-festival-de-acaraje-reunem-baianos-e-turistas-em-salvador\/","og_locale":"pt_BR","og_type":"article","og_title":"JUBILEU DO SENHOR DO BONFIM E FESTIVAL DE ACARAJ\u00c9 RE\u00daNEM BAIANOS E TURISTAS EM SALVADOR - Bahia Economica","og_description":"O maior portal de Economia da Bahia MUNIC\u00cdPIOS Bahia Economica","og_url":"https:\/\/bahiaeconomica.com.br\/wp\/2025\/08\/11\/jubileu-do-senhor-do-bonfim-e-festival-de-acaraje-reunem-baianos-e-turistas-em-salvador\/","og_site_name":"Bahia Economica","article_publisher":"https:\/\/www.facebook.com\/bahiaeconomica","article_published_time":"2025-08-11T22:20:52+00:00","article_modified_time":"2025-08-11T21:20:48+00:00","og_image":[{"width":1179,"height":854,"url":"https:\/\/bahiaeconomica.com.br\/wp\/wp-content\/uploads\/2025\/08\/Jubileu-do-Bonfim.jpeg","type":"image\/jpeg"}],"author":"Matheus Souza","twitter_card":"summary_large_image","twitter_misc":{"Escrito por":"Matheus Souza","Est. tempo de leitura":"3 minutos"},"schema":{"@context":"https:\/\/schema.org","@graph":[{"@type":"Article","@id":"https:\/\/bahiaeconomica.com.br\/wp\/2025\/08\/11\/jubileu-do-senhor-do-bonfim-e-festival-de-acaraje-reunem-baianos-e-turistas-em-salvador\/#article","isPartOf":{"@id":"https:\/\/bahiaeconomica.com.br\/wp\/2025\/08\/11\/jubileu-do-senhor-do-bonfim-e-festival-de-acaraje-reunem-baianos-e-turistas-em-salvador\/"},"author":{"name":"Matheus Souza","@id":"https:\/\/bahiaeconomica.com.br\/wp\/#\/schema\/person\/3304d50cfd32353c7d08c39066638997"},"headline":"JUBILEU DO SENHOR DO BONFIM E FESTIVAL DE ACARAJ\u00c9 RE\u00daNEM BAIANOS E TURISTAS EM SALVADOR","datePublished":"2025-08-11T22:20:52+00:00","dateModified":"2025-08-11T21:20:48+00:00","mainEntityOfPage":{"@id":"https:\/\/bahiaeconomica.com.br\/wp\/2025\/08\/11\/jubileu-do-senhor-do-bonfim-e-festival-de-acaraje-reunem-baianos-e-turistas-em-salvador\/"},"wordCount":482,"publisher":{"@id":"https:\/\/bahiaeconomica.com.br\/wp\/#organization"},"keywords":["acaraje","Festival","jubileu","Salvador","senhor do bonfim"],"articleSection":["MUNIC\u00cdPIOS"],"inLanguage":"pt-BR"},{"@type":"WebPage","@id":"https:\/\/bahiaeconomica.com.br\/wp\/2025\/08\/11\/jubileu-do-senhor-do-bonfim-e-festival-de-acaraje-reunem-baianos-e-turistas-em-salvador\/","url":"https:\/\/bahiaeconomica.com.br\/wp\/2025\/08\/11\/jubileu-do-senhor-do-bonfim-e-festival-de-acaraje-reunem-baianos-e-turistas-em-salvador\/","name":"JUBILEU DO SENHOR DO BONFIM E FESTIVAL DE ACARAJ\u00c9 RE\u00daNEM BAIANOS E TURISTAS EM SALVADOR - Bahia Economica","isPartOf":{"@id":"https:\/\/bahiaeconomica.com.br\/wp\/#website"},"datePublished":"2025-08-11T22:20:52+00:00","dateModified":"2025-08-11T21:20:48+00:00","description":"O maior portal de Economia da Bahia MUNIC\u00cdPIOS Bahia Economica","breadcrumb":{"@id":"https:\/\/bahiaeconomica.com.br\/wp\/2025\/08\/11\/jubileu-do-senhor-do-bonfim-e-festival-de-acaraje-reunem-baianos-e-turistas-em-salvador\/#breadcrumb"},"inLanguage":"pt-BR","potentialAction":[{"@type":"ReadAction","target":["https:\/\/bahiaeconomica.com.br\/wp\/2025\/08\/11\/jubileu-do-senhor-do-bonfim-e-festival-de-acaraje-reunem-baianos-e-turistas-em-salvador\/"]}]},{"@type":"BreadcrumbList","@id":"https:\/\/bahiaeconomica.com.br\/wp\/2025\/08\/11\/jubileu-do-senhor-do-bonfim-e-festival-de-acaraje-reunem-baianos-e-turistas-em-salvador\/#breadcrumb","itemListElement":[{"@type":"ListItem","position":1,"name":"In\u00edcio","item":"https:\/\/bahiaeconomica.com.br\/wp\/"},{"@type":"ListItem","position":2,"name":"JUBILEU DO SENHOR DO BONFIM E FESTIVAL DE ACARAJ\u00c9 RE\u00daNEM BAIANOS E TURISTAS EM SALVADOR"}]},{"@type":"WebSite","@id":"https:\/\/bahiaeconomica.com.br\/wp\/#website","url":"https:\/\/bahiaeconomica.com.br\/wp\/","name":"Bahia Economica","description":"O maior portal de Economia da Bahia","publisher":{"@id":"https:\/\/bahiaeconomica.com.br\/wp\/#organization"},"potentialAction":[{"@type":"SearchAction","target":{"@type":"EntryPoint","urlTemplate":"https:\/\/bahiaeconomica.com.br\/wp\/?s={search_term_string}"},"query-input":"required name=search_term_string"}],"inLanguage":"pt-BR"},{"@type":"Organization","@id":"https:\/\/bahiaeconomica.com.br\/wp\/#organization","name":"Bahia Econ\u00f4mica","url":"https:\/\/bahiaeconomica.com.br\/wp\/","logo":{"@type":"ImageObject","inLanguage":"pt-BR","@id":"https:\/\/bahiaeconomica.com.br\/wp\/#\/schema\/logo\/image\/","url":"https:\/\/bahiaeconomica.com.br\/wp\/wp-content\/uploads\/2020\/12\/cropped-BE.png","contentUrl":"https:\/\/bahiaeconomica.com.br\/wp\/wp-content\/uploads\/2020\/12\/cropped-BE.png","width":512,"height":512,"caption":"Bahia Econ\u00f4mica"},"image":{"@id":"https:\/\/bahiaeconomica.com.br\/wp\/#\/schema\/logo\/image\/"},"sameAs":["https:\/\/www.facebook.com\/bahiaeconomica"]},{"@type":"Person","@id":"https:\/\/bahiaeconomica.com.br\/wp\/#\/schema\/person\/3304d50cfd32353c7d08c39066638997","name":"Matheus Souza","sameAs":["http:\/\/www.bahiaeconomica.com.br"],"url":"https:\/\/bahiaeconomica.com.br\/wp\/author\/matheus-souza\/"}]}},"views":12,"_links":{"self":[{"href":"https:\/\/bahiaeconomica.com.br\/wp\/wp-json\/wp\/v2\/posts\/925053"}],"collection":[{"href":"https:\/\/bahiaeconomica.com.br\/wp\/wp-json\/wp\/v2\/posts"}],"about":[{"href":"https:\/\/bahiaeconomica.com.br\/wp\/wp-json\/wp\/v2\/types\/post"}],"author":[{"embeddable":true,"href":"https:\/\/bahiaeconomica.com.br\/wp\/wp-json\/wp\/v2\/users\/22"}],"replies":[{"embeddable":true,"href":"https:\/\/bahiaeconomica.com.br\/wp\/wp-json\/wp\/v2\/comments?post=925053"}],"version-history":[{"count":1,"href":"https:\/\/bahiaeconomica.com.br\/wp\/wp-json\/wp\/v2\/posts\/925053\/revisions"}],"predecessor-version":[{"id":925069,"href":"https:\/\/bahiaeconomica.com.br\/wp\/wp-json\/wp\/v2\/posts\/925053\/revisions\/925069"}],"wp:featuredmedia":[{"embeddable":true,"href":"https:\/\/bahiaeconomica.com.br\/wp\/wp-json\/wp\/v2\/media\/925055"}],"wp:attachment":[{"href":"https:\/\/bahiaeconomica.com.br\/wp\/wp-json\/wp\/v2\/media?parent=925053"}],"wp:term":[{"taxonomy":"category","embeddable":true,"href":"https:\/\/bahiaeconomica.com.br\/wp\/wp-json\/wp\/v2\/categories?post=925053"},{"taxonomy":"post_tag","embeddable":true,"href":"https:\/\/bahiaeconomica.com.br\/wp\/wp-json\/wp\/v2\/tags?post=925053"}],"curies":[{"name":"wp","href":"https:\/\/api.w.org\/{rel}","templated":true}]}}