{"id":923999,"date":"2025-08-07T10:40:09","date_gmt":"2025-08-07T13:40:09","guid":{"rendered":"https:\/\/bahiaeconomica.com.br\/wp\/?p=923999"},"modified":"2025-08-07T12:23:06","modified_gmt":"2025-08-07T15:23:06","slug":"nordestelab-2025-segue-com-debates-entre-profissionais-do-audiovisual","status":"publish","type":"post","link":"https:\/\/bahiaeconomica.com.br\/wp\/2025\/08\/07\/nordestelab-2025-segue-com-debates-entre-profissionais-do-audiovisual\/","title":{"rendered":"NORDESTELAB 2025 SEGUE COM DEBATES ENTRE PROFISSIONAIS DO AUDIOVISUAL\u00a0"},"content":{"rendered":"<p>O segundo dia do NordesteLAB foi palco de mais uma oportunidade de encontros de grandes nomes do audiovisual do pa\u00eds. O evento aconteceu nesta quarta-feira (06), durante todo o dia, com Rodadas de Neg\u00f3cios, Cl\u00ednicas Jur\u00eddicas, Mesas Tem\u00e1ticas, Masterclass e lan\u00e7amento de livro, no Goethe-Institut, em Salvador.\u201cEstamos vivendo uma edi\u00e7\u00e3o bem bonita. Neste segundo dia, j\u00e1 tivemos muitos encontros com especialistas compartilhando experi\u00eancias, pensando em futuros a partir dos desafios presentes na cadeia audiovisual. Tivemos tamb\u00e9m o lan\u00e7amento do livro \u2018Mercado Audiovisual do Nordeste\u2019, do pesquisador Marcelo Ikeda, que traz dados que demarcam a estrutura de financiamento e realiza\u00e7\u00f5es do nosso setor nos \u00faltimos anos. O evento \u00e9 uma boa oportunidade de conectar, atualizar, acompanhar e desenvolver a nossa ind\u00fastria. E at\u00e9 sexta-feira (08) estaremos juntos refletindo e construindo mais caminhos para um audiovisual mais diverso\u201d, comenta Rubian Melo, uma das coordenadoras gerais do NordesteLAB.<\/p>\n<p>Uma das mesas mais aguardadas pelo p\u00fablico teve como tema \u201cA Utiliza\u00e7\u00e3o do YouTube para Potencializar as Produ\u00e7\u00f5es Audiovisuais\u201d, com Rafa Dias, cofundador do Dia Est\u00fadio; Fernando Brandini, Head de Parcerias e Responsabilidades do YouTube; e Felipe Almeida, fundador do Mundo Bita, como convidados. \u201cTrouxe um pouco da minha hist\u00f3ria de 12 anos de jornada construindo conte\u00fado infantil, que tem o YouTube como uma plataforma muito importante para distribuir e entregar esse tipo de conte\u00fado. Foi uma troca de experi\u00eancia e compartilhamos com a plateia a nossa hist\u00f3ria, para que todo mundo possa se inspirar e conseguir seu caminho de sucesso\u201d, declara Almeida.<\/p>\n<p>Uma das convidadas da Mesa Tem\u00e1tica \u201cPreparando a Ind\u00fastria para o Futuro\u201d, Raquel Lemos, s\u00f3ciofundadora da Lemos Consultoria Ltda. e Art.is Cultural, afirma que a abordagem de futuro sobre a intelig\u00eancia artificial na verdade j\u00e1 integra o processo de produ\u00e7\u00e3o e p\u00f3s e seus impactos na cadeia de direitos em regime de contrata\u00e7\u00e3o por conta de ainda n\u00e3o ter regula\u00e7\u00e3o no Brasil sobre a IA. \u201cO processo est\u00e1 tramitando, mas ainda n\u00e3o foi aprovado, ent\u00e3o ainda andamos no hiato, no letramento de como o mercado audiovisual entende at\u00e9 onde pode usar essas ferramentas, os lugares predat\u00f3rios em que a tecnologia de fato pode revolucionar o servi\u00e7o da cadeia de produ\u00e7\u00e3o e, por fim, esse lugar de transforma\u00e7\u00e3o tecnol\u00f3gica que a gente vai atravessar.\u201d<\/p>\n<p>Durante o evento, tamb\u00e9m ocorrem as Rodadas de Neg\u00f3cios, que este ano re\u00fane produtoras de 17 estados das regi\u00f5es Norte, Nordeste e Centro-Oeste. Nesta edi\u00e7\u00e3o, mais de 30 players, entre streamings, produtoras\u00a0 e distribuidoras audiovisuais est\u00e3o em busca de projetos com mais diversidade para ampliar seus cat\u00e1logos. Para Aline Lourena, gerente de Conte\u00fado de Filmes da Netflix, \u00e9 muito prazeroso estar no NordesteLAB para contar um pouco da estrat\u00e9gia e das buscas pelas parcerias. \u201cN\u00f3s acreditamos muito que essa parceria pode e tem dado frutos. N\u00f3s temos produzido muito fora do eixo Rio-SP e estar aqui \u00e9 abrir mais uma porta para as produ\u00e7\u00f5es do Nordeste, Norte e Centro-Oeste que merecem e devem ser representados nas telas brasileiras\u201d.<\/p>\n<p>O evento segue at\u00e9 a pr\u00f3xima sexta (08), reunindo profissionais do audiovisual em uma programa\u00e7\u00e3o de trocas e debates que buscam refletir e impulsionar o futuro do cinema e do audiovisual no pa\u00eds. A programa\u00e7\u00e3o\u00a0 completa est\u00e1\u00a0 no site: www.nordestelab.com.br .<\/p>\n<p>Realizado pelo Laborat\u00f3rio Audiovisual e pelo Audiovisual em Todos os Eixos, o NordesteLAB 2025 tem patroc\u00ednio do Sebrae Bahia, parceria do YouTube e apoio do Goethe-Institut, Projeto Paradiso, Tem Dend\u00ea Produ\u00e7\u00f5es, Alian\u00e7a Francesa, Embaixada da Fran\u00e7a no Brasil, Abramus, Movioca, SalCine, Educadora FM, TVE Bahia e Fieb.<\/p>\n<p>O projeto NordesteLAB foi contemplado pelo edital Greg\u00f3rios \u2013 Ano IV com recursos financeiros da Funda\u00e7\u00e3o Greg\u00f3rio de Mattos, Secretaria Municipal de Cultura e Turismo, Prefeitura de Salvador e da Pol\u00edtica Nacional Aldir Blanc de Fomento \u00e0 Cultura (PNAB), Minist\u00e9rio da Cultura, Governo Federal.<\/p>\n<p>O projeto foi contemplado nos Editais da Paulo Gustavo Bahia e tem apoio financeiro do Governo do Estado da Bahia atrav\u00e9s da Secretaria de Cultura via Lei Paulo Gustavo, direcionada pelo Minist\u00e9rio da Cultura, Governo Federal. Paulo Gustavo Bahia (PGBA) foi criada para a efetiva\u00e7\u00e3o das a\u00e7\u00f5es emergenciais de apoio ao setor cultural, visando cumprir a Lei Complementar n\u00ba 195, de 8 de julho de 2022.<\/p>\n","protected":false},"excerpt":{"rendered":"<p>O segundo dia do NordesteLAB foi palco de mais uma oportunidade de encontros de grandes nomes do audiovisual do pa\u00eds. O evento aconteceu nesta quarta-feira (06), durante todo o dia, com Rodadas de Neg\u00f3cios, Cl\u00ednicas Jur\u00eddicas, Mesas Tem\u00e1ticas, Masterclass e lan\u00e7amento de livro, no Goethe-Institut, em Salvador.\u201cEstamos vivendo uma edi\u00e7\u00e3o bem bonita. Neste segundo dia, [&hellip;]<\/p>\n","protected":false},"author":8,"featured_media":924000,"comment_status":"closed","ping_status":"closed","sticky":false,"template":"","format":"standard","meta":[],"categories":[689],"tags":[52,933],"acf":[],"yoast_head":"<!-- This site is optimized with the Yoast SEO plugin v20.8 - https:\/\/yoast.com\/wordpress\/plugins\/seo\/ -->\n<title>NORDESTELAB 2025 SEGUE COM DEBATES ENTRE PROFISSIONAIS DO AUDIOVISUAL\u00a0 - Bahia Economica<\/title>\n<meta name=\"description\" content=\"O maior portal de Economia da Bahia CULTURA E ARTE Bahia Economica O evento segue at\u00e9 a pr\u00f3xima sexta (08), reunindo profissionais\" \/>\n<meta name=\"robots\" content=\"index, follow, max-snippet:-1, max-image-preview:large, max-video-preview:-1\" \/>\n<link rel=\"canonical\" href=\"https:\/\/bahiaeconomica.com.br\/wp\/2025\/08\/07\/nordestelab-2025-segue-com-debates-entre-profissionais-do-audiovisual\/\" \/>\n<meta property=\"og:locale\" content=\"pt_BR\" \/>\n<meta property=\"og:type\" content=\"article\" \/>\n<meta property=\"og:title\" content=\"NORDESTELAB 2025 SEGUE COM DEBATES ENTRE PROFISSIONAIS DO AUDIOVISUAL\u00a0 - Bahia Economica\" \/>\n<meta property=\"og:description\" content=\"O maior portal de Economia da Bahia CULTURA E ARTE Bahia Economica O evento segue at\u00e9 a pr\u00f3xima sexta (08), reunindo profissionais\" \/>\n<meta property=\"og:url\" content=\"https:\/\/bahiaeconomica.com.br\/wp\/2025\/08\/07\/nordestelab-2025-segue-com-debates-entre-profissionais-do-audiovisual\/\" \/>\n<meta property=\"og:site_name\" content=\"Bahia Economica\" \/>\n<meta property=\"article:publisher\" content=\"https:\/\/www.facebook.com\/bahiaeconomica\" \/>\n<meta property=\"article:published_time\" content=\"2025-08-07T13:40:09+00:00\" \/>\n<meta property=\"article:modified_time\" content=\"2025-08-07T15:23:06+00:00\" \/>\n<meta property=\"og:image\" content=\"https:\/\/bahiaeconomica.com.br\/wp\/wp-content\/uploads\/2025\/08\/WhatsApp-Image-2025-08-07-at-10.52.51.jpeg\" \/>\n\t<meta property=\"og:image:width\" content=\"1600\" \/>\n\t<meta property=\"og:image:height\" content=\"1066\" \/>\n\t<meta property=\"og:image:type\" content=\"image\/jpeg\" \/>\n<meta name=\"author\" content=\"JP\" \/>\n<meta name=\"twitter:card\" content=\"summary_large_image\" \/>\n<meta name=\"twitter:label1\" content=\"Escrito por\" \/>\n\t<meta name=\"twitter:data1\" content=\"JP\" \/>\n\t<meta name=\"twitter:label2\" content=\"Est. tempo de leitura\" \/>\n\t<meta name=\"twitter:data2\" content=\"4 minutos\" \/>\n<script type=\"application\/ld+json\" class=\"yoast-schema-graph\">{\"@context\":\"https:\/\/schema.org\",\"@graph\":[{\"@type\":\"Article\",\"@id\":\"https:\/\/bahiaeconomica.com.br\/wp\/2025\/08\/07\/nordestelab-2025-segue-com-debates-entre-profissionais-do-audiovisual\/#article\",\"isPartOf\":{\"@id\":\"https:\/\/bahiaeconomica.com.br\/wp\/2025\/08\/07\/nordestelab-2025-segue-com-debates-entre-profissionais-do-audiovisual\/\"},\"author\":{\"name\":\"JP\",\"@id\":\"https:\/\/bahiaeconomica.com.br\/wp\/#\/schema\/person\/c86d3a3f8960425a0f9d0e5245991f4e\"},\"headline\":\"NORDESTELAB 2025 SEGUE COM DEBATES ENTRE PROFISSIONAIS DO AUDIOVISUAL\u00a0\",\"datePublished\":\"2025-08-07T13:40:09+00:00\",\"dateModified\":\"2025-08-07T15:23:06+00:00\",\"mainEntityOfPage\":{\"@id\":\"https:\/\/bahiaeconomica.com.br\/wp\/2025\/08\/07\/nordestelab-2025-segue-com-debates-entre-profissionais-do-audiovisual\/\"},\"wordCount\":751,\"publisher\":{\"@id\":\"https:\/\/bahiaeconomica.com.br\/wp\/#organization\"},\"keywords\":[\"Brasil\",\"cultura\"],\"articleSection\":[\"CULTURA E ARTE\"],\"inLanguage\":\"pt-BR\"},{\"@type\":\"WebPage\",\"@id\":\"https:\/\/bahiaeconomica.com.br\/wp\/2025\/08\/07\/nordestelab-2025-segue-com-debates-entre-profissionais-do-audiovisual\/\",\"url\":\"https:\/\/bahiaeconomica.com.br\/wp\/2025\/08\/07\/nordestelab-2025-segue-com-debates-entre-profissionais-do-audiovisual\/\",\"name\":\"NORDESTELAB 2025 SEGUE COM DEBATES ENTRE PROFISSIONAIS DO AUDIOVISUAL\u00a0 - Bahia Economica\",\"isPartOf\":{\"@id\":\"https:\/\/bahiaeconomica.com.br\/wp\/#website\"},\"datePublished\":\"2025-08-07T13:40:09+00:00\",\"dateModified\":\"2025-08-07T15:23:06+00:00\",\"description\":\"O maior portal de Economia da Bahia CULTURA E ARTE Bahia Economica O evento segue at\u00e9 a pr\u00f3xima sexta (08), reunindo profissionais\",\"breadcrumb\":{\"@id\":\"https:\/\/bahiaeconomica.com.br\/wp\/2025\/08\/07\/nordestelab-2025-segue-com-debates-entre-profissionais-do-audiovisual\/#breadcrumb\"},\"inLanguage\":\"pt-BR\",\"potentialAction\":[{\"@type\":\"ReadAction\",\"target\":[\"https:\/\/bahiaeconomica.com.br\/wp\/2025\/08\/07\/nordestelab-2025-segue-com-debates-entre-profissionais-do-audiovisual\/\"]}]},{\"@type\":\"BreadcrumbList\",\"@id\":\"https:\/\/bahiaeconomica.com.br\/wp\/2025\/08\/07\/nordestelab-2025-segue-com-debates-entre-profissionais-do-audiovisual\/#breadcrumb\",\"itemListElement\":[{\"@type\":\"ListItem\",\"position\":1,\"name\":\"In\u00edcio\",\"item\":\"https:\/\/bahiaeconomica.com.br\/wp\/\"},{\"@type\":\"ListItem\",\"position\":2,\"name\":\"NORDESTELAB 2025 SEGUE COM DEBATES ENTRE PROFISSIONAIS DO AUDIOVISUAL\u00a0\"}]},{\"@type\":\"WebSite\",\"@id\":\"https:\/\/bahiaeconomica.com.br\/wp\/#website\",\"url\":\"https:\/\/bahiaeconomica.com.br\/wp\/\",\"name\":\"Bahia Economica\",\"description\":\"O maior portal de Economia da Bahia\",\"publisher\":{\"@id\":\"https:\/\/bahiaeconomica.com.br\/wp\/#organization\"},\"potentialAction\":[{\"@type\":\"SearchAction\",\"target\":{\"@type\":\"EntryPoint\",\"urlTemplate\":\"https:\/\/bahiaeconomica.com.br\/wp\/?s={search_term_string}\"},\"query-input\":\"required name=search_term_string\"}],\"inLanguage\":\"pt-BR\"},{\"@type\":\"Organization\",\"@id\":\"https:\/\/bahiaeconomica.com.br\/wp\/#organization\",\"name\":\"Bahia Econ\u00f4mica\",\"url\":\"https:\/\/bahiaeconomica.com.br\/wp\/\",\"logo\":{\"@type\":\"ImageObject\",\"inLanguage\":\"pt-BR\",\"@id\":\"https:\/\/bahiaeconomica.com.br\/wp\/#\/schema\/logo\/image\/\",\"url\":\"https:\/\/bahiaeconomica.com.br\/wp\/wp-content\/uploads\/2020\/12\/cropped-BE.png\",\"contentUrl\":\"https:\/\/bahiaeconomica.com.br\/wp\/wp-content\/uploads\/2020\/12\/cropped-BE.png\",\"width\":512,\"height\":512,\"caption\":\"Bahia Econ\u00f4mica\"},\"image\":{\"@id\":\"https:\/\/bahiaeconomica.com.br\/wp\/#\/schema\/logo\/image\/\"},\"sameAs\":[\"https:\/\/www.facebook.com\/bahiaeconomica\"]},{\"@type\":\"Person\",\"@id\":\"https:\/\/bahiaeconomica.com.br\/wp\/#\/schema\/person\/c86d3a3f8960425a0f9d0e5245991f4e\",\"name\":\"JP\",\"sameAs\":[\"https:\/\/bahiaeconomica.com.br\/wp\/beta\/\"],\"url\":\"https:\/\/bahiaeconomica.com.br\/wp\/author\/jp\/\"}]}<\/script>\n<!-- \/ Yoast SEO plugin. -->","yoast_head_json":{"title":"NORDESTELAB 2025 SEGUE COM DEBATES ENTRE PROFISSIONAIS DO AUDIOVISUAL\u00a0 - Bahia Economica","description":"O maior portal de Economia da Bahia CULTURA E ARTE Bahia Economica O evento segue at\u00e9 a pr\u00f3xima sexta (08), reunindo profissionais","robots":{"index":"index","follow":"follow","max-snippet":"max-snippet:-1","max-image-preview":"max-image-preview:large","max-video-preview":"max-video-preview:-1"},"canonical":"https:\/\/bahiaeconomica.com.br\/wp\/2025\/08\/07\/nordestelab-2025-segue-com-debates-entre-profissionais-do-audiovisual\/","og_locale":"pt_BR","og_type":"article","og_title":"NORDESTELAB 2025 SEGUE COM DEBATES ENTRE PROFISSIONAIS DO AUDIOVISUAL\u00a0 - Bahia Economica","og_description":"O maior portal de Economia da Bahia CULTURA E ARTE Bahia Economica O evento segue at\u00e9 a pr\u00f3xima sexta (08), reunindo profissionais","og_url":"https:\/\/bahiaeconomica.com.br\/wp\/2025\/08\/07\/nordestelab-2025-segue-com-debates-entre-profissionais-do-audiovisual\/","og_site_name":"Bahia Economica","article_publisher":"https:\/\/www.facebook.com\/bahiaeconomica","article_published_time":"2025-08-07T13:40:09+00:00","article_modified_time":"2025-08-07T15:23:06+00:00","og_image":[{"width":1600,"height":1066,"url":"https:\/\/bahiaeconomica.com.br\/wp\/wp-content\/uploads\/2025\/08\/WhatsApp-Image-2025-08-07-at-10.52.51.jpeg","type":"image\/jpeg"}],"author":"JP","twitter_card":"summary_large_image","twitter_misc":{"Escrito por":"JP","Est. tempo de leitura":"4 minutos"},"schema":{"@context":"https:\/\/schema.org","@graph":[{"@type":"Article","@id":"https:\/\/bahiaeconomica.com.br\/wp\/2025\/08\/07\/nordestelab-2025-segue-com-debates-entre-profissionais-do-audiovisual\/#article","isPartOf":{"@id":"https:\/\/bahiaeconomica.com.br\/wp\/2025\/08\/07\/nordestelab-2025-segue-com-debates-entre-profissionais-do-audiovisual\/"},"author":{"name":"JP","@id":"https:\/\/bahiaeconomica.com.br\/wp\/#\/schema\/person\/c86d3a3f8960425a0f9d0e5245991f4e"},"headline":"NORDESTELAB 2025 SEGUE COM DEBATES ENTRE PROFISSIONAIS DO AUDIOVISUAL\u00a0","datePublished":"2025-08-07T13:40:09+00:00","dateModified":"2025-08-07T15:23:06+00:00","mainEntityOfPage":{"@id":"https:\/\/bahiaeconomica.com.br\/wp\/2025\/08\/07\/nordestelab-2025-segue-com-debates-entre-profissionais-do-audiovisual\/"},"wordCount":751,"publisher":{"@id":"https:\/\/bahiaeconomica.com.br\/wp\/#organization"},"keywords":["Brasil","cultura"],"articleSection":["CULTURA E ARTE"],"inLanguage":"pt-BR"},{"@type":"WebPage","@id":"https:\/\/bahiaeconomica.com.br\/wp\/2025\/08\/07\/nordestelab-2025-segue-com-debates-entre-profissionais-do-audiovisual\/","url":"https:\/\/bahiaeconomica.com.br\/wp\/2025\/08\/07\/nordestelab-2025-segue-com-debates-entre-profissionais-do-audiovisual\/","name":"NORDESTELAB 2025 SEGUE COM DEBATES ENTRE PROFISSIONAIS DO AUDIOVISUAL\u00a0 - Bahia Economica","isPartOf":{"@id":"https:\/\/bahiaeconomica.com.br\/wp\/#website"},"datePublished":"2025-08-07T13:40:09+00:00","dateModified":"2025-08-07T15:23:06+00:00","description":"O maior portal de Economia da Bahia CULTURA E ARTE Bahia Economica O evento segue at\u00e9 a pr\u00f3xima sexta (08), reunindo profissionais","breadcrumb":{"@id":"https:\/\/bahiaeconomica.com.br\/wp\/2025\/08\/07\/nordestelab-2025-segue-com-debates-entre-profissionais-do-audiovisual\/#breadcrumb"},"inLanguage":"pt-BR","potentialAction":[{"@type":"ReadAction","target":["https:\/\/bahiaeconomica.com.br\/wp\/2025\/08\/07\/nordestelab-2025-segue-com-debates-entre-profissionais-do-audiovisual\/"]}]},{"@type":"BreadcrumbList","@id":"https:\/\/bahiaeconomica.com.br\/wp\/2025\/08\/07\/nordestelab-2025-segue-com-debates-entre-profissionais-do-audiovisual\/#breadcrumb","itemListElement":[{"@type":"ListItem","position":1,"name":"In\u00edcio","item":"https:\/\/bahiaeconomica.com.br\/wp\/"},{"@type":"ListItem","position":2,"name":"NORDESTELAB 2025 SEGUE COM DEBATES ENTRE PROFISSIONAIS DO AUDIOVISUAL\u00a0"}]},{"@type":"WebSite","@id":"https:\/\/bahiaeconomica.com.br\/wp\/#website","url":"https:\/\/bahiaeconomica.com.br\/wp\/","name":"Bahia Economica","description":"O maior portal de Economia da Bahia","publisher":{"@id":"https:\/\/bahiaeconomica.com.br\/wp\/#organization"},"potentialAction":[{"@type":"SearchAction","target":{"@type":"EntryPoint","urlTemplate":"https:\/\/bahiaeconomica.com.br\/wp\/?s={search_term_string}"},"query-input":"required name=search_term_string"}],"inLanguage":"pt-BR"},{"@type":"Organization","@id":"https:\/\/bahiaeconomica.com.br\/wp\/#organization","name":"Bahia Econ\u00f4mica","url":"https:\/\/bahiaeconomica.com.br\/wp\/","logo":{"@type":"ImageObject","inLanguage":"pt-BR","@id":"https:\/\/bahiaeconomica.com.br\/wp\/#\/schema\/logo\/image\/","url":"https:\/\/bahiaeconomica.com.br\/wp\/wp-content\/uploads\/2020\/12\/cropped-BE.png","contentUrl":"https:\/\/bahiaeconomica.com.br\/wp\/wp-content\/uploads\/2020\/12\/cropped-BE.png","width":512,"height":512,"caption":"Bahia Econ\u00f4mica"},"image":{"@id":"https:\/\/bahiaeconomica.com.br\/wp\/#\/schema\/logo\/image\/"},"sameAs":["https:\/\/www.facebook.com\/bahiaeconomica"]},{"@type":"Person","@id":"https:\/\/bahiaeconomica.com.br\/wp\/#\/schema\/person\/c86d3a3f8960425a0f9d0e5245991f4e","name":"JP","sameAs":["https:\/\/bahiaeconomica.com.br\/wp\/beta\/"],"url":"https:\/\/bahiaeconomica.com.br\/wp\/author\/jp\/"}]}},"views":20,"_links":{"self":[{"href":"https:\/\/bahiaeconomica.com.br\/wp\/wp-json\/wp\/v2\/posts\/923999"}],"collection":[{"href":"https:\/\/bahiaeconomica.com.br\/wp\/wp-json\/wp\/v2\/posts"}],"about":[{"href":"https:\/\/bahiaeconomica.com.br\/wp\/wp-json\/wp\/v2\/types\/post"}],"author":[{"embeddable":true,"href":"https:\/\/bahiaeconomica.com.br\/wp\/wp-json\/wp\/v2\/users\/8"}],"replies":[{"embeddable":true,"href":"https:\/\/bahiaeconomica.com.br\/wp\/wp-json\/wp\/v2\/comments?post=923999"}],"version-history":[{"count":1,"href":"https:\/\/bahiaeconomica.com.br\/wp\/wp-json\/wp\/v2\/posts\/923999\/revisions"}],"predecessor-version":[{"id":924001,"href":"https:\/\/bahiaeconomica.com.br\/wp\/wp-json\/wp\/v2\/posts\/923999\/revisions\/924001"}],"wp:featuredmedia":[{"embeddable":true,"href":"https:\/\/bahiaeconomica.com.br\/wp\/wp-json\/wp\/v2\/media\/924000"}],"wp:attachment":[{"href":"https:\/\/bahiaeconomica.com.br\/wp\/wp-json\/wp\/v2\/media?parent=923999"}],"wp:term":[{"taxonomy":"category","embeddable":true,"href":"https:\/\/bahiaeconomica.com.br\/wp\/wp-json\/wp\/v2\/categories?post=923999"},{"taxonomy":"post_tag","embeddable":true,"href":"https:\/\/bahiaeconomica.com.br\/wp\/wp-json\/wp\/v2\/tags?post=923999"}],"curies":[{"name":"wp","href":"https:\/\/api.w.org\/{rel}","templated":true}]}}