{"id":923947,"date":"2025-08-07T09:04:38","date_gmt":"2025-08-07T12:04:38","guid":{"rendered":"https:\/\/bahiaeconomica.com.br\/wp\/?p=923947"},"modified":"2025-08-07T20:04:39","modified_gmt":"2025-08-07T23:04:39","slug":"baly-brasil-traz-inovacao-e-sabor-para-acelerar-o-crescimento-do-varejo-de-bebidas-da-bahia","status":"publish","type":"post","link":"https:\/\/bahiaeconomica.com.br\/wp\/2025\/08\/07\/baly-brasil-traz-inovacao-e-sabor-para-acelerar-o-crescimento-do-varejo-de-bebidas-da-bahia\/","title":{"rendered":"BALY BRASIL TRAZ INOVA\u00c7\u00c3O E SABOR PARA ACELERAR O CRESCIMENTO DO VAREJO DE BEBIDAS DA BAHIA"},"content":{"rendered":"<p>Fen\u00f4meno no mercado de bebidas, Baly Brasil desembarca na Bahia com uma miss\u00e3o clara: trazer para o Estado o mesmo ritmo de crescimento que j\u00e1 v\u00eam conquistando em outros mercados. E essa chegada n\u00e3o \u00e9 s\u00f3 sobre distribui\u00e7\u00e3o, \u00e9 sobre transformar a categoria. Conforme Dayane Titon Cardoso, Diretora Comercial e de Marketing da Baly Brasil, o Painel Scanntech revela que, enquanto o mercado baiano de bebidas cresce 25%, Baly avan\u00e7a 100% \u2013 quatro vezes mais r\u00e1pido, em um sinal claro de que tem espa\u00e7o para crescer. A executiva salienta que os produtos Baly n\u00e3o ocupam g\u00f4ndola, eles ativam vendas com um mix de produtos sucesso de vendas, que giram, t\u00eam visibilidade agressiva no PDV, com suporte ao varejista e foco em margem e sell out. Mais de 20.000 pontos de venda j\u00e1 oferecem Baly aos baianos, vivenciando essa experi\u00eancia transformadora.<\/p>\n<p>\u201cA inova\u00e7\u00e3o que entregamos tem como foco o desejo real dos consumidores. \u00c9 isso que est\u00e1 por tr\u00e1s do sucesso dos nossos energ\u00e9ticos e do avan\u00e7o da Baly, que cresce de forma consistente e com proposta de valor e performance no PDV\u201d, destaca Dayane Titon Cardoso. \u201cNosso compromisso \u00e9 claro: trazer esse crescimento junto com o varejo local, fazer a categoria dobrar no Estado e garantir que quem aposta na Baly colhe os resultados desde o primeiro pedido. Porque quem cresce com a Baly, cresce de verdade\u201d, completa.<\/p>\n<p>Nesta semana, Dayane Titon Cardoso e seu time participam da SuperBahia 2025, que vai at\u00e9 o dia 11\/08 no Centro de Conven\u00e7\u00f5es de Salvador. Realizada pela Abase (Associa\u00e7\u00e3o Baiana de Supermercados) e Sindsuper (Sindicato dos Supermercados e Atacados de Auto Servi\u00e7o da Bahia), esta \u00e9 uma das maiores feiras de neg\u00f3cios do Norte e Nordeste. Baly est\u00e1 no estande D9 (\u00e0 esquerda logo na entrada da feira) recebendo os empres\u00e1rios baianos.<\/p>\n<p>Baly \u00e9 refer\u00eancia em inova\u00e7\u00e3o e sabor<\/p>\n<p>Com uma gest\u00e3o arrojada, inovadora e focada no cliente, Baly Brasil tornou-se refer\u00eancia no mercado de bebidas, consolidando-se com o Baly Energy Drink como a maior marca brasileira de energ\u00e9ticos (Scanntech) e TOP 2 nacional na prefer\u00eancia do consumidor. Baly tamb\u00e9m \u00e9 o maior player no mercado brasileiro de energ\u00e9ticos saborizados com 80% de share de volume. S\u00e3o 29 op\u00e7\u00f5es, sendo seis sem a\u00e7\u00facar, e todos sem \u00e1lcool e enriquecidos com vitaminas B3, B5, B6 e B12.<\/p>\n<p>Destaque para os recentes lan\u00e7amentos mundialmente exclusivos, como a Edi\u00e7\u00e3o Celebre, formada pelos sabores Champanhe, Caipirinha e Floripa Tropical Spritz (todos sem \u00e1lcool), e o super\u00e7an\u00e7amento Baly Muscle Protein, o primeiro energy drink proteico do mundo, unindo 65mg de cafe\u00edna natural a 15g de pept\u00eddeos bioativos Body Balance\u00ae (col\u00e1geno de alta performance).<\/p>\n<p>E tem tamb\u00e9m o isot\u00f4nico Baly Hidrate, um produto feito para todos, com sais minerais, carboidratos e eletr\u00f3litos que auxiliam na reposi\u00e7\u00e3o de l\u00edquidos, sendo ideal para uma hidrata\u00e7\u00e3o r\u00e1pida. Com f\u00f3rmula \u00fanica, e sem g\u00e1s, vem tr\u00eas op\u00e7\u00f5es de sabor: Tangerina, Lim\u00e3o e Melancia. Conforme a Baly, os baianos s\u00e3o os primeiros consumidores do Nordeste brasileiro a conhecerem o produto.<\/p>\n<p>Degusta\u00e7\u00e3o em estande tecnol\u00f3gico que simula a f\u00e1brica<\/p>\n<p>Al\u00e9m do amplo mix de sucesso em degusta\u00e7\u00e3o, quem visitar o estande da Baly Brasil na SuperBahia 2025 encontrar\u00e1 um espa\u00e7o criado pela arquiteta Juliana Loffi totalmente inspirado na f\u00e1brica real, para uma imers\u00e3o no universo criativo, tecnol\u00f3gico e industrial, que transborda a ess\u00eancia da marca Baly. Tubos, metais, elementos do ch\u00e3o e um tel\u00e3o de videowall com imagens reais da f\u00e1brica refor\u00e7ar\u00e3o essa conex\u00e3o com o p\u00fablico. O estande tamb\u00e9m \u00e9 inteligente, com tecnologia que capta para onde as pessoas olham, permitindo entender melhor o comportamento do consumidor. Essa inova\u00e7\u00e3o \u00e9 aplicada por meio de uma parceria da Baly Brasil com a Inova+Trade e ser\u00e1 levada futuramente aos PDVs da Baly.<\/p>\n<p>\u201cEntrar no estande \u00e9 como visitar a f\u00e1brica da Baly. Tudo foi pensado para transportar o visitante para esse universo, com a sensa\u00e7\u00e3o de estar percorrendo os bastidores, vendo como tudo acontece, s\u00f3 que de forma leve, interativa e divertida. \u00c9 uma mistura de realidade e fantasia que prende o visitante e deixa uma lembran\u00e7a forte da marca\u201d, relata o Gerente de Marketing, Welton Schmitz. \u201cAl\u00e9m disso, mobili\u00e1rio, pain\u00e9is e elementos decorativos foram desenvolvidos para reaproveitamento total. Os materiais que n\u00e3o puderem ser reutilizados contam com descarte respons\u00e1vel, feito por parceiros que seguem rigorosamente crit\u00e9rios de sustentabilidade\u201d, completa.<\/p>\n","protected":false},"excerpt":{"rendered":"<p>Fen\u00f4meno no mercado de bebidas, Baly Brasil desembarca na Bahia com uma miss\u00e3o clara: trazer para o Estado o mesmo ritmo de crescimento que j\u00e1 v\u00eam conquistando em outros mercados. E essa chegada n\u00e3o \u00e9 s\u00f3 sobre distribui\u00e7\u00e3o, \u00e9 sobre transformar a categoria. Conforme Dayane Titon Cardoso, Diretora Comercial e de Marketing da Baly Brasil, [&hellip;]<\/p>\n","protected":false},"author":8,"featured_media":923948,"comment_status":"closed","ping_status":"closed","sticky":false,"template":"","format":"standard","meta":[],"categories":[5],"tags":[40530,52,40531],"acf":[],"yoast_head":"<!-- This site is optimized with the Yoast SEO plugin v20.8 - https:\/\/yoast.com\/wordpress\/plugins\/seo\/ -->\n<title>BALY BRASIL TRAZ INOVA\u00c7\u00c3O E SABOR PARA ACELERAR O CRESCIMENTO DO VAREJO DE BEBIDAS DA BAHIA - Bahia Economica<\/title>\n<meta name=\"description\" content=\"O maior portal de Economia da Bahia MUNIC\u00cdPIOS Bahia Economica foram desenvolvidos para reaproveitamento total. Os materiais\" \/>\n<meta name=\"robots\" content=\"index, follow, max-snippet:-1, max-image-preview:large, max-video-preview:-1\" \/>\n<link rel=\"canonical\" href=\"https:\/\/bahiaeconomica.com.br\/wp\/2025\/08\/07\/baly-brasil-traz-inovacao-e-sabor-para-acelerar-o-crescimento-do-varejo-de-bebidas-da-bahia\/\" \/>\n<meta property=\"og:locale\" content=\"pt_BR\" \/>\n<meta property=\"og:type\" content=\"article\" \/>\n<meta property=\"og:title\" content=\"BALY BRASIL TRAZ INOVA\u00c7\u00c3O E SABOR PARA ACELERAR O CRESCIMENTO DO VAREJO DE BEBIDAS DA BAHIA - Bahia Economica\" \/>\n<meta property=\"og:description\" content=\"O maior portal de Economia da Bahia MUNIC\u00cdPIOS Bahia Economica foram desenvolvidos para reaproveitamento total. Os materiais\" \/>\n<meta property=\"og:url\" content=\"https:\/\/bahiaeconomica.com.br\/wp\/2025\/08\/07\/baly-brasil-traz-inovacao-e-sabor-para-acelerar-o-crescimento-do-varejo-de-bebidas-da-bahia\/\" \/>\n<meta property=\"og:site_name\" content=\"Bahia Economica\" \/>\n<meta property=\"article:publisher\" content=\"https:\/\/www.facebook.com\/bahiaeconomica\" \/>\n<meta property=\"article:published_time\" content=\"2025-08-07T12:04:38+00:00\" \/>\n<meta property=\"article:modified_time\" content=\"2025-08-07T23:04:39+00:00\" \/>\n<meta property=\"og:image\" content=\"https:\/\/bahiaeconomica.com.br\/wp\/wp-content\/uploads\/2025\/08\/Sem-titulossssssssssss.jpg\" \/>\n\t<meta property=\"og:image:width\" content=\"659\" \/>\n\t<meta property=\"og:image:height\" content=\"400\" \/>\n\t<meta property=\"og:image:type\" content=\"image\/jpeg\" \/>\n<meta name=\"author\" content=\"JP\" \/>\n<meta name=\"twitter:card\" content=\"summary_large_image\" \/>\n<meta name=\"twitter:label1\" content=\"Escrito por\" \/>\n\t<meta name=\"twitter:data1\" content=\"JP\" \/>\n\t<meta name=\"twitter:label2\" content=\"Est. tempo de leitura\" \/>\n\t<meta name=\"twitter:data2\" content=\"4 minutos\" \/>\n<script type=\"application\/ld+json\" class=\"yoast-schema-graph\">{\"@context\":\"https:\/\/schema.org\",\"@graph\":[{\"@type\":\"Article\",\"@id\":\"https:\/\/bahiaeconomica.com.br\/wp\/2025\/08\/07\/baly-brasil-traz-inovacao-e-sabor-para-acelerar-o-crescimento-do-varejo-de-bebidas-da-bahia\/#article\",\"isPartOf\":{\"@id\":\"https:\/\/bahiaeconomica.com.br\/wp\/2025\/08\/07\/baly-brasil-traz-inovacao-e-sabor-para-acelerar-o-crescimento-do-varejo-de-bebidas-da-bahia\/\"},\"author\":{\"name\":\"JP\",\"@id\":\"https:\/\/bahiaeconomica.com.br\/wp\/#\/schema\/person\/c86d3a3f8960425a0f9d0e5245991f4e\"},\"headline\":\"BALY BRASIL TRAZ INOVA\u00c7\u00c3O E SABOR PARA ACELERAR O CRESCIMENTO DO VAREJO DE BEBIDAS DA BAHIA\",\"datePublished\":\"2025-08-07T12:04:38+00:00\",\"dateModified\":\"2025-08-07T23:04:39+00:00\",\"mainEntityOfPage\":{\"@id\":\"https:\/\/bahiaeconomica.com.br\/wp\/2025\/08\/07\/baly-brasil-traz-inovacao-e-sabor-para-acelerar-o-crescimento-do-varejo-de-bebidas-da-bahia\/\"},\"wordCount\":790,\"publisher\":{\"@id\":\"https:\/\/bahiaeconomica.com.br\/wp\/#organization\"},\"keywords\":[\"baldy\",\"Brasil\",\"ecopnmia\"],\"articleSection\":[\"MUNIC\u00cdPIOS\"],\"inLanguage\":\"pt-BR\"},{\"@type\":\"WebPage\",\"@id\":\"https:\/\/bahiaeconomica.com.br\/wp\/2025\/08\/07\/baly-brasil-traz-inovacao-e-sabor-para-acelerar-o-crescimento-do-varejo-de-bebidas-da-bahia\/\",\"url\":\"https:\/\/bahiaeconomica.com.br\/wp\/2025\/08\/07\/baly-brasil-traz-inovacao-e-sabor-para-acelerar-o-crescimento-do-varejo-de-bebidas-da-bahia\/\",\"name\":\"BALY BRASIL TRAZ INOVA\u00c7\u00c3O E SABOR PARA ACELERAR O CRESCIMENTO DO VAREJO DE BEBIDAS DA BAHIA - Bahia Economica\",\"isPartOf\":{\"@id\":\"https:\/\/bahiaeconomica.com.br\/wp\/#website\"},\"datePublished\":\"2025-08-07T12:04:38+00:00\",\"dateModified\":\"2025-08-07T23:04:39+00:00\",\"description\":\"O maior portal de Economia da Bahia MUNIC\u00cdPIOS Bahia Economica foram desenvolvidos para reaproveitamento total. Os materiais\",\"breadcrumb\":{\"@id\":\"https:\/\/bahiaeconomica.com.br\/wp\/2025\/08\/07\/baly-brasil-traz-inovacao-e-sabor-para-acelerar-o-crescimento-do-varejo-de-bebidas-da-bahia\/#breadcrumb\"},\"inLanguage\":\"pt-BR\",\"potentialAction\":[{\"@type\":\"ReadAction\",\"target\":[\"https:\/\/bahiaeconomica.com.br\/wp\/2025\/08\/07\/baly-brasil-traz-inovacao-e-sabor-para-acelerar-o-crescimento-do-varejo-de-bebidas-da-bahia\/\"]}]},{\"@type\":\"BreadcrumbList\",\"@id\":\"https:\/\/bahiaeconomica.com.br\/wp\/2025\/08\/07\/baly-brasil-traz-inovacao-e-sabor-para-acelerar-o-crescimento-do-varejo-de-bebidas-da-bahia\/#breadcrumb\",\"itemListElement\":[{\"@type\":\"ListItem\",\"position\":1,\"name\":\"In\u00edcio\",\"item\":\"https:\/\/bahiaeconomica.com.br\/wp\/\"},{\"@type\":\"ListItem\",\"position\":2,\"name\":\"BALY BRASIL TRAZ INOVA\u00c7\u00c3O E SABOR PARA ACELERAR O CRESCIMENTO DO VAREJO DE BEBIDAS DA BAHIA\"}]},{\"@type\":\"WebSite\",\"@id\":\"https:\/\/bahiaeconomica.com.br\/wp\/#website\",\"url\":\"https:\/\/bahiaeconomica.com.br\/wp\/\",\"name\":\"Bahia Economica\",\"description\":\"O maior portal de Economia da Bahia\",\"publisher\":{\"@id\":\"https:\/\/bahiaeconomica.com.br\/wp\/#organization\"},\"potentialAction\":[{\"@type\":\"SearchAction\",\"target\":{\"@type\":\"EntryPoint\",\"urlTemplate\":\"https:\/\/bahiaeconomica.com.br\/wp\/?s={search_term_string}\"},\"query-input\":\"required name=search_term_string\"}],\"inLanguage\":\"pt-BR\"},{\"@type\":\"Organization\",\"@id\":\"https:\/\/bahiaeconomica.com.br\/wp\/#organization\",\"name\":\"Bahia Econ\u00f4mica\",\"url\":\"https:\/\/bahiaeconomica.com.br\/wp\/\",\"logo\":{\"@type\":\"ImageObject\",\"inLanguage\":\"pt-BR\",\"@id\":\"https:\/\/bahiaeconomica.com.br\/wp\/#\/schema\/logo\/image\/\",\"url\":\"https:\/\/bahiaeconomica.com.br\/wp\/wp-content\/uploads\/2020\/12\/cropped-BE.png\",\"contentUrl\":\"https:\/\/bahiaeconomica.com.br\/wp\/wp-content\/uploads\/2020\/12\/cropped-BE.png\",\"width\":512,\"height\":512,\"caption\":\"Bahia Econ\u00f4mica\"},\"image\":{\"@id\":\"https:\/\/bahiaeconomica.com.br\/wp\/#\/schema\/logo\/image\/\"},\"sameAs\":[\"https:\/\/www.facebook.com\/bahiaeconomica\"]},{\"@type\":\"Person\",\"@id\":\"https:\/\/bahiaeconomica.com.br\/wp\/#\/schema\/person\/c86d3a3f8960425a0f9d0e5245991f4e\",\"name\":\"JP\",\"sameAs\":[\"https:\/\/bahiaeconomica.com.br\/wp\/beta\/\"],\"url\":\"https:\/\/bahiaeconomica.com.br\/wp\/author\/jp\/\"}]}<\/script>\n<!-- \/ Yoast SEO plugin. -->","yoast_head_json":{"title":"BALY BRASIL TRAZ INOVA\u00c7\u00c3O E SABOR PARA ACELERAR O CRESCIMENTO DO VAREJO DE BEBIDAS DA BAHIA - Bahia Economica","description":"O maior portal de Economia da Bahia MUNIC\u00cdPIOS Bahia Economica foram desenvolvidos para reaproveitamento total. Os materiais","robots":{"index":"index","follow":"follow","max-snippet":"max-snippet:-1","max-image-preview":"max-image-preview:large","max-video-preview":"max-video-preview:-1"},"canonical":"https:\/\/bahiaeconomica.com.br\/wp\/2025\/08\/07\/baly-brasil-traz-inovacao-e-sabor-para-acelerar-o-crescimento-do-varejo-de-bebidas-da-bahia\/","og_locale":"pt_BR","og_type":"article","og_title":"BALY BRASIL TRAZ INOVA\u00c7\u00c3O E SABOR PARA ACELERAR O CRESCIMENTO DO VAREJO DE BEBIDAS DA BAHIA - Bahia Economica","og_description":"O maior portal de Economia da Bahia MUNIC\u00cdPIOS Bahia Economica foram desenvolvidos para reaproveitamento total. Os materiais","og_url":"https:\/\/bahiaeconomica.com.br\/wp\/2025\/08\/07\/baly-brasil-traz-inovacao-e-sabor-para-acelerar-o-crescimento-do-varejo-de-bebidas-da-bahia\/","og_site_name":"Bahia Economica","article_publisher":"https:\/\/www.facebook.com\/bahiaeconomica","article_published_time":"2025-08-07T12:04:38+00:00","article_modified_time":"2025-08-07T23:04:39+00:00","og_image":[{"width":659,"height":400,"url":"https:\/\/bahiaeconomica.com.br\/wp\/wp-content\/uploads\/2025\/08\/Sem-titulossssssssssss.jpg","type":"image\/jpeg"}],"author":"JP","twitter_card":"summary_large_image","twitter_misc":{"Escrito por":"JP","Est. tempo de leitura":"4 minutos"},"schema":{"@context":"https:\/\/schema.org","@graph":[{"@type":"Article","@id":"https:\/\/bahiaeconomica.com.br\/wp\/2025\/08\/07\/baly-brasil-traz-inovacao-e-sabor-para-acelerar-o-crescimento-do-varejo-de-bebidas-da-bahia\/#article","isPartOf":{"@id":"https:\/\/bahiaeconomica.com.br\/wp\/2025\/08\/07\/baly-brasil-traz-inovacao-e-sabor-para-acelerar-o-crescimento-do-varejo-de-bebidas-da-bahia\/"},"author":{"name":"JP","@id":"https:\/\/bahiaeconomica.com.br\/wp\/#\/schema\/person\/c86d3a3f8960425a0f9d0e5245991f4e"},"headline":"BALY BRASIL TRAZ INOVA\u00c7\u00c3O E SABOR PARA ACELERAR O CRESCIMENTO DO VAREJO DE BEBIDAS DA BAHIA","datePublished":"2025-08-07T12:04:38+00:00","dateModified":"2025-08-07T23:04:39+00:00","mainEntityOfPage":{"@id":"https:\/\/bahiaeconomica.com.br\/wp\/2025\/08\/07\/baly-brasil-traz-inovacao-e-sabor-para-acelerar-o-crescimento-do-varejo-de-bebidas-da-bahia\/"},"wordCount":790,"publisher":{"@id":"https:\/\/bahiaeconomica.com.br\/wp\/#organization"},"keywords":["baldy","Brasil","ecopnmia"],"articleSection":["MUNIC\u00cdPIOS"],"inLanguage":"pt-BR"},{"@type":"WebPage","@id":"https:\/\/bahiaeconomica.com.br\/wp\/2025\/08\/07\/baly-brasil-traz-inovacao-e-sabor-para-acelerar-o-crescimento-do-varejo-de-bebidas-da-bahia\/","url":"https:\/\/bahiaeconomica.com.br\/wp\/2025\/08\/07\/baly-brasil-traz-inovacao-e-sabor-para-acelerar-o-crescimento-do-varejo-de-bebidas-da-bahia\/","name":"BALY BRASIL TRAZ INOVA\u00c7\u00c3O E SABOR PARA ACELERAR O CRESCIMENTO DO VAREJO DE BEBIDAS DA BAHIA - Bahia Economica","isPartOf":{"@id":"https:\/\/bahiaeconomica.com.br\/wp\/#website"},"datePublished":"2025-08-07T12:04:38+00:00","dateModified":"2025-08-07T23:04:39+00:00","description":"O maior portal de Economia da Bahia MUNIC\u00cdPIOS Bahia Economica foram desenvolvidos para reaproveitamento total. Os materiais","breadcrumb":{"@id":"https:\/\/bahiaeconomica.com.br\/wp\/2025\/08\/07\/baly-brasil-traz-inovacao-e-sabor-para-acelerar-o-crescimento-do-varejo-de-bebidas-da-bahia\/#breadcrumb"},"inLanguage":"pt-BR","potentialAction":[{"@type":"ReadAction","target":["https:\/\/bahiaeconomica.com.br\/wp\/2025\/08\/07\/baly-brasil-traz-inovacao-e-sabor-para-acelerar-o-crescimento-do-varejo-de-bebidas-da-bahia\/"]}]},{"@type":"BreadcrumbList","@id":"https:\/\/bahiaeconomica.com.br\/wp\/2025\/08\/07\/baly-brasil-traz-inovacao-e-sabor-para-acelerar-o-crescimento-do-varejo-de-bebidas-da-bahia\/#breadcrumb","itemListElement":[{"@type":"ListItem","position":1,"name":"In\u00edcio","item":"https:\/\/bahiaeconomica.com.br\/wp\/"},{"@type":"ListItem","position":2,"name":"BALY BRASIL TRAZ INOVA\u00c7\u00c3O E SABOR PARA ACELERAR O CRESCIMENTO DO VAREJO DE BEBIDAS DA BAHIA"}]},{"@type":"WebSite","@id":"https:\/\/bahiaeconomica.com.br\/wp\/#website","url":"https:\/\/bahiaeconomica.com.br\/wp\/","name":"Bahia Economica","description":"O maior portal de Economia da Bahia","publisher":{"@id":"https:\/\/bahiaeconomica.com.br\/wp\/#organization"},"potentialAction":[{"@type":"SearchAction","target":{"@type":"EntryPoint","urlTemplate":"https:\/\/bahiaeconomica.com.br\/wp\/?s={search_term_string}"},"query-input":"required name=search_term_string"}],"inLanguage":"pt-BR"},{"@type":"Organization","@id":"https:\/\/bahiaeconomica.com.br\/wp\/#organization","name":"Bahia Econ\u00f4mica","url":"https:\/\/bahiaeconomica.com.br\/wp\/","logo":{"@type":"ImageObject","inLanguage":"pt-BR","@id":"https:\/\/bahiaeconomica.com.br\/wp\/#\/schema\/logo\/image\/","url":"https:\/\/bahiaeconomica.com.br\/wp\/wp-content\/uploads\/2020\/12\/cropped-BE.png","contentUrl":"https:\/\/bahiaeconomica.com.br\/wp\/wp-content\/uploads\/2020\/12\/cropped-BE.png","width":512,"height":512,"caption":"Bahia Econ\u00f4mica"},"image":{"@id":"https:\/\/bahiaeconomica.com.br\/wp\/#\/schema\/logo\/image\/"},"sameAs":["https:\/\/www.facebook.com\/bahiaeconomica"]},{"@type":"Person","@id":"https:\/\/bahiaeconomica.com.br\/wp\/#\/schema\/person\/c86d3a3f8960425a0f9d0e5245991f4e","name":"JP","sameAs":["https:\/\/bahiaeconomica.com.br\/wp\/beta\/"],"url":"https:\/\/bahiaeconomica.com.br\/wp\/author\/jp\/"}]}},"views":58,"_links":{"self":[{"href":"https:\/\/bahiaeconomica.com.br\/wp\/wp-json\/wp\/v2\/posts\/923947"}],"collection":[{"href":"https:\/\/bahiaeconomica.com.br\/wp\/wp-json\/wp\/v2\/posts"}],"about":[{"href":"https:\/\/bahiaeconomica.com.br\/wp\/wp-json\/wp\/v2\/types\/post"}],"author":[{"embeddable":true,"href":"https:\/\/bahiaeconomica.com.br\/wp\/wp-json\/wp\/v2\/users\/8"}],"replies":[{"embeddable":true,"href":"https:\/\/bahiaeconomica.com.br\/wp\/wp-json\/wp\/v2\/comments?post=923947"}],"version-history":[{"count":1,"href":"https:\/\/bahiaeconomica.com.br\/wp\/wp-json\/wp\/v2\/posts\/923947\/revisions"}],"predecessor-version":[{"id":923949,"href":"https:\/\/bahiaeconomica.com.br\/wp\/wp-json\/wp\/v2\/posts\/923947\/revisions\/923949"}],"wp:featuredmedia":[{"embeddable":true,"href":"https:\/\/bahiaeconomica.com.br\/wp\/wp-json\/wp\/v2\/media\/923948"}],"wp:attachment":[{"href":"https:\/\/bahiaeconomica.com.br\/wp\/wp-json\/wp\/v2\/media?parent=923947"}],"wp:term":[{"taxonomy":"category","embeddable":true,"href":"https:\/\/bahiaeconomica.com.br\/wp\/wp-json\/wp\/v2\/categories?post=923947"},{"taxonomy":"post_tag","embeddable":true,"href":"https:\/\/bahiaeconomica.com.br\/wp\/wp-json\/wp\/v2\/tags?post=923947"}],"curies":[{"name":"wp","href":"https:\/\/api.w.org\/{rel}","templated":true}]}}