{"id":923858,"date":"2025-08-07T08:55:54","date_gmt":"2025-08-07T11:55:54","guid":{"rendered":"https:\/\/bahiaeconomica.com.br\/wp\/?p=923858"},"modified":"2025-08-07T12:12:43","modified_gmt":"2025-08-07T15:12:43","slug":"armando-avena-o-impacto-das-tarifas-de-trump-na-bahia","status":"publish","type":"post","link":"https:\/\/bahiaeconomica.com.br\/wp\/2025\/08\/07\/armando-avena-o-impacto-das-tarifas-de-trump-na-bahia\/","title":{"rendered":"ARMANDO AVENA &#8211; O IMPACTO DAS TARIFAS DE TRUMP NA BAHIA"},"content":{"rendered":"<div>\n<div class=\"gmail_signature\" dir=\"ltr\" data-smartmail=\"gmail_signature\">\n<div dir=\"ltr\" style=\"text-align: left;\">\n<p class=\"p1\">O impacto da tarifa adicional de 40% sobre o Brasil que, adicionada aos 10% j\u00e1 anunciados em abril, atinge os 50%, imposta pelo governo de Donald Trump, vai impactar a economia baiana. N\u00e3o de forma generalizada, mas de forma localizada, afetando setores espec\u00edficos. No global, as exporta\u00e7\u00f5es baianas para os Estados Unidos foram de cerca de US$ 880 milh\u00f5es em 2024, o que representa 7,5% do total.<\/p>\n<p class=\"p1\">Atualmente, mais de 40% das vendas externas da Bahia t\u00eam a \u00c1sia como destino, sendo que quase 30% v\u00e3o para a China e, portanto, o impacto \u00e9 pequeno, especialmente porque, entre as exce\u00e7\u00f5es listadas, est\u00e3o a celulose e os derivados de petr\u00f3leo, dois entre os tr\u00eas maiores itens da pauta de exporta\u00e7\u00e3o. Mas alguns segmentos ser\u00e3o fortemente afetados.<\/p>\n<p class=\"p1\">As listas de exce\u00e7\u00f5es atingiram apenas 33% dos produtos que a Bahia exporta para os EUA, e produtos como caf\u00e9, cacau e frutas, com vendas expressivas para os EUA, n\u00e3o foram contemplados. Mas o impacto ser\u00e1 diferenciado. Os derivados de cacau \u2013 especialmente a manteiga de cacau \u2013, que representam cerca de 15% das exporta\u00e7\u00f5es, ser\u00e3o impactados, e isso atinge uma cadeia do agroneg\u00f3cio que envolve mais de 40 mil trabalhadores e 17 munic\u00edpios. Mas eles est\u00e3o com alta demanda global e pre\u00e7os elevados, n\u00e3o sendo dif\u00edcil encontrar novos compradores.<\/p>\n<p class=\"p1\">O mesmo se pode afirmar com rela\u00e7\u00e3o ao caf\u00e9, mas, no caso da fruticultura, com destaque para a manga produzida no Vale do S\u00e3o Francisco, a situa\u00e7\u00e3o \u00e9 grave. Cerca de 30% da manga do Vale do S\u00e3o Francisco \u00e9 destinada aos Estados Unidos, e, caso o produto n\u00e3o seja inclu\u00eddo nas listas de exce\u00e7\u00f5es, haver\u00e1 perdas significativas.<\/p>\n<p class=\"p1\">O setor industrial baiano \u00e9 o que mais vai sofrer, e a Federa\u00e7\u00e3o das Ind\u00fastrias do Estado da Bahia (Fieb) estima em US$ 491,3 milh\u00f5es de produtos baianos, aqueles que est\u00e3o sujeitos \u00e0 taxa\u00e7\u00e3o, o que afetaria cerca de 270 produtos industriais. Haver\u00e1 forte impacto nos produtos petroqu\u00edmicos, que representam 23,5% das exporta\u00e7\u00f5es para o mercado americano, e na produ\u00e7\u00e3o de pneus, que participa com quase 12%.<\/p>\n<p class=\"p1\">Ali\u00e1s, as tr\u00eas f\u00e1bricas de pneus ter\u00e3o tarifa de 25%, metade da que ser\u00e1 aplicada a outros produtos, mas o setor enfrenta uma forte concorr\u00eancia da importa\u00e7\u00e3o de produtos asi\u00e1ticos no mercado interno e o mercado americano era uma alternativa de amplia\u00e7\u00e3o das vendas. Empresas produtoras de ferroligas, fertilizantes, minerais, metalurgia, conservas e sucos, massas, bolachas e biscoitos, couro e cal\u00e7ados, fumo e outras tamb\u00e9m foram atingidas.<\/p>\n<p class=\"p1\">J\u00e1 no caso da ind\u00fastria qu\u00edmica, o mercado norte-americano \u00e9 um importante destino para produtos petroqu\u00edmicos b\u00e1sicos, intermedi\u00e1rios, e para plastificantes, resinas e fibras.<\/p>\n<p class=\"p1\">Ali\u00e1s, a ind\u00fastria petroqu\u00edmica brasileira, incluindo o Complexo Petroqu\u00edmico de Cama\u00e7ari, que j\u00e1 enfrenta uma crise de excesso de oferta no mercado internacional, ser\u00e1 fortemente afetada. Segundo a Associa\u00e7\u00e3o Brasileira da Ind\u00fastria Qu\u00edmica (Abiquim), 82% das exporta\u00e7\u00f5es brasileiras de produtos qu\u00edmicos para os EUA, que somaram US$ 2,4 bilh\u00f5es em 2024, e est\u00e3o concentradas em 50 produtos \u2013 abrangendo petroqu\u00edmicos b\u00e1sicos, intermedi\u00e1rios org\u00e2nicos e resinas termopl\u00e1sticas \u2013 ser\u00e3o impactadas.<\/p>\n<p class=\"p1\">Outros segmentos, caracterizados pelas ind\u00fastrias de pequeno porte, tamb\u00e9m v\u00e3o sofrer redu\u00e7\u00e3o nas vendas, j\u00e1 que a tarifa de 50% tornar\u00e1 quase imposs\u00edvel competir com outros fornecedores.<\/p>\n<p class=\"p1\">O governo federal e estadual, bem como o setor privado, est\u00e3o se mobilizando para evitar uma crise que resulte em ociosidade e desemprego. A redu\u00e7\u00e3o das al\u00edquotas e a inclus\u00e3o de mais setores nas exce\u00e7\u00f5es s\u00e3o os caminhos junto ao parceiro norte-americano, mas internamente tamb\u00e9m ser\u00e1 necess\u00e1rio adotar medidas de apoio aos setores mais atingidos.<\/p>\n<p>COMO ENFRENTAR O TARIFA\u00c7O<\/p>\n<p>Os setores baianos afetados pelo tarifa\u00e7o de Trump t\u00eam de se inserir nos programas de apoio do governo federal. Al\u00e9m do apoio para que produtores busquem novos mercados, o governo pretende oferecer cr\u00e9dito subsidiado. Tamb\u00e9m est\u00e3o previstas compras governamentais, como a compra p\u00fablica de alimentos para merenda escolar e outros, e o estabelecimento de programas tempor\u00e1rios de ren\u00fancia fiscal. A ind\u00fastria petroqu\u00edmica pode se beneficiar. H\u00e1 tamb\u00e9m um projeto de lei que mitiga os efeitos da crise na petroqu\u00edmica, o Presiq \u2013 Programa Especial de Sustentabilidade da Ind\u00fastria Qu\u00edmica, que vou comentar posteriormente. N\u00e3o resolve o tarifa\u00e7o, mas ajuda o setor.<\/p>\n<p>A MINERADORA VALE E A BAHIA<\/p>\n<p>Beirou ao descaso as declara\u00e7\u00f5es do vice-presidente da Vale, Marcelo Bacci, sobre a possibilidade de a mineradora Vale entrar no projeto da Bamin Minera\u00e7\u00e3o. Sem apresentar n\u00fameros, o executivo afirmou peremptoriamente que a mina da Bamin n\u00e3o tem ferro suficiente para justificar o investimento na Fiol 1, o trecho inicial da Ferrovia Oeste-Leste, inclu\u00eddo no projeto. Bacci disse sem provas que\u00a0 o projeto n\u00e3o p\u00e1ra em\u00a0p\u00e9 e que \u00e9 preciso buscar alternativas para o aumento do volume de carga na ferrovia. E disse: \u201cA Vale \u00e9 uma empresa de minera\u00e7\u00e3o, n\u00f3s n\u00e3o somos uma empresa log\u00edstica.\u201d Algu\u00e9m precisa apresentar a ele as\u00a0 ferrovias e servi\u00e7os portu\u00e1rios da Vale.<\/p>\n<\/div>\n<\/div>\n<\/div>\n<div dir=\"ltr\"><\/div>\n<div dir=\"ltr\">Publicado no jornal A Tarde em 07\/08\/2025<\/div>\n","protected":false},"excerpt":{"rendered":"<p>O impacto da tarifa adicional de 40% sobre o Brasil que, adicionada aos 10% j\u00e1 anunciados em abril, atinge os 50%, imposta pelo governo de Donald Trump, vai impactar a economia baiana. N\u00e3o de forma generalizada, mas de forma localizada, afetando setores espec\u00edficos. No global, as exporta\u00e7\u00f5es baianas para os Estados Unidos foram de cerca [&hellip;]<\/p>\n","protected":false},"author":1,"featured_media":750940,"comment_status":"closed","ping_status":"closed","sticky":false,"template":"","format":"standard","meta":[],"categories":[22,14],"tags":[],"acf":[],"yoast_head":"<!-- This site is optimized with the Yoast SEO plugin v20.8 - https:\/\/yoast.com\/wordpress\/plugins\/seo\/ -->\n<title>ARMANDO AVENA - O IMPACTO DAS TARIFAS DE TRUMP NA BAHIA - Bahia Economica<\/title>\n<meta name=\"description\" content=\"O maior portal de Economia da Bahia COLUNISTAS, DESTAQUE DO DIA Bahia Economica\" \/>\n<meta name=\"robots\" content=\"index, follow, max-snippet:-1, max-image-preview:large, max-video-preview:-1\" \/>\n<link rel=\"canonical\" href=\"https:\/\/bahiaeconomica.com.br\/wp\/2025\/08\/07\/armando-avena-o-impacto-das-tarifas-de-trump-na-bahia\/\" \/>\n<meta property=\"og:locale\" content=\"pt_BR\" \/>\n<meta property=\"og:type\" content=\"article\" \/>\n<meta property=\"og:title\" content=\"ARMANDO AVENA - O IMPACTO DAS TARIFAS DE TRUMP NA BAHIA - Bahia Economica\" \/>\n<meta property=\"og:description\" content=\"O maior portal de Economia da Bahia COLUNISTAS, DESTAQUE DO DIA Bahia Economica\" \/>\n<meta property=\"og:url\" content=\"https:\/\/bahiaeconomica.com.br\/wp\/2025\/08\/07\/armando-avena-o-impacto-das-tarifas-de-trump-na-bahia\/\" \/>\n<meta property=\"og:site_name\" content=\"Bahia Economica\" \/>\n<meta property=\"article:publisher\" content=\"https:\/\/www.facebook.com\/bahiaeconomica\" \/>\n<meta property=\"article:published_time\" content=\"2025-08-07T11:55:54+00:00\" \/>\n<meta property=\"article:modified_time\" content=\"2025-08-07T15:12:43+00:00\" \/>\n<meta property=\"og:image\" content=\"https:\/\/bahiaeconomica.com.br\/wp\/wp-content\/uploads\/2023\/07\/armando-avena-1-PhotoRoom.png-PhotoRoom.png\" \/>\n\t<meta property=\"og:image:width\" content=\"349\" \/>\n\t<meta property=\"og:image:height\" content=\"348\" \/>\n\t<meta property=\"og:image:type\" content=\"image\/png\" \/>\n<meta name=\"author\" content=\"admin\" \/>\n<meta name=\"twitter:card\" content=\"summary_large_image\" \/>\n<meta name=\"twitter:label1\" content=\"Escrito por\" \/>\n\t<meta name=\"twitter:data1\" content=\"admin\" \/>\n\t<meta name=\"twitter:label2\" content=\"Est. tempo de leitura\" \/>\n\t<meta name=\"twitter:data2\" content=\"5 minutos\" \/>\n<script type=\"application\/ld+json\" class=\"yoast-schema-graph\">{\"@context\":\"https:\/\/schema.org\",\"@graph\":[{\"@type\":\"Article\",\"@id\":\"https:\/\/bahiaeconomica.com.br\/wp\/2025\/08\/07\/armando-avena-o-impacto-das-tarifas-de-trump-na-bahia\/#article\",\"isPartOf\":{\"@id\":\"https:\/\/bahiaeconomica.com.br\/wp\/2025\/08\/07\/armando-avena-o-impacto-das-tarifas-de-trump-na-bahia\/\"},\"author\":{\"name\":\"admin\",\"@id\":\"https:\/\/bahiaeconomica.com.br\/wp\/#\/schema\/person\/cb1ab5ba96ad3d9390805381c76284ec\"},\"headline\":\"ARMANDO AVENA &#8211; O IMPACTO DAS TARIFAS DE TRUMP NA BAHIA\",\"datePublished\":\"2025-08-07T11:55:54+00:00\",\"dateModified\":\"2025-08-07T15:12:43+00:00\",\"mainEntityOfPage\":{\"@id\":\"https:\/\/bahiaeconomica.com.br\/wp\/2025\/08\/07\/armando-avena-o-impacto-das-tarifas-de-trump-na-bahia\/\"},\"wordCount\":897,\"publisher\":{\"@id\":\"https:\/\/bahiaeconomica.com.br\/wp\/#organization\"},\"articleSection\":[\"COLUNISTAS\",\"DESTAQUE DO DIA\"],\"inLanguage\":\"pt-BR\"},{\"@type\":\"WebPage\",\"@id\":\"https:\/\/bahiaeconomica.com.br\/wp\/2025\/08\/07\/armando-avena-o-impacto-das-tarifas-de-trump-na-bahia\/\",\"url\":\"https:\/\/bahiaeconomica.com.br\/wp\/2025\/08\/07\/armando-avena-o-impacto-das-tarifas-de-trump-na-bahia\/\",\"name\":\"ARMANDO AVENA - O IMPACTO DAS TARIFAS DE TRUMP NA BAHIA - Bahia Economica\",\"isPartOf\":{\"@id\":\"https:\/\/bahiaeconomica.com.br\/wp\/#website\"},\"datePublished\":\"2025-08-07T11:55:54+00:00\",\"dateModified\":\"2025-08-07T15:12:43+00:00\",\"description\":\"O maior portal de Economia da Bahia COLUNISTAS, DESTAQUE DO DIA Bahia Economica\",\"breadcrumb\":{\"@id\":\"https:\/\/bahiaeconomica.com.br\/wp\/2025\/08\/07\/armando-avena-o-impacto-das-tarifas-de-trump-na-bahia\/#breadcrumb\"},\"inLanguage\":\"pt-BR\",\"potentialAction\":[{\"@type\":\"ReadAction\",\"target\":[\"https:\/\/bahiaeconomica.com.br\/wp\/2025\/08\/07\/armando-avena-o-impacto-das-tarifas-de-trump-na-bahia\/\"]}]},{\"@type\":\"BreadcrumbList\",\"@id\":\"https:\/\/bahiaeconomica.com.br\/wp\/2025\/08\/07\/armando-avena-o-impacto-das-tarifas-de-trump-na-bahia\/#breadcrumb\",\"itemListElement\":[{\"@type\":\"ListItem\",\"position\":1,\"name\":\"In\u00edcio\",\"item\":\"https:\/\/bahiaeconomica.com.br\/wp\/\"},{\"@type\":\"ListItem\",\"position\":2,\"name\":\"ARMANDO AVENA &#8211; O IMPACTO DAS TARIFAS DE TRUMP NA BAHIA\"}]},{\"@type\":\"WebSite\",\"@id\":\"https:\/\/bahiaeconomica.com.br\/wp\/#website\",\"url\":\"https:\/\/bahiaeconomica.com.br\/wp\/\",\"name\":\"Bahia Economica\",\"description\":\"O maior portal de Economia da Bahia\",\"publisher\":{\"@id\":\"https:\/\/bahiaeconomica.com.br\/wp\/#organization\"},\"potentialAction\":[{\"@type\":\"SearchAction\",\"target\":{\"@type\":\"EntryPoint\",\"urlTemplate\":\"https:\/\/bahiaeconomica.com.br\/wp\/?s={search_term_string}\"},\"query-input\":\"required name=search_term_string\"}],\"inLanguage\":\"pt-BR\"},{\"@type\":\"Organization\",\"@id\":\"https:\/\/bahiaeconomica.com.br\/wp\/#organization\",\"name\":\"Bahia Econ\u00f4mica\",\"url\":\"https:\/\/bahiaeconomica.com.br\/wp\/\",\"logo\":{\"@type\":\"ImageObject\",\"inLanguage\":\"pt-BR\",\"@id\":\"https:\/\/bahiaeconomica.com.br\/wp\/#\/schema\/logo\/image\/\",\"url\":\"https:\/\/bahiaeconomica.com.br\/wp\/wp-content\/uploads\/2020\/12\/cropped-BE.png\",\"contentUrl\":\"https:\/\/bahiaeconomica.com.br\/wp\/wp-content\/uploads\/2020\/12\/cropped-BE.png\",\"width\":512,\"height\":512,\"caption\":\"Bahia Econ\u00f4mica\"},\"image\":{\"@id\":\"https:\/\/bahiaeconomica.com.br\/wp\/#\/schema\/logo\/image\/\"},\"sameAs\":[\"https:\/\/www.facebook.com\/bahiaeconomica\"]},{\"@type\":\"Person\",\"@id\":\"https:\/\/bahiaeconomica.com.br\/wp\/#\/schema\/person\/cb1ab5ba96ad3d9390805381c76284ec\",\"name\":\"admin\",\"url\":\"https:\/\/bahiaeconomica.com.br\/wp\/author\/admin\/\"}]}<\/script>\n<!-- \/ Yoast SEO plugin. -->","yoast_head_json":{"title":"ARMANDO AVENA - O IMPACTO DAS TARIFAS DE TRUMP NA BAHIA - Bahia Economica","description":"O maior portal de Economia da Bahia COLUNISTAS, DESTAQUE DO DIA Bahia Economica","robots":{"index":"index","follow":"follow","max-snippet":"max-snippet:-1","max-image-preview":"max-image-preview:large","max-video-preview":"max-video-preview:-1"},"canonical":"https:\/\/bahiaeconomica.com.br\/wp\/2025\/08\/07\/armando-avena-o-impacto-das-tarifas-de-trump-na-bahia\/","og_locale":"pt_BR","og_type":"article","og_title":"ARMANDO AVENA - O IMPACTO DAS TARIFAS DE TRUMP NA BAHIA - Bahia Economica","og_description":"O maior portal de Economia da Bahia COLUNISTAS, DESTAQUE DO DIA Bahia Economica","og_url":"https:\/\/bahiaeconomica.com.br\/wp\/2025\/08\/07\/armando-avena-o-impacto-das-tarifas-de-trump-na-bahia\/","og_site_name":"Bahia Economica","article_publisher":"https:\/\/www.facebook.com\/bahiaeconomica","article_published_time":"2025-08-07T11:55:54+00:00","article_modified_time":"2025-08-07T15:12:43+00:00","og_image":[{"width":349,"height":348,"url":"https:\/\/bahiaeconomica.com.br\/wp\/wp-content\/uploads\/2023\/07\/armando-avena-1-PhotoRoom.png-PhotoRoom.png","type":"image\/png"}],"author":"admin","twitter_card":"summary_large_image","twitter_misc":{"Escrito por":"admin","Est. tempo de leitura":"5 minutos"},"schema":{"@context":"https:\/\/schema.org","@graph":[{"@type":"Article","@id":"https:\/\/bahiaeconomica.com.br\/wp\/2025\/08\/07\/armando-avena-o-impacto-das-tarifas-de-trump-na-bahia\/#article","isPartOf":{"@id":"https:\/\/bahiaeconomica.com.br\/wp\/2025\/08\/07\/armando-avena-o-impacto-das-tarifas-de-trump-na-bahia\/"},"author":{"name":"admin","@id":"https:\/\/bahiaeconomica.com.br\/wp\/#\/schema\/person\/cb1ab5ba96ad3d9390805381c76284ec"},"headline":"ARMANDO AVENA &#8211; O IMPACTO DAS TARIFAS DE TRUMP NA BAHIA","datePublished":"2025-08-07T11:55:54+00:00","dateModified":"2025-08-07T15:12:43+00:00","mainEntityOfPage":{"@id":"https:\/\/bahiaeconomica.com.br\/wp\/2025\/08\/07\/armando-avena-o-impacto-das-tarifas-de-trump-na-bahia\/"},"wordCount":897,"publisher":{"@id":"https:\/\/bahiaeconomica.com.br\/wp\/#organization"},"articleSection":["COLUNISTAS","DESTAQUE DO DIA"],"inLanguage":"pt-BR"},{"@type":"WebPage","@id":"https:\/\/bahiaeconomica.com.br\/wp\/2025\/08\/07\/armando-avena-o-impacto-das-tarifas-de-trump-na-bahia\/","url":"https:\/\/bahiaeconomica.com.br\/wp\/2025\/08\/07\/armando-avena-o-impacto-das-tarifas-de-trump-na-bahia\/","name":"ARMANDO AVENA - O IMPACTO DAS TARIFAS DE TRUMP NA BAHIA - Bahia Economica","isPartOf":{"@id":"https:\/\/bahiaeconomica.com.br\/wp\/#website"},"datePublished":"2025-08-07T11:55:54+00:00","dateModified":"2025-08-07T15:12:43+00:00","description":"O maior portal de Economia da Bahia COLUNISTAS, DESTAQUE DO DIA Bahia Economica","breadcrumb":{"@id":"https:\/\/bahiaeconomica.com.br\/wp\/2025\/08\/07\/armando-avena-o-impacto-das-tarifas-de-trump-na-bahia\/#breadcrumb"},"inLanguage":"pt-BR","potentialAction":[{"@type":"ReadAction","target":["https:\/\/bahiaeconomica.com.br\/wp\/2025\/08\/07\/armando-avena-o-impacto-das-tarifas-de-trump-na-bahia\/"]}]},{"@type":"BreadcrumbList","@id":"https:\/\/bahiaeconomica.com.br\/wp\/2025\/08\/07\/armando-avena-o-impacto-das-tarifas-de-trump-na-bahia\/#breadcrumb","itemListElement":[{"@type":"ListItem","position":1,"name":"In\u00edcio","item":"https:\/\/bahiaeconomica.com.br\/wp\/"},{"@type":"ListItem","position":2,"name":"ARMANDO AVENA &#8211; O IMPACTO DAS TARIFAS DE TRUMP NA BAHIA"}]},{"@type":"WebSite","@id":"https:\/\/bahiaeconomica.com.br\/wp\/#website","url":"https:\/\/bahiaeconomica.com.br\/wp\/","name":"Bahia Economica","description":"O maior portal de Economia da Bahia","publisher":{"@id":"https:\/\/bahiaeconomica.com.br\/wp\/#organization"},"potentialAction":[{"@type":"SearchAction","target":{"@type":"EntryPoint","urlTemplate":"https:\/\/bahiaeconomica.com.br\/wp\/?s={search_term_string}"},"query-input":"required name=search_term_string"}],"inLanguage":"pt-BR"},{"@type":"Organization","@id":"https:\/\/bahiaeconomica.com.br\/wp\/#organization","name":"Bahia Econ\u00f4mica","url":"https:\/\/bahiaeconomica.com.br\/wp\/","logo":{"@type":"ImageObject","inLanguage":"pt-BR","@id":"https:\/\/bahiaeconomica.com.br\/wp\/#\/schema\/logo\/image\/","url":"https:\/\/bahiaeconomica.com.br\/wp\/wp-content\/uploads\/2020\/12\/cropped-BE.png","contentUrl":"https:\/\/bahiaeconomica.com.br\/wp\/wp-content\/uploads\/2020\/12\/cropped-BE.png","width":512,"height":512,"caption":"Bahia Econ\u00f4mica"},"image":{"@id":"https:\/\/bahiaeconomica.com.br\/wp\/#\/schema\/logo\/image\/"},"sameAs":["https:\/\/www.facebook.com\/bahiaeconomica"]},{"@type":"Person","@id":"https:\/\/bahiaeconomica.com.br\/wp\/#\/schema\/person\/cb1ab5ba96ad3d9390805381c76284ec","name":"admin","url":"https:\/\/bahiaeconomica.com.br\/wp\/author\/admin\/"}]}},"views":164,"_links":{"self":[{"href":"https:\/\/bahiaeconomica.com.br\/wp\/wp-json\/wp\/v2\/posts\/923858"}],"collection":[{"href":"https:\/\/bahiaeconomica.com.br\/wp\/wp-json\/wp\/v2\/posts"}],"about":[{"href":"https:\/\/bahiaeconomica.com.br\/wp\/wp-json\/wp\/v2\/types\/post"}],"author":[{"embeddable":true,"href":"https:\/\/bahiaeconomica.com.br\/wp\/wp-json\/wp\/v2\/users\/1"}],"replies":[{"embeddable":true,"href":"https:\/\/bahiaeconomica.com.br\/wp\/wp-json\/wp\/v2\/comments?post=923858"}],"version-history":[{"count":3,"href":"https:\/\/bahiaeconomica.com.br\/wp\/wp-json\/wp\/v2\/posts\/923858\/revisions"}],"predecessor-version":[{"id":923894,"href":"https:\/\/bahiaeconomica.com.br\/wp\/wp-json\/wp\/v2\/posts\/923858\/revisions\/923894"}],"wp:featuredmedia":[{"embeddable":true,"href":"https:\/\/bahiaeconomica.com.br\/wp\/wp-json\/wp\/v2\/media\/750940"}],"wp:attachment":[{"href":"https:\/\/bahiaeconomica.com.br\/wp\/wp-json\/wp\/v2\/media?parent=923858"}],"wp:term":[{"taxonomy":"category","embeddable":true,"href":"https:\/\/bahiaeconomica.com.br\/wp\/wp-json\/wp\/v2\/categories?post=923858"},{"taxonomy":"post_tag","embeddable":true,"href":"https:\/\/bahiaeconomica.com.br\/wp\/wp-json\/wp\/v2\/tags?post=923858"}],"curies":[{"name":"wp","href":"https:\/\/api.w.org\/{rel}","templated":true}]}}