{"id":923308,"date":"2025-08-05T17:20:28","date_gmt":"2025-08-05T20:20:28","guid":{"rendered":"https:\/\/bahiaeconomica.com.br\/wp\/?p=923308"},"modified":"2025-08-05T17:03:24","modified_gmt":"2025-08-05T20:03:24","slug":"comissao-de-assuntos-economico-aprova-regulamentacao-da-profissao-de-condutor-de-ambulancia","status":"publish","type":"post","link":"https:\/\/bahiaeconomica.com.br\/wp\/2025\/08\/05\/comissao-de-assuntos-economico-aprova-regulamentacao-da-profissao-de-condutor-de-ambulancia\/","title":{"rendered":"COMISS\u00c3O DE ASSUNTOS ECON\u00d4MICO APROVA REGULAMENTA\u00c7\u00c3O DA PROFISS\u00c3O DE CONDUTOR DE AMBUL\u00c2NCIA"},"content":{"rendered":"<p>A Comiss\u00e3o de Assuntos Econ\u00f4micos (CAE) aprovou nesta ter\u00e7a-feira (5) o projeto que regulamenta a profiss\u00e3o de condutor de ambul\u00e2ncia, que passa a ser considerado um trabalhador da \u00e1rea da sa\u00fade (PL 2.336\/2023). O texto segue para a Comiss\u00e3o de Assuntos Sociais (CAS).<\/p>\n<p>Para exercer a profiss\u00e3o, o motorista deve ter mais de 21 anos, ensino m\u00e9dio completo, carteira de habilita\u00e7\u00e3o na categoria D ou E. Tamb\u00e9m precisa fazer cursos de treinamento e reciclagem a cada cinco anos. Se o projeto virar lei, os condutores ter\u00e3o cinco anos para se adequarem \u00e0s exig\u00eancias.<\/p>\n<p>O relator, senador Mecias de Jesus (Republicanos-RR), acrescentou ao texto uma lista de dez atribui\u00e7\u00f5es espec\u00edficas do condutor de ambul\u00e2ncia no exerc\u00edcio da sua atividade.\u00a0Entre elas, o motorista deve ter conhecimento de equipamentos b\u00e1sicos e avan\u00e7ados de suporte \u00e0 vida; conferir diariamente as condi\u00e7\u00f5es t\u00e9cnicas do ve\u00edculo e dos equipamentos embarcados; e auxiliar a equipe de sa\u00fade em procedimentos como imobiliza\u00e7\u00e3o do paciente e manobras de reanima\u00e7\u00e3o, quando solicitado.<\/p>\n<p>Mecias destacou a relev\u00e2ncia social e o alto risco da profiss\u00e3o.<\/p>\n<p>\u2014 Os condutores de ambul\u00e2ncias precisam dirigir em situa\u00e7\u00f5es de atendimento a ocorr\u00eancias e est\u00e3o sujeitos a exce\u00e7\u00f5es a normas de tr\u00e2nsito, como ultrapassar limites de velocidade para garantir atendimento r\u00e1pido. Portanto, \u00e9 importante um preparo rigoroso para que o profissional esteja plenamente capacitado \u2014 disse.<\/p>\n<p>O projeto veio da C\u00e2mara dos Deputados, onde foi proposto pelo deputado Vermelho (PP-PR).<\/p>\n<p>Fonte: Ag\u00eancia Senado<\/p>\n","protected":false},"excerpt":{"rendered":"<p>A Comiss\u00e3o de Assuntos Econ\u00f4micos (CAE) aprovou nesta ter\u00e7a-feira (5) o projeto que regulamenta a profiss\u00e3o de condutor de ambul\u00e2ncia, que passa a ser considerado um trabalhador da \u00e1rea da sa\u00fade (PL 2.336\/2023). O texto segue para a Comiss\u00e3o de Assuntos Sociais (CAS). Para exercer a profiss\u00e3o, o motorista deve ter mais de 21 anos, [&hellip;]<\/p>\n","protected":false},"author":16,"featured_media":923350,"comment_status":"closed","ping_status":"closed","sticky":false,"template":"","format":"standard","meta":[],"categories":[14601],"tags":[],"acf":[],"yoast_head":"<!-- This site is optimized with the Yoast SEO plugin v20.8 - https:\/\/yoast.com\/wordpress\/plugins\/seo\/ -->\n<title>COMISS\u00c3O DE ASSUNTOS ECON\u00d4MICO APROVA REGULAMENTA\u00c7\u00c3O DA PROFISS\u00c3O DE CONDUTOR DE AMBUL\u00c2NCIA - Bahia Economica<\/title>\n<meta name=\"description\" content=\"O maior portal de Economia da Bahia Pol\u00edtica Bahia Economica\" \/>\n<meta name=\"robots\" content=\"index, follow, max-snippet:-1, max-image-preview:large, max-video-preview:-1\" \/>\n<link rel=\"canonical\" href=\"https:\/\/bahiaeconomica.com.br\/wp\/2025\/08\/05\/comissao-de-assuntos-economico-aprova-regulamentacao-da-profissao-de-condutor-de-ambulancia\/\" \/>\n<meta property=\"og:locale\" content=\"pt_BR\" \/>\n<meta property=\"og:type\" content=\"article\" \/>\n<meta property=\"og:title\" content=\"COMISS\u00c3O DE ASSUNTOS ECON\u00d4MICO APROVA REGULAMENTA\u00c7\u00c3O DA PROFISS\u00c3O DE CONDUTOR DE AMBUL\u00c2NCIA - Bahia Economica\" \/>\n<meta property=\"og:description\" content=\"O maior portal de Economia da Bahia Pol\u00edtica Bahia Economica\" \/>\n<meta property=\"og:url\" content=\"https:\/\/bahiaeconomica.com.br\/wp\/2025\/08\/05\/comissao-de-assuntos-economico-aprova-regulamentacao-da-profissao-de-condutor-de-ambulancia\/\" \/>\n<meta property=\"og:site_name\" content=\"Bahia Economica\" \/>\n<meta property=\"article:publisher\" content=\"https:\/\/www.facebook.com\/bahiaeconomica\" \/>\n<meta property=\"article:published_time\" content=\"2025-08-05T20:20:28+00:00\" \/>\n<meta property=\"article:modified_time\" content=\"2025-08-05T20:03:24+00:00\" \/>\n<meta property=\"og:image\" content=\"https:\/\/bahiaeconomica.com.br\/wp\/wp-content\/uploads\/2025\/08\/imagem_materia-2025-08-05T164723.575.jpg\" \/>\n\t<meta property=\"og:image:width\" content=\"860\" \/>\n\t<meta property=\"og:image:height\" content=\"570\" \/>\n\t<meta property=\"og:image:type\" content=\"image\/jpeg\" \/>\n<meta name=\"author\" content=\"LUIZA NASCIMENTO\" \/>\n<meta name=\"twitter:card\" content=\"summary_large_image\" \/>\n<meta name=\"twitter:label1\" content=\"Escrito por\" \/>\n\t<meta name=\"twitter:data1\" content=\"LUIZA NASCIMENTO\" \/>\n\t<meta name=\"twitter:label2\" content=\"Est. tempo de leitura\" \/>\n\t<meta name=\"twitter:data2\" content=\"2 minutos\" \/>\n<script type=\"application\/ld+json\" class=\"yoast-schema-graph\">{\"@context\":\"https:\/\/schema.org\",\"@graph\":[{\"@type\":\"Article\",\"@id\":\"https:\/\/bahiaeconomica.com.br\/wp\/2025\/08\/05\/comissao-de-assuntos-economico-aprova-regulamentacao-da-profissao-de-condutor-de-ambulancia\/#article\",\"isPartOf\":{\"@id\":\"https:\/\/bahiaeconomica.com.br\/wp\/2025\/08\/05\/comissao-de-assuntos-economico-aprova-regulamentacao-da-profissao-de-condutor-de-ambulancia\/\"},\"author\":{\"name\":\"LUIZA NASCIMENTO\",\"@id\":\"https:\/\/bahiaeconomica.com.br\/wp\/#\/schema\/person\/18273ac0fe04bfd4e7b101bf17d40152\"},\"headline\":\"COMISS\u00c3O DE ASSUNTOS ECON\u00d4MICO APROVA REGULAMENTA\u00c7\u00c3O DA PROFISS\u00c3O DE CONDUTOR DE AMBUL\u00c2NCIA\",\"datePublished\":\"2025-08-05T20:20:28+00:00\",\"dateModified\":\"2025-08-05T20:03:24+00:00\",\"mainEntityOfPage\":{\"@id\":\"https:\/\/bahiaeconomica.com.br\/wp\/2025\/08\/05\/comissao-de-assuntos-economico-aprova-regulamentacao-da-profissao-de-condutor-de-ambulancia\/\"},\"wordCount\":283,\"publisher\":{\"@id\":\"https:\/\/bahiaeconomica.com.br\/wp\/#organization\"},\"articleSection\":[\"Pol\u00edtica\"],\"inLanguage\":\"pt-BR\"},{\"@type\":\"WebPage\",\"@id\":\"https:\/\/bahiaeconomica.com.br\/wp\/2025\/08\/05\/comissao-de-assuntos-economico-aprova-regulamentacao-da-profissao-de-condutor-de-ambulancia\/\",\"url\":\"https:\/\/bahiaeconomica.com.br\/wp\/2025\/08\/05\/comissao-de-assuntos-economico-aprova-regulamentacao-da-profissao-de-condutor-de-ambulancia\/\",\"name\":\"COMISS\u00c3O DE ASSUNTOS ECON\u00d4MICO APROVA REGULAMENTA\u00c7\u00c3O DA PROFISS\u00c3O DE CONDUTOR DE AMBUL\u00c2NCIA - Bahia Economica\",\"isPartOf\":{\"@id\":\"https:\/\/bahiaeconomica.com.br\/wp\/#website\"},\"datePublished\":\"2025-08-05T20:20:28+00:00\",\"dateModified\":\"2025-08-05T20:03:24+00:00\",\"description\":\"O maior portal de Economia da Bahia Pol\u00edtica Bahia Economica\",\"breadcrumb\":{\"@id\":\"https:\/\/bahiaeconomica.com.br\/wp\/2025\/08\/05\/comissao-de-assuntos-economico-aprova-regulamentacao-da-profissao-de-condutor-de-ambulancia\/#breadcrumb\"},\"inLanguage\":\"pt-BR\",\"potentialAction\":[{\"@type\":\"ReadAction\",\"target\":[\"https:\/\/bahiaeconomica.com.br\/wp\/2025\/08\/05\/comissao-de-assuntos-economico-aprova-regulamentacao-da-profissao-de-condutor-de-ambulancia\/\"]}]},{\"@type\":\"BreadcrumbList\",\"@id\":\"https:\/\/bahiaeconomica.com.br\/wp\/2025\/08\/05\/comissao-de-assuntos-economico-aprova-regulamentacao-da-profissao-de-condutor-de-ambulancia\/#breadcrumb\",\"itemListElement\":[{\"@type\":\"ListItem\",\"position\":1,\"name\":\"In\u00edcio\",\"item\":\"https:\/\/bahiaeconomica.com.br\/wp\/\"},{\"@type\":\"ListItem\",\"position\":2,\"name\":\"COMISS\u00c3O DE ASSUNTOS ECON\u00d4MICO APROVA REGULAMENTA\u00c7\u00c3O DA PROFISS\u00c3O DE CONDUTOR DE AMBUL\u00c2NCIA\"}]},{\"@type\":\"WebSite\",\"@id\":\"https:\/\/bahiaeconomica.com.br\/wp\/#website\",\"url\":\"https:\/\/bahiaeconomica.com.br\/wp\/\",\"name\":\"Bahia Economica\",\"description\":\"O maior portal de Economia da Bahia\",\"publisher\":{\"@id\":\"https:\/\/bahiaeconomica.com.br\/wp\/#organization\"},\"potentialAction\":[{\"@type\":\"SearchAction\",\"target\":{\"@type\":\"EntryPoint\",\"urlTemplate\":\"https:\/\/bahiaeconomica.com.br\/wp\/?s={search_term_string}\"},\"query-input\":\"required name=search_term_string\"}],\"inLanguage\":\"pt-BR\"},{\"@type\":\"Organization\",\"@id\":\"https:\/\/bahiaeconomica.com.br\/wp\/#organization\",\"name\":\"Bahia Econ\u00f4mica\",\"url\":\"https:\/\/bahiaeconomica.com.br\/wp\/\",\"logo\":{\"@type\":\"ImageObject\",\"inLanguage\":\"pt-BR\",\"@id\":\"https:\/\/bahiaeconomica.com.br\/wp\/#\/schema\/logo\/image\/\",\"url\":\"https:\/\/bahiaeconomica.com.br\/wp\/wp-content\/uploads\/2020\/12\/cropped-BE.png\",\"contentUrl\":\"https:\/\/bahiaeconomica.com.br\/wp\/wp-content\/uploads\/2020\/12\/cropped-BE.png\",\"width\":512,\"height\":512,\"caption\":\"Bahia Econ\u00f4mica\"},\"image\":{\"@id\":\"https:\/\/bahiaeconomica.com.br\/wp\/#\/schema\/logo\/image\/\"},\"sameAs\":[\"https:\/\/www.facebook.com\/bahiaeconomica\"]},{\"@type\":\"Person\",\"@id\":\"https:\/\/bahiaeconomica.com.br\/wp\/#\/schema\/person\/18273ac0fe04bfd4e7b101bf17d40152\",\"name\":\"LUIZA NASCIMENTO\",\"sameAs\":[\"http:\/\/www.bahiaeconomica.com.br\"],\"url\":\"https:\/\/bahiaeconomica.com.br\/wp\/author\/luiza-nascimento\/\"}]}<\/script>\n<!-- \/ Yoast SEO plugin. -->","yoast_head_json":{"title":"COMISS\u00c3O DE ASSUNTOS ECON\u00d4MICO APROVA REGULAMENTA\u00c7\u00c3O DA PROFISS\u00c3O DE CONDUTOR DE AMBUL\u00c2NCIA - Bahia Economica","description":"O maior portal de Economia da Bahia Pol\u00edtica Bahia Economica","robots":{"index":"index","follow":"follow","max-snippet":"max-snippet:-1","max-image-preview":"max-image-preview:large","max-video-preview":"max-video-preview:-1"},"canonical":"https:\/\/bahiaeconomica.com.br\/wp\/2025\/08\/05\/comissao-de-assuntos-economico-aprova-regulamentacao-da-profissao-de-condutor-de-ambulancia\/","og_locale":"pt_BR","og_type":"article","og_title":"COMISS\u00c3O DE ASSUNTOS ECON\u00d4MICO APROVA REGULAMENTA\u00c7\u00c3O DA PROFISS\u00c3O DE CONDUTOR DE AMBUL\u00c2NCIA - Bahia Economica","og_description":"O maior portal de Economia da Bahia Pol\u00edtica Bahia Economica","og_url":"https:\/\/bahiaeconomica.com.br\/wp\/2025\/08\/05\/comissao-de-assuntos-economico-aprova-regulamentacao-da-profissao-de-condutor-de-ambulancia\/","og_site_name":"Bahia Economica","article_publisher":"https:\/\/www.facebook.com\/bahiaeconomica","article_published_time":"2025-08-05T20:20:28+00:00","article_modified_time":"2025-08-05T20:03:24+00:00","og_image":[{"width":860,"height":570,"url":"https:\/\/bahiaeconomica.com.br\/wp\/wp-content\/uploads\/2025\/08\/imagem_materia-2025-08-05T164723.575.jpg","type":"image\/jpeg"}],"author":"LUIZA NASCIMENTO","twitter_card":"summary_large_image","twitter_misc":{"Escrito por":"LUIZA NASCIMENTO","Est. tempo de leitura":"2 minutos"},"schema":{"@context":"https:\/\/schema.org","@graph":[{"@type":"Article","@id":"https:\/\/bahiaeconomica.com.br\/wp\/2025\/08\/05\/comissao-de-assuntos-economico-aprova-regulamentacao-da-profissao-de-condutor-de-ambulancia\/#article","isPartOf":{"@id":"https:\/\/bahiaeconomica.com.br\/wp\/2025\/08\/05\/comissao-de-assuntos-economico-aprova-regulamentacao-da-profissao-de-condutor-de-ambulancia\/"},"author":{"name":"LUIZA NASCIMENTO","@id":"https:\/\/bahiaeconomica.com.br\/wp\/#\/schema\/person\/18273ac0fe04bfd4e7b101bf17d40152"},"headline":"COMISS\u00c3O DE ASSUNTOS ECON\u00d4MICO APROVA REGULAMENTA\u00c7\u00c3O DA PROFISS\u00c3O DE CONDUTOR DE AMBUL\u00c2NCIA","datePublished":"2025-08-05T20:20:28+00:00","dateModified":"2025-08-05T20:03:24+00:00","mainEntityOfPage":{"@id":"https:\/\/bahiaeconomica.com.br\/wp\/2025\/08\/05\/comissao-de-assuntos-economico-aprova-regulamentacao-da-profissao-de-condutor-de-ambulancia\/"},"wordCount":283,"publisher":{"@id":"https:\/\/bahiaeconomica.com.br\/wp\/#organization"},"articleSection":["Pol\u00edtica"],"inLanguage":"pt-BR"},{"@type":"WebPage","@id":"https:\/\/bahiaeconomica.com.br\/wp\/2025\/08\/05\/comissao-de-assuntos-economico-aprova-regulamentacao-da-profissao-de-condutor-de-ambulancia\/","url":"https:\/\/bahiaeconomica.com.br\/wp\/2025\/08\/05\/comissao-de-assuntos-economico-aprova-regulamentacao-da-profissao-de-condutor-de-ambulancia\/","name":"COMISS\u00c3O DE ASSUNTOS ECON\u00d4MICO APROVA REGULAMENTA\u00c7\u00c3O DA PROFISS\u00c3O DE CONDUTOR DE AMBUL\u00c2NCIA - Bahia Economica","isPartOf":{"@id":"https:\/\/bahiaeconomica.com.br\/wp\/#website"},"datePublished":"2025-08-05T20:20:28+00:00","dateModified":"2025-08-05T20:03:24+00:00","description":"O maior portal de Economia da Bahia Pol\u00edtica Bahia Economica","breadcrumb":{"@id":"https:\/\/bahiaeconomica.com.br\/wp\/2025\/08\/05\/comissao-de-assuntos-economico-aprova-regulamentacao-da-profissao-de-condutor-de-ambulancia\/#breadcrumb"},"inLanguage":"pt-BR","potentialAction":[{"@type":"ReadAction","target":["https:\/\/bahiaeconomica.com.br\/wp\/2025\/08\/05\/comissao-de-assuntos-economico-aprova-regulamentacao-da-profissao-de-condutor-de-ambulancia\/"]}]},{"@type":"BreadcrumbList","@id":"https:\/\/bahiaeconomica.com.br\/wp\/2025\/08\/05\/comissao-de-assuntos-economico-aprova-regulamentacao-da-profissao-de-condutor-de-ambulancia\/#breadcrumb","itemListElement":[{"@type":"ListItem","position":1,"name":"In\u00edcio","item":"https:\/\/bahiaeconomica.com.br\/wp\/"},{"@type":"ListItem","position":2,"name":"COMISS\u00c3O DE ASSUNTOS ECON\u00d4MICO APROVA REGULAMENTA\u00c7\u00c3O DA PROFISS\u00c3O DE CONDUTOR DE AMBUL\u00c2NCIA"}]},{"@type":"WebSite","@id":"https:\/\/bahiaeconomica.com.br\/wp\/#website","url":"https:\/\/bahiaeconomica.com.br\/wp\/","name":"Bahia Economica","description":"O maior portal de Economia da Bahia","publisher":{"@id":"https:\/\/bahiaeconomica.com.br\/wp\/#organization"},"potentialAction":[{"@type":"SearchAction","target":{"@type":"EntryPoint","urlTemplate":"https:\/\/bahiaeconomica.com.br\/wp\/?s={search_term_string}"},"query-input":"required name=search_term_string"}],"inLanguage":"pt-BR"},{"@type":"Organization","@id":"https:\/\/bahiaeconomica.com.br\/wp\/#organization","name":"Bahia Econ\u00f4mica","url":"https:\/\/bahiaeconomica.com.br\/wp\/","logo":{"@type":"ImageObject","inLanguage":"pt-BR","@id":"https:\/\/bahiaeconomica.com.br\/wp\/#\/schema\/logo\/image\/","url":"https:\/\/bahiaeconomica.com.br\/wp\/wp-content\/uploads\/2020\/12\/cropped-BE.png","contentUrl":"https:\/\/bahiaeconomica.com.br\/wp\/wp-content\/uploads\/2020\/12\/cropped-BE.png","width":512,"height":512,"caption":"Bahia Econ\u00f4mica"},"image":{"@id":"https:\/\/bahiaeconomica.com.br\/wp\/#\/schema\/logo\/image\/"},"sameAs":["https:\/\/www.facebook.com\/bahiaeconomica"]},{"@type":"Person","@id":"https:\/\/bahiaeconomica.com.br\/wp\/#\/schema\/person\/18273ac0fe04bfd4e7b101bf17d40152","name":"LUIZA NASCIMENTO","sameAs":["http:\/\/www.bahiaeconomica.com.br"],"url":"https:\/\/bahiaeconomica.com.br\/wp\/author\/luiza-nascimento\/"}]}},"views":2,"_links":{"self":[{"href":"https:\/\/bahiaeconomica.com.br\/wp\/wp-json\/wp\/v2\/posts\/923308"}],"collection":[{"href":"https:\/\/bahiaeconomica.com.br\/wp\/wp-json\/wp\/v2\/posts"}],"about":[{"href":"https:\/\/bahiaeconomica.com.br\/wp\/wp-json\/wp\/v2\/types\/post"}],"author":[{"embeddable":true,"href":"https:\/\/bahiaeconomica.com.br\/wp\/wp-json\/wp\/v2\/users\/16"}],"replies":[{"embeddable":true,"href":"https:\/\/bahiaeconomica.com.br\/wp\/wp-json\/wp\/v2\/comments?post=923308"}],"version-history":[{"count":1,"href":"https:\/\/bahiaeconomica.com.br\/wp\/wp-json\/wp\/v2\/posts\/923308\/revisions"}],"predecessor-version":[{"id":923362,"href":"https:\/\/bahiaeconomica.com.br\/wp\/wp-json\/wp\/v2\/posts\/923308\/revisions\/923362"}],"wp:featuredmedia":[{"embeddable":true,"href":"https:\/\/bahiaeconomica.com.br\/wp\/wp-json\/wp\/v2\/media\/923350"}],"wp:attachment":[{"href":"https:\/\/bahiaeconomica.com.br\/wp\/wp-json\/wp\/v2\/media?parent=923308"}],"wp:term":[{"taxonomy":"category","embeddable":true,"href":"https:\/\/bahiaeconomica.com.br\/wp\/wp-json\/wp\/v2\/categories?post=923308"},{"taxonomy":"post_tag","embeddable":true,"href":"https:\/\/bahiaeconomica.com.br\/wp\/wp-json\/wp\/v2\/tags?post=923308"}],"curies":[{"name":"wp","href":"https:\/\/api.w.org\/{rel}","templated":true}]}}