{"id":922919,"date":"2025-08-04T16:42:55","date_gmt":"2025-08-04T19:42:55","guid":{"rendered":"https:\/\/bahiaeconomica.com.br\/wp\/?p=922919"},"modified":"2025-08-04T16:42:55","modified_gmt":"2025-08-04T19:42:55","slug":"spm-inicia-etapa-das-conferencias-territoriais-de-politicas-para-mulheres","status":"publish","type":"post","link":"https:\/\/bahiaeconomica.com.br\/wp\/2025\/08\/04\/spm-inicia-etapa-das-conferencias-territoriais-de-politicas-para-mulheres\/","title":{"rendered":"SPM INICIA ETAPA DAS CONFER\u00caNCIAS TERRITORIAIS DE POL\u00cdTICAS PARA MULHERES"},"content":{"rendered":"<p>A Secretaria das Mulheres do Estado (SPM) inicia nestas quarta-feira (6) as Confer\u00eancias Territoriais de Pol\u00edticas para as Mulheres (CTPM). Este ser\u00e1 mais um momento de di\u00e1logo, escuta e participa\u00e7\u00e3o coletiva entre podres p\u00fablicos, movimentos de mulheres, movimentos feministas e sociedade civil. O objetivo \u00e9 promover um amplo debate, avaliar as pol\u00edticas existentes, propor novas a\u00e7\u00f5es e definir prioridades, fortalecendo a democracia, a igualdade, com garantia de voz e representatividade das mulheres na Bahia.<\/p>\n<p>No Oeste, Barreiras sediar\u00e1 a CTPM, na quarta-feira (6), na sede da Uneb, a partir das 8h. Na quinta-feira, ser\u00e1 realizada a CTPM no TI do Extremo Sul, no Col\u00e9gio Estadual da Pol\u00edcia Militar An\u00edsio Teixeira, no munic\u00edpio de Teixeira de Freitas, das 8h \u00e0s 17h. Na sexta-feira (8), ser\u00e3o realizadas, simultaneamente, as confer\u00eancias em Riacho de Santana, no Centro de Treinamento de l\u00edderes de Riacho de Santana, \u00e0s 9h, integrando os Territ\u00f3rios de Identidade Bacia do Paramirim, Velho Chico e Bacia do Rio Corrente; em Seabra, no Ifba, \u00e0s 8h, integrando os TI da Chapada Diamantina e Piemonte do Paragua\u00e7u; e em Eun\u00e1polis, \u00e0s 8h, na C\u00e2mara Municipal, no Territ\u00f3rio de Identidade Costa do Descobrimento,<\/p>\n<p>Com o tema &#8220;Mais democracia, mais igualdade e mais conquista para todas&#8221;, a CTPM \u00e9 mais uma etapa preparat\u00f3ria para a 5\u00aa Confer\u00eancia Estadual de Pol\u00edticas para as Mulheres (5\u00aa CEPM), que ser\u00e1 realizada, de 27 a 29 de agosto, em Salvador, sendo tamb\u00e9m uma etapa que antecede \u00e0 Confer\u00eancia Nacional (5\u00aa CNPM), que acontecer\u00e1, em setembro, no Distrito Federal.<\/p>\n<p>A secretaria das Mulheres do Estado, Neusa Cadore, disse que este \u00e9 um momento hist\u00f3rico para a Bahia e para o Brasil. &#8220;As confer\u00eancias est\u00e3o na centralidade das nossas a\u00e7\u00f5es na SPM e tamb\u00e9m no \u00e2mbito federal, atrav\u00e9s do Minist\u00e9rio das Mulheres. J\u00e1 foram realizadas confer\u00eancias em mais de 160 munic\u00edpios da Bahia e, agora, partimos para as confer\u00eancias territoriais, em uma demonstra\u00e7\u00e3o da import\u00e2ncia desta agenda para os poderes p\u00fablicos e para toda a sociedade. Estamos trabalhamos por um futuro que contemple todas as mulheres na sua diversidade, pois a luta por direitos e igualdade \u00e9 de todas e para todas&#8221;, ressaltou.<\/p>\n<p>As discuss\u00f5es nas confer\u00eancias ser\u00e3o orientadas por seis eixos tem\u00e1ticos: Participa\u00e7\u00e3o pol\u00edtica parit\u00e1ria e fortalecimento da democracia; Enfrentamento \u00e0s viol\u00eancias de g\u00eanero; Autonomia econ\u00f4mica e mundo do trabalho; Sa\u00fade integral, direitos sexuais e reprodutivos; Educa\u00e7\u00e3o n\u00e3o-sexista e cultura igualit\u00e1ria; e Direito ao Territ\u00f3rio e Sustentabilidade.<\/p>\n<p>Foto ilustrativa: Ane Novo &#8211; Ascom SPM<\/p>\n","protected":false},"excerpt":{"rendered":"<p>A Secretaria das Mulheres do Estado (SPM) inicia nestas quarta-feira (6) as Confer\u00eancias Territoriais de Pol\u00edticas para as Mulheres (CTPM). Este ser\u00e1 mais um momento de di\u00e1logo, escuta e participa\u00e7\u00e3o coletiva entre podres p\u00fablicos, movimentos de mulheres, movimentos feministas e sociedade civil. O objetivo \u00e9 promover um amplo debate, avaliar as pol\u00edticas existentes, propor novas [&hellip;]<\/p>\n","protected":false},"author":16,"featured_media":922928,"comment_status":"closed","ping_status":"closed","sticky":false,"template":"","format":"standard","meta":[],"categories":[5],"tags":[],"acf":[],"yoast_head":"<!-- This site is optimized with the Yoast SEO plugin v20.8 - https:\/\/yoast.com\/wordpress\/plugins\/seo\/ -->\n<title>SPM INICIA ETAPA DAS CONFER\u00caNCIAS TERRITORIAIS DE POL\u00cdTICAS PARA MULHERES - Bahia Economica<\/title>\n<meta name=\"description\" content=\"O maior portal de Economia da Bahia MUNIC\u00cdPIOS Bahia Economica\" \/>\n<meta name=\"robots\" content=\"index, follow, max-snippet:-1, max-image-preview:large, max-video-preview:-1\" \/>\n<link rel=\"canonical\" href=\"https:\/\/bahiaeconomica.com.br\/wp\/2025\/08\/04\/spm-inicia-etapa-das-conferencias-territoriais-de-politicas-para-mulheres\/\" \/>\n<meta property=\"og:locale\" content=\"pt_BR\" \/>\n<meta property=\"og:type\" content=\"article\" \/>\n<meta property=\"og:title\" content=\"SPM INICIA ETAPA DAS CONFER\u00caNCIAS TERRITORIAIS DE POL\u00cdTICAS PARA MULHERES - Bahia Economica\" \/>\n<meta property=\"og:description\" content=\"O maior portal de Economia da Bahia MUNIC\u00cdPIOS Bahia Economica\" \/>\n<meta property=\"og:url\" content=\"https:\/\/bahiaeconomica.com.br\/wp\/2025\/08\/04\/spm-inicia-etapa-das-conferencias-territoriais-de-politicas-para-mulheres\/\" \/>\n<meta property=\"og:site_name\" content=\"Bahia Economica\" \/>\n<meta property=\"article:publisher\" content=\"https:\/\/www.facebook.com\/bahiaeconomica\" \/>\n<meta property=\"article:published_time\" content=\"2025-08-04T19:42:55+00:00\" \/>\n<meta property=\"og:image\" content=\"https:\/\/bahiaeconomica.com.br\/wp\/wp-content\/uploads\/2025\/08\/WhatsApp-Image-2025-08-04-at-10.38.32-scaled.jpeg\" \/>\n\t<meta property=\"og:image:width\" content=\"2560\" \/>\n\t<meta property=\"og:image:height\" content=\"1920\" \/>\n\t<meta property=\"og:image:type\" content=\"image\/jpeg\" \/>\n<meta name=\"author\" content=\"LUIZA NASCIMENTO\" \/>\n<meta name=\"twitter:card\" content=\"summary_large_image\" \/>\n<meta name=\"twitter:label1\" content=\"Escrito por\" \/>\n\t<meta name=\"twitter:data1\" content=\"LUIZA NASCIMENTO\" \/>\n\t<meta name=\"twitter:label2\" content=\"Est. tempo de leitura\" \/>\n\t<meta name=\"twitter:data2\" content=\"3 minutos\" \/>\n<script type=\"application\/ld+json\" class=\"yoast-schema-graph\">{\"@context\":\"https:\/\/schema.org\",\"@graph\":[{\"@type\":\"Article\",\"@id\":\"https:\/\/bahiaeconomica.com.br\/wp\/2025\/08\/04\/spm-inicia-etapa-das-conferencias-territoriais-de-politicas-para-mulheres\/#article\",\"isPartOf\":{\"@id\":\"https:\/\/bahiaeconomica.com.br\/wp\/2025\/08\/04\/spm-inicia-etapa-das-conferencias-territoriais-de-politicas-para-mulheres\/\"},\"author\":{\"name\":\"LUIZA NASCIMENTO\",\"@id\":\"https:\/\/bahiaeconomica.com.br\/wp\/#\/schema\/person\/18273ac0fe04bfd4e7b101bf17d40152\"},\"headline\":\"SPM INICIA ETAPA DAS CONFER\u00caNCIAS TERRITORIAIS DE POL\u00cdTICAS PARA MULHERES\",\"datePublished\":\"2025-08-04T19:42:55+00:00\",\"dateModified\":\"2025-08-04T19:42:55+00:00\",\"mainEntityOfPage\":{\"@id\":\"https:\/\/bahiaeconomica.com.br\/wp\/2025\/08\/04\/spm-inicia-etapa-das-conferencias-territoriais-de-politicas-para-mulheres\/\"},\"wordCount\":455,\"publisher\":{\"@id\":\"https:\/\/bahiaeconomica.com.br\/wp\/#organization\"},\"articleSection\":[\"MUNIC\u00cdPIOS\"],\"inLanguage\":\"pt-BR\"},{\"@type\":\"WebPage\",\"@id\":\"https:\/\/bahiaeconomica.com.br\/wp\/2025\/08\/04\/spm-inicia-etapa-das-conferencias-territoriais-de-politicas-para-mulheres\/\",\"url\":\"https:\/\/bahiaeconomica.com.br\/wp\/2025\/08\/04\/spm-inicia-etapa-das-conferencias-territoriais-de-politicas-para-mulheres\/\",\"name\":\"SPM INICIA ETAPA DAS CONFER\u00caNCIAS TERRITORIAIS DE POL\u00cdTICAS PARA MULHERES - Bahia Economica\",\"isPartOf\":{\"@id\":\"https:\/\/bahiaeconomica.com.br\/wp\/#website\"},\"datePublished\":\"2025-08-04T19:42:55+00:00\",\"dateModified\":\"2025-08-04T19:42:55+00:00\",\"description\":\"O maior portal de Economia da Bahia MUNIC\u00cdPIOS Bahia Economica\",\"breadcrumb\":{\"@id\":\"https:\/\/bahiaeconomica.com.br\/wp\/2025\/08\/04\/spm-inicia-etapa-das-conferencias-territoriais-de-politicas-para-mulheres\/#breadcrumb\"},\"inLanguage\":\"pt-BR\",\"potentialAction\":[{\"@type\":\"ReadAction\",\"target\":[\"https:\/\/bahiaeconomica.com.br\/wp\/2025\/08\/04\/spm-inicia-etapa-das-conferencias-territoriais-de-politicas-para-mulheres\/\"]}]},{\"@type\":\"BreadcrumbList\",\"@id\":\"https:\/\/bahiaeconomica.com.br\/wp\/2025\/08\/04\/spm-inicia-etapa-das-conferencias-territoriais-de-politicas-para-mulheres\/#breadcrumb\",\"itemListElement\":[{\"@type\":\"ListItem\",\"position\":1,\"name\":\"In\u00edcio\",\"item\":\"https:\/\/bahiaeconomica.com.br\/wp\/\"},{\"@type\":\"ListItem\",\"position\":2,\"name\":\"SPM INICIA ETAPA DAS CONFER\u00caNCIAS TERRITORIAIS DE POL\u00cdTICAS PARA MULHERES\"}]},{\"@type\":\"WebSite\",\"@id\":\"https:\/\/bahiaeconomica.com.br\/wp\/#website\",\"url\":\"https:\/\/bahiaeconomica.com.br\/wp\/\",\"name\":\"Bahia Economica\",\"description\":\"O maior portal de Economia da Bahia\",\"publisher\":{\"@id\":\"https:\/\/bahiaeconomica.com.br\/wp\/#organization\"},\"potentialAction\":[{\"@type\":\"SearchAction\",\"target\":{\"@type\":\"EntryPoint\",\"urlTemplate\":\"https:\/\/bahiaeconomica.com.br\/wp\/?s={search_term_string}\"},\"query-input\":\"required name=search_term_string\"}],\"inLanguage\":\"pt-BR\"},{\"@type\":\"Organization\",\"@id\":\"https:\/\/bahiaeconomica.com.br\/wp\/#organization\",\"name\":\"Bahia Econ\u00f4mica\",\"url\":\"https:\/\/bahiaeconomica.com.br\/wp\/\",\"logo\":{\"@type\":\"ImageObject\",\"inLanguage\":\"pt-BR\",\"@id\":\"https:\/\/bahiaeconomica.com.br\/wp\/#\/schema\/logo\/image\/\",\"url\":\"https:\/\/bahiaeconomica.com.br\/wp\/wp-content\/uploads\/2020\/12\/cropped-BE.png\",\"contentUrl\":\"https:\/\/bahiaeconomica.com.br\/wp\/wp-content\/uploads\/2020\/12\/cropped-BE.png\",\"width\":512,\"height\":512,\"caption\":\"Bahia Econ\u00f4mica\"},\"image\":{\"@id\":\"https:\/\/bahiaeconomica.com.br\/wp\/#\/schema\/logo\/image\/\"},\"sameAs\":[\"https:\/\/www.facebook.com\/bahiaeconomica\"]},{\"@type\":\"Person\",\"@id\":\"https:\/\/bahiaeconomica.com.br\/wp\/#\/schema\/person\/18273ac0fe04bfd4e7b101bf17d40152\",\"name\":\"LUIZA NASCIMENTO\",\"sameAs\":[\"http:\/\/www.bahiaeconomica.com.br\"],\"url\":\"https:\/\/bahiaeconomica.com.br\/wp\/author\/luiza-nascimento\/\"}]}<\/script>\n<!-- \/ Yoast SEO plugin. -->","yoast_head_json":{"title":"SPM INICIA ETAPA DAS CONFER\u00caNCIAS TERRITORIAIS DE POL\u00cdTICAS PARA MULHERES - Bahia Economica","description":"O maior portal de Economia da Bahia MUNIC\u00cdPIOS Bahia Economica","robots":{"index":"index","follow":"follow","max-snippet":"max-snippet:-1","max-image-preview":"max-image-preview:large","max-video-preview":"max-video-preview:-1"},"canonical":"https:\/\/bahiaeconomica.com.br\/wp\/2025\/08\/04\/spm-inicia-etapa-das-conferencias-territoriais-de-politicas-para-mulheres\/","og_locale":"pt_BR","og_type":"article","og_title":"SPM INICIA ETAPA DAS CONFER\u00caNCIAS TERRITORIAIS DE POL\u00cdTICAS PARA MULHERES - Bahia Economica","og_description":"O maior portal de Economia da Bahia MUNIC\u00cdPIOS Bahia Economica","og_url":"https:\/\/bahiaeconomica.com.br\/wp\/2025\/08\/04\/spm-inicia-etapa-das-conferencias-territoriais-de-politicas-para-mulheres\/","og_site_name":"Bahia Economica","article_publisher":"https:\/\/www.facebook.com\/bahiaeconomica","article_published_time":"2025-08-04T19:42:55+00:00","og_image":[{"width":2560,"height":1920,"url":"https:\/\/bahiaeconomica.com.br\/wp\/wp-content\/uploads\/2025\/08\/WhatsApp-Image-2025-08-04-at-10.38.32-scaled.jpeg","type":"image\/jpeg"}],"author":"LUIZA NASCIMENTO","twitter_card":"summary_large_image","twitter_misc":{"Escrito por":"LUIZA NASCIMENTO","Est. tempo de leitura":"3 minutos"},"schema":{"@context":"https:\/\/schema.org","@graph":[{"@type":"Article","@id":"https:\/\/bahiaeconomica.com.br\/wp\/2025\/08\/04\/spm-inicia-etapa-das-conferencias-territoriais-de-politicas-para-mulheres\/#article","isPartOf":{"@id":"https:\/\/bahiaeconomica.com.br\/wp\/2025\/08\/04\/spm-inicia-etapa-das-conferencias-territoriais-de-politicas-para-mulheres\/"},"author":{"name":"LUIZA NASCIMENTO","@id":"https:\/\/bahiaeconomica.com.br\/wp\/#\/schema\/person\/18273ac0fe04bfd4e7b101bf17d40152"},"headline":"SPM INICIA ETAPA DAS CONFER\u00caNCIAS TERRITORIAIS DE POL\u00cdTICAS PARA MULHERES","datePublished":"2025-08-04T19:42:55+00:00","dateModified":"2025-08-04T19:42:55+00:00","mainEntityOfPage":{"@id":"https:\/\/bahiaeconomica.com.br\/wp\/2025\/08\/04\/spm-inicia-etapa-das-conferencias-territoriais-de-politicas-para-mulheres\/"},"wordCount":455,"publisher":{"@id":"https:\/\/bahiaeconomica.com.br\/wp\/#organization"},"articleSection":["MUNIC\u00cdPIOS"],"inLanguage":"pt-BR"},{"@type":"WebPage","@id":"https:\/\/bahiaeconomica.com.br\/wp\/2025\/08\/04\/spm-inicia-etapa-das-conferencias-territoriais-de-politicas-para-mulheres\/","url":"https:\/\/bahiaeconomica.com.br\/wp\/2025\/08\/04\/spm-inicia-etapa-das-conferencias-territoriais-de-politicas-para-mulheres\/","name":"SPM INICIA ETAPA DAS CONFER\u00caNCIAS TERRITORIAIS DE POL\u00cdTICAS PARA MULHERES - Bahia Economica","isPartOf":{"@id":"https:\/\/bahiaeconomica.com.br\/wp\/#website"},"datePublished":"2025-08-04T19:42:55+00:00","dateModified":"2025-08-04T19:42:55+00:00","description":"O maior portal de Economia da Bahia MUNIC\u00cdPIOS Bahia Economica","breadcrumb":{"@id":"https:\/\/bahiaeconomica.com.br\/wp\/2025\/08\/04\/spm-inicia-etapa-das-conferencias-territoriais-de-politicas-para-mulheres\/#breadcrumb"},"inLanguage":"pt-BR","potentialAction":[{"@type":"ReadAction","target":["https:\/\/bahiaeconomica.com.br\/wp\/2025\/08\/04\/spm-inicia-etapa-das-conferencias-territoriais-de-politicas-para-mulheres\/"]}]},{"@type":"BreadcrumbList","@id":"https:\/\/bahiaeconomica.com.br\/wp\/2025\/08\/04\/spm-inicia-etapa-das-conferencias-territoriais-de-politicas-para-mulheres\/#breadcrumb","itemListElement":[{"@type":"ListItem","position":1,"name":"In\u00edcio","item":"https:\/\/bahiaeconomica.com.br\/wp\/"},{"@type":"ListItem","position":2,"name":"SPM INICIA ETAPA DAS CONFER\u00caNCIAS TERRITORIAIS DE POL\u00cdTICAS PARA MULHERES"}]},{"@type":"WebSite","@id":"https:\/\/bahiaeconomica.com.br\/wp\/#website","url":"https:\/\/bahiaeconomica.com.br\/wp\/","name":"Bahia Economica","description":"O maior portal de Economia da Bahia","publisher":{"@id":"https:\/\/bahiaeconomica.com.br\/wp\/#organization"},"potentialAction":[{"@type":"SearchAction","target":{"@type":"EntryPoint","urlTemplate":"https:\/\/bahiaeconomica.com.br\/wp\/?s={search_term_string}"},"query-input":"required name=search_term_string"}],"inLanguage":"pt-BR"},{"@type":"Organization","@id":"https:\/\/bahiaeconomica.com.br\/wp\/#organization","name":"Bahia Econ\u00f4mica","url":"https:\/\/bahiaeconomica.com.br\/wp\/","logo":{"@type":"ImageObject","inLanguage":"pt-BR","@id":"https:\/\/bahiaeconomica.com.br\/wp\/#\/schema\/logo\/image\/","url":"https:\/\/bahiaeconomica.com.br\/wp\/wp-content\/uploads\/2020\/12\/cropped-BE.png","contentUrl":"https:\/\/bahiaeconomica.com.br\/wp\/wp-content\/uploads\/2020\/12\/cropped-BE.png","width":512,"height":512,"caption":"Bahia Econ\u00f4mica"},"image":{"@id":"https:\/\/bahiaeconomica.com.br\/wp\/#\/schema\/logo\/image\/"},"sameAs":["https:\/\/www.facebook.com\/bahiaeconomica"]},{"@type":"Person","@id":"https:\/\/bahiaeconomica.com.br\/wp\/#\/schema\/person\/18273ac0fe04bfd4e7b101bf17d40152","name":"LUIZA NASCIMENTO","sameAs":["http:\/\/www.bahiaeconomica.com.br"],"url":"https:\/\/bahiaeconomica.com.br\/wp\/author\/luiza-nascimento\/"}]}},"views":10,"_links":{"self":[{"href":"https:\/\/bahiaeconomica.com.br\/wp\/wp-json\/wp\/v2\/posts\/922919"}],"collection":[{"href":"https:\/\/bahiaeconomica.com.br\/wp\/wp-json\/wp\/v2\/posts"}],"about":[{"href":"https:\/\/bahiaeconomica.com.br\/wp\/wp-json\/wp\/v2\/types\/post"}],"author":[{"embeddable":true,"href":"https:\/\/bahiaeconomica.com.br\/wp\/wp-json\/wp\/v2\/users\/16"}],"replies":[{"embeddable":true,"href":"https:\/\/bahiaeconomica.com.br\/wp\/wp-json\/wp\/v2\/comments?post=922919"}],"version-history":[{"count":1,"href":"https:\/\/bahiaeconomica.com.br\/wp\/wp-json\/wp\/v2\/posts\/922919\/revisions"}],"predecessor-version":[{"id":922929,"href":"https:\/\/bahiaeconomica.com.br\/wp\/wp-json\/wp\/v2\/posts\/922919\/revisions\/922929"}],"wp:featuredmedia":[{"embeddable":true,"href":"https:\/\/bahiaeconomica.com.br\/wp\/wp-json\/wp\/v2\/media\/922928"}],"wp:attachment":[{"href":"https:\/\/bahiaeconomica.com.br\/wp\/wp-json\/wp\/v2\/media?parent=922919"}],"wp:term":[{"taxonomy":"category","embeddable":true,"href":"https:\/\/bahiaeconomica.com.br\/wp\/wp-json\/wp\/v2\/categories?post=922919"},{"taxonomy":"post_tag","embeddable":true,"href":"https:\/\/bahiaeconomica.com.br\/wp\/wp-json\/wp\/v2\/tags?post=922919"}],"curies":[{"name":"wp","href":"https:\/\/api.w.org\/{rel}","templated":true}]}}